{"id":444607,"date":"2026-04-15T04:32:38","date_gmt":"2026-04-15T07:32:38","guid":{"rendered":"https:\/\/portaltela.pt\/noticias\/2026\/04\/15\/iluminacao-publica-volta-as-ruas-de-gondomar-apos-dois-meses-e-meio-sem-luz\/"},"modified":"2026-04-15T04:32:38","modified_gmt":"2026-04-15T07:32:38","slug":"iluminacao-publica-volta-as-ruas-de-gondomar-apos-dois-meses-e-meio-sem-luz","status":"publish","type":"post","link":"https:\/\/portaltela.pt\/sociedade\/2026\/04\/15\/iluminacao-publica-volta-as-ruas-de-gondomar-apos-dois-meses-e-meio-sem-luz\/","title":{"rendered":"Ilumina\u00e7\u00e3o p\u00fablica volta \u00e0s ruas de Gondomar ap\u00f3s dois meses e meio sem luz"},"content":{"rendered":"<p>O problema de ilumina\u00e7\u00e3o p\u00fablica em Gondomar foi resolvido: as ruas Carvalhinho e Aurora Nova, em S\u00e3o Cosme, j\u00e1 t\u00eam novamente ilumina\u00e7\u00e3o, duas meses e meio ap\u00f3s avarias provocadas pelo mau tempo de 27 de janeiro.<\/p>\n<p>A situa\u00e7\u00e3o ganhou publicidade pelo jornal CM e pela CMTV no fim de semana, estando a solu\u00e7\u00e3o conclu\u00edda nesta ter\u00e7a-feira. A interven\u00e7\u00e3o ocorreu com a substitui\u00e7\u00e3o de equipamentos afetados.<\/p>\n<p>A C\u00e2mara Municipal de Gondomar explicou que a falha decorreu de fen\u00f3menos atmosf\u00e9ricos adversos, que originaram um conjunto alargado de avarias em lumin\u00e1rias em v\u00e1rios arruamentos, enquanto a E-Redes assegura a substitui\u00e7\u00e3o dos equipamentos.<\/p>\n<p>Moradores dessas vias relatavam dificuldades de visibilidade \u00e0 noite e sentimento de inseguran\u00e7a, especialmente porque a ilumina\u00e7\u00e3o esteve ausente por longos per\u00edodos. Um morador mencionou ainda que os residentes passaram a evitar colocar o lixo \u00e0 rua no per\u00edodo noturno.<\/p>\n<p>A autarquia informou que n\u00e3o h\u00e1 registo de exposi\u00e7\u00f5es ou reclama\u00e7\u00f5es formais relacionadas com as ruas Carvalhinho e Nova Aurora at\u00e9 ao momento, segundo a gest\u00e3o da rede de ilumina\u00e7\u00e3o p\u00fablica. A interven\u00e7\u00e3o mant\u00e9m-se sob vigil\u00e2ncia para evitar novas interrup\u00e7\u00f5es.<\/p>\n","protected":false},"excerpt":{"rendered":"<ul>\n<li>Ilumina\u00e7\u00e3o p\u00fablica reposta nas ruas do Carvalhinho e Aurora Nova, em S\u00e3o Cosme, Gondomar, dois meses e meio ap\u00f3s avarias provocadas pelo mau tempo de 27 de janeiro.<\/li>\n<li>A reativa\u00e7\u00e3o foi anunciada ap\u00f3s divulga\u00e7\u00e3o pelo CM e pela CMTV no s\u00e1bado e ficou conclu\u00edda nesta ter\u00e7a-feira.<\/li>\n<li>Moradores tinham referido inseguran\u00e7a e baixa visibilidade nocturna devido \u00e0 aus\u00eancia de ilumina\u00e7\u00e3o p\u00fablica.<\/li>\n<li>A C\u00e2mara Municipal disse que a E-Redes est\u00e1 a substituir equipamentos afetados, devido a fen\u00f3menos atmosf\u00e9ricos adversos que originaram v\u00e1rias avarias.<\/li>\n<li>N\u00e3o h\u00e1 registo de exposi\u00e7\u00f5es, reclama\u00e7\u00f5es formais ou ocorr\u00eancias reportadas \u00e0 autarquia relativas a estas ruas.<\/li>\n<\/ul>\n","protected":false},"author":2,"featured_media":444610,"comment_status":"closed","ping_status":"closed","sticky":false,"template":"","format":"standard","meta":{"footnotes":""},"categories":[1,6871],"tags":[4592,5449,5037,1243,735,3621],"class_list":["post-444607","post","type-post","status-publish","format-standard","has-post-thumbnail","hentry","category-noticias","category-sociedade","tag-avarias","tag-camara-municipal","tag-e-redes","tag-gondomar","tag-iluminacao-publica","tag-moradores"],"yoast_head":"<!-- This site is optimized with the Yoast SEO plugin v27.2 - https:\/\/yoast.com\/product\/yoast-seo-wordpress\/ -->\n<title>Ilumina\u00e7\u00e3o p\u00fablica volta \u00e0s ruas de Gondomar ap\u00f3s dois meses e meio sem luz - Portal Tela Portugal<\/title>\n<meta name=\"robots\" content=\"index, follow, max-snippet:-1, max-image-preview:large, max-video-preview:-1\" \/>\n<meta property=\"og:locale\" content=\"pt_PT\" \/>\n<meta property=\"og:type\" content=\"article\" \/>\n<meta property=\"og:title\" content=\"Ilumina\u00e7\u00e3o p\u00fablica volta \u00e0s ruas de Gondomar ap\u00f3s dois meses e meio sem luz - Portal Tela Portugal\" \/>\n<meta property=\"og:description\" content=\"Ilumina\u00e7\u00e3o p\u00fablica reposta nas ruas do Carvalhinho e Aurora Nova, em S\u00e3o Cosme, Gondomar, dois meses e meio ap\u00f3s avarias provocadas pelo mau tempo de 27 de janeiro. A reativa\u00e7\u00e3o foi anunciada ap\u00f3s divulga\u00e7\u00e3o pelo CM e pela CMTV no s\u00e1bado e ficou conclu\u00edda nesta ter\u00e7a-feira. Moradores tinham referido inseguran\u00e7a e baixa visibilidade nocturna devido \u00e0 aus\u00eancia de ilumina\u00e7\u00e3o p\u00fablica. A C\u00e2mara Municipal disse que a E-Redes est\u00e1 a substituir equipamentos afetados, devido a fen\u00f3menos atmosf\u00e9ricos adversos que originaram v\u00e1rias avarias. N\u00e3o h\u00e1 registo de exposi\u00e7\u00f5es, reclama\u00e7\u00f5es formais ou ocorr\u00eancias reportadas \u00e0 autarquia relativas a estas ruas.\" \/>\n<meta property=\"og:url\" content=\"https:\/\/portaltela.pt\/noticias\/2026\/04\/15\/iluminacao-publica-volta-as-ruas-de-gondomar-apos-dois-meses-e-meio-sem-luz\/\" \/>\n<meta property=\"og:site_name\" content=\"Portal Tela Portugal\" \/>\n<meta property=\"article:published_time\" content=\"2026-04-15T07:32:38+00:00\" \/>\n<meta name=\"author\" content=\"Telinha\" \/>\n<meta name=\"twitter:card\" content=\"summary_large_image\" \/>\n<meta name=\"twitter:label1\" content=\"Escrito por\" \/>\n\t<meta name=\"twitter:data1\" content=\"Telinha\" \/>\n\t<meta name=\"twitter:label2\" content=\"Tempo estimado de leitura\" \/>\n\t<meta name=\"twitter:data2\" content=\"1 minuto\" \/>\n<script type=\"application\/ld+json\" class=\"yoast-schema-graph\">{\"@context\":\"https:\/\/schema.org\",\"@graph\":[{\"@type\":\"Article\",\"@id\":\"https:\/\/portaltela.pt\/noticias\/2026\/04\/15\/iluminacao-publica-volta-as-ruas-de-gondomar-apos-dois-meses-e-meio-sem-luz\/#article\",\"isPartOf\":{\"@id\":\"https:\/\/portaltela.pt\/noticias\/2026\/04\/15\/iluminacao-publica-volta-as-ruas-de-gondomar-apos-dois-meses-e-meio-sem-luz\/\"},\"author\":{\"name\":\"Telinha\",\"@id\":\"https:\/\/portaltela.pt\/#\/schema\/person\/c4278d4a6028830caff9ee44b42d32ed\"},\"headline\":\"Ilumina\u00e7\u00e3o p\u00fablica volta \u00e0s ruas de Gondomar ap\u00f3s dois meses e meio sem luz\",\"datePublished\":\"2026-04-15T07:32:38+00:00\",\"mainEntityOfPage\":{\"@id\":\"https:\/\/portaltela.pt\/noticias\/2026\/04\/15\/iluminacao-publica-volta-as-ruas-de-gondomar-apos-dois-meses-e-meio-sem-luz\/\"},\"wordCount\":225,\"image\":{\"@id\":\"https:\/\/portaltela.pt\/noticias\/2026\/04\/15\/iluminacao-publica-volta-as-ruas-de-gondomar-apos-dois-meses-e-meio-sem-luz\/#primaryimage\"},\"thumbnailUrl\":\"https:\/\/portaltela.pt\/s.01k8rhncp4jt1\/2026\/04\/img_1280x721uu2026-04-15-08-17-11-2278630.jpg\",\"keywords\":[\"avarias\",\"C\u00e2mara Municipal\",\"E-Redes\",\"Gondomar\",\"ilumina\u00e7\u00e3o p\u00fablica\",\"moradores\"],\"articleSection\":[\"Not\u00edcias\",\"Sociedade\"],\"inLanguage\":\"pt-PT\"},{\"@type\":\"WebPage\",\"@id\":\"https:\/\/portaltela.pt\/noticias\/2026\/04\/15\/iluminacao-publica-volta-as-ruas-de-gondomar-apos-dois-meses-e-meio-sem-luz\/\",\"url\":\"https:\/\/portaltela.pt\/noticias\/2026\/04\/15\/iluminacao-publica-volta-as-ruas-de-gondomar-apos-dois-meses-e-meio-sem-luz\/\",\"name\":\"Ilumina\u00e7\u00e3o p\u00fablica volta \u00e0s ruas de Gondomar ap\u00f3s dois meses e meio sem luz - Portal Tela Portugal\",\"isPartOf\":{\"@id\":\"https:\/\/portaltela.pt\/#website\"},\"primaryImageOfPage\":{\"@id\":\"https:\/\/portaltela.pt\/noticias\/2026\/04\/15\/iluminacao-publica-volta-as-ruas-de-gondomar-apos-dois-meses-e-meio-sem-luz\/#primaryimage\"},\"image\":{\"@id\":\"https:\/\/portaltela.pt\/noticias\/2026\/04\/15\/iluminacao-publica-volta-as-ruas-de-gondomar-apos-dois-meses-e-meio-sem-luz\/#primaryimage\"},\"thumbnailUrl\":\"https:\/\/portaltela.pt\/s.01k8rhncp4jt1\/2026\/04\/img_1280x721uu2026-04-15-08-17-11-2278630.jpg\",\"datePublished\":\"2026-04-15T07:32:38+00:00\",\"author\":{\"@id\":\"https:\/\/portaltela.pt\/#\/schema\/person\/c4278d4a6028830caff9ee44b42d32ed\"},\"breadcrumb\":{\"@id\":\"https:\/\/portaltela.pt\/noticias\/2026\/04\/15\/iluminacao-publica-volta-as-ruas-de-gondomar-apos-dois-meses-e-meio-sem-luz\/#breadcrumb\"},\"inLanguage\":\"pt-PT\",\"potentialAction\":[{\"@type\":\"ReadAction\",\"target\":[\"https:\/\/portaltela.pt\/noticias\/2026\/04\/15\/iluminacao-publica-volta-as-ruas-de-gondomar-apos-dois-meses-e-meio-sem-luz\/\"]}]},{\"@type\":\"ImageObject\",\"inLanguage\":\"pt-PT\",\"@id\":\"https:\/\/portaltela.pt\/noticias\/2026\/04\/15\/iluminacao-publica-volta-as-ruas-de-gondomar-apos-dois-meses-e-meio-sem-luz\/#primaryimage\",\"url\":\"https:\/\/portaltela.pt\/s.01k8rhncp4jt1\/2026\/04\/img_1280x721uu2026-04-15-08-17-11-2278630.jpg\",\"contentUrl\":\"https:\/\/portaltela.pt\/s.01k8rhncp4jt1\/2026\/04\/img_1280x721uu2026-04-15-08-17-11-2278630.jpg\",\"width\":796,\"height\":448,\"caption\":\"Photo\"},{\"@type\":\"BreadcrumbList\",\"@id\":\"https:\/\/portaltela.pt\/noticias\/2026\/04\/15\/iluminacao-publica-volta-as-ruas-de-gondomar-apos-dois-meses-e-meio-sem-luz\/#breadcrumb\",\"itemListElement\":[{\"@type\":\"ListItem\",\"position\":1,\"name\":\"In\u00edcio\",\"item\":\"https:\/\/portaltela.pt\/\"},{\"@type\":\"ListItem\",\"position\":2,\"name\":\"Ilumina\u00e7\u00e3o p\u00fablica volta \u00e0s ruas de Gondomar ap\u00f3s dois meses e meio sem luz\"}]},{\"@type\":\"WebSite\",\"@id\":\"https:\/\/portaltela.pt\/#website\",\"url\":\"https:\/\/portaltela.pt\/\",\"name\":\"Portal Tela Portugal\",\"description\":\"\",\"potentialAction\":[{\"@type\":\"SearchAction\",\"target\":{\"@type\":\"EntryPoint\",\"urlTemplate\":\"https:\/\/portaltela.pt\/?s={search_term_string}\"},\"query-input\":{\"@type\":\"PropertyValueSpecification\",\"valueRequired\":true,\"valueName\":\"search_term_string\"}}],\"inLanguage\":\"pt-PT\"},{\"@type\":\"Person\",\"@id\":\"https:\/\/portaltela.pt\/#\/schema\/person\/c4278d4a6028830caff9ee44b42d32ed\",\"name\":\"Telinha\",\"image\":{\"@type\":\"ImageObject\",\"inLanguage\":\"pt-PT\",\"@id\":\"https:\/\/portaltela.pt\/s.01k8rhncp4jt1\/2025\/11\/talking-bot-125x125.png\",\"url\":\"https:\/\/portaltela.pt\/s.01k8rhncp4jt1\/2025\/11\/talking-bot-125x125.png\",\"contentUrl\":\"https:\/\/portaltela.pt\/s.01k8rhncp4jt1\/2025\/11\/talking-bot-125x125.png\",\"caption\":\"Telinha\"},\"sameAs\":[\"https:\/\/portaltela.pt\/\"],\"url\":\"https:\/\/portaltela.pt\/por\/367410592786\/\"}]}<\/script>\n<!-- \/ Yoast SEO plugin. -->","yoast_head_json":{"title":"Ilumina\u00e7\u00e3o p\u00fablica volta \u00e0s ruas de Gondomar ap\u00f3s dois meses e meio sem luz - Portal Tela Portugal","robots":{"index":"index","follow":"follow","max-snippet":"max-snippet:-1","max-image-preview":"max-image-preview:large","max-video-preview":"max-video-preview:-1"},"og_locale":"pt_PT","og_type":"article","og_title":"Ilumina\u00e7\u00e3o p\u00fablica volta \u00e0s ruas de Gondomar ap\u00f3s dois meses e meio sem luz - Portal Tela Portugal","og_description":"Ilumina\u00e7\u00e3o p\u00fablica reposta nas ruas do Carvalhinho e Aurora Nova, em S\u00e3o Cosme, Gondomar, dois meses e meio ap\u00f3s avarias provocadas pelo mau tempo de 27 de janeiro. A reativa\u00e7\u00e3o foi anunciada ap\u00f3s divulga\u00e7\u00e3o pelo CM e pela CMTV no s\u00e1bado e ficou conclu\u00edda nesta ter\u00e7a-feira. Moradores tinham referido inseguran\u00e7a e baixa visibilidade nocturna devido \u00e0 aus\u00eancia de ilumina\u00e7\u00e3o p\u00fablica. A C\u00e2mara Municipal disse que a E-Redes est\u00e1 a substituir equipamentos afetados, devido a fen\u00f3menos atmosf\u00e9ricos adversos que originaram v\u00e1rias avarias. N\u00e3o h\u00e1 registo de exposi\u00e7\u00f5es, reclama\u00e7\u00f5es formais ou ocorr\u00eancias reportadas \u00e0 autarquia relativas a estas ruas.","og_url":"https:\/\/portaltela.pt\/noticias\/2026\/04\/15\/iluminacao-publica-volta-as-ruas-de-gondomar-apos-dois-meses-e-meio-sem-luz\/","og_site_name":"Portal Tela Portugal","article_published_time":"2026-04-15T07:32:38+00:00","author":"Telinha","twitter_card":"summary_large_image","twitter_misc":{"Escrito por":"Telinha","Tempo estimado de leitura":"1 minuto"},"schema":{"@context":"https:\/\/schema.org","@graph":[{"@type":"Article","@id":"https:\/\/portaltela.pt\/noticias\/2026\/04\/15\/iluminacao-publica-volta-as-ruas-de-gondomar-apos-dois-meses-e-meio-sem-luz\/#article","isPartOf":{"@id":"https:\/\/portaltela.pt\/noticias\/2026\/04\/15\/iluminacao-publica-volta-as-ruas-de-gondomar-apos-dois-meses-e-meio-sem-luz\/"},"author":{"name":"Telinha","@id":"https:\/\/portaltela.pt\/#\/schema\/person\/c4278d4a6028830caff9ee44b42d32ed"},"headline":"Ilumina\u00e7\u00e3o p\u00fablica volta \u00e0s ruas de Gondomar ap\u00f3s dois meses e meio sem luz","datePublished":"2026-04-15T07:32:38+00:00","mainEntityOfPage":{"@id":"https:\/\/portaltela.pt\/noticias\/2026\/04\/15\/iluminacao-publica-volta-as-ruas-de-gondomar-apos-dois-meses-e-meio-sem-luz\/"},"wordCount":225,"image":{"@id":"https:\/\/portaltela.pt\/noticias\/2026\/04\/15\/iluminacao-publica-volta-as-ruas-de-gondomar-apos-dois-meses-e-meio-sem-luz\/#primaryimage"},"thumbnailUrl":"https:\/\/portaltela.pt\/s.01k8rhncp4jt1\/2026\/04\/img_1280x721uu2026-04-15-08-17-11-2278630.jpg","keywords":["avarias","C\u00e2mara Municipal","E-Redes","Gondomar","ilumina\u00e7\u00e3o p\u00fablica","moradores"],"articleSection":["Not\u00edcias","Sociedade"],"inLanguage":"pt-PT"},{"@type":"WebPage","@id":"https:\/\/portaltela.pt\/noticias\/2026\/04\/15\/iluminacao-publica-volta-as-ruas-de-gondomar-apos-dois-meses-e-meio-sem-luz\/","url":"https:\/\/portaltela.pt\/noticias\/2026\/04\/15\/iluminacao-publica-volta-as-ruas-de-gondomar-apos-dois-meses-e-meio-sem-luz\/","name":"Ilumina\u00e7\u00e3o p\u00fablica volta \u00e0s ruas de Gondomar ap\u00f3s dois meses e meio sem luz - Portal Tela Portugal","isPartOf":{"@id":"https:\/\/portaltela.pt\/#website"},"primaryImageOfPage":{"@id":"https:\/\/portaltela.pt\/noticias\/2026\/04\/15\/iluminacao-publica-volta-as-ruas-de-gondomar-apos-dois-meses-e-meio-sem-luz\/#primaryimage"},"image":{"@id":"https:\/\/portaltela.pt\/noticias\/2026\/04\/15\/iluminacao-publica-volta-as-ruas-de-gondomar-apos-dois-meses-e-meio-sem-luz\/#primaryimage"},"thumbnailUrl":"https:\/\/portaltela.pt\/s.01k8rhncp4jt1\/2026\/04\/img_1280x721uu2026-04-15-08-17-11-2278630.jpg","datePublished":"2026-04-15T07:32:38+00:00","author":{"@id":"https:\/\/portaltela.pt\/#\/schema\/person\/c4278d4a6028830caff9ee44b42d32ed"},"breadcrumb":{"@id":"https:\/\/portaltela.pt\/noticias\/2026\/04\/15\/iluminacao-publica-volta-as-ruas-de-gondomar-apos-dois-meses-e-meio-sem-luz\/#breadcrumb"},"inLanguage":"pt-PT","potentialAction":[{"@type":"ReadAction","target":["https:\/\/portaltela.pt\/noticias\/2026\/04\/15\/iluminacao-publica-volta-as-ruas-de-gondomar-apos-dois-meses-e-meio-sem-luz\/"]}]},{"@type":"ImageObject","inLanguage":"pt-PT","@id":"https:\/\/portaltela.pt\/noticias\/2026\/04\/15\/iluminacao-publica-volta-as-ruas-de-gondomar-apos-dois-meses-e-meio-sem-luz\/#primaryimage","url":"https:\/\/portaltela.pt\/s.01k8rhncp4jt1\/2026\/04\/img_1280x721uu2026-04-15-08-17-11-2278630.jpg","contentUrl":"https:\/\/portaltela.pt\/s.01k8rhncp4jt1\/2026\/04\/img_1280x721uu2026-04-15-08-17-11-2278630.jpg","width":796,"height":448,"caption":"Photo"},{"@type":"BreadcrumbList","@id":"https:\/\/portaltela.pt\/noticias\/2026\/04\/15\/iluminacao-publica-volta-as-ruas-de-gondomar-apos-dois-meses-e-meio-sem-luz\/#breadcrumb","itemListElement":[{"@type":"ListItem","position":1,"name":"In\u00edcio","item":"https:\/\/portaltela.pt\/"},{"@type":"ListItem","position":2,"name":"Ilumina\u00e7\u00e3o p\u00fablica volta \u00e0s ruas de Gondomar ap\u00f3s dois meses e meio sem luz"}]},{"@type":"WebSite","@id":"https:\/\/portaltela.pt\/#website","url":"https:\/\/portaltela.pt\/","name":"Portal Tela Portugal","description":"","potentialAction":[{"@type":"SearchAction","target":{"@type":"EntryPoint","urlTemplate":"https:\/\/portaltela.pt\/?s={search_term_string}"},"query-input":{"@type":"PropertyValueSpecification","valueRequired":true,"valueName":"search_term_string"}}],"inLanguage":"pt-PT"},{"@type":"Person","@id":"https:\/\/portaltela.pt\/#\/schema\/person\/c4278d4a6028830caff9ee44b42d32ed","name":"Telinha","image":{"@type":"ImageObject","inLanguage":"pt-PT","@id":"https:\/\/portaltela.pt\/s.01k8rhncp4jt1\/2025\/11\/talking-bot-125x125.png","url":"https:\/\/portaltela.pt\/s.01k8rhncp4jt1\/2025\/11\/talking-bot-125x125.png","contentUrl":"https:\/\/portaltela.pt\/s.01k8rhncp4jt1\/2025\/11\/talking-bot-125x125.png","caption":"Telinha"},"sameAs":["https:\/\/portaltela.pt\/"],"url":"https:\/\/portaltela.pt\/por\/367410592786\/"}]}},"_links":{"self":[{"href":"https:\/\/portaltela.pt\/api\/wp\/v2\/posts\/444607","targetHints":{"allow":["GET"]}}],"collection":[{"href":"https:\/\/portaltela.pt\/api\/wp\/v2\/posts"}],"about":[{"href":"https:\/\/portaltela.pt\/api\/wp\/v2\/types\/post"}],"author":[{"embeddable":true,"href":"https:\/\/portaltela.pt\/api\/wp\/v2\/users\/2"}],"replies":[{"embeddable":true,"href":"https:\/\/portaltela.pt\/api\/wp\/v2\/comments?post=444607"}],"version-history":[{"count":0,"href":"https:\/\/portaltela.pt\/api\/wp\/v2\/posts\/444607\/revisions"}],"wp:featuredmedia":[{"embeddable":true,"href":"https:\/\/portaltela.pt\/api\/wp\/v2\/media\/444610"}],"wp:attachment":[{"href":"https:\/\/portaltela.pt\/api\/wp\/v2\/media?parent=444607"}],"wp:term":[{"taxonomy":"category","embeddable":true,"href":"https:\/\/portaltela.pt\/api\/wp\/v2\/categories?post=444607"},{"taxonomy":"post_tag","embeddable":true,"href":"https:\/\/portaltela.pt\/api\/wp\/v2\/tags?post=444607"}],"curies":[{"name":"wp","href":"https:\/\/api.w.org\/{rel}","templated":true}]}}