{"id":444585,"date":"2026-04-15T04:02:29","date_gmt":"2026-04-15T07:02:29","guid":{"rendered":"https:\/\/portaltela.pt\/noticias\/2026\/04\/15\/israel-e-libano-cessar-fogo-a-vista-segundo-europe-today\/"},"modified":"2026-04-15T04:02:29","modified_gmt":"2026-04-15T07:02:29","slug":"israel-e-libano-cessar-fogo-a-vista-segundo-europe-today","status":"publish","type":"post","link":"https:\/\/portaltela.pt\/noticias\/internacional\/2026\/04\/15\/israel-e-libano-cessar-fogo-a-vista-segundo-europe-today\/","title":{"rendered":"Israel e L\u00edbano: cessar-fogo \u00e0 vista, segundo Europe Today"},"content":{"rendered":"<p>Em direto. Europe Today analisa, com Stefan Grobe da Euronews, as negocia\u00e7\u00f5es entre Israel e o L\u00edbano em Washington e a possibilidade de contribuir para acalmar as tens\u00f5es. O objetivo \u00e9 perceber se existe caminho para um cessar-fogo.<\/p>\n<p>Entre os convidados est\u00e3o Rima Abdul Malak, ex-ministra francesa da Cultura, Elliott Abrams, antigo enviado especial para o Ir\u00e3o e a Venezuela, e Amer Bisat, ministro liban\u00eas da Economia. A liga\u00e7\u00e3o entre as partes ocorre no \u00e2mbito do programa di\u00e1rio.<\/p>\n<p>A correspondente da Euronews, Laura Fleischmann, acompanhou em Berlim o encontro entre Volodymyr Zelenskyy e ministros da Defesa para refor\u00e7ar o apoio \u00e0 Ucr\u00e2nia. A an\u00e1lise fica a cargo de Jakub Janas, sobre a pol\u00e9mica em Espanha envolvendo a esposa de Pedro S\u00e1nchez.<\/p>\n<h3>Israel e L\u00edbano: cessar-fogo \u00e0 vista<\/h3>\n<p>O programa apresenta as leituras sobre poss\u00edveis avan\u00e7os, incluindo prazos, condi\u00e7\u00f5es, e o papel de mediadores internacionais. Especialistas avaliam impactos regionais e as linhas de negocia\u00e7\u00e3o em curso.<\/p>\n<h3>Ucr\u00e2nia, Espanha e o panorama pol\u00edtico<\/h3>\n<p>\u00c9 destacada a cobertura do encontro de Zelenskyy com os ministros da Defesa, com foco em apoios militares e financeiros. Paralelamente, segue-se a pol\u00e9mica p\u00fablica na Espanha, que \u00e9 contextualizada pela an\u00e1lise de Jakub Janas.<\/p>\n<p>Pode acompanhar em direto a apresentadora principal da Euronews, M\u00e9abh Mc Mahon, e a editora para a Uni\u00e3o Europeia, Maria Tadeo, no site, televis\u00e3o e plataformas digitais da Euronews, de segunda a sexta-feira. O novo formato traz os principais acontecimentos do dia e an\u00e1lises das hist\u00f3rias que moldam a UE e o mundo, dispon\u00edvel tamb\u00e9m em newsletter e podcast.<\/p>\n","protected":false},"excerpt":{"rendered":"<ul>\n<li>O Europe Today analisa, em Washington, as conversa\u00e7\u00f5es entre Israel e o L\u00edbano e a possibilidade de contribu\u00edrem para aliviar as tens\u00f5es.<\/li>\n<li>Entrevistas com Rima Abdul Malak, Elliott Abrams e Amer Bisat abordam temas culturais, quest\u00f5es do Ir\u00e3o e a economia libanesa.<\/li>\n<li>A correspondente Laura Fleischmann, em Berlim, cobre o encontro entre Volodymyr Zelenskyy e ministros da Defesa para apoiar a Ucr\u00e2nia.<\/li>\n<li>Jakub Janas analisa a pol\u00e9mica em torno da esposa de Pedro S\u00e1nchez, em Espanha.<\/li>\n<li>Pode ver em direto a apresentadora M\u00e9abh Mc Mahon e Maria Tadeo na televis\u00e3o, no site e nas plataformas da Euronews, de segunda a sexta, com vers\u00e3o em newsletter e podcast.<\/li>\n<\/ul>\n","protected":false},"author":2,"featured_media":444586,"comment_status":"closed","ping_status":"closed","sticky":false,"template":"","format":"standard","meta":{"footnotes":""},"categories":[6814,4],"tags":[4541,2198,3708,1879,2036,2055],"class_list":["post-444585","post","type-post","status-publish","format-standard","has-post-thumbnail","hentry","category-geopolitica","category-internacional","tag-cessar-fogo","tag-conflitos-internacionais","tag-israel","tag-mediacao-internacional","tag-negociacoes-internacionais","tag-uniao-europeia"],"yoast_head":"<!-- This site is optimized with the Yoast SEO plugin v27.2 - https:\/\/yoast.com\/product\/yoast-seo-wordpress\/ -->\n<title>Israel e L\u00edbano: cessar-fogo \u00e0 vista, segundo Europe Today - Portal Tela Portugal<\/title>\n<meta name=\"robots\" content=\"index, follow, max-snippet:-1, max-image-preview:large, max-video-preview:-1\" \/>\n<meta property=\"og:locale\" content=\"pt_PT\" \/>\n<meta property=\"og:type\" content=\"article\" \/>\n<meta property=\"og:title\" content=\"Israel e L\u00edbano: cessar-fogo \u00e0 vista, segundo Europe Today - Portal Tela Portugal\" \/>\n<meta property=\"og:description\" content=\"O Europe Today analisa, em Washington, as conversa\u00e7\u00f5es entre Israel e o L\u00edbano e a possibilidade de contribu\u00edrem para aliviar as tens\u00f5es. Entrevistas com Rima Abdul Malak, Elliott Abrams e Amer Bisat abordam temas culturais, quest\u00f5es do Ir\u00e3o e a economia libanesa. A correspondente Laura Fleischmann, em Berlim, cobre o encontro entre Volodymyr Zelenskyy e ministros da Defesa para apoiar a Ucr\u00e2nia. Jakub Janas analisa a pol\u00e9mica em torno da esposa de Pedro S\u00e1nchez, em Espanha. Pode ver em direto a apresentadora M\u00e9abh Mc Mahon e Maria Tadeo na televis\u00e3o, no site e nas plataformas da Euronews, de segunda a sexta, com vers\u00e3o em newsletter e podcast.\" \/>\n<meta property=\"og:url\" content=\"https:\/\/portaltela.pt\/noticias\/2026\/04\/15\/israel-e-libano-cessar-fogo-a-vista-segundo-europe-today\/\" \/>\n<meta property=\"og:site_name\" content=\"Portal Tela Portugal\" \/>\n<meta property=\"article:published_time\" content=\"2026-04-15T07:02:29+00:00\" \/>\n<meta name=\"author\" content=\"Telinha\" \/>\n<meta name=\"twitter:card\" content=\"summary_large_image\" \/>\n<meta name=\"twitter:label1\" content=\"Escrito por\" \/>\n\t<meta name=\"twitter:data1\" content=\"Telinha\" \/>\n\t<meta name=\"twitter:label2\" content=\"Tempo estimado de leitura\" \/>\n\t<meta name=\"twitter:data2\" content=\"1 minuto\" \/>\n<script type=\"application\/ld+json\" class=\"yoast-schema-graph\">{\"@context\":\"https:\/\/schema.org\",\"@graph\":[{\"@type\":\"Article\",\"@id\":\"https:\/\/portaltela.pt\/noticias\/2026\/04\/15\/israel-e-libano-cessar-fogo-a-vista-segundo-europe-today\/#article\",\"isPartOf\":{\"@id\":\"https:\/\/portaltela.pt\/noticias\/2026\/04\/15\/israel-e-libano-cessar-fogo-a-vista-segundo-europe-today\/\"},\"author\":{\"name\":\"Telinha\",\"@id\":\"https:\/\/portaltela.pt\/#\/schema\/person\/c4278d4a6028830caff9ee44b42d32ed\"},\"headline\":\"Israel e L\u00edbano: cessar-fogo \u00e0 vista, segundo Europe Today\",\"datePublished\":\"2026-04-15T07:02:29+00:00\",\"mainEntityOfPage\":{\"@id\":\"https:\/\/portaltela.pt\/noticias\/2026\/04\/15\/israel-e-libano-cessar-fogo-a-vista-segundo-europe-today\/\"},\"wordCount\":289,\"image\":{\"@id\":\"https:\/\/portaltela.pt\/noticias\/2026\/04\/15\/israel-e-libano-cessar-fogo-a-vista-segundo-europe-today\/#primaryimage\"},\"thumbnailUrl\":\"https:\/\/portaltela.pt\/s.01k8rhncp4jt1\/2026\/04\/1536x864_cmsv2_70961d88-b7d7-51f4-8fa9-e0a2ae59210a-9717516.jpg\",\"keywords\":[\"cessar-fogo\",\"conflitos internacionais\",\"Israel\",\"media\u00e7\u00e3o internacional\",\"negocia\u00e7\u00f5es internacionais\",\"Uni\u00e3o Europeia\"],\"articleSection\":[\"Geopol\u00edtica\",\"Internacional\"],\"inLanguage\":\"pt-PT\"},{\"@type\":\"WebPage\",\"@id\":\"https:\/\/portaltela.pt\/noticias\/2026\/04\/15\/israel-e-libano-cessar-fogo-a-vista-segundo-europe-today\/\",\"url\":\"https:\/\/portaltela.pt\/noticias\/2026\/04\/15\/israel-e-libano-cessar-fogo-a-vista-segundo-europe-today\/\",\"name\":\"Israel e L\u00edbano: cessar-fogo \u00e0 vista, segundo Europe Today - Portal Tela Portugal\",\"isPartOf\":{\"@id\":\"https:\/\/portaltela.pt\/#website\"},\"primaryImageOfPage\":{\"@id\":\"https:\/\/portaltela.pt\/noticias\/2026\/04\/15\/israel-e-libano-cessar-fogo-a-vista-segundo-europe-today\/#primaryimage\"},\"image\":{\"@id\":\"https:\/\/portaltela.pt\/noticias\/2026\/04\/15\/israel-e-libano-cessar-fogo-a-vista-segundo-europe-today\/#primaryimage\"},\"thumbnailUrl\":\"https:\/\/portaltela.pt\/s.01k8rhncp4jt1\/2026\/04\/1536x864_cmsv2_70961d88-b7d7-51f4-8fa9-e0a2ae59210a-9717516.jpg\",\"datePublished\":\"2026-04-15T07:02:29+00:00\",\"author\":{\"@id\":\"https:\/\/portaltela.pt\/#\/schema\/person\/c4278d4a6028830caff9ee44b42d32ed\"},\"breadcrumb\":{\"@id\":\"https:\/\/portaltela.pt\/noticias\/2026\/04\/15\/israel-e-libano-cessar-fogo-a-vista-segundo-europe-today\/#breadcrumb\"},\"inLanguage\":\"pt-PT\",\"potentialAction\":[{\"@type\":\"ReadAction\",\"target\":[\"https:\/\/portaltela.pt\/noticias\/2026\/04\/15\/israel-e-libano-cessar-fogo-a-vista-segundo-europe-today\/\"]}]},{\"@type\":\"ImageObject\",\"inLanguage\":\"pt-PT\",\"@id\":\"https:\/\/portaltela.pt\/noticias\/2026\/04\/15\/israel-e-libano-cessar-fogo-a-vista-segundo-europe-today\/#primaryimage\",\"url\":\"https:\/\/portaltela.pt\/s.01k8rhncp4jt1\/2026\/04\/1536x864_cmsv2_70961d88-b7d7-51f4-8fa9-e0a2ae59210a-9717516.jpg\",\"contentUrl\":\"https:\/\/portaltela.pt\/s.01k8rhncp4jt1\/2026\/04\/1536x864_cmsv2_70961d88-b7d7-51f4-8fa9-e0a2ae59210a-9717516.jpg\",\"width\":796,\"height\":448,\"caption\":\"Europa hoje\"},{\"@type\":\"BreadcrumbList\",\"@id\":\"https:\/\/portaltela.pt\/noticias\/2026\/04\/15\/israel-e-libano-cessar-fogo-a-vista-segundo-europe-today\/#breadcrumb\",\"itemListElement\":[{\"@type\":\"ListItem\",\"position\":1,\"name\":\"In\u00edcio\",\"item\":\"https:\/\/portaltela.pt\/\"},{\"@type\":\"ListItem\",\"position\":2,\"name\":\"Israel e L\u00edbano: cessar-fogo \u00e0 vista, segundo Europe Today\"}]},{\"@type\":\"WebSite\",\"@id\":\"https:\/\/portaltela.pt\/#website\",\"url\":\"https:\/\/portaltela.pt\/\",\"name\":\"Portal Tela Portugal\",\"description\":\"\",\"potentialAction\":[{\"@type\":\"SearchAction\",\"target\":{\"@type\":\"EntryPoint\",\"urlTemplate\":\"https:\/\/portaltela.pt\/?s={search_term_string}\"},\"query-input\":{\"@type\":\"PropertyValueSpecification\",\"valueRequired\":true,\"valueName\":\"search_term_string\"}}],\"inLanguage\":\"pt-PT\"},{\"@type\":\"Person\",\"@id\":\"https:\/\/portaltela.pt\/#\/schema\/person\/c4278d4a6028830caff9ee44b42d32ed\",\"name\":\"Telinha\",\"image\":{\"@type\":\"ImageObject\",\"inLanguage\":\"pt-PT\",\"@id\":\"https:\/\/portaltela.pt\/s.01k8rhncp4jt1\/2025\/11\/talking-bot-125x125.png\",\"url\":\"https:\/\/portaltela.pt\/s.01k8rhncp4jt1\/2025\/11\/talking-bot-125x125.png\",\"contentUrl\":\"https:\/\/portaltela.pt\/s.01k8rhncp4jt1\/2025\/11\/talking-bot-125x125.png\",\"caption\":\"Telinha\"},\"sameAs\":[\"https:\/\/portaltela.pt\/\"],\"url\":\"https:\/\/portaltela.pt\/por\/367410592786\/\"}]}<\/script>\n<!-- \/ Yoast SEO plugin. -->","yoast_head_json":{"title":"Israel e L\u00edbano: cessar-fogo \u00e0 vista, segundo Europe Today - Portal Tela Portugal","robots":{"index":"index","follow":"follow","max-snippet":"max-snippet:-1","max-image-preview":"max-image-preview:large","max-video-preview":"max-video-preview:-1"},"og_locale":"pt_PT","og_type":"article","og_title":"Israel e L\u00edbano: cessar-fogo \u00e0 vista, segundo Europe Today - Portal Tela Portugal","og_description":"O Europe Today analisa, em Washington, as conversa\u00e7\u00f5es entre Israel e o L\u00edbano e a possibilidade de contribu\u00edrem para aliviar as tens\u00f5es. Entrevistas com Rima Abdul Malak, Elliott Abrams e Amer Bisat abordam temas culturais, quest\u00f5es do Ir\u00e3o e a economia libanesa. A correspondente Laura Fleischmann, em Berlim, cobre o encontro entre Volodymyr Zelenskyy e ministros da Defesa para apoiar a Ucr\u00e2nia. Jakub Janas analisa a pol\u00e9mica em torno da esposa de Pedro S\u00e1nchez, em Espanha. Pode ver em direto a apresentadora M\u00e9abh Mc Mahon e Maria Tadeo na televis\u00e3o, no site e nas plataformas da Euronews, de segunda a sexta, com vers\u00e3o em newsletter e podcast.","og_url":"https:\/\/portaltela.pt\/noticias\/2026\/04\/15\/israel-e-libano-cessar-fogo-a-vista-segundo-europe-today\/","og_site_name":"Portal Tela Portugal","article_published_time":"2026-04-15T07:02:29+00:00","author":"Telinha","twitter_card":"summary_large_image","twitter_misc":{"Escrito por":"Telinha","Tempo estimado de leitura":"1 minuto"},"schema":{"@context":"https:\/\/schema.org","@graph":[{"@type":"Article","@id":"https:\/\/portaltela.pt\/noticias\/2026\/04\/15\/israel-e-libano-cessar-fogo-a-vista-segundo-europe-today\/#article","isPartOf":{"@id":"https:\/\/portaltela.pt\/noticias\/2026\/04\/15\/israel-e-libano-cessar-fogo-a-vista-segundo-europe-today\/"},"author":{"name":"Telinha","@id":"https:\/\/portaltela.pt\/#\/schema\/person\/c4278d4a6028830caff9ee44b42d32ed"},"headline":"Israel e L\u00edbano: cessar-fogo \u00e0 vista, segundo Europe Today","datePublished":"2026-04-15T07:02:29+00:00","mainEntityOfPage":{"@id":"https:\/\/portaltela.pt\/noticias\/2026\/04\/15\/israel-e-libano-cessar-fogo-a-vista-segundo-europe-today\/"},"wordCount":289,"image":{"@id":"https:\/\/portaltela.pt\/noticias\/2026\/04\/15\/israel-e-libano-cessar-fogo-a-vista-segundo-europe-today\/#primaryimage"},"thumbnailUrl":"https:\/\/portaltela.pt\/s.01k8rhncp4jt1\/2026\/04\/1536x864_cmsv2_70961d88-b7d7-51f4-8fa9-e0a2ae59210a-9717516.jpg","keywords":["cessar-fogo","conflitos internacionais","Israel","media\u00e7\u00e3o internacional","negocia\u00e7\u00f5es internacionais","Uni\u00e3o Europeia"],"articleSection":["Geopol\u00edtica","Internacional"],"inLanguage":"pt-PT"},{"@type":"WebPage","@id":"https:\/\/portaltela.pt\/noticias\/2026\/04\/15\/israel-e-libano-cessar-fogo-a-vista-segundo-europe-today\/","url":"https:\/\/portaltela.pt\/noticias\/2026\/04\/15\/israel-e-libano-cessar-fogo-a-vista-segundo-europe-today\/","name":"Israel e L\u00edbano: cessar-fogo \u00e0 vista, segundo Europe Today - Portal Tela Portugal","isPartOf":{"@id":"https:\/\/portaltela.pt\/#website"},"primaryImageOfPage":{"@id":"https:\/\/portaltela.pt\/noticias\/2026\/04\/15\/israel-e-libano-cessar-fogo-a-vista-segundo-europe-today\/#primaryimage"},"image":{"@id":"https:\/\/portaltela.pt\/noticias\/2026\/04\/15\/israel-e-libano-cessar-fogo-a-vista-segundo-europe-today\/#primaryimage"},"thumbnailUrl":"https:\/\/portaltela.pt\/s.01k8rhncp4jt1\/2026\/04\/1536x864_cmsv2_70961d88-b7d7-51f4-8fa9-e0a2ae59210a-9717516.jpg","datePublished":"2026-04-15T07:02:29+00:00","author":{"@id":"https:\/\/portaltela.pt\/#\/schema\/person\/c4278d4a6028830caff9ee44b42d32ed"},"breadcrumb":{"@id":"https:\/\/portaltela.pt\/noticias\/2026\/04\/15\/israel-e-libano-cessar-fogo-a-vista-segundo-europe-today\/#breadcrumb"},"inLanguage":"pt-PT","potentialAction":[{"@type":"ReadAction","target":["https:\/\/portaltela.pt\/noticias\/2026\/04\/15\/israel-e-libano-cessar-fogo-a-vista-segundo-europe-today\/"]}]},{"@type":"ImageObject","inLanguage":"pt-PT","@id":"https:\/\/portaltela.pt\/noticias\/2026\/04\/15\/israel-e-libano-cessar-fogo-a-vista-segundo-europe-today\/#primaryimage","url":"https:\/\/portaltela.pt\/s.01k8rhncp4jt1\/2026\/04\/1536x864_cmsv2_70961d88-b7d7-51f4-8fa9-e0a2ae59210a-9717516.jpg","contentUrl":"https:\/\/portaltela.pt\/s.01k8rhncp4jt1\/2026\/04\/1536x864_cmsv2_70961d88-b7d7-51f4-8fa9-e0a2ae59210a-9717516.jpg","width":796,"height":448,"caption":"Europa hoje"},{"@type":"BreadcrumbList","@id":"https:\/\/portaltela.pt\/noticias\/2026\/04\/15\/israel-e-libano-cessar-fogo-a-vista-segundo-europe-today\/#breadcrumb","itemListElement":[{"@type":"ListItem","position":1,"name":"In\u00edcio","item":"https:\/\/portaltela.pt\/"},{"@type":"ListItem","position":2,"name":"Israel e L\u00edbano: cessar-fogo \u00e0 vista, segundo Europe Today"}]},{"@type":"WebSite","@id":"https:\/\/portaltela.pt\/#website","url":"https:\/\/portaltela.pt\/","name":"Portal Tela Portugal","description":"","potentialAction":[{"@type":"SearchAction","target":{"@type":"EntryPoint","urlTemplate":"https:\/\/portaltela.pt\/?s={search_term_string}"},"query-input":{"@type":"PropertyValueSpecification","valueRequired":true,"valueName":"search_term_string"}}],"inLanguage":"pt-PT"},{"@type":"Person","@id":"https:\/\/portaltela.pt\/#\/schema\/person\/c4278d4a6028830caff9ee44b42d32ed","name":"Telinha","image":{"@type":"ImageObject","inLanguage":"pt-PT","@id":"https:\/\/portaltela.pt\/s.01k8rhncp4jt1\/2025\/11\/talking-bot-125x125.png","url":"https:\/\/portaltela.pt\/s.01k8rhncp4jt1\/2025\/11\/talking-bot-125x125.png","contentUrl":"https:\/\/portaltela.pt\/s.01k8rhncp4jt1\/2025\/11\/talking-bot-125x125.png","caption":"Telinha"},"sameAs":["https:\/\/portaltela.pt\/"],"url":"https:\/\/portaltela.pt\/por\/367410592786\/"}]}},"_links":{"self":[{"href":"https:\/\/portaltela.pt\/api\/wp\/v2\/posts\/444585","targetHints":{"allow":["GET"]}}],"collection":[{"href":"https:\/\/portaltela.pt\/api\/wp\/v2\/posts"}],"about":[{"href":"https:\/\/portaltela.pt\/api\/wp\/v2\/types\/post"}],"author":[{"embeddable":true,"href":"https:\/\/portaltela.pt\/api\/wp\/v2\/users\/2"}],"replies":[{"embeddable":true,"href":"https:\/\/portaltela.pt\/api\/wp\/v2\/comments?post=444585"}],"version-history":[{"count":0,"href":"https:\/\/portaltela.pt\/api\/wp\/v2\/posts\/444585\/revisions"}],"wp:featuredmedia":[{"embeddable":true,"href":"https:\/\/portaltela.pt\/api\/wp\/v2\/media\/444586"}],"wp:attachment":[{"href":"https:\/\/portaltela.pt\/api\/wp\/v2\/media?parent=444585"}],"wp:term":[{"taxonomy":"category","embeddable":true,"href":"https:\/\/portaltela.pt\/api\/wp\/v2\/categories?post=444585"},{"taxonomy":"post_tag","embeddable":true,"href":"https:\/\/portaltela.pt\/api\/wp\/v2\/tags?post=444585"}],"curies":[{"name":"wp","href":"https:\/\/api.w.org\/{rel}","templated":true}]}}