{"id":444535,"date":"2026-04-15T03:17:02","date_gmt":"2026-04-15T06:17:02","guid":{"rendered":"https:\/\/portaltela.pt\/noticias\/2026\/04\/15\/joao-volta-a-prisao-pela-17a-vez-por-conducao-sem-carta-730-presos-por-crimes-rodoviarios\/"},"modified":"2026-04-15T03:17:02","modified_gmt":"2026-04-15T06:17:02","slug":"joao-volta-a-prisao-pela-17a-vez-por-conducao-sem-carta-730-presos-por-crimes-rodoviarios","status":"publish","type":"post","link":"https:\/\/portaltela.pt\/justica\/2026\/04\/15\/joao-volta-a-prisao-pela-17a-vez-por-conducao-sem-carta-730-presos-por-crimes-rodoviarios\/","title":{"rendered":"Jo\u00e3o volta \u00e0 pris\u00e3o pela 17\u00aa vez por condu\u00e7\u00e3o sem carta; 730 presos por crimes rodovi\u00e1rios"},"content":{"rendered":"<p>\u00c0 17\u00aa vez a conduzir sem carta, Jo\u00e3o voltou \u00e0 pris\u00e3o, segundo fontes judiciais. O caso ocorreu no Algarve, onde, em 2023, come\u00e7ou o julgamento por dois crimes de condu\u00e7\u00e3o sem habilita\u00e7\u00e3o.<\/p>\n<p>H\u00e1 mais de 730 pessoas nas cadeias por crimes rodovi\u00e1rios, entre reclusos condenados por conduzir sem habilita\u00e7\u00e3o, embriaguez ou condu\u00e7\u00e3o perigosa. O ensino te\u00f3rico da condu\u00e7\u00e3o nas pris\u00f5es permanece sem regulamenta\u00e7\u00e3o h\u00e1 mais de uma d\u00e9cada.<\/p>\n<p>O historial de Jo\u00e3o \u00e9 longo, com 22 crimes at\u00e9 2001, incluindo furtos qualificados, burlas inform\u00e1ticas e v\u00e1rias condu\u00e7\u00f5es sem carta, totalizando mais de 11 anos de cadeia. O novo veredicto repete condena\u00e7\u00f5es por condu\u00e7\u00e3o sem habilita\u00e7\u00e3o.<\/p>\n","protected":false},"excerpt":{"rendered":"<ul>\n<li>\u00c0 17\u00aa vez a conduzir sem carta, Jo\u00e3o voltou \u00e0 pris\u00e3o.<\/li>\n<li>H\u00e1 mais de 730 pessoas nas cadeias por crimes rodovi\u00e1rios, incluindo condutores sem carta, em estado de embriaguez ou condu\u00e7\u00e3o perigosa.<\/li>\n<li>H\u00e1 mais de dez anos que se espera regulamenta\u00e7\u00e3o do ensino te\u00f3rico da condu\u00e7\u00e3o nas pris\u00f5es.<\/li>\n<li>Em 2023, Jo\u00e3o, no Algarve, come\u00e7ou a ser julgado por dois crimes de condu\u00e7\u00e3o sem habilita\u00e7\u00e3o legal; o seu antecedente inclui 22 crimes at\u00e9 2001, destacando furtos qualificados, duas burlas inform\u00e1ticas e cinco condu\u00e7\u00f5es sem carta, o que lhe valeu mais de 11 anos de cadeia.<\/li>\n<li>Jo\u00e3o voltou \u00e0 pris\u00e3o v\u00e1rias vezes, incluindo por conduzir sem habilita\u00e7\u00e3o legal.<\/li>\n<\/ul>\n","protected":false},"author":2,"featured_media":444539,"comment_status":"closed","ping_status":"closed","sticky":false,"template":"","format":"standard","meta":{"footnotes":""},"categories":[6907,6815],"tags":[928,160,147,177,1924,4343],"class_list":["post-444535","post","type-post","status-publish","format-standard","has-post-thumbnail","hentry","category-crime","category-justica","tag-algarve","tag-conducao-sem-habilitacao","tag-crime","tag-crimes","tag-crimes-rodoviarios","tag-prisoes"],"yoast_head":"<!-- This site is optimized with the Yoast SEO plugin v27.2 - https:\/\/yoast.com\/product\/yoast-seo-wordpress\/ -->\n<title>Jo\u00e3o volta \u00e0 pris\u00e3o pela 17\u00aa vez por condu\u00e7\u00e3o sem carta; 730 presos por crimes rodovi\u00e1rios - Portal Tela Portugal<\/title>\n<meta name=\"robots\" content=\"index, follow, max-snippet:-1, max-image-preview:large, max-video-preview:-1\" \/>\n<meta property=\"og:locale\" content=\"pt_PT\" \/>\n<meta property=\"og:type\" content=\"article\" \/>\n<meta property=\"og:title\" content=\"Jo\u00e3o volta \u00e0 pris\u00e3o pela 17\u00aa vez por condu\u00e7\u00e3o sem carta; 730 presos por crimes rodovi\u00e1rios - Portal Tela Portugal\" \/>\n<meta property=\"og:description\" content=\"\u00c0 17\u00aa vez a conduzir sem carta, Jo\u00e3o voltou \u00e0 pris\u00e3o. H\u00e1 mais de 730 pessoas nas cadeias por crimes rodovi\u00e1rios, incluindo condutores sem carta, em estado de embriaguez ou condu\u00e7\u00e3o perigosa. H\u00e1 mais de dez anos que se espera regulamenta\u00e7\u00e3o do ensino te\u00f3rico da condu\u00e7\u00e3o nas pris\u00f5es. Em 2023, Jo\u00e3o, no Algarve, come\u00e7ou a ser julgado por dois crimes de condu\u00e7\u00e3o sem habilita\u00e7\u00e3o legal; o seu antecedente inclui 22 crimes at\u00e9 2001, destacando furtos qualificados, duas burlas inform\u00e1ticas e cinco condu\u00e7\u00f5es sem carta, o que lhe valeu mais de 11 anos de cadeia. Jo\u00e3o voltou \u00e0 pris\u00e3o v\u00e1rias vezes, incluindo por conduzir sem habilita\u00e7\u00e3o legal.\" \/>\n<meta property=\"og:url\" content=\"https:\/\/portaltela.pt\/noticias\/2026\/04\/15\/joao-volta-a-prisao-pela-17a-vez-por-conducao-sem-carta-730-presos-por-crimes-rodoviarios\/\" \/>\n<meta property=\"og:site_name\" content=\"Portal Tela Portugal\" \/>\n<meta property=\"article:published_time\" content=\"2026-04-15T06:17:02+00:00\" \/>\n<meta name=\"author\" content=\"Telinha\" \/>\n<meta name=\"twitter:card\" content=\"summary_large_image\" \/>\n<meta name=\"twitter:label1\" content=\"Escrito por\" \/>\n\t<meta name=\"twitter:data1\" content=\"Telinha\" \/>\n\t<meta name=\"twitter:label2\" content=\"Tempo estimado de leitura\" \/>\n\t<meta name=\"twitter:data2\" content=\"1 minuto\" \/>\n<script type=\"application\/ld+json\" class=\"yoast-schema-graph\">{\"@context\":\"https:\/\/schema.org\",\"@graph\":[{\"@type\":\"Article\",\"@id\":\"https:\/\/portaltela.pt\/noticias\/2026\/04\/15\/joao-volta-a-prisao-pela-17a-vez-por-conducao-sem-carta-730-presos-por-crimes-rodoviarios\/#article\",\"isPartOf\":{\"@id\":\"https:\/\/portaltela.pt\/noticias\/2026\/04\/15\/joao-volta-a-prisao-pela-17a-vez-por-conducao-sem-carta-730-presos-por-crimes-rodoviarios\/\"},\"author\":{\"name\":\"Telinha\",\"@id\":\"https:\/\/portaltela.pt\/#\/schema\/person\/c4278d4a6028830caff9ee44b42d32ed\"},\"headline\":\"Jo\u00e3o volta \u00e0 pris\u00e3o pela 17\u00aa vez por condu\u00e7\u00e3o sem carta; 730 presos por crimes rodovi\u00e1rios\",\"datePublished\":\"2026-04-15T06:17:02+00:00\",\"mainEntityOfPage\":{\"@id\":\"https:\/\/portaltela.pt\/noticias\/2026\/04\/15\/joao-volta-a-prisao-pela-17a-vez-por-conducao-sem-carta-730-presos-por-crimes-rodoviarios\/\"},\"wordCount\":133,\"image\":{\"@id\":\"https:\/\/portaltela.pt\/noticias\/2026\/04\/15\/joao-volta-a-prisao-pela-17a-vez-por-conducao-sem-carta-730-presos-por-crimes-rodoviarios\/#primaryimage\"},\"thumbnailUrl\":\"https:\/\/portaltela.pt\/s.01k8rhncp4jt1\/2026\/04\/2081366.jpg\",\"keywords\":[\"Algarve\",\"condu\u00e7\u00e3o sem habilita\u00e7\u00e3o\",\"crime\",\"crimes\",\"crimes rodovi\u00e1rios\",\"pris\u00f5es\"],\"articleSection\":[\"Crime\",\"Justi\u00e7a\"],\"inLanguage\":\"pt-PT\"},{\"@type\":\"WebPage\",\"@id\":\"https:\/\/portaltela.pt\/noticias\/2026\/04\/15\/joao-volta-a-prisao-pela-17a-vez-por-conducao-sem-carta-730-presos-por-crimes-rodoviarios\/\",\"url\":\"https:\/\/portaltela.pt\/noticias\/2026\/04\/15\/joao-volta-a-prisao-pela-17a-vez-por-conducao-sem-carta-730-presos-por-crimes-rodoviarios\/\",\"name\":\"Jo\u00e3o volta \u00e0 pris\u00e3o pela 17\u00aa vez por condu\u00e7\u00e3o sem carta; 730 presos por crimes rodovi\u00e1rios - Portal Tela Portugal\",\"isPartOf\":{\"@id\":\"https:\/\/portaltela.pt\/#website\"},\"primaryImageOfPage\":{\"@id\":\"https:\/\/portaltela.pt\/noticias\/2026\/04\/15\/joao-volta-a-prisao-pela-17a-vez-por-conducao-sem-carta-730-presos-por-crimes-rodoviarios\/#primaryimage\"},\"image\":{\"@id\":\"https:\/\/portaltela.pt\/noticias\/2026\/04\/15\/joao-volta-a-prisao-pela-17a-vez-por-conducao-sem-carta-730-presos-por-crimes-rodoviarios\/#primaryimage\"},\"thumbnailUrl\":\"https:\/\/portaltela.pt\/s.01k8rhncp4jt1\/2026\/04\/2081366.jpg\",\"datePublished\":\"2026-04-15T06:17:02+00:00\",\"author\":{\"@id\":\"https:\/\/portaltela.pt\/#\/schema\/person\/c4278d4a6028830caff9ee44b42d32ed\"},\"breadcrumb\":{\"@id\":\"https:\/\/portaltela.pt\/noticias\/2026\/04\/15\/joao-volta-a-prisao-pela-17a-vez-por-conducao-sem-carta-730-presos-por-crimes-rodoviarios\/#breadcrumb\"},\"inLanguage\":\"pt-PT\",\"potentialAction\":[{\"@type\":\"ReadAction\",\"target\":[\"https:\/\/portaltela.pt\/noticias\/2026\/04\/15\/joao-volta-a-prisao-pela-17a-vez-por-conducao-sem-carta-730-presos-por-crimes-rodoviarios\/\"]}]},{\"@type\":\"ImageObject\",\"inLanguage\":\"pt-PT\",\"@id\":\"https:\/\/portaltela.pt\/noticias\/2026\/04\/15\/joao-volta-a-prisao-pela-17a-vez-por-conducao-sem-carta-730-presos-por-crimes-rodoviarios\/#primaryimage\",\"url\":\"https:\/\/portaltela.pt\/s.01k8rhncp4jt1\/2026\/04\/2081366.jpg\",\"contentUrl\":\"https:\/\/portaltela.pt\/s.01k8rhncp4jt1\/2026\/04\/2081366.jpg\",\"width\":796,\"height\":448,\"caption\":\"Presidente do Autom\u00f3vel Clube de Portugal pede uma moldura penal mais alta para crimes rodovi\u00e1rios e o regresso da Brigada de Tr\u00e2nsito da GNR\"},{\"@type\":\"BreadcrumbList\",\"@id\":\"https:\/\/portaltela.pt\/noticias\/2026\/04\/15\/joao-volta-a-prisao-pela-17a-vez-por-conducao-sem-carta-730-presos-por-crimes-rodoviarios\/#breadcrumb\",\"itemListElement\":[{\"@type\":\"ListItem\",\"position\":1,\"name\":\"In\u00edcio\",\"item\":\"https:\/\/portaltela.pt\/\"},{\"@type\":\"ListItem\",\"position\":2,\"name\":\"Jo\u00e3o volta \u00e0 pris\u00e3o pela 17\u00aa vez por condu\u00e7\u00e3o sem carta; 730 presos por crimes rodovi\u00e1rios\"}]},{\"@type\":\"WebSite\",\"@id\":\"https:\/\/portaltela.pt\/#website\",\"url\":\"https:\/\/portaltela.pt\/\",\"name\":\"Portal Tela Portugal\",\"description\":\"\",\"potentialAction\":[{\"@type\":\"SearchAction\",\"target\":{\"@type\":\"EntryPoint\",\"urlTemplate\":\"https:\/\/portaltela.pt\/?s={search_term_string}\"},\"query-input\":{\"@type\":\"PropertyValueSpecification\",\"valueRequired\":true,\"valueName\":\"search_term_string\"}}],\"inLanguage\":\"pt-PT\"},{\"@type\":\"Person\",\"@id\":\"https:\/\/portaltela.pt\/#\/schema\/person\/c4278d4a6028830caff9ee44b42d32ed\",\"name\":\"Telinha\",\"image\":{\"@type\":\"ImageObject\",\"inLanguage\":\"pt-PT\",\"@id\":\"https:\/\/portaltela.pt\/s.01k8rhncp4jt1\/2025\/11\/talking-bot-125x125.png\",\"url\":\"https:\/\/portaltela.pt\/s.01k8rhncp4jt1\/2025\/11\/talking-bot-125x125.png\",\"contentUrl\":\"https:\/\/portaltela.pt\/s.01k8rhncp4jt1\/2025\/11\/talking-bot-125x125.png\",\"caption\":\"Telinha\"},\"sameAs\":[\"https:\/\/portaltela.pt\/\"],\"url\":\"https:\/\/portaltela.pt\/por\/367410592786\/\"}]}<\/script>\n<!-- \/ Yoast SEO plugin. -->","yoast_head_json":{"title":"Jo\u00e3o volta \u00e0 pris\u00e3o pela 17\u00aa vez por condu\u00e7\u00e3o sem carta; 730 presos por crimes rodovi\u00e1rios - Portal Tela Portugal","robots":{"index":"index","follow":"follow","max-snippet":"max-snippet:-1","max-image-preview":"max-image-preview:large","max-video-preview":"max-video-preview:-1"},"og_locale":"pt_PT","og_type":"article","og_title":"Jo\u00e3o volta \u00e0 pris\u00e3o pela 17\u00aa vez por condu\u00e7\u00e3o sem carta; 730 presos por crimes rodovi\u00e1rios - Portal Tela Portugal","og_description":"\u00c0 17\u00aa vez a conduzir sem carta, Jo\u00e3o voltou \u00e0 pris\u00e3o. H\u00e1 mais de 730 pessoas nas cadeias por crimes rodovi\u00e1rios, incluindo condutores sem carta, em estado de embriaguez ou condu\u00e7\u00e3o perigosa. H\u00e1 mais de dez anos que se espera regulamenta\u00e7\u00e3o do ensino te\u00f3rico da condu\u00e7\u00e3o nas pris\u00f5es. Em 2023, Jo\u00e3o, no Algarve, come\u00e7ou a ser julgado por dois crimes de condu\u00e7\u00e3o sem habilita\u00e7\u00e3o legal; o seu antecedente inclui 22 crimes at\u00e9 2001, destacando furtos qualificados, duas burlas inform\u00e1ticas e cinco condu\u00e7\u00f5es sem carta, o que lhe valeu mais de 11 anos de cadeia. Jo\u00e3o voltou \u00e0 pris\u00e3o v\u00e1rias vezes, incluindo por conduzir sem habilita\u00e7\u00e3o legal.","og_url":"https:\/\/portaltela.pt\/noticias\/2026\/04\/15\/joao-volta-a-prisao-pela-17a-vez-por-conducao-sem-carta-730-presos-por-crimes-rodoviarios\/","og_site_name":"Portal Tela Portugal","article_published_time":"2026-04-15T06:17:02+00:00","author":"Telinha","twitter_card":"summary_large_image","twitter_misc":{"Escrito por":"Telinha","Tempo estimado de leitura":"1 minuto"},"schema":{"@context":"https:\/\/schema.org","@graph":[{"@type":"Article","@id":"https:\/\/portaltela.pt\/noticias\/2026\/04\/15\/joao-volta-a-prisao-pela-17a-vez-por-conducao-sem-carta-730-presos-por-crimes-rodoviarios\/#article","isPartOf":{"@id":"https:\/\/portaltela.pt\/noticias\/2026\/04\/15\/joao-volta-a-prisao-pela-17a-vez-por-conducao-sem-carta-730-presos-por-crimes-rodoviarios\/"},"author":{"name":"Telinha","@id":"https:\/\/portaltela.pt\/#\/schema\/person\/c4278d4a6028830caff9ee44b42d32ed"},"headline":"Jo\u00e3o volta \u00e0 pris\u00e3o pela 17\u00aa vez por condu\u00e7\u00e3o sem carta; 730 presos por crimes rodovi\u00e1rios","datePublished":"2026-04-15T06:17:02+00:00","mainEntityOfPage":{"@id":"https:\/\/portaltela.pt\/noticias\/2026\/04\/15\/joao-volta-a-prisao-pela-17a-vez-por-conducao-sem-carta-730-presos-por-crimes-rodoviarios\/"},"wordCount":133,"image":{"@id":"https:\/\/portaltela.pt\/noticias\/2026\/04\/15\/joao-volta-a-prisao-pela-17a-vez-por-conducao-sem-carta-730-presos-por-crimes-rodoviarios\/#primaryimage"},"thumbnailUrl":"https:\/\/portaltela.pt\/s.01k8rhncp4jt1\/2026\/04\/2081366.jpg","keywords":["Algarve","condu\u00e7\u00e3o sem habilita\u00e7\u00e3o","crime","crimes","crimes rodovi\u00e1rios","pris\u00f5es"],"articleSection":["Crime","Justi\u00e7a"],"inLanguage":"pt-PT"},{"@type":"WebPage","@id":"https:\/\/portaltela.pt\/noticias\/2026\/04\/15\/joao-volta-a-prisao-pela-17a-vez-por-conducao-sem-carta-730-presos-por-crimes-rodoviarios\/","url":"https:\/\/portaltela.pt\/noticias\/2026\/04\/15\/joao-volta-a-prisao-pela-17a-vez-por-conducao-sem-carta-730-presos-por-crimes-rodoviarios\/","name":"Jo\u00e3o volta \u00e0 pris\u00e3o pela 17\u00aa vez por condu\u00e7\u00e3o sem carta; 730 presos por crimes rodovi\u00e1rios - Portal Tela Portugal","isPartOf":{"@id":"https:\/\/portaltela.pt\/#website"},"primaryImageOfPage":{"@id":"https:\/\/portaltela.pt\/noticias\/2026\/04\/15\/joao-volta-a-prisao-pela-17a-vez-por-conducao-sem-carta-730-presos-por-crimes-rodoviarios\/#primaryimage"},"image":{"@id":"https:\/\/portaltela.pt\/noticias\/2026\/04\/15\/joao-volta-a-prisao-pela-17a-vez-por-conducao-sem-carta-730-presos-por-crimes-rodoviarios\/#primaryimage"},"thumbnailUrl":"https:\/\/portaltela.pt\/s.01k8rhncp4jt1\/2026\/04\/2081366.jpg","datePublished":"2026-04-15T06:17:02+00:00","author":{"@id":"https:\/\/portaltela.pt\/#\/schema\/person\/c4278d4a6028830caff9ee44b42d32ed"},"breadcrumb":{"@id":"https:\/\/portaltela.pt\/noticias\/2026\/04\/15\/joao-volta-a-prisao-pela-17a-vez-por-conducao-sem-carta-730-presos-por-crimes-rodoviarios\/#breadcrumb"},"inLanguage":"pt-PT","potentialAction":[{"@type":"ReadAction","target":["https:\/\/portaltela.pt\/noticias\/2026\/04\/15\/joao-volta-a-prisao-pela-17a-vez-por-conducao-sem-carta-730-presos-por-crimes-rodoviarios\/"]}]},{"@type":"ImageObject","inLanguage":"pt-PT","@id":"https:\/\/portaltela.pt\/noticias\/2026\/04\/15\/joao-volta-a-prisao-pela-17a-vez-por-conducao-sem-carta-730-presos-por-crimes-rodoviarios\/#primaryimage","url":"https:\/\/portaltela.pt\/s.01k8rhncp4jt1\/2026\/04\/2081366.jpg","contentUrl":"https:\/\/portaltela.pt\/s.01k8rhncp4jt1\/2026\/04\/2081366.jpg","width":796,"height":448,"caption":"Presidente do Autom\u00f3vel Clube de Portugal pede uma moldura penal mais alta para crimes rodovi\u00e1rios e o regresso da Brigada de Tr\u00e2nsito da GNR"},{"@type":"BreadcrumbList","@id":"https:\/\/portaltela.pt\/noticias\/2026\/04\/15\/joao-volta-a-prisao-pela-17a-vez-por-conducao-sem-carta-730-presos-por-crimes-rodoviarios\/#breadcrumb","itemListElement":[{"@type":"ListItem","position":1,"name":"In\u00edcio","item":"https:\/\/portaltela.pt\/"},{"@type":"ListItem","position":2,"name":"Jo\u00e3o volta \u00e0 pris\u00e3o pela 17\u00aa vez por condu\u00e7\u00e3o sem carta; 730 presos por crimes rodovi\u00e1rios"}]},{"@type":"WebSite","@id":"https:\/\/portaltela.pt\/#website","url":"https:\/\/portaltela.pt\/","name":"Portal Tela Portugal","description":"","potentialAction":[{"@type":"SearchAction","target":{"@type":"EntryPoint","urlTemplate":"https:\/\/portaltela.pt\/?s={search_term_string}"},"query-input":{"@type":"PropertyValueSpecification","valueRequired":true,"valueName":"search_term_string"}}],"inLanguage":"pt-PT"},{"@type":"Person","@id":"https:\/\/portaltela.pt\/#\/schema\/person\/c4278d4a6028830caff9ee44b42d32ed","name":"Telinha","image":{"@type":"ImageObject","inLanguage":"pt-PT","@id":"https:\/\/portaltela.pt\/s.01k8rhncp4jt1\/2025\/11\/talking-bot-125x125.png","url":"https:\/\/portaltela.pt\/s.01k8rhncp4jt1\/2025\/11\/talking-bot-125x125.png","contentUrl":"https:\/\/portaltela.pt\/s.01k8rhncp4jt1\/2025\/11\/talking-bot-125x125.png","caption":"Telinha"},"sameAs":["https:\/\/portaltela.pt\/"],"url":"https:\/\/portaltela.pt\/por\/367410592786\/"}]}},"_links":{"self":[{"href":"https:\/\/portaltela.pt\/api\/wp\/v2\/posts\/444535","targetHints":{"allow":["GET"]}}],"collection":[{"href":"https:\/\/portaltela.pt\/api\/wp\/v2\/posts"}],"about":[{"href":"https:\/\/portaltela.pt\/api\/wp\/v2\/types\/post"}],"author":[{"embeddable":true,"href":"https:\/\/portaltela.pt\/api\/wp\/v2\/users\/2"}],"replies":[{"embeddable":true,"href":"https:\/\/portaltela.pt\/api\/wp\/v2\/comments?post=444535"}],"version-history":[{"count":0,"href":"https:\/\/portaltela.pt\/api\/wp\/v2\/posts\/444535\/revisions"}],"wp:featuredmedia":[{"embeddable":true,"href":"https:\/\/portaltela.pt\/api\/wp\/v2\/media\/444539"}],"wp:attachment":[{"href":"https:\/\/portaltela.pt\/api\/wp\/v2\/media?parent=444535"}],"wp:term":[{"taxonomy":"category","embeddable":true,"href":"https:\/\/portaltela.pt\/api\/wp\/v2\/categories?post=444535"},{"taxonomy":"post_tag","embeddable":true,"href":"https:\/\/portaltela.pt\/api\/wp\/v2\/tags?post=444535"}],"curies":[{"name":"wp","href":"https:\/\/api.w.org\/{rel}","templated":true}]}}