{"id":444509,"date":"2026-04-14T18:04:00","date_gmt":"2026-04-14T21:04:00","guid":{"rendered":"https:\/\/portaltela.pt\/noticias\/2026\/04\/14\/israel-e-libano-iniciam-negociacoes-diretas-de-paz\/"},"modified":"2026-04-14T18:04:00","modified_gmt":"2026-04-14T21:04:00","slug":"israel-e-libano-iniciam-negociacoes-diretas-de-paz","status":"publish","type":"post","link":"https:\/\/portaltela.pt\/noticias\/internacional\/2026\/04\/14\/israel-e-libano-iniciam-negociacoes-diretas-de-paz\/","title":{"rendered":"Israel e L\u00edbano iniciam negocia\u00e7\u00f5es diretas de paz"},"content":{"rendered":"<p>Israel e o L\u00edbano concordaram hoje em iniciar negocia\u00e7\u00f5es diretas para uma paz duradoura, ap\u00f3s uma reuni\u00e3o inicial em Washington entre representantes dos dois pa\u00edses, revelou o Departamento de Estado dos EUA.<\/p>\n<p>A reuni\u00e3o em Washington contou com a participa\u00e7\u00e3o de representantes de ambos os Estados, com o objetivo de abrir caminho a conversa\u00e7\u00f5es formais entre Telavive e Beirute. Os EUA atuam como mediadores neste processo.<\/p>\n<p>As partes envolvidas s\u00e3o os governos de Israel e do L\u00edbano, que t\u00eam mantido rela\u00e7\u00f5es tensas ao longo de d\u00e9cadas. Ainda n\u00e3o foram divulgadas datas para o in\u00edcio formal das negocia\u00e7\u00f5es diretas.<\/p>\n<p>Segundo o Minist\u00e9rio dos Neg\u00f3cios Estrangeiros dos EUA, o encontro marca o ponto de partida para um processo de paz que poder\u00e1 evoluir com o tempo e etapas definidas entre as duas na\u00e7\u00f5es.<\/p>\n","protected":false},"excerpt":{"rendered":"<ul>\n<li>Israel e L\u00edbano acordaram iniciar negocia\u00e7\u00f5es diretas para uma paz duradoura.<\/li>\n<li>A decis\u00e3o foi anunciada ap\u00f3s a primeira reuni\u00e3o, em Washington, entre representantes dos dois pa\u00edses.<\/li>\n<li>A informa\u00e7\u00e3o foi comunicada pelo Departamento de Estado dos Estados Unidos.<\/li>\n<li>N\u00e3o foram divulgados detalhes adicionais sobre prazos ou agenda.<\/li>\n<\/ul>\n","protected":false},"author":2,"featured_media":444510,"comment_status":"closed","ping_status":"closed","sticky":false,"template":"","format":"standard","meta":{"footnotes":""},"categories":[6814,4],"tags":[256,3708,1879,2036,7439,27],"class_list":["post-444509","post","type-post","status-publish","format-standard","has-post-thumbnail","hentry","category-geopolitica","category-internacional","tag-cooperacao-internacional","tag-israel","tag-mediacao-internacional","tag-negociacoes-internacionais","tag-politica-externa","tag-relacoes-internacionais"],"yoast_head":"<!-- This site is optimized with the Yoast SEO plugin v27.2 - https:\/\/yoast.com\/product\/yoast-seo-wordpress\/ -->\n<title>Israel e L\u00edbano iniciam negocia\u00e7\u00f5es diretas de paz - Portal Tela Portugal<\/title>\n<meta name=\"robots\" content=\"index, follow, max-snippet:-1, max-image-preview:large, max-video-preview:-1\" \/>\n<meta property=\"og:locale\" content=\"pt_PT\" \/>\n<meta property=\"og:type\" content=\"article\" \/>\n<meta property=\"og:title\" content=\"Israel e L\u00edbano iniciam negocia\u00e7\u00f5es diretas de paz - Portal Tela Portugal\" \/>\n<meta property=\"og:description\" content=\"Israel e L\u00edbano acordaram iniciar negocia\u00e7\u00f5es diretas para uma paz duradoura. A decis\u00e3o foi anunciada ap\u00f3s a primeira reuni\u00e3o, em Washington, entre representantes dos dois pa\u00edses. A informa\u00e7\u00e3o foi comunicada pelo Departamento de Estado dos Estados Unidos. N\u00e3o foram divulgados detalhes adicionais sobre prazos ou agenda.\" \/>\n<meta property=\"og:url\" content=\"https:\/\/portaltela.pt\/noticias\/2026\/04\/14\/israel-e-libano-iniciam-negociacoes-diretas-de-paz\/\" \/>\n<meta property=\"og:site_name\" content=\"Portal Tela Portugal\" \/>\n<meta property=\"article:published_time\" content=\"2026-04-14T21:04:00+00:00\" \/>\n<meta name=\"author\" content=\"Telinha\" \/>\n<meta name=\"twitter:card\" content=\"summary_large_image\" \/>\n<meta name=\"twitter:label1\" content=\"Escrito por\" \/>\n\t<meta name=\"twitter:data1\" content=\"Telinha\" \/>\n\t<meta name=\"twitter:label2\" content=\"Tempo estimado de leitura\" \/>\n\t<meta name=\"twitter:data2\" content=\"1 minuto\" \/>\n<script type=\"application\/ld+json\" class=\"yoast-schema-graph\">{\"@context\":\"https:\/\/schema.org\",\"@graph\":[{\"@type\":\"Article\",\"@id\":\"https:\/\/portaltela.pt\/noticias\/2026\/04\/14\/israel-e-libano-iniciam-negociacoes-diretas-de-paz\/#article\",\"isPartOf\":{\"@id\":\"https:\/\/portaltela.pt\/noticias\/2026\/04\/14\/israel-e-libano-iniciam-negociacoes-diretas-de-paz\/\"},\"author\":{\"name\":\"Telinha\",\"@id\":\"https:\/\/portaltela.pt\/#\/schema\/person\/c4278d4a6028830caff9ee44b42d32ed\"},\"headline\":\"Israel e L\u00edbano iniciam negocia\u00e7\u00f5es diretas de paz\",\"datePublished\":\"2026-04-14T21:04:00+00:00\",\"mainEntityOfPage\":{\"@id\":\"https:\/\/portaltela.pt\/noticias\/2026\/04\/14\/israel-e-libano-iniciam-negociacoes-diretas-de-paz\/\"},\"wordCount\":160,\"image\":{\"@id\":\"https:\/\/portaltela.pt\/noticias\/2026\/04\/14\/israel-e-libano-iniciam-negociacoes-diretas-de-paz\/#primaryimage\"},\"thumbnailUrl\":\"https:\/\/portaltela.pt\/s.01k8rhncp4jt1\/2026\/04\/CACHE_780X1200_ANALOG_WATERMARKED_46929614_464747613891372.jpg\",\"keywords\":[\"coopera\u00e7\u00e3o internacional\",\"Israel\",\"media\u00e7\u00e3o internacional\",\"negocia\u00e7\u00f5es internacionais\",\"pol\u00edtica externa\",\"rela\u00e7\u00f5es internacionais\"],\"articleSection\":[\"Geopol\u00edtica\",\"Internacional\"],\"inLanguage\":\"pt-PT\"},{\"@type\":\"WebPage\",\"@id\":\"https:\/\/portaltela.pt\/noticias\/2026\/04\/14\/israel-e-libano-iniciam-negociacoes-diretas-de-paz\/\",\"url\":\"https:\/\/portaltela.pt\/noticias\/2026\/04\/14\/israel-e-libano-iniciam-negociacoes-diretas-de-paz\/\",\"name\":\"Israel e L\u00edbano iniciam negocia\u00e7\u00f5es diretas de paz - Portal Tela Portugal\",\"isPartOf\":{\"@id\":\"https:\/\/portaltela.pt\/#website\"},\"primaryImageOfPage\":{\"@id\":\"https:\/\/portaltela.pt\/noticias\/2026\/04\/14\/israel-e-libano-iniciam-negociacoes-diretas-de-paz\/#primaryimage\"},\"image\":{\"@id\":\"https:\/\/portaltela.pt\/noticias\/2026\/04\/14\/israel-e-libano-iniciam-negociacoes-diretas-de-paz\/#primaryimage\"},\"thumbnailUrl\":\"https:\/\/portaltela.pt\/s.01k8rhncp4jt1\/2026\/04\/CACHE_780X1200_ANALOG_WATERMARKED_46929614_464747613891372.jpg\",\"datePublished\":\"2026-04-14T21:04:00+00:00\",\"author\":{\"@id\":\"https:\/\/portaltela.pt\/#\/schema\/person\/c4278d4a6028830caff9ee44b42d32ed\"},\"breadcrumb\":{\"@id\":\"https:\/\/portaltela.pt\/noticias\/2026\/04\/14\/israel-e-libano-iniciam-negociacoes-diretas-de-paz\/#breadcrumb\"},\"inLanguage\":\"pt-PT\",\"potentialAction\":[{\"@type\":\"ReadAction\",\"target\":[\"https:\/\/portaltela.pt\/noticias\/2026\/04\/14\/israel-e-libano-iniciam-negociacoes-diretas-de-paz\/\"]}]},{\"@type\":\"ImageObject\",\"inLanguage\":\"pt-PT\",\"@id\":\"https:\/\/portaltela.pt\/noticias\/2026\/04\/14\/israel-e-libano-iniciam-negociacoes-diretas-de-paz\/#primaryimage\",\"url\":\"https:\/\/portaltela.pt\/s.01k8rhncp4jt1\/2026\/04\/CACHE_780X1200_ANALOG_WATERMARKED_46929614_464747613891372.jpg\",\"contentUrl\":\"https:\/\/portaltela.pt\/s.01k8rhncp4jt1\/2026\/04\/CACHE_780X1200_ANALOG_WATERMARKED_46929614_464747613891372.jpg\",\"width\":768,\"height\":512,\"caption\":\"Israel e L\u00edbano acordam in\u00edcio de negocia\u00e7\u00f5es diretas de paz\"},{\"@type\":\"BreadcrumbList\",\"@id\":\"https:\/\/portaltela.pt\/noticias\/2026\/04\/14\/israel-e-libano-iniciam-negociacoes-diretas-de-paz\/#breadcrumb\",\"itemListElement\":[{\"@type\":\"ListItem\",\"position\":1,\"name\":\"In\u00edcio\",\"item\":\"https:\/\/portaltela.pt\/\"},{\"@type\":\"ListItem\",\"position\":2,\"name\":\"Israel e L\u00edbano iniciam negocia\u00e7\u00f5es diretas de paz\"}]},{\"@type\":\"WebSite\",\"@id\":\"https:\/\/portaltela.pt\/#website\",\"url\":\"https:\/\/portaltela.pt\/\",\"name\":\"Portal Tela Portugal\",\"description\":\"\",\"potentialAction\":[{\"@type\":\"SearchAction\",\"target\":{\"@type\":\"EntryPoint\",\"urlTemplate\":\"https:\/\/portaltela.pt\/?s={search_term_string}\"},\"query-input\":{\"@type\":\"PropertyValueSpecification\",\"valueRequired\":true,\"valueName\":\"search_term_string\"}}],\"inLanguage\":\"pt-PT\"},{\"@type\":\"Person\",\"@id\":\"https:\/\/portaltela.pt\/#\/schema\/person\/c4278d4a6028830caff9ee44b42d32ed\",\"name\":\"Telinha\",\"image\":{\"@type\":\"ImageObject\",\"inLanguage\":\"pt-PT\",\"@id\":\"https:\/\/portaltela.pt\/s.01k8rhncp4jt1\/2025\/11\/talking-bot-125x125.png\",\"url\":\"https:\/\/portaltela.pt\/s.01k8rhncp4jt1\/2025\/11\/talking-bot-125x125.png\",\"contentUrl\":\"https:\/\/portaltela.pt\/s.01k8rhncp4jt1\/2025\/11\/talking-bot-125x125.png\",\"caption\":\"Telinha\"},\"sameAs\":[\"https:\/\/portaltela.pt\/\"],\"url\":\"https:\/\/portaltela.pt\/por\/367410592786\/\"}]}<\/script>\n<!-- \/ Yoast SEO plugin. -->","yoast_head_json":{"title":"Israel e L\u00edbano iniciam negocia\u00e7\u00f5es diretas de paz - Portal Tela Portugal","robots":{"index":"index","follow":"follow","max-snippet":"max-snippet:-1","max-image-preview":"max-image-preview:large","max-video-preview":"max-video-preview:-1"},"og_locale":"pt_PT","og_type":"article","og_title":"Israel e L\u00edbano iniciam negocia\u00e7\u00f5es diretas de paz - Portal Tela Portugal","og_description":"Israel e L\u00edbano acordaram iniciar negocia\u00e7\u00f5es diretas para uma paz duradoura. A decis\u00e3o foi anunciada ap\u00f3s a primeira reuni\u00e3o, em Washington, entre representantes dos dois pa\u00edses. A informa\u00e7\u00e3o foi comunicada pelo Departamento de Estado dos Estados Unidos. N\u00e3o foram divulgados detalhes adicionais sobre prazos ou agenda.","og_url":"https:\/\/portaltela.pt\/noticias\/2026\/04\/14\/israel-e-libano-iniciam-negociacoes-diretas-de-paz\/","og_site_name":"Portal Tela Portugal","article_published_time":"2026-04-14T21:04:00+00:00","author":"Telinha","twitter_card":"summary_large_image","twitter_misc":{"Escrito por":"Telinha","Tempo estimado de leitura":"1 minuto"},"schema":{"@context":"https:\/\/schema.org","@graph":[{"@type":"Article","@id":"https:\/\/portaltela.pt\/noticias\/2026\/04\/14\/israel-e-libano-iniciam-negociacoes-diretas-de-paz\/#article","isPartOf":{"@id":"https:\/\/portaltela.pt\/noticias\/2026\/04\/14\/israel-e-libano-iniciam-negociacoes-diretas-de-paz\/"},"author":{"name":"Telinha","@id":"https:\/\/portaltela.pt\/#\/schema\/person\/c4278d4a6028830caff9ee44b42d32ed"},"headline":"Israel e L\u00edbano iniciam negocia\u00e7\u00f5es diretas de paz","datePublished":"2026-04-14T21:04:00+00:00","mainEntityOfPage":{"@id":"https:\/\/portaltela.pt\/noticias\/2026\/04\/14\/israel-e-libano-iniciam-negociacoes-diretas-de-paz\/"},"wordCount":160,"image":{"@id":"https:\/\/portaltela.pt\/noticias\/2026\/04\/14\/israel-e-libano-iniciam-negociacoes-diretas-de-paz\/#primaryimage"},"thumbnailUrl":"https:\/\/portaltela.pt\/s.01k8rhncp4jt1\/2026\/04\/CACHE_780X1200_ANALOG_WATERMARKED_46929614_464747613891372.jpg","keywords":["coopera\u00e7\u00e3o internacional","Israel","media\u00e7\u00e3o internacional","negocia\u00e7\u00f5es internacionais","pol\u00edtica externa","rela\u00e7\u00f5es internacionais"],"articleSection":["Geopol\u00edtica","Internacional"],"inLanguage":"pt-PT"},{"@type":"WebPage","@id":"https:\/\/portaltela.pt\/noticias\/2026\/04\/14\/israel-e-libano-iniciam-negociacoes-diretas-de-paz\/","url":"https:\/\/portaltela.pt\/noticias\/2026\/04\/14\/israel-e-libano-iniciam-negociacoes-diretas-de-paz\/","name":"Israel e L\u00edbano iniciam negocia\u00e7\u00f5es diretas de paz - Portal Tela Portugal","isPartOf":{"@id":"https:\/\/portaltela.pt\/#website"},"primaryImageOfPage":{"@id":"https:\/\/portaltela.pt\/noticias\/2026\/04\/14\/israel-e-libano-iniciam-negociacoes-diretas-de-paz\/#primaryimage"},"image":{"@id":"https:\/\/portaltela.pt\/noticias\/2026\/04\/14\/israel-e-libano-iniciam-negociacoes-diretas-de-paz\/#primaryimage"},"thumbnailUrl":"https:\/\/portaltela.pt\/s.01k8rhncp4jt1\/2026\/04\/CACHE_780X1200_ANALOG_WATERMARKED_46929614_464747613891372.jpg","datePublished":"2026-04-14T21:04:00+00:00","author":{"@id":"https:\/\/portaltela.pt\/#\/schema\/person\/c4278d4a6028830caff9ee44b42d32ed"},"breadcrumb":{"@id":"https:\/\/portaltela.pt\/noticias\/2026\/04\/14\/israel-e-libano-iniciam-negociacoes-diretas-de-paz\/#breadcrumb"},"inLanguage":"pt-PT","potentialAction":[{"@type":"ReadAction","target":["https:\/\/portaltela.pt\/noticias\/2026\/04\/14\/israel-e-libano-iniciam-negociacoes-diretas-de-paz\/"]}]},{"@type":"ImageObject","inLanguage":"pt-PT","@id":"https:\/\/portaltela.pt\/noticias\/2026\/04\/14\/israel-e-libano-iniciam-negociacoes-diretas-de-paz\/#primaryimage","url":"https:\/\/portaltela.pt\/s.01k8rhncp4jt1\/2026\/04\/CACHE_780X1200_ANALOG_WATERMARKED_46929614_464747613891372.jpg","contentUrl":"https:\/\/portaltela.pt\/s.01k8rhncp4jt1\/2026\/04\/CACHE_780X1200_ANALOG_WATERMARKED_46929614_464747613891372.jpg","width":768,"height":512,"caption":"Israel e L\u00edbano acordam in\u00edcio de negocia\u00e7\u00f5es diretas de paz"},{"@type":"BreadcrumbList","@id":"https:\/\/portaltela.pt\/noticias\/2026\/04\/14\/israel-e-libano-iniciam-negociacoes-diretas-de-paz\/#breadcrumb","itemListElement":[{"@type":"ListItem","position":1,"name":"In\u00edcio","item":"https:\/\/portaltela.pt\/"},{"@type":"ListItem","position":2,"name":"Israel e L\u00edbano iniciam negocia\u00e7\u00f5es diretas de paz"}]},{"@type":"WebSite","@id":"https:\/\/portaltela.pt\/#website","url":"https:\/\/portaltela.pt\/","name":"Portal Tela Portugal","description":"","potentialAction":[{"@type":"SearchAction","target":{"@type":"EntryPoint","urlTemplate":"https:\/\/portaltela.pt\/?s={search_term_string}"},"query-input":{"@type":"PropertyValueSpecification","valueRequired":true,"valueName":"search_term_string"}}],"inLanguage":"pt-PT"},{"@type":"Person","@id":"https:\/\/portaltela.pt\/#\/schema\/person\/c4278d4a6028830caff9ee44b42d32ed","name":"Telinha","image":{"@type":"ImageObject","inLanguage":"pt-PT","@id":"https:\/\/portaltela.pt\/s.01k8rhncp4jt1\/2025\/11\/talking-bot-125x125.png","url":"https:\/\/portaltela.pt\/s.01k8rhncp4jt1\/2025\/11\/talking-bot-125x125.png","contentUrl":"https:\/\/portaltela.pt\/s.01k8rhncp4jt1\/2025\/11\/talking-bot-125x125.png","caption":"Telinha"},"sameAs":["https:\/\/portaltela.pt\/"],"url":"https:\/\/portaltela.pt\/por\/367410592786\/"}]}},"_links":{"self":[{"href":"https:\/\/portaltela.pt\/api\/wp\/v2\/posts\/444509","targetHints":{"allow":["GET"]}}],"collection":[{"href":"https:\/\/portaltela.pt\/api\/wp\/v2\/posts"}],"about":[{"href":"https:\/\/portaltela.pt\/api\/wp\/v2\/types\/post"}],"author":[{"embeddable":true,"href":"https:\/\/portaltela.pt\/api\/wp\/v2\/users\/2"}],"replies":[{"embeddable":true,"href":"https:\/\/portaltela.pt\/api\/wp\/v2\/comments?post=444509"}],"version-history":[{"count":0,"href":"https:\/\/portaltela.pt\/api\/wp\/v2\/posts\/444509\/revisions"}],"wp:featuredmedia":[{"embeddable":true,"href":"https:\/\/portaltela.pt\/api\/wp\/v2\/media\/444510"}],"wp:attachment":[{"href":"https:\/\/portaltela.pt\/api\/wp\/v2\/media?parent=444509"}],"wp:term":[{"taxonomy":"category","embeddable":true,"href":"https:\/\/portaltela.pt\/api\/wp\/v2\/categories?post=444509"},{"taxonomy":"post_tag","embeddable":true,"href":"https:\/\/portaltela.pt\/api\/wp\/v2\/tags?post=444509"}],"curies":[{"name":"wp","href":"https:\/\/api.w.org\/{rel}","templated":true}]}}