{"id":444501,"date":"2026-04-15T00:17:09","date_gmt":"2026-04-15T03:17:09","guid":{"rendered":"https:\/\/portaltela.pt\/noticias\/2026\/04\/15\/nandin-demonstra-boa-memoria-em-evento-publico\/"},"modified":"2026-04-15T00:17:09","modified_gmt":"2026-04-15T03:17:09","slug":"nandin-demonstra-boa-memoria-em-evento-publico","status":"publish","type":"post","link":"https:\/\/portaltela.pt\/desporto\/futebol\/2026\/04\/15\/nandin-demonstra-boa-memoria-em-evento-publico\/","title":{"rendered":"Nand\u00edn demonstra boa mem\u00f3ria em evento p\u00fablico"},"content":{"rendered":"<p>A rece\u00e7\u00e3o ao E. Amadora fica na mem\u00f3ria do uruguaio Dylan Nand\u00edn, avan\u00e7ado que continua a atuar principalmente como suplente. Na \u00e9poca passada, entrou do banco ao intervalo para marcar o golo \u00fanico que consolidou a vit\u00f3ria dos Lobos Ib\u00e9ricos.<\/p>\n<p>O tento de Nand\u00edn surgiu na segunda parte, numa partida em que o resultado ficou definido pelo seu golo solit\u00e1rio. A emo\u00e7\u00e3o da leitura foi real\u00e7ada pela rea\u00e7\u00e3o do banco e dos adeptos.<\/p>\n<p>Atual temporada mant\u00e9m o jogador no desenho de rota\u00e7\u00e3o do plantel, com o estatuto de suplente ainda a definir os minutos de jogo. O momento recordado volta a ser citado entre os respons\u00e1veis t\u00e9cnicos.<\/p>\n<h3>Recorda\u00e7\u00e3o frente ao E. Amadora<\/h3>\n<p>A equipa olha para esse encontro como refer\u00eancia positiva da \u00e9poca passada, destacando a capacidade de responder a partir do banco. A import\u00e2ncia do golo foi reconhecida pela dire\u00e7\u00e3o e pela imprensa desportiva.<\/p>\n<p>O epis\u00f3dio \u00e9 utilizado pela equipa para ilustrar a efic\u00e1cia de jogadas de fim de jogo e a disponibilidade de Nand\u00edn para entrar em campo. N\u00e3o se aponta qualquer conclus\u00e3o, apenas o registo factual do sucedido.<\/p>\n","protected":false},"excerpt":{"rendered":"<ul>\n<li>A rece\u00e7\u00e3o ao E. Amadora \u00e9 uma boa recorda\u00e7\u00e3o para o uruguaio Dylan Nand\u00edn, avan\u00e7ado que segue no papel de suplente.<\/li>\n<li>Na \u00e9poca anterior, Nand\u00edn entrou ao intervalo da segunda parte e marcou o golo solit\u00e1rio que decidiu a vit\u00f3ria dos Lobos Ib\u00e9ricos frente ao E. Amadora.<\/li>\n<li>O golo atribuiu ao jogador o estatuto de mem\u00f3ria importante na temporada passada.<\/li>\n<li>O pr\u00f3ximo encontro com o E. Amadora fica marcado pela lembran\u00e7a desse tento decisivo.<\/li>\n<\/ul>\n","protected":false},"author":2,"featured_media":444503,"comment_status":"closed","ping_status":"closed","sticky":false,"template":"","format":"standard","meta":{"footnotes":""},"categories":[21,24],"tags":[4143,4132,152,32,242,981],"class_list":["post-444501","post","type-post","status-publish","format-standard","has-post-thumbnail","hentry","category-desporto","category-futebol","tag-1-liga","tag-area-metropolitana-de-lisboa","tag-desporto","tag-futebol","tag-jogadores","tag-lisboa"],"yoast_head":"<!-- This site is optimized with the Yoast SEO plugin v27.2 - https:\/\/yoast.com\/product\/yoast-seo-wordpress\/ -->\n<title>Nand\u00edn demonstra boa mem\u00f3ria em evento p\u00fablico - Portal Tela Portugal<\/title>\n<meta name=\"robots\" content=\"index, follow, max-snippet:-1, max-image-preview:large, max-video-preview:-1\" \/>\n<meta property=\"og:locale\" content=\"pt_PT\" \/>\n<meta property=\"og:type\" content=\"article\" \/>\n<meta property=\"og:title\" content=\"Nand\u00edn demonstra boa mem\u00f3ria em evento p\u00fablico - Portal Tela Portugal\" \/>\n<meta property=\"og:description\" content=\"A rece\u00e7\u00e3o ao E. Amadora \u00e9 uma boa recorda\u00e7\u00e3o para o uruguaio Dylan Nand\u00edn, avan\u00e7ado que segue no papel de suplente. Na \u00e9poca anterior, Nand\u00edn entrou ao intervalo da segunda parte e marcou o golo solit\u00e1rio que decidiu a vit\u00f3ria dos Lobos Ib\u00e9ricos frente ao E. Amadora. O golo atribuiu ao jogador o estatuto de mem\u00f3ria importante na temporada passada. O pr\u00f3ximo encontro com o E. Amadora fica marcado pela lembran\u00e7a desse tento decisivo.\" \/>\n<meta property=\"og:url\" content=\"https:\/\/portaltela.pt\/noticias\/2026\/04\/15\/nandin-demonstra-boa-memoria-em-evento-publico\/\" \/>\n<meta property=\"og:site_name\" content=\"Portal Tela Portugal\" \/>\n<meta property=\"article:published_time\" content=\"2026-04-15T03:17:09+00:00\" \/>\n<meta name=\"author\" content=\"Telinha\" \/>\n<meta name=\"twitter:card\" content=\"summary_large_image\" \/>\n<meta name=\"twitter:label1\" content=\"Escrito por\" \/>\n\t<meta name=\"twitter:data1\" content=\"Telinha\" \/>\n\t<meta name=\"twitter:label2\" content=\"Tempo estimado de leitura\" \/>\n\t<meta name=\"twitter:data2\" content=\"1 minuto\" \/>\n<script type=\"application\/ld+json\" class=\"yoast-schema-graph\">{\"@context\":\"https:\/\/schema.org\",\"@graph\":[{\"@type\":\"Article\",\"@id\":\"https:\/\/portaltela.pt\/noticias\/2026\/04\/15\/nandin-demonstra-boa-memoria-em-evento-publico\/#article\",\"isPartOf\":{\"@id\":\"https:\/\/portaltela.pt\/noticias\/2026\/04\/15\/nandin-demonstra-boa-memoria-em-evento-publico\/\"},\"author\":{\"name\":\"Telinha\",\"@id\":\"https:\/\/portaltela.pt\/#\/schema\/person\/c4278d4a6028830caff9ee44b42d32ed\"},\"headline\":\"Nand\u00edn demonstra boa mem\u00f3ria em evento p\u00fablico\",\"datePublished\":\"2026-04-15T03:17:09+00:00\",\"mainEntityOfPage\":{\"@id\":\"https:\/\/portaltela.pt\/noticias\/2026\/04\/15\/nandin-demonstra-boa-memoria-em-evento-publico\/\"},\"wordCount\":214,\"image\":{\"@id\":\"https:\/\/portaltela.pt\/noticias\/2026\/04\/15\/nandin-demonstra-boa-memoria-em-evento-publico\/#primaryimage\"},\"thumbnailUrl\":\"https:\/\/portaltela.pt\/s.01k8rhncp4jt1\/2026\/04\/img_920x518uu2026-02-23-23-12-28-2423372.jpg\",\"keywords\":[\"1. Liga\",\"\u00c1rea Metropolitana de Lisboa\",\"desporto\",\"futebol\",\"jogadores\",\"Lisboa\"],\"articleSection\":[\"Desporto\",\"Futebol\"],\"inLanguage\":\"pt-PT\"},{\"@type\":\"WebPage\",\"@id\":\"https:\/\/portaltela.pt\/noticias\/2026\/04\/15\/nandin-demonstra-boa-memoria-em-evento-publico\/\",\"url\":\"https:\/\/portaltela.pt\/noticias\/2026\/04\/15\/nandin-demonstra-boa-memoria-em-evento-publico\/\",\"name\":\"Nand\u00edn demonstra boa mem\u00f3ria em evento p\u00fablico - Portal Tela Portugal\",\"isPartOf\":{\"@id\":\"https:\/\/portaltela.pt\/#website\"},\"primaryImageOfPage\":{\"@id\":\"https:\/\/portaltela.pt\/noticias\/2026\/04\/15\/nandin-demonstra-boa-memoria-em-evento-publico\/#primaryimage\"},\"image\":{\"@id\":\"https:\/\/portaltela.pt\/noticias\/2026\/04\/15\/nandin-demonstra-boa-memoria-em-evento-publico\/#primaryimage\"},\"thumbnailUrl\":\"https:\/\/portaltela.pt\/s.01k8rhncp4jt1\/2026\/04\/img_920x518uu2026-02-23-23-12-28-2423372.jpg\",\"datePublished\":\"2026-04-15T03:17:09+00:00\",\"author\":{\"@id\":\"https:\/\/portaltela.pt\/#\/schema\/person\/c4278d4a6028830caff9ee44b42d32ed\"},\"breadcrumb\":{\"@id\":\"https:\/\/portaltela.pt\/noticias\/2026\/04\/15\/nandin-demonstra-boa-memoria-em-evento-publico\/#breadcrumb\"},\"inLanguage\":\"pt-PT\",\"potentialAction\":[{\"@type\":\"ReadAction\",\"target\":[\"https:\/\/portaltela.pt\/noticias\/2026\/04\/15\/nandin-demonstra-boa-memoria-em-evento-publico\/\"]}]},{\"@type\":\"ImageObject\",\"inLanguage\":\"pt-PT\",\"@id\":\"https:\/\/portaltela.pt\/noticias\/2026\/04\/15\/nandin-demonstra-boa-memoria-em-evento-publico\/#primaryimage\",\"url\":\"https:\/\/portaltela.pt\/s.01k8rhncp4jt1\/2026\/04\/img_920x518uu2026-02-23-23-12-28-2423372.jpg\",\"contentUrl\":\"https:\/\/portaltela.pt\/s.01k8rhncp4jt1\/2026\/04\/img_920x518uu2026-02-23-23-12-28-2423372.jpg\",\"width\":796,\"height\":448,\"caption\":\"Dylan Nand\u00edn\"},{\"@type\":\"BreadcrumbList\",\"@id\":\"https:\/\/portaltela.pt\/noticias\/2026\/04\/15\/nandin-demonstra-boa-memoria-em-evento-publico\/#breadcrumb\",\"itemListElement\":[{\"@type\":\"ListItem\",\"position\":1,\"name\":\"In\u00edcio\",\"item\":\"https:\/\/portaltela.pt\/\"},{\"@type\":\"ListItem\",\"position\":2,\"name\":\"Nand\u00edn demonstra boa mem\u00f3ria em evento p\u00fablico\"}]},{\"@type\":\"WebSite\",\"@id\":\"https:\/\/portaltela.pt\/#website\",\"url\":\"https:\/\/portaltela.pt\/\",\"name\":\"Portal Tela Portugal\",\"description\":\"\",\"potentialAction\":[{\"@type\":\"SearchAction\",\"target\":{\"@type\":\"EntryPoint\",\"urlTemplate\":\"https:\/\/portaltela.pt\/?s={search_term_string}\"},\"query-input\":{\"@type\":\"PropertyValueSpecification\",\"valueRequired\":true,\"valueName\":\"search_term_string\"}}],\"inLanguage\":\"pt-PT\"},{\"@type\":\"Person\",\"@id\":\"https:\/\/portaltela.pt\/#\/schema\/person\/c4278d4a6028830caff9ee44b42d32ed\",\"name\":\"Telinha\",\"image\":{\"@type\":\"ImageObject\",\"inLanguage\":\"pt-PT\",\"@id\":\"https:\/\/portaltela.pt\/s.01k8rhncp4jt1\/2025\/11\/talking-bot-125x125.png\",\"url\":\"https:\/\/portaltela.pt\/s.01k8rhncp4jt1\/2025\/11\/talking-bot-125x125.png\",\"contentUrl\":\"https:\/\/portaltela.pt\/s.01k8rhncp4jt1\/2025\/11\/talking-bot-125x125.png\",\"caption\":\"Telinha\"},\"sameAs\":[\"https:\/\/portaltela.pt\/\"],\"url\":\"https:\/\/portaltela.pt\/por\/367410592786\/\"}]}<\/script>\n<!-- \/ Yoast SEO plugin. -->","yoast_head_json":{"title":"Nand\u00edn demonstra boa mem\u00f3ria em evento p\u00fablico - Portal Tela Portugal","robots":{"index":"index","follow":"follow","max-snippet":"max-snippet:-1","max-image-preview":"max-image-preview:large","max-video-preview":"max-video-preview:-1"},"og_locale":"pt_PT","og_type":"article","og_title":"Nand\u00edn demonstra boa mem\u00f3ria em evento p\u00fablico - Portal Tela Portugal","og_description":"A rece\u00e7\u00e3o ao E. Amadora \u00e9 uma boa recorda\u00e7\u00e3o para o uruguaio Dylan Nand\u00edn, avan\u00e7ado que segue no papel de suplente. Na \u00e9poca anterior, Nand\u00edn entrou ao intervalo da segunda parte e marcou o golo solit\u00e1rio que decidiu a vit\u00f3ria dos Lobos Ib\u00e9ricos frente ao E. Amadora. O golo atribuiu ao jogador o estatuto de mem\u00f3ria importante na temporada passada. O pr\u00f3ximo encontro com o E. Amadora fica marcado pela lembran\u00e7a desse tento decisivo.","og_url":"https:\/\/portaltela.pt\/noticias\/2026\/04\/15\/nandin-demonstra-boa-memoria-em-evento-publico\/","og_site_name":"Portal Tela Portugal","article_published_time":"2026-04-15T03:17:09+00:00","author":"Telinha","twitter_card":"summary_large_image","twitter_misc":{"Escrito por":"Telinha","Tempo estimado de leitura":"1 minuto"},"schema":{"@context":"https:\/\/schema.org","@graph":[{"@type":"Article","@id":"https:\/\/portaltela.pt\/noticias\/2026\/04\/15\/nandin-demonstra-boa-memoria-em-evento-publico\/#article","isPartOf":{"@id":"https:\/\/portaltela.pt\/noticias\/2026\/04\/15\/nandin-demonstra-boa-memoria-em-evento-publico\/"},"author":{"name":"Telinha","@id":"https:\/\/portaltela.pt\/#\/schema\/person\/c4278d4a6028830caff9ee44b42d32ed"},"headline":"Nand\u00edn demonstra boa mem\u00f3ria em evento p\u00fablico","datePublished":"2026-04-15T03:17:09+00:00","mainEntityOfPage":{"@id":"https:\/\/portaltela.pt\/noticias\/2026\/04\/15\/nandin-demonstra-boa-memoria-em-evento-publico\/"},"wordCount":214,"image":{"@id":"https:\/\/portaltela.pt\/noticias\/2026\/04\/15\/nandin-demonstra-boa-memoria-em-evento-publico\/#primaryimage"},"thumbnailUrl":"https:\/\/portaltela.pt\/s.01k8rhncp4jt1\/2026\/04\/img_920x518uu2026-02-23-23-12-28-2423372.jpg","keywords":["1. Liga","\u00c1rea Metropolitana de Lisboa","desporto","futebol","jogadores","Lisboa"],"articleSection":["Desporto","Futebol"],"inLanguage":"pt-PT"},{"@type":"WebPage","@id":"https:\/\/portaltela.pt\/noticias\/2026\/04\/15\/nandin-demonstra-boa-memoria-em-evento-publico\/","url":"https:\/\/portaltela.pt\/noticias\/2026\/04\/15\/nandin-demonstra-boa-memoria-em-evento-publico\/","name":"Nand\u00edn demonstra boa mem\u00f3ria em evento p\u00fablico - Portal Tela Portugal","isPartOf":{"@id":"https:\/\/portaltela.pt\/#website"},"primaryImageOfPage":{"@id":"https:\/\/portaltela.pt\/noticias\/2026\/04\/15\/nandin-demonstra-boa-memoria-em-evento-publico\/#primaryimage"},"image":{"@id":"https:\/\/portaltela.pt\/noticias\/2026\/04\/15\/nandin-demonstra-boa-memoria-em-evento-publico\/#primaryimage"},"thumbnailUrl":"https:\/\/portaltela.pt\/s.01k8rhncp4jt1\/2026\/04\/img_920x518uu2026-02-23-23-12-28-2423372.jpg","datePublished":"2026-04-15T03:17:09+00:00","author":{"@id":"https:\/\/portaltela.pt\/#\/schema\/person\/c4278d4a6028830caff9ee44b42d32ed"},"breadcrumb":{"@id":"https:\/\/portaltela.pt\/noticias\/2026\/04\/15\/nandin-demonstra-boa-memoria-em-evento-publico\/#breadcrumb"},"inLanguage":"pt-PT","potentialAction":[{"@type":"ReadAction","target":["https:\/\/portaltela.pt\/noticias\/2026\/04\/15\/nandin-demonstra-boa-memoria-em-evento-publico\/"]}]},{"@type":"ImageObject","inLanguage":"pt-PT","@id":"https:\/\/portaltela.pt\/noticias\/2026\/04\/15\/nandin-demonstra-boa-memoria-em-evento-publico\/#primaryimage","url":"https:\/\/portaltela.pt\/s.01k8rhncp4jt1\/2026\/04\/img_920x518uu2026-02-23-23-12-28-2423372.jpg","contentUrl":"https:\/\/portaltela.pt\/s.01k8rhncp4jt1\/2026\/04\/img_920x518uu2026-02-23-23-12-28-2423372.jpg","width":796,"height":448,"caption":"Dylan Nand\u00edn"},{"@type":"BreadcrumbList","@id":"https:\/\/portaltela.pt\/noticias\/2026\/04\/15\/nandin-demonstra-boa-memoria-em-evento-publico\/#breadcrumb","itemListElement":[{"@type":"ListItem","position":1,"name":"In\u00edcio","item":"https:\/\/portaltela.pt\/"},{"@type":"ListItem","position":2,"name":"Nand\u00edn demonstra boa mem\u00f3ria em evento p\u00fablico"}]},{"@type":"WebSite","@id":"https:\/\/portaltela.pt\/#website","url":"https:\/\/portaltela.pt\/","name":"Portal Tela Portugal","description":"","potentialAction":[{"@type":"SearchAction","target":{"@type":"EntryPoint","urlTemplate":"https:\/\/portaltela.pt\/?s={search_term_string}"},"query-input":{"@type":"PropertyValueSpecification","valueRequired":true,"valueName":"search_term_string"}}],"inLanguage":"pt-PT"},{"@type":"Person","@id":"https:\/\/portaltela.pt\/#\/schema\/person\/c4278d4a6028830caff9ee44b42d32ed","name":"Telinha","image":{"@type":"ImageObject","inLanguage":"pt-PT","@id":"https:\/\/portaltela.pt\/s.01k8rhncp4jt1\/2025\/11\/talking-bot-125x125.png","url":"https:\/\/portaltela.pt\/s.01k8rhncp4jt1\/2025\/11\/talking-bot-125x125.png","contentUrl":"https:\/\/portaltela.pt\/s.01k8rhncp4jt1\/2025\/11\/talking-bot-125x125.png","caption":"Telinha"},"sameAs":["https:\/\/portaltela.pt\/"],"url":"https:\/\/portaltela.pt\/por\/367410592786\/"}]}},"_links":{"self":[{"href":"https:\/\/portaltela.pt\/api\/wp\/v2\/posts\/444501","targetHints":{"allow":["GET"]}}],"collection":[{"href":"https:\/\/portaltela.pt\/api\/wp\/v2\/posts"}],"about":[{"href":"https:\/\/portaltela.pt\/api\/wp\/v2\/types\/post"}],"author":[{"embeddable":true,"href":"https:\/\/portaltela.pt\/api\/wp\/v2\/users\/2"}],"replies":[{"embeddable":true,"href":"https:\/\/portaltela.pt\/api\/wp\/v2\/comments?post=444501"}],"version-history":[{"count":0,"href":"https:\/\/portaltela.pt\/api\/wp\/v2\/posts\/444501\/revisions"}],"wp:featuredmedia":[{"embeddable":true,"href":"https:\/\/portaltela.pt\/api\/wp\/v2\/media\/444503"}],"wp:attachment":[{"href":"https:\/\/portaltela.pt\/api\/wp\/v2\/media?parent=444501"}],"wp:term":[{"taxonomy":"category","embeddable":true,"href":"https:\/\/portaltela.pt\/api\/wp\/v2\/categories?post=444501"},{"taxonomy":"post_tag","embeddable":true,"href":"https:\/\/portaltela.pt\/api\/wp\/v2\/tags?post=444501"}],"curies":[{"name":"wp","href":"https:\/\/api.w.org\/{rel}","templated":true}]}}