{"id":444469,"date":"2026-04-14T21:47:21","date_gmt":"2026-04-15T00:47:21","guid":{"rendered":"https:\/\/portaltela.pt\/noticias\/2026\/04\/14\/correr-faz-bem-a-saude-mental-afirma-agata-rodrigues\/"},"modified":"2026-04-14T21:47:21","modified_gmt":"2026-04-15T00:47:21","slug":"correr-faz-bem-a-saude-mental-afirma-agata-rodrigues","status":"publish","type":"post","link":"https:\/\/portaltela.pt\/desporto\/futebol\/2026\/04\/14\/correr-faz-bem-a-saude-mental-afirma-agata-rodrigues\/","title":{"rendered":"Correr faz bem \u00e0 sa\u00fade mental, afirma \u00c1gata Rodrigues"},"content":{"rendered":"<p>\u00c1gata Rodrigues vai marcar presen\u00e7a na Corrida 20 Anos ECI Gaia Porto, marcada para 30 de maio, em Gaia, concelho do Porto. A apresentadora participa da prova ap\u00f3s ter sido convidada pela organiza\u00e7\u00e3o e pretende partilhar a experi\u00eancia com f\u00e3s e familiares.<\/p>\n<p>A jornalista da televis\u00e3o revelou que ganhou o gosto pela corrida ap\u00f3s ser desafiada pelo diretor-executivo S\u00e9rgio Krithinas para a S\u00e3o Silvestre de Lisboa do ano passado. Para ela, correr \u00e9 ben\u00e9fico para a sa\u00fade mental e acrescenta valor ao dia a dia.<\/p>\n<p>A apresentadora destacou que os amantes da corrida preferem treinar ao ar livre, inspirando-se nas paisagens. Para ela, correr com o Douro como cen\u00e1rio na cidade do Porto tem um significado especial, j\u00e1 que reside em Lisboa.<\/p>\n<p>\u00c1gata Rodrigues explicou que os fones de ouvido s\u00e3o parte essencial do treino e que a caminhada tamb\u00e9m faz parte da participa\u00e7\u00e3o, para atrair mais pessoas. Disse que a atividade ajuda a descontrair no final do dia.<\/p>\n<p>A apresentadora contou que, apesar de n\u00e3o ter gostado de correr inicialmente, a S\u00e3o Silvestre acabou por despertar o interesse pela pr\u00e1tica. Referiu ainda que o noivo dever\u00e1 acompanhar-na na prova, com a presen\u00e7a da prima Joana, tamb\u00e9m entusiasta da corrida.<\/p>\n<p>No final do dia, a equipa de \u00c1gata Rodrigues planeia um jantar em fam\u00edlia, ap\u00f3s a corrida, conforme partilharam os detalhes de participa\u00e7\u00e3o. A participa\u00e7\u00e3o na prova Gaia Porto refor\u00e7a o papel da corrida na sa\u00fade mental entre os participantes.<\/p>\n","protected":false},"excerpt":{"rendered":"<ul>\n<li>\u00c1gata Rodrigues vai participar na Corrida 20 Anos ECI Gaia Porto, marcada para trinta de maio, com a cidade do Porto como cen\u00e1rio.<\/li>\n<li>A apresentadora revelou que ganhou o gosto pela corrida ap\u00f3s o desafio do diretor-executivo S\u00e9rgio Krithinas para a S\u00e3o Silvestre de Lisboa no ano passado, e destacou os benef\u00edcios para a sa\u00fade mental.<\/li>\n<li>Destaca a import\u00e2ncia de treinar com fones de ouvido e de incluir uma caminhada para atrair mais participantes.<\/li>\n<li>J\u00e1 tem companhia para o evento: o noivo vai acompanh\u00e1-la e a prima Joana tamb\u00e9m vai participar, com um jantar em fam\u00edlia no final.<\/li>\n<li>Para \u00c1gata, correr ao ar livre tem um significado especial por ser numa cidade diferente da sua resid\u00eancia, valorizando a paisagem do Douro e o contexto da prova.<\/li>\n<\/ul>\n","protected":false},"author":2,"featured_media":444476,"comment_status":"closed","ping_status":"closed","sticky":false,"template":"","format":"standard","meta":{"footnotes":""},"categories":[21,24],"tags":[3504,152,1761,982,172,55],"class_list":["post-444469","post","type-post","status-publish","format-standard","has-post-thumbnail","hentry","category-desporto","category-futebol","tag-corridas","tag-desporto","tag-gaia","tag-porto","tag-saude","tag-saude-mental"],"yoast_head":"<!-- This site is optimized with the Yoast SEO plugin v27.2 - https:\/\/yoast.com\/product\/yoast-seo-wordpress\/ -->\n<title>Correr faz bem \u00e0 sa\u00fade mental, afirma \u00c1gata Rodrigues - Portal Tela Portugal<\/title>\n<meta name=\"robots\" content=\"index, follow, max-snippet:-1, max-image-preview:large, max-video-preview:-1\" \/>\n<meta property=\"og:locale\" content=\"pt_PT\" \/>\n<meta property=\"og:type\" content=\"article\" \/>\n<meta property=\"og:title\" content=\"Correr faz bem \u00e0 sa\u00fade mental, afirma \u00c1gata Rodrigues - Portal Tela Portugal\" \/>\n<meta property=\"og:description\" content=\"\u00c1gata Rodrigues vai participar na Corrida 20 Anos ECI Gaia Porto, marcada para trinta de maio, com a cidade do Porto como cen\u00e1rio. A apresentadora revelou que ganhou o gosto pela corrida ap\u00f3s o desafio do diretor-executivo S\u00e9rgio Krithinas para a S\u00e3o Silvestre de Lisboa no ano passado, e destacou os benef\u00edcios para a sa\u00fade mental. Destaca a import\u00e2ncia de treinar com fones de ouvido e de incluir uma caminhada para atrair mais participantes. J\u00e1 tem companhia para o evento: o noivo vai acompanh\u00e1-la e a prima Joana tamb\u00e9m vai participar, com um jantar em fam\u00edlia no final. Para \u00c1gata, correr ao ar livre tem um significado especial por ser numa cidade diferente da sua resid\u00eancia, valorizando a paisagem do Douro e o contexto da prova.\" \/>\n<meta property=\"og:url\" content=\"https:\/\/portaltela.pt\/noticias\/2026\/04\/14\/correr-faz-bem-a-saude-mental-afirma-agata-rodrigues\/\" \/>\n<meta property=\"og:site_name\" content=\"Portal Tela Portugal\" \/>\n<meta property=\"article:published_time\" content=\"2026-04-15T00:47:21+00:00\" \/>\n<meta name=\"author\" content=\"Telinha\" \/>\n<meta name=\"twitter:card\" content=\"summary_large_image\" \/>\n<meta name=\"twitter:label1\" content=\"Escrito por\" \/>\n\t<meta name=\"twitter:data1\" content=\"Telinha\" \/>\n\t<meta name=\"twitter:label2\" content=\"Tempo estimado de leitura\" \/>\n\t<meta name=\"twitter:data2\" content=\"1 minuto\" \/>\n<script type=\"application\/ld+json\" class=\"yoast-schema-graph\">{\"@context\":\"https:\/\/schema.org\",\"@graph\":[{\"@type\":\"Article\",\"@id\":\"https:\/\/portaltela.pt\/noticias\/2026\/04\/14\/correr-faz-bem-a-saude-mental-afirma-agata-rodrigues\/#article\",\"isPartOf\":{\"@id\":\"https:\/\/portaltela.pt\/noticias\/2026\/04\/14\/correr-faz-bem-a-saude-mental-afirma-agata-rodrigues\/\"},\"author\":{\"name\":\"Telinha\",\"@id\":\"https:\/\/portaltela.pt\/#\/schema\/person\/c4278d4a6028830caff9ee44b42d32ed\"},\"headline\":\"Correr faz bem \u00e0 sa\u00fade mental, afirma \u00c1gata Rodrigues\",\"datePublished\":\"2026-04-15T00:47:21+00:00\",\"mainEntityOfPage\":{\"@id\":\"https:\/\/portaltela.pt\/noticias\/2026\/04\/14\/correr-faz-bem-a-saude-mental-afirma-agata-rodrigues\/\"},\"wordCount\":272,\"image\":{\"@id\":\"https:\/\/portaltela.pt\/noticias\/2026\/04\/14\/correr-faz-bem-a-saude-mental-afirma-agata-rodrigues\/#primaryimage\"},\"thumbnailUrl\":\"https:\/\/portaltela.pt\/s.01k8rhncp4jt1\/2026\/04\/img_920x518uu2026-04-15-00-24-21-2433103.jpg\",\"keywords\":[\"corridas\",\"desporto\",\"Gaia\",\"Porto\",\"sa\u00fade\",\"sa\u00fade mental\"],\"articleSection\":[\"Desporto\",\"Futebol\"],\"inLanguage\":\"pt-PT\"},{\"@type\":\"WebPage\",\"@id\":\"https:\/\/portaltela.pt\/noticias\/2026\/04\/14\/correr-faz-bem-a-saude-mental-afirma-agata-rodrigues\/\",\"url\":\"https:\/\/portaltela.pt\/noticias\/2026\/04\/14\/correr-faz-bem-a-saude-mental-afirma-agata-rodrigues\/\",\"name\":\"Correr faz bem \u00e0 sa\u00fade mental, afirma \u00c1gata Rodrigues - Portal Tela Portugal\",\"isPartOf\":{\"@id\":\"https:\/\/portaltela.pt\/#website\"},\"primaryImageOfPage\":{\"@id\":\"https:\/\/portaltela.pt\/noticias\/2026\/04\/14\/correr-faz-bem-a-saude-mental-afirma-agata-rodrigues\/#primaryimage\"},\"image\":{\"@id\":\"https:\/\/portaltela.pt\/noticias\/2026\/04\/14\/correr-faz-bem-a-saude-mental-afirma-agata-rodrigues\/#primaryimage\"},\"thumbnailUrl\":\"https:\/\/portaltela.pt\/s.01k8rhncp4jt1\/2026\/04\/img_920x518uu2026-04-15-00-24-21-2433103.jpg\",\"datePublished\":\"2026-04-15T00:47:21+00:00\",\"author\":{\"@id\":\"https:\/\/portaltela.pt\/#\/schema\/person\/c4278d4a6028830caff9ee44b42d32ed\"},\"breadcrumb\":{\"@id\":\"https:\/\/portaltela.pt\/noticias\/2026\/04\/14\/correr-faz-bem-a-saude-mental-afirma-agata-rodrigues\/#breadcrumb\"},\"inLanguage\":\"pt-PT\",\"potentialAction\":[{\"@type\":\"ReadAction\",\"target\":[\"https:\/\/portaltela.pt\/noticias\/2026\/04\/14\/correr-faz-bem-a-saude-mental-afirma-agata-rodrigues\/\"]}]},{\"@type\":\"ImageObject\",\"inLanguage\":\"pt-PT\",\"@id\":\"https:\/\/portaltela.pt\/noticias\/2026\/04\/14\/correr-faz-bem-a-saude-mental-afirma-agata-rodrigues\/#primaryimage\",\"url\":\"https:\/\/portaltela.pt\/s.01k8rhncp4jt1\/2026\/04\/img_920x518uu2026-04-15-00-24-21-2433103.jpg\",\"contentUrl\":\"https:\/\/portaltela.pt\/s.01k8rhncp4jt1\/2026\/04\/img_920x518uu2026-04-15-00-24-21-2433103.jpg\",\"width\":796,\"height\":448,\"caption\":\"\u00c1gata Rodrigues fala sobre os benef\u00edcios da corrida para a sa\u00fade mental\"},{\"@type\":\"BreadcrumbList\",\"@id\":\"https:\/\/portaltela.pt\/noticias\/2026\/04\/14\/correr-faz-bem-a-saude-mental-afirma-agata-rodrigues\/#breadcrumb\",\"itemListElement\":[{\"@type\":\"ListItem\",\"position\":1,\"name\":\"In\u00edcio\",\"item\":\"https:\/\/portaltela.pt\/\"},{\"@type\":\"ListItem\",\"position\":2,\"name\":\"Correr faz bem \u00e0 sa\u00fade mental, afirma \u00c1gata Rodrigues\"}]},{\"@type\":\"WebSite\",\"@id\":\"https:\/\/portaltela.pt\/#website\",\"url\":\"https:\/\/portaltela.pt\/\",\"name\":\"Portal Tela Portugal\",\"description\":\"\",\"potentialAction\":[{\"@type\":\"SearchAction\",\"target\":{\"@type\":\"EntryPoint\",\"urlTemplate\":\"https:\/\/portaltela.pt\/?s={search_term_string}\"},\"query-input\":{\"@type\":\"PropertyValueSpecification\",\"valueRequired\":true,\"valueName\":\"search_term_string\"}}],\"inLanguage\":\"pt-PT\"},{\"@type\":\"Person\",\"@id\":\"https:\/\/portaltela.pt\/#\/schema\/person\/c4278d4a6028830caff9ee44b42d32ed\",\"name\":\"Telinha\",\"image\":{\"@type\":\"ImageObject\",\"inLanguage\":\"pt-PT\",\"@id\":\"https:\/\/portaltela.pt\/s.01k8rhncp4jt1\/2025\/11\/talking-bot-125x125.png\",\"url\":\"https:\/\/portaltela.pt\/s.01k8rhncp4jt1\/2025\/11\/talking-bot-125x125.png\",\"contentUrl\":\"https:\/\/portaltela.pt\/s.01k8rhncp4jt1\/2025\/11\/talking-bot-125x125.png\",\"caption\":\"Telinha\"},\"sameAs\":[\"https:\/\/portaltela.pt\/\"],\"url\":\"https:\/\/portaltela.pt\/por\/367410592786\/\"}]}<\/script>\n<!-- \/ Yoast SEO plugin. -->","yoast_head_json":{"title":"Correr faz bem \u00e0 sa\u00fade mental, afirma \u00c1gata Rodrigues - Portal Tela Portugal","robots":{"index":"index","follow":"follow","max-snippet":"max-snippet:-1","max-image-preview":"max-image-preview:large","max-video-preview":"max-video-preview:-1"},"og_locale":"pt_PT","og_type":"article","og_title":"Correr faz bem \u00e0 sa\u00fade mental, afirma \u00c1gata Rodrigues - Portal Tela Portugal","og_description":"\u00c1gata Rodrigues vai participar na Corrida 20 Anos ECI Gaia Porto, marcada para trinta de maio, com a cidade do Porto como cen\u00e1rio. A apresentadora revelou que ganhou o gosto pela corrida ap\u00f3s o desafio do diretor-executivo S\u00e9rgio Krithinas para a S\u00e3o Silvestre de Lisboa no ano passado, e destacou os benef\u00edcios para a sa\u00fade mental. Destaca a import\u00e2ncia de treinar com fones de ouvido e de incluir uma caminhada para atrair mais participantes. J\u00e1 tem companhia para o evento: o noivo vai acompanh\u00e1-la e a prima Joana tamb\u00e9m vai participar, com um jantar em fam\u00edlia no final. Para \u00c1gata, correr ao ar livre tem um significado especial por ser numa cidade diferente da sua resid\u00eancia, valorizando a paisagem do Douro e o contexto da prova.","og_url":"https:\/\/portaltela.pt\/noticias\/2026\/04\/14\/correr-faz-bem-a-saude-mental-afirma-agata-rodrigues\/","og_site_name":"Portal Tela Portugal","article_published_time":"2026-04-15T00:47:21+00:00","author":"Telinha","twitter_card":"summary_large_image","twitter_misc":{"Escrito por":"Telinha","Tempo estimado de leitura":"1 minuto"},"schema":{"@context":"https:\/\/schema.org","@graph":[{"@type":"Article","@id":"https:\/\/portaltela.pt\/noticias\/2026\/04\/14\/correr-faz-bem-a-saude-mental-afirma-agata-rodrigues\/#article","isPartOf":{"@id":"https:\/\/portaltela.pt\/noticias\/2026\/04\/14\/correr-faz-bem-a-saude-mental-afirma-agata-rodrigues\/"},"author":{"name":"Telinha","@id":"https:\/\/portaltela.pt\/#\/schema\/person\/c4278d4a6028830caff9ee44b42d32ed"},"headline":"Correr faz bem \u00e0 sa\u00fade mental, afirma \u00c1gata Rodrigues","datePublished":"2026-04-15T00:47:21+00:00","mainEntityOfPage":{"@id":"https:\/\/portaltela.pt\/noticias\/2026\/04\/14\/correr-faz-bem-a-saude-mental-afirma-agata-rodrigues\/"},"wordCount":272,"image":{"@id":"https:\/\/portaltela.pt\/noticias\/2026\/04\/14\/correr-faz-bem-a-saude-mental-afirma-agata-rodrigues\/#primaryimage"},"thumbnailUrl":"https:\/\/portaltela.pt\/s.01k8rhncp4jt1\/2026\/04\/img_920x518uu2026-04-15-00-24-21-2433103.jpg","keywords":["corridas","desporto","Gaia","Porto","sa\u00fade","sa\u00fade mental"],"articleSection":["Desporto","Futebol"],"inLanguage":"pt-PT"},{"@type":"WebPage","@id":"https:\/\/portaltela.pt\/noticias\/2026\/04\/14\/correr-faz-bem-a-saude-mental-afirma-agata-rodrigues\/","url":"https:\/\/portaltela.pt\/noticias\/2026\/04\/14\/correr-faz-bem-a-saude-mental-afirma-agata-rodrigues\/","name":"Correr faz bem \u00e0 sa\u00fade mental, afirma \u00c1gata Rodrigues - Portal Tela Portugal","isPartOf":{"@id":"https:\/\/portaltela.pt\/#website"},"primaryImageOfPage":{"@id":"https:\/\/portaltela.pt\/noticias\/2026\/04\/14\/correr-faz-bem-a-saude-mental-afirma-agata-rodrigues\/#primaryimage"},"image":{"@id":"https:\/\/portaltela.pt\/noticias\/2026\/04\/14\/correr-faz-bem-a-saude-mental-afirma-agata-rodrigues\/#primaryimage"},"thumbnailUrl":"https:\/\/portaltela.pt\/s.01k8rhncp4jt1\/2026\/04\/img_920x518uu2026-04-15-00-24-21-2433103.jpg","datePublished":"2026-04-15T00:47:21+00:00","author":{"@id":"https:\/\/portaltela.pt\/#\/schema\/person\/c4278d4a6028830caff9ee44b42d32ed"},"breadcrumb":{"@id":"https:\/\/portaltela.pt\/noticias\/2026\/04\/14\/correr-faz-bem-a-saude-mental-afirma-agata-rodrigues\/#breadcrumb"},"inLanguage":"pt-PT","potentialAction":[{"@type":"ReadAction","target":["https:\/\/portaltela.pt\/noticias\/2026\/04\/14\/correr-faz-bem-a-saude-mental-afirma-agata-rodrigues\/"]}]},{"@type":"ImageObject","inLanguage":"pt-PT","@id":"https:\/\/portaltela.pt\/noticias\/2026\/04\/14\/correr-faz-bem-a-saude-mental-afirma-agata-rodrigues\/#primaryimage","url":"https:\/\/portaltela.pt\/s.01k8rhncp4jt1\/2026\/04\/img_920x518uu2026-04-15-00-24-21-2433103.jpg","contentUrl":"https:\/\/portaltela.pt\/s.01k8rhncp4jt1\/2026\/04\/img_920x518uu2026-04-15-00-24-21-2433103.jpg","width":796,"height":448,"caption":"\u00c1gata Rodrigues fala sobre os benef\u00edcios da corrida para a sa\u00fade mental"},{"@type":"BreadcrumbList","@id":"https:\/\/portaltela.pt\/noticias\/2026\/04\/14\/correr-faz-bem-a-saude-mental-afirma-agata-rodrigues\/#breadcrumb","itemListElement":[{"@type":"ListItem","position":1,"name":"In\u00edcio","item":"https:\/\/portaltela.pt\/"},{"@type":"ListItem","position":2,"name":"Correr faz bem \u00e0 sa\u00fade mental, afirma \u00c1gata Rodrigues"}]},{"@type":"WebSite","@id":"https:\/\/portaltela.pt\/#website","url":"https:\/\/portaltela.pt\/","name":"Portal Tela Portugal","description":"","potentialAction":[{"@type":"SearchAction","target":{"@type":"EntryPoint","urlTemplate":"https:\/\/portaltela.pt\/?s={search_term_string}"},"query-input":{"@type":"PropertyValueSpecification","valueRequired":true,"valueName":"search_term_string"}}],"inLanguage":"pt-PT"},{"@type":"Person","@id":"https:\/\/portaltela.pt\/#\/schema\/person\/c4278d4a6028830caff9ee44b42d32ed","name":"Telinha","image":{"@type":"ImageObject","inLanguage":"pt-PT","@id":"https:\/\/portaltela.pt\/s.01k8rhncp4jt1\/2025\/11\/talking-bot-125x125.png","url":"https:\/\/portaltela.pt\/s.01k8rhncp4jt1\/2025\/11\/talking-bot-125x125.png","contentUrl":"https:\/\/portaltela.pt\/s.01k8rhncp4jt1\/2025\/11\/talking-bot-125x125.png","caption":"Telinha"},"sameAs":["https:\/\/portaltela.pt\/"],"url":"https:\/\/portaltela.pt\/por\/367410592786\/"}]}},"_links":{"self":[{"href":"https:\/\/portaltela.pt\/api\/wp\/v2\/posts\/444469","targetHints":{"allow":["GET"]}}],"collection":[{"href":"https:\/\/portaltela.pt\/api\/wp\/v2\/posts"}],"about":[{"href":"https:\/\/portaltela.pt\/api\/wp\/v2\/types\/post"}],"author":[{"embeddable":true,"href":"https:\/\/portaltela.pt\/api\/wp\/v2\/users\/2"}],"replies":[{"embeddable":true,"href":"https:\/\/portaltela.pt\/api\/wp\/v2\/comments?post=444469"}],"version-history":[{"count":0,"href":"https:\/\/portaltela.pt\/api\/wp\/v2\/posts\/444469\/revisions"}],"wp:featuredmedia":[{"embeddable":true,"href":"https:\/\/portaltela.pt\/api\/wp\/v2\/media\/444476"}],"wp:attachment":[{"href":"https:\/\/portaltela.pt\/api\/wp\/v2\/media?parent=444469"}],"wp:term":[{"taxonomy":"category","embeddable":true,"href":"https:\/\/portaltela.pt\/api\/wp\/v2\/categories?post=444469"},{"taxonomy":"post_tag","embeddable":true,"href":"https:\/\/portaltela.pt\/api\/wp\/v2\/tags?post=444469"}],"curies":[{"name":"wp","href":"https:\/\/api.w.org\/{rel}","templated":true}]}}