{"id":444463,"date":"2026-04-14T21:47:10","date_gmt":"2026-04-15T00:47:10","guid":{"rendered":"https:\/\/portaltela.pt\/noticias\/2026\/04\/14\/maxi-araujo-sob-observacao-de-tubaroes-europeus-esta-noite\/"},"modified":"2026-04-14T21:47:10","modified_gmt":"2026-04-15T00:47:10","slug":"maxi-araujo-sob-observacao-de-tubaroes-europeus-esta-noite","status":"publish","type":"post","link":"https:\/\/portaltela.pt\/desporto\/futebol\/2026\/04\/14\/maxi-araujo-sob-observacao-de-tubaroes-europeus-esta-noite\/","title":{"rendered":"Maxi Ara\u00fajo sob observa\u00e7\u00e3o de tubar\u00f5es europeus esta noite"},"content":{"rendered":"<p>Maxi Ara\u00fajo vai ficar esta noite sob observa\u00e7\u00e3o de dezenas de olheiros europeus durante o jogo no Emirates, com a maioria a representar clubes ingleses, como Chelsea e Tottenham. O defesa do Sporting tem estado em evid\u00eancia pela sua melhoria t\u00e9cnica e consist\u00eancia defensiva.<\/p>\n<p>Entre os agentes presentes tamb\u00e9m constam outras grandes ligas, com Atl\u00e9tico Madrid, Milan e Juventus entre os interessados. A presen\u00e7a de olheiros destaca o momento de curva ascendente do jogador na carreira.<\/p>\n<p>No final de mar\u00e7o, durante o jogo entre Uruguai e Inglaterra em Wembley (0-0), mais de uma dezena de emiss\u00e1rios de clubes ingleses assistiram \u00e0 atua\u00e7\u00e3o de Maxi Ara\u00fajo. Volta a ser observado no encontro da primeira m\u00e3o com o Arsenal em Alvalade (0-1).<\/p>\n<p>A SAD do Sporting est\u00e1 ciente de que o internacional uruguaio \u00e9 um dos ativos mais valorizados do plantel. A administra\u00e7\u00e3o n\u00e3o pretende ceder o jogador por valores muito abaixo da cl\u00e1usula de rescis\u00e3o, fixada em 80 milh\u00f5es de euros.<\/p>\n<p>O clube refor\u00e7a que acompanha a situa\u00e7\u00e3o de perto e avalia propostas com crit\u00e9rio, mantendo o foco no desempenho do atleta em competi\u00e7\u00e3o internacional e dom\u00e9stica. A press\u00e3o do mercado n\u00e3o altera a gest\u00e3o do ativo.<\/p>\n","protected":false},"excerpt":{"rendered":"<ul>\n<li>Maxi Ara\u00fajo \u00e9 observado por Chelsea, Tottenham, Atl\u00e9tico de Madrid, Juventus e Milan, entre outros clubes.<\/li>\n<li>O defesa do Sporting tem feito uma grande temporada, tamb\u00e9m na Liga dos Campe\u00f5es, e esteve sob vigil\u00e2ncia de dezenas de observadores no jogo no Emirates, a maioria de clubes ingleses.<\/li>\n<li>Em mar\u00e7o, mais de uma dezena de emiss\u00e1rios ingleses estiveram presentes no Wembley para v\u00ea-lo atuar, e tamb\u00e9m foram vistos no regresso da eliminat\u00f3ria com o Arsenal em Alvalade (0-1).<\/li>\n<li>A dire\u00e7\u00e3o do Sporting Clube de Portugal est\u00e1 ciente de que o defesa \u00e9 um dos maiores ativos do plantel, mas n\u00e3o est\u00e1 disposta a negociar por valores abaixo da cl\u00e1usula de rescis\u00e3o, fixada em 80 milh\u00f5es de euros.<\/li>\n<li>Al\u00e9m dos emblemas ingleses, o Atl\u00e9tico Madrid, o Milan e a Juventus tamb\u00e9m t\u00eam mostrado interesse.<\/li>\n<\/ul>\n","protected":false},"author":2,"featured_media":444465,"comment_status":"closed","ping_status":"closed","sticky":false,"template":"","format":"standard","meta":{"footnotes":""},"categories":[21,24],"tags":[3852,3341,2164,1983,8354,1652],"class_list":["post-444463","post","type-post","status-publish","format-standard","has-post-thumbnail","hentry","category-desporto","category-futebol","tag-arsenal","tag-atletico-madrid","tag-chelsea","tag-juventus","tag-milan","tag-sporting"],"yoast_head":"<!-- This site is optimized with the Yoast SEO plugin v27.2 - https:\/\/yoast.com\/product\/yoast-seo-wordpress\/ -->\n<title>Maxi Ara\u00fajo sob observa\u00e7\u00e3o de tubar\u00f5es europeus esta noite - Portal Tela Portugal<\/title>\n<meta name=\"robots\" content=\"index, follow, max-snippet:-1, max-image-preview:large, max-video-preview:-1\" \/>\n<meta property=\"og:locale\" content=\"pt_PT\" \/>\n<meta property=\"og:type\" content=\"article\" \/>\n<meta property=\"og:title\" content=\"Maxi Ara\u00fajo sob observa\u00e7\u00e3o de tubar\u00f5es europeus esta noite - Portal Tela Portugal\" \/>\n<meta property=\"og:description\" content=\"Maxi Ara\u00fajo \u00e9 observado por Chelsea, Tottenham, Atl\u00e9tico de Madrid, Juventus e Milan, entre outros clubes. O defesa do Sporting tem feito uma grande temporada, tamb\u00e9m na Liga dos Campe\u00f5es, e esteve sob vigil\u00e2ncia de dezenas de observadores no jogo no Emirates, a maioria de clubes ingleses. Em mar\u00e7o, mais de uma dezena de emiss\u00e1rios ingleses estiveram presentes no Wembley para v\u00ea-lo atuar, e tamb\u00e9m foram vistos no regresso da eliminat\u00f3ria com o Arsenal em Alvalade (0-1). A dire\u00e7\u00e3o do Sporting Clube de Portugal est\u00e1 ciente de que o defesa \u00e9 um dos maiores ativos do plantel, mas n\u00e3o est\u00e1 disposta a negociar por valores abaixo da cl\u00e1usula de rescis\u00e3o, fixada em 80 milh\u00f5es de euros. Al\u00e9m dos emblemas ingleses, o Atl\u00e9tico Madrid, o Milan e a Juventus tamb\u00e9m t\u00eam mostrado interesse.\" \/>\n<meta property=\"og:url\" content=\"https:\/\/portaltela.pt\/noticias\/2026\/04\/14\/maxi-araujo-sob-observacao-de-tubaroes-europeus-esta-noite\/\" \/>\n<meta property=\"og:site_name\" content=\"Portal Tela Portugal\" \/>\n<meta property=\"article:published_time\" content=\"2026-04-15T00:47:10+00:00\" \/>\n<meta name=\"author\" content=\"Telinha\" \/>\n<meta name=\"twitter:card\" content=\"summary_large_image\" \/>\n<meta name=\"twitter:label1\" content=\"Escrito por\" \/>\n\t<meta name=\"twitter:data1\" content=\"Telinha\" \/>\n\t<meta name=\"twitter:label2\" content=\"Tempo estimado de leitura\" \/>\n\t<meta name=\"twitter:data2\" content=\"1 minuto\" \/>\n<script type=\"application\/ld+json\" class=\"yoast-schema-graph\">{\"@context\":\"https:\/\/schema.org\",\"@graph\":[{\"@type\":\"Article\",\"@id\":\"https:\/\/portaltela.pt\/noticias\/2026\/04\/14\/maxi-araujo-sob-observacao-de-tubaroes-europeus-esta-noite\/#article\",\"isPartOf\":{\"@id\":\"https:\/\/portaltela.pt\/noticias\/2026\/04\/14\/maxi-araujo-sob-observacao-de-tubaroes-europeus-esta-noite\/\"},\"author\":{\"name\":\"Telinha\",\"@id\":\"https:\/\/portaltela.pt\/#\/schema\/person\/c4278d4a6028830caff9ee44b42d32ed\"},\"headline\":\"Maxi Ara\u00fajo sob observa\u00e7\u00e3o de tubar\u00f5es europeus esta noite\",\"datePublished\":\"2026-04-15T00:47:10+00:00\",\"mainEntityOfPage\":{\"@id\":\"https:\/\/portaltela.pt\/noticias\/2026\/04\/14\/maxi-araujo-sob-observacao-de-tubaroes-europeus-esta-noite\/\"},\"wordCount\":231,\"image\":{\"@id\":\"https:\/\/portaltela.pt\/noticias\/2026\/04\/14\/maxi-araujo-sob-observacao-de-tubaroes-europeus-esta-noite\/#primaryimage\"},\"thumbnailUrl\":\"https:\/\/portaltela.pt\/s.01k8rhncp4jt1\/2026\/04\/img_1500x1000uu2025-12-16-00-23-19-2254664-im-639015180210588847.jpg\",\"keywords\":[\"Arsenal\",\"Atl\u00e9tico Madrid\",\"Chelsea\",\"Juventus\",\"Milan\",\"Sporting\"],\"articleSection\":[\"Desporto\",\"Futebol\"],\"inLanguage\":\"pt-PT\"},{\"@type\":\"WebPage\",\"@id\":\"https:\/\/portaltela.pt\/noticias\/2026\/04\/14\/maxi-araujo-sob-observacao-de-tubaroes-europeus-esta-noite\/\",\"url\":\"https:\/\/portaltela.pt\/noticias\/2026\/04\/14\/maxi-araujo-sob-observacao-de-tubaroes-europeus-esta-noite\/\",\"name\":\"Maxi Ara\u00fajo sob observa\u00e7\u00e3o de tubar\u00f5es europeus esta noite - Portal Tela Portugal\",\"isPartOf\":{\"@id\":\"https:\/\/portaltela.pt\/#website\"},\"primaryImageOfPage\":{\"@id\":\"https:\/\/portaltela.pt\/noticias\/2026\/04\/14\/maxi-araujo-sob-observacao-de-tubaroes-europeus-esta-noite\/#primaryimage\"},\"image\":{\"@id\":\"https:\/\/portaltela.pt\/noticias\/2026\/04\/14\/maxi-araujo-sob-observacao-de-tubaroes-europeus-esta-noite\/#primaryimage\"},\"thumbnailUrl\":\"https:\/\/portaltela.pt\/s.01k8rhncp4jt1\/2026\/04\/img_1500x1000uu2025-12-16-00-23-19-2254664-im-639015180210588847.jpg\",\"datePublished\":\"2026-04-15T00:47:10+00:00\",\"author\":{\"@id\":\"https:\/\/portaltela.pt\/#\/schema\/person\/c4278d4a6028830caff9ee44b42d32ed\"},\"breadcrumb\":{\"@id\":\"https:\/\/portaltela.pt\/noticias\/2026\/04\/14\/maxi-araujo-sob-observacao-de-tubaroes-europeus-esta-noite\/#breadcrumb\"},\"inLanguage\":\"pt-PT\",\"potentialAction\":[{\"@type\":\"ReadAction\",\"target\":[\"https:\/\/portaltela.pt\/noticias\/2026\/04\/14\/maxi-araujo-sob-observacao-de-tubaroes-europeus-esta-noite\/\"]}]},{\"@type\":\"ImageObject\",\"inLanguage\":\"pt-PT\",\"@id\":\"https:\/\/portaltela.pt\/noticias\/2026\/04\/14\/maxi-araujo-sob-observacao-de-tubaroes-europeus-esta-noite\/#primaryimage\",\"url\":\"https:\/\/portaltela.pt\/s.01k8rhncp4jt1\/2026\/04\/img_1500x1000uu2025-12-16-00-23-19-2254664-im-639015180210588847.jpg\",\"contentUrl\":\"https:\/\/portaltela.pt\/s.01k8rhncp4jt1\/2026\/04\/img_1500x1000uu2025-12-16-00-23-19-2254664-im-639015180210588847.jpg\",\"width\":796,\"height\":448,\"caption\":\"Maxi Ara\u00fajo est\u00e1 a ser muito cobi\u00e7ado\"},{\"@type\":\"BreadcrumbList\",\"@id\":\"https:\/\/portaltela.pt\/noticias\/2026\/04\/14\/maxi-araujo-sob-observacao-de-tubaroes-europeus-esta-noite\/#breadcrumb\",\"itemListElement\":[{\"@type\":\"ListItem\",\"position\":1,\"name\":\"In\u00edcio\",\"item\":\"https:\/\/portaltela.pt\/\"},{\"@type\":\"ListItem\",\"position\":2,\"name\":\"Maxi Ara\u00fajo sob observa\u00e7\u00e3o de tubar\u00f5es europeus esta noite\"}]},{\"@type\":\"WebSite\",\"@id\":\"https:\/\/portaltela.pt\/#website\",\"url\":\"https:\/\/portaltela.pt\/\",\"name\":\"Portal Tela Portugal\",\"description\":\"\",\"potentialAction\":[{\"@type\":\"SearchAction\",\"target\":{\"@type\":\"EntryPoint\",\"urlTemplate\":\"https:\/\/portaltela.pt\/?s={search_term_string}\"},\"query-input\":{\"@type\":\"PropertyValueSpecification\",\"valueRequired\":true,\"valueName\":\"search_term_string\"}}],\"inLanguage\":\"pt-PT\"},{\"@type\":\"Person\",\"@id\":\"https:\/\/portaltela.pt\/#\/schema\/person\/c4278d4a6028830caff9ee44b42d32ed\",\"name\":\"Telinha\",\"image\":{\"@type\":\"ImageObject\",\"inLanguage\":\"pt-PT\",\"@id\":\"https:\/\/portaltela.pt\/s.01k8rhncp4jt1\/2025\/11\/talking-bot-125x125.png\",\"url\":\"https:\/\/portaltela.pt\/s.01k8rhncp4jt1\/2025\/11\/talking-bot-125x125.png\",\"contentUrl\":\"https:\/\/portaltela.pt\/s.01k8rhncp4jt1\/2025\/11\/talking-bot-125x125.png\",\"caption\":\"Telinha\"},\"sameAs\":[\"https:\/\/portaltela.pt\/\"],\"url\":\"https:\/\/portaltela.pt\/por\/367410592786\/\"}]}<\/script>\n<!-- \/ Yoast SEO plugin. -->","yoast_head_json":{"title":"Maxi Ara\u00fajo sob observa\u00e7\u00e3o de tubar\u00f5es europeus esta noite - Portal Tela Portugal","robots":{"index":"index","follow":"follow","max-snippet":"max-snippet:-1","max-image-preview":"max-image-preview:large","max-video-preview":"max-video-preview:-1"},"og_locale":"pt_PT","og_type":"article","og_title":"Maxi Ara\u00fajo sob observa\u00e7\u00e3o de tubar\u00f5es europeus esta noite - Portal Tela Portugal","og_description":"Maxi Ara\u00fajo \u00e9 observado por Chelsea, Tottenham, Atl\u00e9tico de Madrid, Juventus e Milan, entre outros clubes. O defesa do Sporting tem feito uma grande temporada, tamb\u00e9m na Liga dos Campe\u00f5es, e esteve sob vigil\u00e2ncia de dezenas de observadores no jogo no Emirates, a maioria de clubes ingleses. Em mar\u00e7o, mais de uma dezena de emiss\u00e1rios ingleses estiveram presentes no Wembley para v\u00ea-lo atuar, e tamb\u00e9m foram vistos no regresso da eliminat\u00f3ria com o Arsenal em Alvalade (0-1). A dire\u00e7\u00e3o do Sporting Clube de Portugal est\u00e1 ciente de que o defesa \u00e9 um dos maiores ativos do plantel, mas n\u00e3o est\u00e1 disposta a negociar por valores abaixo da cl\u00e1usula de rescis\u00e3o, fixada em 80 milh\u00f5es de euros. Al\u00e9m dos emblemas ingleses, o Atl\u00e9tico Madrid, o Milan e a Juventus tamb\u00e9m t\u00eam mostrado interesse.","og_url":"https:\/\/portaltela.pt\/noticias\/2026\/04\/14\/maxi-araujo-sob-observacao-de-tubaroes-europeus-esta-noite\/","og_site_name":"Portal Tela Portugal","article_published_time":"2026-04-15T00:47:10+00:00","author":"Telinha","twitter_card":"summary_large_image","twitter_misc":{"Escrito por":"Telinha","Tempo estimado de leitura":"1 minuto"},"schema":{"@context":"https:\/\/schema.org","@graph":[{"@type":"Article","@id":"https:\/\/portaltela.pt\/noticias\/2026\/04\/14\/maxi-araujo-sob-observacao-de-tubaroes-europeus-esta-noite\/#article","isPartOf":{"@id":"https:\/\/portaltela.pt\/noticias\/2026\/04\/14\/maxi-araujo-sob-observacao-de-tubaroes-europeus-esta-noite\/"},"author":{"name":"Telinha","@id":"https:\/\/portaltela.pt\/#\/schema\/person\/c4278d4a6028830caff9ee44b42d32ed"},"headline":"Maxi Ara\u00fajo sob observa\u00e7\u00e3o de tubar\u00f5es europeus esta noite","datePublished":"2026-04-15T00:47:10+00:00","mainEntityOfPage":{"@id":"https:\/\/portaltela.pt\/noticias\/2026\/04\/14\/maxi-araujo-sob-observacao-de-tubaroes-europeus-esta-noite\/"},"wordCount":231,"image":{"@id":"https:\/\/portaltela.pt\/noticias\/2026\/04\/14\/maxi-araujo-sob-observacao-de-tubaroes-europeus-esta-noite\/#primaryimage"},"thumbnailUrl":"https:\/\/portaltela.pt\/s.01k8rhncp4jt1\/2026\/04\/img_1500x1000uu2025-12-16-00-23-19-2254664-im-639015180210588847.jpg","keywords":["Arsenal","Atl\u00e9tico Madrid","Chelsea","Juventus","Milan","Sporting"],"articleSection":["Desporto","Futebol"],"inLanguage":"pt-PT"},{"@type":"WebPage","@id":"https:\/\/portaltela.pt\/noticias\/2026\/04\/14\/maxi-araujo-sob-observacao-de-tubaroes-europeus-esta-noite\/","url":"https:\/\/portaltela.pt\/noticias\/2026\/04\/14\/maxi-araujo-sob-observacao-de-tubaroes-europeus-esta-noite\/","name":"Maxi Ara\u00fajo sob observa\u00e7\u00e3o de tubar\u00f5es europeus esta noite - Portal Tela Portugal","isPartOf":{"@id":"https:\/\/portaltela.pt\/#website"},"primaryImageOfPage":{"@id":"https:\/\/portaltela.pt\/noticias\/2026\/04\/14\/maxi-araujo-sob-observacao-de-tubaroes-europeus-esta-noite\/#primaryimage"},"image":{"@id":"https:\/\/portaltela.pt\/noticias\/2026\/04\/14\/maxi-araujo-sob-observacao-de-tubaroes-europeus-esta-noite\/#primaryimage"},"thumbnailUrl":"https:\/\/portaltela.pt\/s.01k8rhncp4jt1\/2026\/04\/img_1500x1000uu2025-12-16-00-23-19-2254664-im-639015180210588847.jpg","datePublished":"2026-04-15T00:47:10+00:00","author":{"@id":"https:\/\/portaltela.pt\/#\/schema\/person\/c4278d4a6028830caff9ee44b42d32ed"},"breadcrumb":{"@id":"https:\/\/portaltela.pt\/noticias\/2026\/04\/14\/maxi-araujo-sob-observacao-de-tubaroes-europeus-esta-noite\/#breadcrumb"},"inLanguage":"pt-PT","potentialAction":[{"@type":"ReadAction","target":["https:\/\/portaltela.pt\/noticias\/2026\/04\/14\/maxi-araujo-sob-observacao-de-tubaroes-europeus-esta-noite\/"]}]},{"@type":"ImageObject","inLanguage":"pt-PT","@id":"https:\/\/portaltela.pt\/noticias\/2026\/04\/14\/maxi-araujo-sob-observacao-de-tubaroes-europeus-esta-noite\/#primaryimage","url":"https:\/\/portaltela.pt\/s.01k8rhncp4jt1\/2026\/04\/img_1500x1000uu2025-12-16-00-23-19-2254664-im-639015180210588847.jpg","contentUrl":"https:\/\/portaltela.pt\/s.01k8rhncp4jt1\/2026\/04\/img_1500x1000uu2025-12-16-00-23-19-2254664-im-639015180210588847.jpg","width":796,"height":448,"caption":"Maxi Ara\u00fajo est\u00e1 a ser muito cobi\u00e7ado"},{"@type":"BreadcrumbList","@id":"https:\/\/portaltela.pt\/noticias\/2026\/04\/14\/maxi-araujo-sob-observacao-de-tubaroes-europeus-esta-noite\/#breadcrumb","itemListElement":[{"@type":"ListItem","position":1,"name":"In\u00edcio","item":"https:\/\/portaltela.pt\/"},{"@type":"ListItem","position":2,"name":"Maxi Ara\u00fajo sob observa\u00e7\u00e3o de tubar\u00f5es europeus esta noite"}]},{"@type":"WebSite","@id":"https:\/\/portaltela.pt\/#website","url":"https:\/\/portaltela.pt\/","name":"Portal Tela Portugal","description":"","potentialAction":[{"@type":"SearchAction","target":{"@type":"EntryPoint","urlTemplate":"https:\/\/portaltela.pt\/?s={search_term_string}"},"query-input":{"@type":"PropertyValueSpecification","valueRequired":true,"valueName":"search_term_string"}}],"inLanguage":"pt-PT"},{"@type":"Person","@id":"https:\/\/portaltela.pt\/#\/schema\/person\/c4278d4a6028830caff9ee44b42d32ed","name":"Telinha","image":{"@type":"ImageObject","inLanguage":"pt-PT","@id":"https:\/\/portaltela.pt\/s.01k8rhncp4jt1\/2025\/11\/talking-bot-125x125.png","url":"https:\/\/portaltela.pt\/s.01k8rhncp4jt1\/2025\/11\/talking-bot-125x125.png","contentUrl":"https:\/\/portaltela.pt\/s.01k8rhncp4jt1\/2025\/11\/talking-bot-125x125.png","caption":"Telinha"},"sameAs":["https:\/\/portaltela.pt\/"],"url":"https:\/\/portaltela.pt\/por\/367410592786\/"}]}},"_links":{"self":[{"href":"https:\/\/portaltela.pt\/api\/wp\/v2\/posts\/444463","targetHints":{"allow":["GET"]}}],"collection":[{"href":"https:\/\/portaltela.pt\/api\/wp\/v2\/posts"}],"about":[{"href":"https:\/\/portaltela.pt\/api\/wp\/v2\/types\/post"}],"author":[{"embeddable":true,"href":"https:\/\/portaltela.pt\/api\/wp\/v2\/users\/2"}],"replies":[{"embeddable":true,"href":"https:\/\/portaltela.pt\/api\/wp\/v2\/comments?post=444463"}],"version-history":[{"count":0,"href":"https:\/\/portaltela.pt\/api\/wp\/v2\/posts\/444463\/revisions"}],"wp:featuredmedia":[{"embeddable":true,"href":"https:\/\/portaltela.pt\/api\/wp\/v2\/media\/444465"}],"wp:attachment":[{"href":"https:\/\/portaltela.pt\/api\/wp\/v2\/media?parent=444463"}],"wp:term":[{"taxonomy":"category","embeddable":true,"href":"https:\/\/portaltela.pt\/api\/wp\/v2\/categories?post=444463"},{"taxonomy":"post_tag","embeddable":true,"href":"https:\/\/portaltela.pt\/api\/wp\/v2\/tags?post=444463"}],"curies":[{"name":"wp","href":"https:\/\/api.w.org\/{rel}","templated":true}]}}