{"id":444449,"date":"2026-04-14T21:02:17","date_gmt":"2026-04-15T00:02:17","guid":{"rendered":"https:\/\/portaltela.pt\/noticias\/2026\/04\/14\/corrida-com-o-numero-20-na-memoria\/"},"modified":"2026-04-14T21:02:17","modified_gmt":"2026-04-15T00:02:17","slug":"corrida-com-o-numero-20-na-memoria","status":"publish","type":"post","link":"https:\/\/portaltela.pt\/desporto\/futebol\/2026\/04\/14\/corrida-com-o-numero-20-na-memoria\/","title":{"rendered":"Corrida com o n\u00famero 20 na mem\u00f3ria"},"content":{"rendered":"<p>O dia 30 de maio aproxima-se e a Corrida 20 anos ECI Gaia Porto promete marcar o m\u00eas com uma prova que come\u00e7a em Canidelo, Gaia. O evento re\u00fane atletas de renome e hist\u00f3rias inspiradoras, num percurso pedonal junto ao litoral.<\/p>\n<p>Entre os participantes est\u00e1 Rute Cardoso, vi\u00fava de Diogo Jota. Ela pretende correr em homenagem ao pai dos seus tr\u00eas filhos, mantendo o foco no significado emocional da prova, mais do que na presta\u00e7\u00e3o desportiva.<\/p>\n<p>Cardoso dever\u00e1 envergar o dorsal n\u00ba 20, o mesmo que o avan\u00e7ado portugu\u00eas usou no Liverpool, \u00faltimo clube do jogador falecido. A iniciativa j\u00e1 se tornou uma forma de mem\u00f3ria que acompanha a vi\u00fava em provas diversas.<\/p>\n<p>Residente em Gondomar, Rute conhece o tra\u00e7ado da corrida, que liga a margem sul do Douro ao Atl\u00e2ntico. A edi\u00e7\u00e3o comemora duas d\u00e9cadas do El Corte Ingl\u00e9s em Gaia Porto, com apoio de Record e forte participa\u00e7\u00e3o.<\/p>\n<p>A festa desportiva j\u00e1 atrai v\u00e1rias milhares de inscritos, com confirma\u00e7\u00e3o de presen\u00e7a de atletas e de comunidades locais. O evento est\u00e1 a poucos dias de iniciar, numa manh\u00e3 de fim de primavera.<\/p>\n<p>A Corrida 20 anos ECIGaia Porto j\u00e1 vem de tradi\u00e7\u00f5es anteriores, refor\u00e7adas por participa\u00e7\u00f5es em provas como a S\u00e3o Silvestre do Porto e a Corrida do Dia do Pai, sempre com o dorsal 20 como s\u00edmbolo de homenagem.<\/p>\n","protected":false},"excerpt":{"rendered":"<ul>\n<li>A Corrida 20 anos ECI Gaia Porto acontece a 30 de maio, com v\u00e1rias ades\u00f5es previstas e apoio do Record.<\/li>\n<li>A vi\u00fava Diogo Jota, Rute Cardoso, vai competir na zona pedonal de Canidelo, em homenagem ao pai dos seus tr\u00eas filhos, com o dorsal 20.<\/li>\n<li>O dele \u00e9 recordado, ainda hoje, pelo ex-jogador do Liverpool, o \u00faltimo clube de Jota, o que inspira a corredora.<\/li>\n<li>Rute Cardoso mora em Gondomar e conhece bem o percurso entre a margem sul do Douro e o litoral gaiense.<\/li>\n<li>Em edi\u00e7\u00f5es anteriores, j\u00e1 correu 10 quil\u00f3metros na S\u00e3o Silvestre do Porto (28 de dezembro) e na Corrida do Dia do Pai (15 de mar\u00e7o), sempre com o dorsal 20.<\/li>\n<\/ul>\n","protected":false},"author":2,"featured_media":444450,"comment_status":"closed","ping_status":"closed","sticky":false,"template":"","format":"standard","meta":{"footnotes":""},"categories":[21,24],"tags":[2464,3035,3504,152,1761,982],"class_list":["post-444449","post","type-post","status-publish","format-standard","has-post-thumbnail","hentry","category-desporto","category-futebol","tag-atividade-fisica","tag-comunidade","tag-corridas","tag-desporto","tag-gaia","tag-porto"],"yoast_head":"<!-- This site is optimized with the Yoast SEO plugin v27.2 - https:\/\/yoast.com\/product\/yoast-seo-wordpress\/ -->\n<title>Corrida com o n\u00famero 20 na mem\u00f3ria - Portal Tela Portugal<\/title>\n<meta name=\"robots\" content=\"index, follow, max-snippet:-1, max-image-preview:large, max-video-preview:-1\" \/>\n<meta property=\"og:locale\" content=\"pt_PT\" \/>\n<meta property=\"og:type\" content=\"article\" \/>\n<meta property=\"og:title\" content=\"Corrida com o n\u00famero 20 na mem\u00f3ria - Portal Tela Portugal\" \/>\n<meta property=\"og:description\" content=\"A Corrida 20 anos ECI Gaia Porto acontece a 30 de maio, com v\u00e1rias ades\u00f5es previstas e apoio do Record. A vi\u00fava Diogo Jota, Rute Cardoso, vai competir na zona pedonal de Canidelo, em homenagem ao pai dos seus tr\u00eas filhos, com o dorsal 20. O dele \u00e9 recordado, ainda hoje, pelo ex-jogador do Liverpool, o \u00faltimo clube de Jota, o que inspira a corredora. Rute Cardoso mora em Gondomar e conhece bem o percurso entre a margem sul do Douro e o litoral gaiense. Em edi\u00e7\u00f5es anteriores, j\u00e1 correu 10 quil\u00f3metros na S\u00e3o Silvestre do Porto (28 de dezembro) e na Corrida do Dia do Pai (15 de mar\u00e7o), sempre com o dorsal 20.\" \/>\n<meta property=\"og:url\" content=\"https:\/\/portaltela.pt\/noticias\/2026\/04\/14\/corrida-com-o-numero-20-na-memoria\/\" \/>\n<meta property=\"og:site_name\" content=\"Portal Tela Portugal\" \/>\n<meta property=\"article:published_time\" content=\"2026-04-15T00:02:17+00:00\" \/>\n<meta name=\"author\" content=\"Telinha\" \/>\n<meta name=\"twitter:card\" content=\"summary_large_image\" \/>\n<meta name=\"twitter:label1\" content=\"Escrito por\" \/>\n\t<meta name=\"twitter:data1\" content=\"Telinha\" \/>\n\t<meta name=\"twitter:label2\" content=\"Tempo estimado de leitura\" \/>\n\t<meta name=\"twitter:data2\" content=\"1 minuto\" \/>\n<script type=\"application\/ld+json\" class=\"yoast-schema-graph\">{\"@context\":\"https:\/\/schema.org\",\"@graph\":[{\"@type\":\"Article\",\"@id\":\"https:\/\/portaltela.pt\/noticias\/2026\/04\/14\/corrida-com-o-numero-20-na-memoria\/#article\",\"isPartOf\":{\"@id\":\"https:\/\/portaltela.pt\/noticias\/2026\/04\/14\/corrida-com-o-numero-20-na-memoria\/\"},\"author\":{\"name\":\"Telinha\",\"@id\":\"https:\/\/portaltela.pt\/#\/schema\/person\/c4278d4a6028830caff9ee44b42d32ed\"},\"headline\":\"Corrida com o n\u00famero 20 na mem\u00f3ria\",\"datePublished\":\"2026-04-15T00:02:17+00:00\",\"mainEntityOfPage\":{\"@id\":\"https:\/\/portaltela.pt\/noticias\/2026\/04\/14\/corrida-com-o-numero-20-na-memoria\/\"},\"wordCount\":249,\"image\":{\"@id\":\"https:\/\/portaltela.pt\/noticias\/2026\/04\/14\/corrida-com-o-numero-20-na-memoria\/#primaryimage\"},\"thumbnailUrl\":\"https:\/\/portaltela.pt\/s.01k8rhncp4jt1\/2026\/04\/img_1200x721uu2026-04-15-00-17-28-2433101.jpg\",\"keywords\":[\"atividade f\u00edsica\",\"comunidade\",\"corridas\",\"desporto\",\"Gaia\",\"Porto\"],\"articleSection\":[\"Desporto\",\"Futebol\"],\"inLanguage\":\"pt-PT\"},{\"@type\":\"WebPage\",\"@id\":\"https:\/\/portaltela.pt\/noticias\/2026\/04\/14\/corrida-com-o-numero-20-na-memoria\/\",\"url\":\"https:\/\/portaltela.pt\/noticias\/2026\/04\/14\/corrida-com-o-numero-20-na-memoria\/\",\"name\":\"Corrida com o n\u00famero 20 na mem\u00f3ria - Portal Tela Portugal\",\"isPartOf\":{\"@id\":\"https:\/\/portaltela.pt\/#website\"},\"primaryImageOfPage\":{\"@id\":\"https:\/\/portaltela.pt\/noticias\/2026\/04\/14\/corrida-com-o-numero-20-na-memoria\/#primaryimage\"},\"image\":{\"@id\":\"https:\/\/portaltela.pt\/noticias\/2026\/04\/14\/corrida-com-o-numero-20-na-memoria\/#primaryimage\"},\"thumbnailUrl\":\"https:\/\/portaltela.pt\/s.01k8rhncp4jt1\/2026\/04\/img_1200x721uu2026-04-15-00-17-28-2433101.jpg\",\"datePublished\":\"2026-04-15T00:02:17+00:00\",\"author\":{\"@id\":\"https:\/\/portaltela.pt\/#\/schema\/person\/c4278d4a6028830caff9ee44b42d32ed\"},\"breadcrumb\":{\"@id\":\"https:\/\/portaltela.pt\/noticias\/2026\/04\/14\/corrida-com-o-numero-20-na-memoria\/#breadcrumb\"},\"inLanguage\":\"pt-PT\",\"potentialAction\":[{\"@type\":\"ReadAction\",\"target\":[\"https:\/\/portaltela.pt\/noticias\/2026\/04\/14\/corrida-com-o-numero-20-na-memoria\/\"]}]},{\"@type\":\"ImageObject\",\"inLanguage\":\"pt-PT\",\"@id\":\"https:\/\/portaltela.pt\/noticias\/2026\/04\/14\/corrida-com-o-numero-20-na-memoria\/#primaryimage\",\"url\":\"https:\/\/portaltela.pt\/s.01k8rhncp4jt1\/2026\/04\/img_1200x721uu2026-04-15-00-17-28-2433101.jpg\",\"contentUrl\":\"https:\/\/portaltela.pt\/s.01k8rhncp4jt1\/2026\/04\/img_1200x721uu2026-04-15-00-17-28-2433101.jpg\",\"width\":796,\"height\":448,\"caption\":\"Rute Cardoso\"},{\"@type\":\"BreadcrumbList\",\"@id\":\"https:\/\/portaltela.pt\/noticias\/2026\/04\/14\/corrida-com-o-numero-20-na-memoria\/#breadcrumb\",\"itemListElement\":[{\"@type\":\"ListItem\",\"position\":1,\"name\":\"In\u00edcio\",\"item\":\"https:\/\/portaltela.pt\/\"},{\"@type\":\"ListItem\",\"position\":2,\"name\":\"Corrida com o n\u00famero 20 na mem\u00f3ria\"}]},{\"@type\":\"WebSite\",\"@id\":\"https:\/\/portaltela.pt\/#website\",\"url\":\"https:\/\/portaltela.pt\/\",\"name\":\"Portal Tela Portugal\",\"description\":\"\",\"potentialAction\":[{\"@type\":\"SearchAction\",\"target\":{\"@type\":\"EntryPoint\",\"urlTemplate\":\"https:\/\/portaltela.pt\/?s={search_term_string}\"},\"query-input\":{\"@type\":\"PropertyValueSpecification\",\"valueRequired\":true,\"valueName\":\"search_term_string\"}}],\"inLanguage\":\"pt-PT\"},{\"@type\":\"Person\",\"@id\":\"https:\/\/portaltela.pt\/#\/schema\/person\/c4278d4a6028830caff9ee44b42d32ed\",\"name\":\"Telinha\",\"image\":{\"@type\":\"ImageObject\",\"inLanguage\":\"pt-PT\",\"@id\":\"https:\/\/portaltela.pt\/s.01k8rhncp4jt1\/2025\/11\/talking-bot-125x125.png\",\"url\":\"https:\/\/portaltela.pt\/s.01k8rhncp4jt1\/2025\/11\/talking-bot-125x125.png\",\"contentUrl\":\"https:\/\/portaltela.pt\/s.01k8rhncp4jt1\/2025\/11\/talking-bot-125x125.png\",\"caption\":\"Telinha\"},\"sameAs\":[\"https:\/\/portaltela.pt\/\"],\"url\":\"https:\/\/portaltela.pt\/por\/367410592786\/\"}]}<\/script>\n<!-- \/ Yoast SEO plugin. -->","yoast_head_json":{"title":"Corrida com o n\u00famero 20 na mem\u00f3ria - Portal Tela Portugal","robots":{"index":"index","follow":"follow","max-snippet":"max-snippet:-1","max-image-preview":"max-image-preview:large","max-video-preview":"max-video-preview:-1"},"og_locale":"pt_PT","og_type":"article","og_title":"Corrida com o n\u00famero 20 na mem\u00f3ria - Portal Tela Portugal","og_description":"A Corrida 20 anos ECI Gaia Porto acontece a 30 de maio, com v\u00e1rias ades\u00f5es previstas e apoio do Record. A vi\u00fava Diogo Jota, Rute Cardoso, vai competir na zona pedonal de Canidelo, em homenagem ao pai dos seus tr\u00eas filhos, com o dorsal 20. O dele \u00e9 recordado, ainda hoje, pelo ex-jogador do Liverpool, o \u00faltimo clube de Jota, o que inspira a corredora. Rute Cardoso mora em Gondomar e conhece bem o percurso entre a margem sul do Douro e o litoral gaiense. Em edi\u00e7\u00f5es anteriores, j\u00e1 correu 10 quil\u00f3metros na S\u00e3o Silvestre do Porto (28 de dezembro) e na Corrida do Dia do Pai (15 de mar\u00e7o), sempre com o dorsal 20.","og_url":"https:\/\/portaltela.pt\/noticias\/2026\/04\/14\/corrida-com-o-numero-20-na-memoria\/","og_site_name":"Portal Tela Portugal","article_published_time":"2026-04-15T00:02:17+00:00","author":"Telinha","twitter_card":"summary_large_image","twitter_misc":{"Escrito por":"Telinha","Tempo estimado de leitura":"1 minuto"},"schema":{"@context":"https:\/\/schema.org","@graph":[{"@type":"Article","@id":"https:\/\/portaltela.pt\/noticias\/2026\/04\/14\/corrida-com-o-numero-20-na-memoria\/#article","isPartOf":{"@id":"https:\/\/portaltela.pt\/noticias\/2026\/04\/14\/corrida-com-o-numero-20-na-memoria\/"},"author":{"name":"Telinha","@id":"https:\/\/portaltela.pt\/#\/schema\/person\/c4278d4a6028830caff9ee44b42d32ed"},"headline":"Corrida com o n\u00famero 20 na mem\u00f3ria","datePublished":"2026-04-15T00:02:17+00:00","mainEntityOfPage":{"@id":"https:\/\/portaltela.pt\/noticias\/2026\/04\/14\/corrida-com-o-numero-20-na-memoria\/"},"wordCount":249,"image":{"@id":"https:\/\/portaltela.pt\/noticias\/2026\/04\/14\/corrida-com-o-numero-20-na-memoria\/#primaryimage"},"thumbnailUrl":"https:\/\/portaltela.pt\/s.01k8rhncp4jt1\/2026\/04\/img_1200x721uu2026-04-15-00-17-28-2433101.jpg","keywords":["atividade f\u00edsica","comunidade","corridas","desporto","Gaia","Porto"],"articleSection":["Desporto","Futebol"],"inLanguage":"pt-PT"},{"@type":"WebPage","@id":"https:\/\/portaltela.pt\/noticias\/2026\/04\/14\/corrida-com-o-numero-20-na-memoria\/","url":"https:\/\/portaltela.pt\/noticias\/2026\/04\/14\/corrida-com-o-numero-20-na-memoria\/","name":"Corrida com o n\u00famero 20 na mem\u00f3ria - Portal Tela Portugal","isPartOf":{"@id":"https:\/\/portaltela.pt\/#website"},"primaryImageOfPage":{"@id":"https:\/\/portaltela.pt\/noticias\/2026\/04\/14\/corrida-com-o-numero-20-na-memoria\/#primaryimage"},"image":{"@id":"https:\/\/portaltela.pt\/noticias\/2026\/04\/14\/corrida-com-o-numero-20-na-memoria\/#primaryimage"},"thumbnailUrl":"https:\/\/portaltela.pt\/s.01k8rhncp4jt1\/2026\/04\/img_1200x721uu2026-04-15-00-17-28-2433101.jpg","datePublished":"2026-04-15T00:02:17+00:00","author":{"@id":"https:\/\/portaltela.pt\/#\/schema\/person\/c4278d4a6028830caff9ee44b42d32ed"},"breadcrumb":{"@id":"https:\/\/portaltela.pt\/noticias\/2026\/04\/14\/corrida-com-o-numero-20-na-memoria\/#breadcrumb"},"inLanguage":"pt-PT","potentialAction":[{"@type":"ReadAction","target":["https:\/\/portaltela.pt\/noticias\/2026\/04\/14\/corrida-com-o-numero-20-na-memoria\/"]}]},{"@type":"ImageObject","inLanguage":"pt-PT","@id":"https:\/\/portaltela.pt\/noticias\/2026\/04\/14\/corrida-com-o-numero-20-na-memoria\/#primaryimage","url":"https:\/\/portaltela.pt\/s.01k8rhncp4jt1\/2026\/04\/img_1200x721uu2026-04-15-00-17-28-2433101.jpg","contentUrl":"https:\/\/portaltela.pt\/s.01k8rhncp4jt1\/2026\/04\/img_1200x721uu2026-04-15-00-17-28-2433101.jpg","width":796,"height":448,"caption":"Rute Cardoso"},{"@type":"BreadcrumbList","@id":"https:\/\/portaltela.pt\/noticias\/2026\/04\/14\/corrida-com-o-numero-20-na-memoria\/#breadcrumb","itemListElement":[{"@type":"ListItem","position":1,"name":"In\u00edcio","item":"https:\/\/portaltela.pt\/"},{"@type":"ListItem","position":2,"name":"Corrida com o n\u00famero 20 na mem\u00f3ria"}]},{"@type":"WebSite","@id":"https:\/\/portaltela.pt\/#website","url":"https:\/\/portaltela.pt\/","name":"Portal Tela Portugal","description":"","potentialAction":[{"@type":"SearchAction","target":{"@type":"EntryPoint","urlTemplate":"https:\/\/portaltela.pt\/?s={search_term_string}"},"query-input":{"@type":"PropertyValueSpecification","valueRequired":true,"valueName":"search_term_string"}}],"inLanguage":"pt-PT"},{"@type":"Person","@id":"https:\/\/portaltela.pt\/#\/schema\/person\/c4278d4a6028830caff9ee44b42d32ed","name":"Telinha","image":{"@type":"ImageObject","inLanguage":"pt-PT","@id":"https:\/\/portaltela.pt\/s.01k8rhncp4jt1\/2025\/11\/talking-bot-125x125.png","url":"https:\/\/portaltela.pt\/s.01k8rhncp4jt1\/2025\/11\/talking-bot-125x125.png","contentUrl":"https:\/\/portaltela.pt\/s.01k8rhncp4jt1\/2025\/11\/talking-bot-125x125.png","caption":"Telinha"},"sameAs":["https:\/\/portaltela.pt\/"],"url":"https:\/\/portaltela.pt\/por\/367410592786\/"}]}},"_links":{"self":[{"href":"https:\/\/portaltela.pt\/api\/wp\/v2\/posts\/444449","targetHints":{"allow":["GET"]}}],"collection":[{"href":"https:\/\/portaltela.pt\/api\/wp\/v2\/posts"}],"about":[{"href":"https:\/\/portaltela.pt\/api\/wp\/v2\/types\/post"}],"author":[{"embeddable":true,"href":"https:\/\/portaltela.pt\/api\/wp\/v2\/users\/2"}],"replies":[{"embeddable":true,"href":"https:\/\/portaltela.pt\/api\/wp\/v2\/comments?post=444449"}],"version-history":[{"count":0,"href":"https:\/\/portaltela.pt\/api\/wp\/v2\/posts\/444449\/revisions"}],"wp:featuredmedia":[{"embeddable":true,"href":"https:\/\/portaltela.pt\/api\/wp\/v2\/media\/444450"}],"wp:attachment":[{"href":"https:\/\/portaltela.pt\/api\/wp\/v2\/media?parent=444449"}],"wp:term":[{"taxonomy":"category","embeddable":true,"href":"https:\/\/portaltela.pt\/api\/wp\/v2\/categories?post=444449"},{"taxonomy":"post_tag","embeddable":true,"href":"https:\/\/portaltela.pt\/api\/wp\/v2\/tags?post=444449"}],"curies":[{"name":"wp","href":"https:\/\/api.w.org\/{rel}","templated":true}]}}