{"id":444435,"date":"2026-04-14T20:17:18","date_gmt":"2026-04-14T23:17:18","guid":{"rendered":"https:\/\/portaltela.pt\/noticias\/2026\/04\/14\/raphinha-critica-arbitragem-apos-eliminacao-do-barcelona\/"},"modified":"2026-04-14T20:17:18","modified_gmt":"2026-04-14T23:17:18","slug":"raphinha-critica-arbitragem-apos-eliminacao-do-barcelona","status":"publish","type":"post","link":"https:\/\/portaltela.pt\/desporto\/futebol\/2026\/04\/14\/raphinha-critica-arbitragem-apos-eliminacao-do-barcelona\/","title":{"rendered":"Raphinha critica arbitragem ap\u00f3s elimina\u00e7\u00e3o do Barcelona"},"content":{"rendered":"<p>Foi o Atl\u00e9tico de Madrid que garantiu a passagem \u00e0s meias-finais da Liga dos Campe\u00f5es ao eliminar o Barcelona, numa eliminat\u00f3ria disputada com a 1.\u00aa m\u00e3o a favor dos blaugrana e o desfecho resolvido na casa dos colchoneros. O jogo de conclus\u00e3o ficou marcado por controv\u00e9rsia com a equipa de arbitragem, dirigida pelo franc\u00eas Cl\u00e9ment Turpin, que n\u00e3o encontrou consenso entre as partes em campo.<\/p>\n<p>Raphinha, avan\u00e7ado brasileiro do Barcelona, n\u00e3o atuou devido a les\u00e3o e mostrou o seu desagrado com as decis\u00f5es do trio de arbitragem ao longo do encontro. O extremo criticou a atua\u00e7\u00e3o dos ju\u00edzes, referindo que houve faltas repetidas sem resposta em amarelo, o que teria desequilibrado a eliminat\u00f3ria. O jogador tamb\u00e9m questionou o tratamento das vit\u00f3rias do Barcelona pela equipa de arbitragem.<\/p>\n<p>O ambiente no relvado do Metropolitano transpareceu de tens\u00e3o, com o jogador a directedizar gestos aos adeptos do Atl\u00e9tico antes do final do jogo, insinuando a elimina\u00e7\u00e3o do Barcelona nas meias-finais. A hist\u00f3ria do encontro acentuou o peso das decis\u00f5es ao longo de toda a eliminat\u00f3ria, com o Barcelona j\u00e1 a protestar contra um cart\u00e3o vermelho visto a Eric Garc\u00eda e a dois pen\u00e1ltis que n\u00e3o foram assinalados, segundo informa\u00e7\u00f5es de fontes desportivas. A UEFA pode analisar as declara\u00e7\u00f5es do jogador, que dever\u00e1 ser alvo de san\u00e7\u00f5es disciplinares.<\/p>\n<p>Entre o sil\u00eancio em campo devido \u00e0 aus\u00eancia de Raphinha e a contesta\u00e7\u00e3o p\u00fablica, o Barcelona viu-se impede de repetir o feito da 1.\u00aa m\u00e3o, tentando manter o objetivo de chegar \u00e0s fases finais da competi\u00e7\u00e3o. O desfecho manteve a dist\u00e2ncia entre as equipas na eliminat\u00f3ria at\u00e9 ao fim, com o Atl\u00e9tico a avan\u00e7ar para as meias-finais.<\/p>\n<h3>Rea\u00e7\u00f5es do Barcelona<\/h3>\n<p>A Dire\u00e7\u00e3o do clube ainda n\u00e3o divulgou declara\u00e7\u00f5es oficiais sobre as palavras de Raphinha, aguardando orienta\u00e7\u00f5es da UEFA sobre eventuais san\u00e7\u00f5es disciplinares. A equipa mant\u00e9m o foco no regresso aos compromissos do torneio dom\u00e9stico e na recupera\u00e7\u00e3o de jogadores lesionados para a pr\u00f3xima fase da temporada.<\/p>\n","protected":false},"excerpt":{"rendered":"<ul>\n<li>Raphinha criticou fortemente a arbitragem liderada por Cl\u00e9ment Turpin ap\u00f3s a derrota do Barcelona frente ao Atl\u00e9tico de Madrid nos quartos de final da Liga dos Campe\u00f5es; o Barcelona venceu 2-1 em Madrid, mas perdeu 2-0 na primeira m\u00e3o.<\/li>\n<li>O brasileiro, que n\u00e3o atuou por les\u00e3o, afirmou que o jogo foi roubado e apontou v\u00e1rias decis\u00f5es como controversas, destacando que o Atl\u00e9tico cometeu in\u00fameras faltas sem receber cart\u00f5es.<\/li>\n<li>O Bar\u00e7a reclama do cart\u00e3o vermelho direto a Eric Garc\u00eda e de dois pen\u00e1ltis n\u00e3o assinalados na eliminat\u00f3ria.<\/li>\n<li>Raphinha disse que \u00e9 preciso o triplo de esfor\u00e7o para chegar \u00e0 vit\u00f3ria e questionou se as vit\u00f3rias do Barcelona geram temor entre os \u00e1rbitros.<\/li>\n<li>Na zona de imprensa, o jogador dirigiu-se aos adeptos do Atl\u00e9tico com gestos, indicando que o Barcelona seria eliminado nas meias-finais.<\/li>\n<\/ul>\n","protected":false},"author":2,"featured_media":444436,"comment_status":"closed","ping_status":"closed","sticky":false,"template":"","format":"standard","meta":{"footnotes":""},"categories":[21,24],"tags":[1289,3341,2587,32,3338,242],"class_list":["post-444435","post","type-post","status-publish","format-standard","has-post-thumbnail","hentry","category-desporto","category-futebol","tag-arbitragem","tag-atletico-madrid","tag-barcelona","tag-futebol","tag-futebol-internacional","tag-jogadores"],"yoast_head":"<!-- This site is optimized with the Yoast SEO plugin v27.2 - https:\/\/yoast.com\/product\/yoast-seo-wordpress\/ -->\n<title>Raphinha critica arbitragem ap\u00f3s elimina\u00e7\u00e3o do Barcelona - Portal Tela Portugal<\/title>\n<meta name=\"robots\" content=\"index, follow, max-snippet:-1, max-image-preview:large, max-video-preview:-1\" \/>\n<meta property=\"og:locale\" content=\"pt_PT\" \/>\n<meta property=\"og:type\" content=\"article\" \/>\n<meta property=\"og:title\" content=\"Raphinha critica arbitragem ap\u00f3s elimina\u00e7\u00e3o do Barcelona - Portal Tela Portugal\" \/>\n<meta property=\"og:description\" content=\"Raphinha criticou fortemente a arbitragem liderada por Cl\u00e9ment Turpin ap\u00f3s a derrota do Barcelona frente ao Atl\u00e9tico de Madrid nos quartos de final da Liga dos Campe\u00f5es; o Barcelona venceu 2-1 em Madrid, mas perdeu 2-0 na primeira m\u00e3o. O brasileiro, que n\u00e3o atuou por les\u00e3o, afirmou que o jogo foi roubado e apontou v\u00e1rias decis\u00f5es como controversas, destacando que o Atl\u00e9tico cometeu in\u00fameras faltas sem receber cart\u00f5es. O Bar\u00e7a reclama do cart\u00e3o vermelho direto a Eric Garc\u00eda e de dois pen\u00e1ltis n\u00e3o assinalados na eliminat\u00f3ria. Raphinha disse que \u00e9 preciso o triplo de esfor\u00e7o para chegar \u00e0 vit\u00f3ria e questionou se as vit\u00f3rias do Barcelona geram temor entre os \u00e1rbitros. Na zona de imprensa, o jogador dirigiu-se aos adeptos do Atl\u00e9tico com gestos, indicando que o Barcelona seria eliminado nas meias-finais.\" \/>\n<meta property=\"og:url\" content=\"https:\/\/portaltela.pt\/noticias\/2026\/04\/14\/raphinha-critica-arbitragem-apos-eliminacao-do-barcelona\/\" \/>\n<meta property=\"og:site_name\" content=\"Portal Tela Portugal\" \/>\n<meta property=\"article:published_time\" content=\"2026-04-14T23:17:18+00:00\" \/>\n<meta name=\"author\" content=\"Telinha\" \/>\n<meta name=\"twitter:card\" content=\"summary_large_image\" \/>\n<meta name=\"twitter:label1\" content=\"Escrito por\" \/>\n\t<meta name=\"twitter:data1\" content=\"Telinha\" \/>\n\t<meta name=\"twitter:label2\" content=\"Tempo estimado de leitura\" \/>\n\t<meta name=\"twitter:data2\" content=\"2 minutos\" \/>\n<script type=\"application\/ld+json\" class=\"yoast-schema-graph\">{\"@context\":\"https:\/\/schema.org\",\"@graph\":[{\"@type\":\"Article\",\"@id\":\"https:\/\/portaltela.pt\/noticias\/2026\/04\/14\/raphinha-critica-arbitragem-apos-eliminacao-do-barcelona\/#article\",\"isPartOf\":{\"@id\":\"https:\/\/portaltela.pt\/noticias\/2026\/04\/14\/raphinha-critica-arbitragem-apos-eliminacao-do-barcelona\/\"},\"author\":{\"name\":\"Telinha\",\"@id\":\"https:\/\/portaltela.pt\/#\/schema\/person\/c4278d4a6028830caff9ee44b42d32ed\"},\"headline\":\"Raphinha critica arbitragem ap\u00f3s elimina\u00e7\u00e3o do Barcelona\",\"datePublished\":\"2026-04-14T23:17:18+00:00\",\"mainEntityOfPage\":{\"@id\":\"https:\/\/portaltela.pt\/noticias\/2026\/04\/14\/raphinha-critica-arbitragem-apos-eliminacao-do-barcelona\/\"},\"wordCount\":378,\"image\":{\"@id\":\"https:\/\/portaltela.pt\/noticias\/2026\/04\/14\/raphinha-critica-arbitragem-apos-eliminacao-do-barcelona\/#primaryimage\"},\"thumbnailUrl\":\"https:\/\/portaltela.pt\/s.01k8rhncp4jt1\/2026\/04\/img_920x518uu2025-04-26-11-22-51-2358627-im-638812633903595412.jpg\",\"keywords\":[\"arbitragem\",\"Atl\u00e9tico Madrid\",\"Barcelona\",\"futebol\",\"futebol internacional\",\"jogadores\"],\"articleSection\":[\"Desporto\",\"Futebol\"],\"inLanguage\":\"pt-PT\"},{\"@type\":\"WebPage\",\"@id\":\"https:\/\/portaltela.pt\/noticias\/2026\/04\/14\/raphinha-critica-arbitragem-apos-eliminacao-do-barcelona\/\",\"url\":\"https:\/\/portaltela.pt\/noticias\/2026\/04\/14\/raphinha-critica-arbitragem-apos-eliminacao-do-barcelona\/\",\"name\":\"Raphinha critica arbitragem ap\u00f3s elimina\u00e7\u00e3o do Barcelona - Portal Tela Portugal\",\"isPartOf\":{\"@id\":\"https:\/\/portaltela.pt\/#website\"},\"primaryImageOfPage\":{\"@id\":\"https:\/\/portaltela.pt\/noticias\/2026\/04\/14\/raphinha-critica-arbitragem-apos-eliminacao-do-barcelona\/#primaryimage\"},\"image\":{\"@id\":\"https:\/\/portaltela.pt\/noticias\/2026\/04\/14\/raphinha-critica-arbitragem-apos-eliminacao-do-barcelona\/#primaryimage\"},\"thumbnailUrl\":\"https:\/\/portaltela.pt\/s.01k8rhncp4jt1\/2026\/04\/img_920x518uu2025-04-26-11-22-51-2358627-im-638812633903595412.jpg\",\"datePublished\":\"2026-04-14T23:17:18+00:00\",\"author\":{\"@id\":\"https:\/\/portaltela.pt\/#\/schema\/person\/c4278d4a6028830caff9ee44b42d32ed\"},\"breadcrumb\":{\"@id\":\"https:\/\/portaltela.pt\/noticias\/2026\/04\/14\/raphinha-critica-arbitragem-apos-eliminacao-do-barcelona\/#breadcrumb\"},\"inLanguage\":\"pt-PT\",\"potentialAction\":[{\"@type\":\"ReadAction\",\"target\":[\"https:\/\/portaltela.pt\/noticias\/2026\/04\/14\/raphinha-critica-arbitragem-apos-eliminacao-do-barcelona\/\"]}]},{\"@type\":\"ImageObject\",\"inLanguage\":\"pt-PT\",\"@id\":\"https:\/\/portaltela.pt\/noticias\/2026\/04\/14\/raphinha-critica-arbitragem-apos-eliminacao-do-barcelona\/#primaryimage\",\"url\":\"https:\/\/portaltela.pt\/s.01k8rhncp4jt1\/2026\/04\/img_920x518uu2025-04-26-11-22-51-2358627-im-638812633903595412.jpg\",\"contentUrl\":\"https:\/\/portaltela.pt\/s.01k8rhncp4jt1\/2026\/04\/img_920x518uu2025-04-26-11-22-51-2358627-im-638812633903595412.jpg\",\"width\":796,\"height\":448,\"caption\":\"Raphinha critica duramente a arbitragem\"},{\"@type\":\"BreadcrumbList\",\"@id\":\"https:\/\/portaltela.pt\/noticias\/2026\/04\/14\/raphinha-critica-arbitragem-apos-eliminacao-do-barcelona\/#breadcrumb\",\"itemListElement\":[{\"@type\":\"ListItem\",\"position\":1,\"name\":\"In\u00edcio\",\"item\":\"https:\/\/portaltela.pt\/\"},{\"@type\":\"ListItem\",\"position\":2,\"name\":\"Raphinha critica arbitragem ap\u00f3s elimina\u00e7\u00e3o do Barcelona\"}]},{\"@type\":\"WebSite\",\"@id\":\"https:\/\/portaltela.pt\/#website\",\"url\":\"https:\/\/portaltela.pt\/\",\"name\":\"Portal Tela Portugal\",\"description\":\"\",\"potentialAction\":[{\"@type\":\"SearchAction\",\"target\":{\"@type\":\"EntryPoint\",\"urlTemplate\":\"https:\/\/portaltela.pt\/?s={search_term_string}\"},\"query-input\":{\"@type\":\"PropertyValueSpecification\",\"valueRequired\":true,\"valueName\":\"search_term_string\"}}],\"inLanguage\":\"pt-PT\"},{\"@type\":\"Person\",\"@id\":\"https:\/\/portaltela.pt\/#\/schema\/person\/c4278d4a6028830caff9ee44b42d32ed\",\"name\":\"Telinha\",\"image\":{\"@type\":\"ImageObject\",\"inLanguage\":\"pt-PT\",\"@id\":\"https:\/\/portaltela.pt\/s.01k8rhncp4jt1\/2025\/11\/talking-bot-125x125.png\",\"url\":\"https:\/\/portaltela.pt\/s.01k8rhncp4jt1\/2025\/11\/talking-bot-125x125.png\",\"contentUrl\":\"https:\/\/portaltela.pt\/s.01k8rhncp4jt1\/2025\/11\/talking-bot-125x125.png\",\"caption\":\"Telinha\"},\"sameAs\":[\"https:\/\/portaltela.pt\/\"],\"url\":\"https:\/\/portaltela.pt\/por\/367410592786\/\"}]}<\/script>\n<!-- \/ Yoast SEO plugin. -->","yoast_head_json":{"title":"Raphinha critica arbitragem ap\u00f3s elimina\u00e7\u00e3o do Barcelona - Portal Tela Portugal","robots":{"index":"index","follow":"follow","max-snippet":"max-snippet:-1","max-image-preview":"max-image-preview:large","max-video-preview":"max-video-preview:-1"},"og_locale":"pt_PT","og_type":"article","og_title":"Raphinha critica arbitragem ap\u00f3s elimina\u00e7\u00e3o do Barcelona - Portal Tela Portugal","og_description":"Raphinha criticou fortemente a arbitragem liderada por Cl\u00e9ment Turpin ap\u00f3s a derrota do Barcelona frente ao Atl\u00e9tico de Madrid nos quartos de final da Liga dos Campe\u00f5es; o Barcelona venceu 2-1 em Madrid, mas perdeu 2-0 na primeira m\u00e3o. O brasileiro, que n\u00e3o atuou por les\u00e3o, afirmou que o jogo foi roubado e apontou v\u00e1rias decis\u00f5es como controversas, destacando que o Atl\u00e9tico cometeu in\u00fameras faltas sem receber cart\u00f5es. O Bar\u00e7a reclama do cart\u00e3o vermelho direto a Eric Garc\u00eda e de dois pen\u00e1ltis n\u00e3o assinalados na eliminat\u00f3ria. Raphinha disse que \u00e9 preciso o triplo de esfor\u00e7o para chegar \u00e0 vit\u00f3ria e questionou se as vit\u00f3rias do Barcelona geram temor entre os \u00e1rbitros. Na zona de imprensa, o jogador dirigiu-se aos adeptos do Atl\u00e9tico com gestos, indicando que o Barcelona seria eliminado nas meias-finais.","og_url":"https:\/\/portaltela.pt\/noticias\/2026\/04\/14\/raphinha-critica-arbitragem-apos-eliminacao-do-barcelona\/","og_site_name":"Portal Tela Portugal","article_published_time":"2026-04-14T23:17:18+00:00","author":"Telinha","twitter_card":"summary_large_image","twitter_misc":{"Escrito por":"Telinha","Tempo estimado de leitura":"2 minutos"},"schema":{"@context":"https:\/\/schema.org","@graph":[{"@type":"Article","@id":"https:\/\/portaltela.pt\/noticias\/2026\/04\/14\/raphinha-critica-arbitragem-apos-eliminacao-do-barcelona\/#article","isPartOf":{"@id":"https:\/\/portaltela.pt\/noticias\/2026\/04\/14\/raphinha-critica-arbitragem-apos-eliminacao-do-barcelona\/"},"author":{"name":"Telinha","@id":"https:\/\/portaltela.pt\/#\/schema\/person\/c4278d4a6028830caff9ee44b42d32ed"},"headline":"Raphinha critica arbitragem ap\u00f3s elimina\u00e7\u00e3o do Barcelona","datePublished":"2026-04-14T23:17:18+00:00","mainEntityOfPage":{"@id":"https:\/\/portaltela.pt\/noticias\/2026\/04\/14\/raphinha-critica-arbitragem-apos-eliminacao-do-barcelona\/"},"wordCount":378,"image":{"@id":"https:\/\/portaltela.pt\/noticias\/2026\/04\/14\/raphinha-critica-arbitragem-apos-eliminacao-do-barcelona\/#primaryimage"},"thumbnailUrl":"https:\/\/portaltela.pt\/s.01k8rhncp4jt1\/2026\/04\/img_920x518uu2025-04-26-11-22-51-2358627-im-638812633903595412.jpg","keywords":["arbitragem","Atl\u00e9tico Madrid","Barcelona","futebol","futebol internacional","jogadores"],"articleSection":["Desporto","Futebol"],"inLanguage":"pt-PT"},{"@type":"WebPage","@id":"https:\/\/portaltela.pt\/noticias\/2026\/04\/14\/raphinha-critica-arbitragem-apos-eliminacao-do-barcelona\/","url":"https:\/\/portaltela.pt\/noticias\/2026\/04\/14\/raphinha-critica-arbitragem-apos-eliminacao-do-barcelona\/","name":"Raphinha critica arbitragem ap\u00f3s elimina\u00e7\u00e3o do Barcelona - Portal Tela Portugal","isPartOf":{"@id":"https:\/\/portaltela.pt\/#website"},"primaryImageOfPage":{"@id":"https:\/\/portaltela.pt\/noticias\/2026\/04\/14\/raphinha-critica-arbitragem-apos-eliminacao-do-barcelona\/#primaryimage"},"image":{"@id":"https:\/\/portaltela.pt\/noticias\/2026\/04\/14\/raphinha-critica-arbitragem-apos-eliminacao-do-barcelona\/#primaryimage"},"thumbnailUrl":"https:\/\/portaltela.pt\/s.01k8rhncp4jt1\/2026\/04\/img_920x518uu2025-04-26-11-22-51-2358627-im-638812633903595412.jpg","datePublished":"2026-04-14T23:17:18+00:00","author":{"@id":"https:\/\/portaltela.pt\/#\/schema\/person\/c4278d4a6028830caff9ee44b42d32ed"},"breadcrumb":{"@id":"https:\/\/portaltela.pt\/noticias\/2026\/04\/14\/raphinha-critica-arbitragem-apos-eliminacao-do-barcelona\/#breadcrumb"},"inLanguage":"pt-PT","potentialAction":[{"@type":"ReadAction","target":["https:\/\/portaltela.pt\/noticias\/2026\/04\/14\/raphinha-critica-arbitragem-apos-eliminacao-do-barcelona\/"]}]},{"@type":"ImageObject","inLanguage":"pt-PT","@id":"https:\/\/portaltela.pt\/noticias\/2026\/04\/14\/raphinha-critica-arbitragem-apos-eliminacao-do-barcelona\/#primaryimage","url":"https:\/\/portaltela.pt\/s.01k8rhncp4jt1\/2026\/04\/img_920x518uu2025-04-26-11-22-51-2358627-im-638812633903595412.jpg","contentUrl":"https:\/\/portaltela.pt\/s.01k8rhncp4jt1\/2026\/04\/img_920x518uu2025-04-26-11-22-51-2358627-im-638812633903595412.jpg","width":796,"height":448,"caption":"Raphinha critica duramente a arbitragem"},{"@type":"BreadcrumbList","@id":"https:\/\/portaltela.pt\/noticias\/2026\/04\/14\/raphinha-critica-arbitragem-apos-eliminacao-do-barcelona\/#breadcrumb","itemListElement":[{"@type":"ListItem","position":1,"name":"In\u00edcio","item":"https:\/\/portaltela.pt\/"},{"@type":"ListItem","position":2,"name":"Raphinha critica arbitragem ap\u00f3s elimina\u00e7\u00e3o do Barcelona"}]},{"@type":"WebSite","@id":"https:\/\/portaltela.pt\/#website","url":"https:\/\/portaltela.pt\/","name":"Portal Tela Portugal","description":"","potentialAction":[{"@type":"SearchAction","target":{"@type":"EntryPoint","urlTemplate":"https:\/\/portaltela.pt\/?s={search_term_string}"},"query-input":{"@type":"PropertyValueSpecification","valueRequired":true,"valueName":"search_term_string"}}],"inLanguage":"pt-PT"},{"@type":"Person","@id":"https:\/\/portaltela.pt\/#\/schema\/person\/c4278d4a6028830caff9ee44b42d32ed","name":"Telinha","image":{"@type":"ImageObject","inLanguage":"pt-PT","@id":"https:\/\/portaltela.pt\/s.01k8rhncp4jt1\/2025\/11\/talking-bot-125x125.png","url":"https:\/\/portaltela.pt\/s.01k8rhncp4jt1\/2025\/11\/talking-bot-125x125.png","contentUrl":"https:\/\/portaltela.pt\/s.01k8rhncp4jt1\/2025\/11\/talking-bot-125x125.png","caption":"Telinha"},"sameAs":["https:\/\/portaltela.pt\/"],"url":"https:\/\/portaltela.pt\/por\/367410592786\/"}]}},"_links":{"self":[{"href":"https:\/\/portaltela.pt\/api\/wp\/v2\/posts\/444435","targetHints":{"allow":["GET"]}}],"collection":[{"href":"https:\/\/portaltela.pt\/api\/wp\/v2\/posts"}],"about":[{"href":"https:\/\/portaltela.pt\/api\/wp\/v2\/types\/post"}],"author":[{"embeddable":true,"href":"https:\/\/portaltela.pt\/api\/wp\/v2\/users\/2"}],"replies":[{"embeddable":true,"href":"https:\/\/portaltela.pt\/api\/wp\/v2\/comments?post=444435"}],"version-history":[{"count":0,"href":"https:\/\/portaltela.pt\/api\/wp\/v2\/posts\/444435\/revisions"}],"wp:featuredmedia":[{"embeddable":true,"href":"https:\/\/portaltela.pt\/api\/wp\/v2\/media\/444436"}],"wp:attachment":[{"href":"https:\/\/portaltela.pt\/api\/wp\/v2\/media?parent=444435"}],"wp:term":[{"taxonomy":"category","embeddable":true,"href":"https:\/\/portaltela.pt\/api\/wp\/v2\/categories?post=444435"},{"taxonomy":"post_tag","embeddable":true,"href":"https:\/\/portaltela.pt\/api\/wp\/v2\/tags?post=444435"}],"curies":[{"name":"wp","href":"https:\/\/api.w.org\/{rel}","templated":true}]}}