{"id":444433,"date":"2026-04-14T20:17:13","date_gmt":"2026-04-14T23:17:13","guid":{"rendered":"https:\/\/portaltela.pt\/noticias\/2026\/04\/14\/padre-americano-acusa-trump-de-vaidade-e-idolatria-por-comparacao-com-jesus\/"},"modified":"2026-04-14T20:17:13","modified_gmt":"2026-04-14T23:17:13","slug":"padre-americano-acusa-trump-de-vaidade-e-idolatria-por-comparacao-com-jesus","status":"publish","type":"post","link":"https:\/\/portaltela.pt\/noticias\/politica\/2026\/04\/14\/padre-americano-acusa-trump-de-vaidade-e-idolatria-por-comparacao-com-jesus\/","title":{"rendered":"Padre americano acusa Trump de vaidade e idolatria por compara\u00e7\u00e3o com Jesus"},"content":{"rendered":"<p>Padre jesu\u00edta dos EUA critica publica\u00e7\u00e3o de Trump que o coloca como Jesus. James Martin, consultor do Dicast\u00e9rio para a Comunica\u00e7\u00e3o do Vaticano, reagiu \u00e0 partilha feita pelo presidente norte-americano. A imagem apresentava Trump como Jesus Cristo, gerando pol\u00e9mica e descr\u00e9dito entre parte da comunidade crist\u00e3.<\/p>\n<p>Em entrevista \u00e0 ag\u00eancia Lusa, Martin classificou o ato como blasf\u00e9mia, palavra usada por crist\u00e3os conservadores que comentaram o tema. Contudo, apontou que a idolatria \u00e9 o enquadramento mais adequado para descrever o que ocorreu, referindo que o primeiro mandamento pro\u00edbe adorar qualquer outra divindade para al\u00e9m de Deus.<\/p>\n<p>Martin refor\u00e7ou que a partilha envolve vaidade e insanidade, afirmando que a representa\u00e7\u00e3o de si pr\u00f3prio como Jesus pode ofender crist\u00e3os de v\u00e1rias tradi\u00e7\u00f5es. O religioso reiterou que tal atitude ultrapassa o \u00e2mbito pessoal e alcan\u00e7a o terreno da f\u00e9 p\u00fablica, com implica\u00e7\u00f5es para a percep\u00e7\u00e3o de lideran\u00e7a religiosa e moral.<\/p>\n","protected":false},"excerpt":{"rendered":"<ul>\n<li>O padre jesu\u00edta James Martin, consultor do Dicast\u00e9rio para a Comunica\u00e7\u00e3o, criticou Donald Trump por partilhar uma imagem em que se apresentava como Jesus Cristo.<\/li>\n<li>Em entrevista \u00e0 Lusa, Martin descreveu a a\u00e7\u00e3o como vaidade, insanidade e idolatria.<\/li>\n<li>Para o sacerdote, a palavra blasf\u00e9mia foi a mais usada por crist\u00e3os conservadores, mas idolatria \u00e9 a mais adequada para descrever a situa\u00e7\u00e3o.<\/li>\n<li>O padre afirmou que o primeiro mandamento pro\u00edbe ter outros deuses al\u00e9m de Deus, incluindo Trump.<\/li>\n<li>Partilhar uma imagem de si mesmo como Jesus \u00e9 visto como idolatria e pode ofender crist\u00e3os.<\/li>\n<\/ul>\n","protected":false},"author":2,"featured_media":444434,"comment_status":"closed","ping_status":"closed","sticky":false,"template":"","format":"standard","meta":{"footnotes":""},"categories":[6912,5],"tags":[7956,7957,8180,8010,7913,7951],"class_list":["post-444433","post","type-post","status-publish","format-standard","has-post-thumbnail","hentry","category-internacionais","category-politica","tag-_catolico","tag-_catolicos","tag-_cristianismo","tag-_igreja","tag-_politica","tag-_religiao"],"yoast_head":"<!-- This site is optimized with the Yoast SEO plugin v27.2 - https:\/\/yoast.com\/product\/yoast-seo-wordpress\/ -->\n<title>Padre americano acusa Trump de vaidade e idolatria por compara\u00e7\u00e3o com Jesus - Portal Tela Portugal<\/title>\n<meta name=\"robots\" content=\"index, follow, max-snippet:-1, max-image-preview:large, max-video-preview:-1\" \/>\n<meta property=\"og:locale\" content=\"pt_PT\" \/>\n<meta property=\"og:type\" content=\"article\" \/>\n<meta property=\"og:title\" content=\"Padre americano acusa Trump de vaidade e idolatria por compara\u00e7\u00e3o com Jesus - Portal Tela Portugal\" \/>\n<meta property=\"og:description\" content=\"O padre jesu\u00edta James Martin, consultor do Dicast\u00e9rio para a Comunica\u00e7\u00e3o, criticou Donald Trump por partilhar uma imagem em que se apresentava como Jesus Cristo. Em entrevista \u00e0 Lusa, Martin descreveu a a\u00e7\u00e3o como vaidade, insanidade e idolatria. Para o sacerdote, a palavra blasf\u00e9mia foi a mais usada por crist\u00e3os conservadores, mas idolatria \u00e9 a mais adequada para descrever a situa\u00e7\u00e3o. O padre afirmou que o primeiro mandamento pro\u00edbe ter outros deuses al\u00e9m de Deus, incluindo Trump. Partilhar uma imagem de si mesmo como Jesus \u00e9 visto como idolatria e pode ofender crist\u00e3os.\" \/>\n<meta property=\"og:url\" content=\"https:\/\/portaltela.pt\/noticias\/2026\/04\/14\/padre-americano-acusa-trump-de-vaidade-e-idolatria-por-comparacao-com-jesus\/\" \/>\n<meta property=\"og:site_name\" content=\"Portal Tela Portugal\" \/>\n<meta property=\"article:published_time\" content=\"2026-04-14T23:17:13+00:00\" \/>\n<meta name=\"author\" content=\"Telinha\" \/>\n<meta name=\"twitter:card\" content=\"summary_large_image\" \/>\n<meta name=\"twitter:label1\" content=\"Escrito por\" \/>\n\t<meta name=\"twitter:data1\" content=\"Telinha\" \/>\n\t<meta name=\"twitter:label2\" content=\"Tempo estimado de leitura\" \/>\n\t<meta name=\"twitter:data2\" content=\"1 minuto\" \/>\n<script type=\"application\/ld+json\" class=\"yoast-schema-graph\">{\"@context\":\"https:\/\/schema.org\",\"@graph\":[{\"@type\":\"Article\",\"@id\":\"https:\/\/portaltela.pt\/noticias\/2026\/04\/14\/padre-americano-acusa-trump-de-vaidade-e-idolatria-por-comparacao-com-jesus\/#article\",\"isPartOf\":{\"@id\":\"https:\/\/portaltela.pt\/noticias\/2026\/04\/14\/padre-americano-acusa-trump-de-vaidade-e-idolatria-por-comparacao-com-jesus\/\"},\"author\":{\"name\":\"Telinha\",\"@id\":\"https:\/\/portaltela.pt\/#\/schema\/person\/c4278d4a6028830caff9ee44b42d32ed\"},\"headline\":\"Padre americano acusa Trump de vaidade e idolatria por compara\u00e7\u00e3o com Jesus\",\"datePublished\":\"2026-04-14T23:17:13+00:00\",\"mainEntityOfPage\":{\"@id\":\"https:\/\/portaltela.pt\/noticias\/2026\/04\/14\/padre-americano-acusa-trump-de-vaidade-e-idolatria-por-comparacao-com-jesus\/\"},\"wordCount\":178,\"image\":{\"@id\":\"https:\/\/portaltela.pt\/noticias\/2026\/04\/14\/padre-americano-acusa-trump-de-vaidade-e-idolatria-por-comparacao-com-jesus\/#primaryimage\"},\"thumbnailUrl\":\"https:\/\/portaltela.pt\/s.01k8rhncp4jt1\/2026\/04\/img_1500x1000uu2026-04-15-00-06-00-2278623.jpg\",\"keywords\":[\"_cat\u00f3lico\",\"_cat\u00f3licos\",\"_cristianismo\",\"_igreja\",\"_pol\u00edtica\",\"_religi\u00e3o\"],\"articleSection\":[\"Internacionais\",\"Pol\u00edtica\"],\"inLanguage\":\"pt-PT\"},{\"@type\":\"WebPage\",\"@id\":\"https:\/\/portaltela.pt\/noticias\/2026\/04\/14\/padre-americano-acusa-trump-de-vaidade-e-idolatria-por-comparacao-com-jesus\/\",\"url\":\"https:\/\/portaltela.pt\/noticias\/2026\/04\/14\/padre-americano-acusa-trump-de-vaidade-e-idolatria-por-comparacao-com-jesus\/\",\"name\":\"Padre americano acusa Trump de vaidade e idolatria por compara\u00e7\u00e3o com Jesus - Portal Tela Portugal\",\"isPartOf\":{\"@id\":\"https:\/\/portaltela.pt\/#website\"},\"primaryImageOfPage\":{\"@id\":\"https:\/\/portaltela.pt\/noticias\/2026\/04\/14\/padre-americano-acusa-trump-de-vaidade-e-idolatria-por-comparacao-com-jesus\/#primaryimage\"},\"image\":{\"@id\":\"https:\/\/portaltela.pt\/noticias\/2026\/04\/14\/padre-americano-acusa-trump-de-vaidade-e-idolatria-por-comparacao-com-jesus\/#primaryimage\"},\"thumbnailUrl\":\"https:\/\/portaltela.pt\/s.01k8rhncp4jt1\/2026\/04\/img_1500x1000uu2026-04-15-00-06-00-2278623.jpg\",\"datePublished\":\"2026-04-14T23:17:13+00:00\",\"author\":{\"@id\":\"https:\/\/portaltela.pt\/#\/schema\/person\/c4278d4a6028830caff9ee44b42d32ed\"},\"breadcrumb\":{\"@id\":\"https:\/\/portaltela.pt\/noticias\/2026\/04\/14\/padre-americano-acusa-trump-de-vaidade-e-idolatria-por-comparacao-com-jesus\/#breadcrumb\"},\"inLanguage\":\"pt-PT\",\"potentialAction\":[{\"@type\":\"ReadAction\",\"target\":[\"https:\/\/portaltela.pt\/noticias\/2026\/04\/14\/padre-americano-acusa-trump-de-vaidade-e-idolatria-por-comparacao-com-jesus\/\"]}]},{\"@type\":\"ImageObject\",\"inLanguage\":\"pt-PT\",\"@id\":\"https:\/\/portaltela.pt\/noticias\/2026\/04\/14\/padre-americano-acusa-trump-de-vaidade-e-idolatria-por-comparacao-com-jesus\/#primaryimage\",\"url\":\"https:\/\/portaltela.pt\/s.01k8rhncp4jt1\/2026\/04\/img_1500x1000uu2026-04-15-00-06-00-2278623.jpg\",\"contentUrl\":\"https:\/\/portaltela.pt\/s.01k8rhncp4jt1\/2026\/04\/img_1500x1000uu2026-04-15-00-06-00-2278623.jpg\",\"width\":796,\"height\":448,\"caption\":\"Padre jesu\u00edta norte-americano James Martin\"},{\"@type\":\"BreadcrumbList\",\"@id\":\"https:\/\/portaltela.pt\/noticias\/2026\/04\/14\/padre-americano-acusa-trump-de-vaidade-e-idolatria-por-comparacao-com-jesus\/#breadcrumb\",\"itemListElement\":[{\"@type\":\"ListItem\",\"position\":1,\"name\":\"In\u00edcio\",\"item\":\"https:\/\/portaltela.pt\/\"},{\"@type\":\"ListItem\",\"position\":2,\"name\":\"Padre americano acusa Trump de vaidade e idolatria por compara\u00e7\u00e3o com Jesus\"}]},{\"@type\":\"WebSite\",\"@id\":\"https:\/\/portaltela.pt\/#website\",\"url\":\"https:\/\/portaltela.pt\/\",\"name\":\"Portal Tela Portugal\",\"description\":\"\",\"potentialAction\":[{\"@type\":\"SearchAction\",\"target\":{\"@type\":\"EntryPoint\",\"urlTemplate\":\"https:\/\/portaltela.pt\/?s={search_term_string}\"},\"query-input\":{\"@type\":\"PropertyValueSpecification\",\"valueRequired\":true,\"valueName\":\"search_term_string\"}}],\"inLanguage\":\"pt-PT\"},{\"@type\":\"Person\",\"@id\":\"https:\/\/portaltela.pt\/#\/schema\/person\/c4278d4a6028830caff9ee44b42d32ed\",\"name\":\"Telinha\",\"image\":{\"@type\":\"ImageObject\",\"inLanguage\":\"pt-PT\",\"@id\":\"https:\/\/portaltela.pt\/s.01k8rhncp4jt1\/2025\/11\/talking-bot-125x125.png\",\"url\":\"https:\/\/portaltela.pt\/s.01k8rhncp4jt1\/2025\/11\/talking-bot-125x125.png\",\"contentUrl\":\"https:\/\/portaltela.pt\/s.01k8rhncp4jt1\/2025\/11\/talking-bot-125x125.png\",\"caption\":\"Telinha\"},\"sameAs\":[\"https:\/\/portaltela.pt\/\"],\"url\":\"https:\/\/portaltela.pt\/por\/367410592786\/\"}]}<\/script>\n<!-- \/ Yoast SEO plugin. -->","yoast_head_json":{"title":"Padre americano acusa Trump de vaidade e idolatria por compara\u00e7\u00e3o com Jesus - Portal Tela Portugal","robots":{"index":"index","follow":"follow","max-snippet":"max-snippet:-1","max-image-preview":"max-image-preview:large","max-video-preview":"max-video-preview:-1"},"og_locale":"pt_PT","og_type":"article","og_title":"Padre americano acusa Trump de vaidade e idolatria por compara\u00e7\u00e3o com Jesus - Portal Tela Portugal","og_description":"O padre jesu\u00edta James Martin, consultor do Dicast\u00e9rio para a Comunica\u00e7\u00e3o, criticou Donald Trump por partilhar uma imagem em que se apresentava como Jesus Cristo. Em entrevista \u00e0 Lusa, Martin descreveu a a\u00e7\u00e3o como vaidade, insanidade e idolatria. Para o sacerdote, a palavra blasf\u00e9mia foi a mais usada por crist\u00e3os conservadores, mas idolatria \u00e9 a mais adequada para descrever a situa\u00e7\u00e3o. O padre afirmou que o primeiro mandamento pro\u00edbe ter outros deuses al\u00e9m de Deus, incluindo Trump. Partilhar uma imagem de si mesmo como Jesus \u00e9 visto como idolatria e pode ofender crist\u00e3os.","og_url":"https:\/\/portaltela.pt\/noticias\/2026\/04\/14\/padre-americano-acusa-trump-de-vaidade-e-idolatria-por-comparacao-com-jesus\/","og_site_name":"Portal Tela Portugal","article_published_time":"2026-04-14T23:17:13+00:00","author":"Telinha","twitter_card":"summary_large_image","twitter_misc":{"Escrito por":"Telinha","Tempo estimado de leitura":"1 minuto"},"schema":{"@context":"https:\/\/schema.org","@graph":[{"@type":"Article","@id":"https:\/\/portaltela.pt\/noticias\/2026\/04\/14\/padre-americano-acusa-trump-de-vaidade-e-idolatria-por-comparacao-com-jesus\/#article","isPartOf":{"@id":"https:\/\/portaltela.pt\/noticias\/2026\/04\/14\/padre-americano-acusa-trump-de-vaidade-e-idolatria-por-comparacao-com-jesus\/"},"author":{"name":"Telinha","@id":"https:\/\/portaltela.pt\/#\/schema\/person\/c4278d4a6028830caff9ee44b42d32ed"},"headline":"Padre americano acusa Trump de vaidade e idolatria por compara\u00e7\u00e3o com Jesus","datePublished":"2026-04-14T23:17:13+00:00","mainEntityOfPage":{"@id":"https:\/\/portaltela.pt\/noticias\/2026\/04\/14\/padre-americano-acusa-trump-de-vaidade-e-idolatria-por-comparacao-com-jesus\/"},"wordCount":178,"image":{"@id":"https:\/\/portaltela.pt\/noticias\/2026\/04\/14\/padre-americano-acusa-trump-de-vaidade-e-idolatria-por-comparacao-com-jesus\/#primaryimage"},"thumbnailUrl":"https:\/\/portaltela.pt\/s.01k8rhncp4jt1\/2026\/04\/img_1500x1000uu2026-04-15-00-06-00-2278623.jpg","keywords":["_cat\u00f3lico","_cat\u00f3licos","_cristianismo","_igreja","_pol\u00edtica","_religi\u00e3o"],"articleSection":["Internacionais","Pol\u00edtica"],"inLanguage":"pt-PT"},{"@type":"WebPage","@id":"https:\/\/portaltela.pt\/noticias\/2026\/04\/14\/padre-americano-acusa-trump-de-vaidade-e-idolatria-por-comparacao-com-jesus\/","url":"https:\/\/portaltela.pt\/noticias\/2026\/04\/14\/padre-americano-acusa-trump-de-vaidade-e-idolatria-por-comparacao-com-jesus\/","name":"Padre americano acusa Trump de vaidade e idolatria por compara\u00e7\u00e3o com Jesus - Portal Tela Portugal","isPartOf":{"@id":"https:\/\/portaltela.pt\/#website"},"primaryImageOfPage":{"@id":"https:\/\/portaltela.pt\/noticias\/2026\/04\/14\/padre-americano-acusa-trump-de-vaidade-e-idolatria-por-comparacao-com-jesus\/#primaryimage"},"image":{"@id":"https:\/\/portaltela.pt\/noticias\/2026\/04\/14\/padre-americano-acusa-trump-de-vaidade-e-idolatria-por-comparacao-com-jesus\/#primaryimage"},"thumbnailUrl":"https:\/\/portaltela.pt\/s.01k8rhncp4jt1\/2026\/04\/img_1500x1000uu2026-04-15-00-06-00-2278623.jpg","datePublished":"2026-04-14T23:17:13+00:00","author":{"@id":"https:\/\/portaltela.pt\/#\/schema\/person\/c4278d4a6028830caff9ee44b42d32ed"},"breadcrumb":{"@id":"https:\/\/portaltela.pt\/noticias\/2026\/04\/14\/padre-americano-acusa-trump-de-vaidade-e-idolatria-por-comparacao-com-jesus\/#breadcrumb"},"inLanguage":"pt-PT","potentialAction":[{"@type":"ReadAction","target":["https:\/\/portaltela.pt\/noticias\/2026\/04\/14\/padre-americano-acusa-trump-de-vaidade-e-idolatria-por-comparacao-com-jesus\/"]}]},{"@type":"ImageObject","inLanguage":"pt-PT","@id":"https:\/\/portaltela.pt\/noticias\/2026\/04\/14\/padre-americano-acusa-trump-de-vaidade-e-idolatria-por-comparacao-com-jesus\/#primaryimage","url":"https:\/\/portaltela.pt\/s.01k8rhncp4jt1\/2026\/04\/img_1500x1000uu2026-04-15-00-06-00-2278623.jpg","contentUrl":"https:\/\/portaltela.pt\/s.01k8rhncp4jt1\/2026\/04\/img_1500x1000uu2026-04-15-00-06-00-2278623.jpg","width":796,"height":448,"caption":"Padre jesu\u00edta norte-americano James Martin"},{"@type":"BreadcrumbList","@id":"https:\/\/portaltela.pt\/noticias\/2026\/04\/14\/padre-americano-acusa-trump-de-vaidade-e-idolatria-por-comparacao-com-jesus\/#breadcrumb","itemListElement":[{"@type":"ListItem","position":1,"name":"In\u00edcio","item":"https:\/\/portaltela.pt\/"},{"@type":"ListItem","position":2,"name":"Padre americano acusa Trump de vaidade e idolatria por compara\u00e7\u00e3o com Jesus"}]},{"@type":"WebSite","@id":"https:\/\/portaltela.pt\/#website","url":"https:\/\/portaltela.pt\/","name":"Portal Tela Portugal","description":"","potentialAction":[{"@type":"SearchAction","target":{"@type":"EntryPoint","urlTemplate":"https:\/\/portaltela.pt\/?s={search_term_string}"},"query-input":{"@type":"PropertyValueSpecification","valueRequired":true,"valueName":"search_term_string"}}],"inLanguage":"pt-PT"},{"@type":"Person","@id":"https:\/\/portaltela.pt\/#\/schema\/person\/c4278d4a6028830caff9ee44b42d32ed","name":"Telinha","image":{"@type":"ImageObject","inLanguage":"pt-PT","@id":"https:\/\/portaltela.pt\/s.01k8rhncp4jt1\/2025\/11\/talking-bot-125x125.png","url":"https:\/\/portaltela.pt\/s.01k8rhncp4jt1\/2025\/11\/talking-bot-125x125.png","contentUrl":"https:\/\/portaltela.pt\/s.01k8rhncp4jt1\/2025\/11\/talking-bot-125x125.png","caption":"Telinha"},"sameAs":["https:\/\/portaltela.pt\/"],"url":"https:\/\/portaltela.pt\/por\/367410592786\/"}]}},"_links":{"self":[{"href":"https:\/\/portaltela.pt\/api\/wp\/v2\/posts\/444433","targetHints":{"allow":["GET"]}}],"collection":[{"href":"https:\/\/portaltela.pt\/api\/wp\/v2\/posts"}],"about":[{"href":"https:\/\/portaltela.pt\/api\/wp\/v2\/types\/post"}],"author":[{"embeddable":true,"href":"https:\/\/portaltela.pt\/api\/wp\/v2\/users\/2"}],"replies":[{"embeddable":true,"href":"https:\/\/portaltela.pt\/api\/wp\/v2\/comments?post=444433"}],"version-history":[{"count":0,"href":"https:\/\/portaltela.pt\/api\/wp\/v2\/posts\/444433\/revisions"}],"wp:featuredmedia":[{"embeddable":true,"href":"https:\/\/portaltela.pt\/api\/wp\/v2\/media\/444434"}],"wp:attachment":[{"href":"https:\/\/portaltela.pt\/api\/wp\/v2\/media?parent=444433"}],"wp:term":[{"taxonomy":"category","embeddable":true,"href":"https:\/\/portaltela.pt\/api\/wp\/v2\/categories?post=444433"},{"taxonomy":"post_tag","embeddable":true,"href":"https:\/\/portaltela.pt\/api\/wp\/v2\/tags?post=444433"}],"curies":[{"name":"wp","href":"https:\/\/api.w.org\/{rel}","templated":true}]}}