{"id":444393,"date":"2026-04-14T19:02:21","date_gmt":"2026-04-14T22:02:21","guid":{"rendered":"https:\/\/portaltela.pt\/noticias\/2026\/04\/14\/luis-duarte-costa-demite-se-da-direcao-da-urgencia-do-amadora-sintra\/"},"modified":"2026-04-14T19:02:21","modified_gmt":"2026-04-14T22:02:21","slug":"luis-duarte-costa-demite-se-da-direcao-da-urgencia-do-amadora-sintra","status":"publish","type":"post","link":"https:\/\/portaltela.pt\/saude\/2026\/04\/14\/luis-duarte-costa-demite-se-da-direcao-da-urgencia-do-amadora-sintra\/","title":{"rendered":"Lu\u00eds Duarte Costa demite-se da dire\u00e7\u00e3o da urg\u00eancia do Amadora-Sintra"},"content":{"rendered":"<p>O presidente da Sociedade Portuguesa de Medicina Interna, Lu\u00eds Duarte Costa, entregou a demiss\u00e3o do cargo de director do Servi\u00e7o de Urg\u00eancia Geral (SUG) da Unidade Local de Sa\u00fade Amadora-Sintra, no final de Fevereiro. A decis\u00e3o surgiu numa altura em que n\u00e3o foi poss\u00edvel cumprir o plano de redu\u00e7\u00e3o de doentes internados no al\u00edvio daquele servi\u00e7o.<\/p>\n<p>Segundo o m\u00e9dico, o grande obst\u00e1culo \u00e9 a impossibilidade de drenar os pacientes internados de forma eficaz para enfermarias. Com as equipas de urg\u00eancia dedicadas a vigiar os casos cadastrados no dia, ficam presas aos 75 internados permanentes.<\/p>\n<p>O internista aponta que uma parte relevante do problema s\u00e3o casos sociais, que representam cerca de um quarto dos internamentos, devido \u00e0 limita\u00e7\u00e3o da dimens\u00e3o do hospital para a popula\u00e7\u00e3o que serve.<\/p>\n<h3>Desdobramentos internos<\/h3>\n<p>Entre as solu\u00e7\u00f5es discutidas estavam respostas espec\u00edficas para casos sociais, um eventual hospital social e a utiliza\u00e7\u00e3o de camas dispon\u00edveis no Hospital de Sintra. Contudo, essas medidas n\u00e3o chegaram a ser implementadas.<\/p>\n<p>A 9 de Mar\u00e7o, a ULS Amadora-Sintra criou uma Comiss\u00e3o de Gest\u00e3o do Servi\u00e7o de Urg\u00eancia, com oito m\u00e9dicos, que permanece em fun\u00e7\u00f5es at\u00e9 \u00e0 nomea\u00e7\u00e3o de um novo director. A institui\u00e7\u00e3o n\u00e3o anunciou prazos para essa nomea\u00e7\u00e3o.<\/p>\n<p>Sobre a press\u00e3o na urg\u00eancia, o antigo director afirma que a escassez de profissionais n\u00e3o \u00e9 a raiz do problema: muitos m\u00e9dicos acabam por ficar presos aos doentes internados, o que reduz a capacidade de atendimento di\u00e1rio.<\/p>\n<p>Lu\u00eds Duarte Costa sustenta que o fen\u00f3meno persiste h\u00e1 d\u00e9cadas e contribui para a sa\u00edda de profissionais, dificultando a atra\u00e7\u00e3o de novos m\u00e9dicos. O respons\u00e1vel aponta a necessidade de reorganizar servi\u00e7os para reduzir a depend\u00eancia de camas no servi\u00e7o de urg\u00eancia.<\/p>\n<p>O m\u00e9dico defende refor\u00e7ar o papel da medicina interna e o trabalho em equipas multidisciplinares, com foco na organiza\u00e7\u00e3o centrada no doente e na integra\u00e7\u00e3o com cuidados prim\u00e1rios, para reduzir a press\u00e3o sobre as urg\u00eancias.<\/p>\n","protected":false},"excerpt":{"rendered":"<ul>\n<li>O presidente da Sociedade Portuguesa de Medicina Interna, Lu\u00eds Duarte Costa, demitiu-se no final de Fevereiro do cargo de diretor do Servi\u00e7o de Urg\u00eancia Geral da Unidade Local de Sa\u00fade Amadora-Sintra.<\/li>\n<li>A demiss\u00e3o decorre da impossibilidade de reduzir o n\u00famero de doentes internados no SUG, uma das principais causas da press\u00e3o sobre as urg\u00eancias.<\/li>\n<li>O problema central \u00e9 a incapacidade de drenar os doentes para enfermarias, com muitos permanecendo internados por quest\u00f5es sociais, o que representava 25% dos internamentos.<\/li>\n<li>Discutiu-se a cria\u00e7\u00e3o de respostas para casos sociais, eventual hospital social e o uso das 60 camas do Hospital de Sintra, mas n\u00e3o foi poss\u00edvel implementar.<\/li>\n<li>Em 9 de mar\u00e7o, a ULS Amadora-Sintra nomeou uma Comiss\u00e3o de Gest\u00e3o do SUG, composta por oito m\u00e9dicos, que permanece em fun\u00e7\u00f5es at\u00e9 \u00e0 nomea\u00e7\u00e3o de um novo director.<\/li>\n<\/ul>\n","protected":false},"author":2,"featured_media":444396,"comment_status":"closed","ping_status":"closed","sticky":false,"template":"","format":"standard","meta":{"footnotes":""},"categories":[6745],"tags":[7927,1439,1041,1401,271,1899],"class_list":["post-444393","post","type-post","status-publish","format-standard","has-post-thumbnail","hentry","category-saude","tag-_administracao-publica","tag-amadora","tag-comissoes","tag-medicina-interna","tag-saude-publica","tag-urgencias"],"yoast_head":"<!-- This site is optimized with the Yoast SEO plugin v27.2 - https:\/\/yoast.com\/product\/yoast-seo-wordpress\/ -->\n<title>Lu\u00eds Duarte Costa demite-se da dire\u00e7\u00e3o da urg\u00eancia do Amadora-Sintra - Portal Tela Portugal<\/title>\n<meta name=\"robots\" content=\"index, follow, max-snippet:-1, max-image-preview:large, max-video-preview:-1\" \/>\n<meta property=\"og:locale\" content=\"pt_PT\" \/>\n<meta property=\"og:type\" content=\"article\" \/>\n<meta property=\"og:title\" content=\"Lu\u00eds Duarte Costa demite-se da dire\u00e7\u00e3o da urg\u00eancia do Amadora-Sintra - Portal Tela Portugal\" \/>\n<meta property=\"og:description\" content=\"O presidente da Sociedade Portuguesa de Medicina Interna, Lu\u00eds Duarte Costa, demitiu-se no final de Fevereiro do cargo de diretor do Servi\u00e7o de Urg\u00eancia Geral da Unidade Local de Sa\u00fade Amadora-Sintra. A demiss\u00e3o decorre da impossibilidade de reduzir o n\u00famero de doentes internados no SUG, uma das principais causas da press\u00e3o sobre as urg\u00eancias. O problema central \u00e9 a incapacidade de drenar os doentes para enfermarias, com muitos permanecendo internados por quest\u00f5es sociais, o que representava 25% dos internamentos. Discutiu-se a cria\u00e7\u00e3o de respostas para casos sociais, eventual hospital social e o uso das 60 camas do Hospital de Sintra, mas n\u00e3o foi poss\u00edvel implementar. Em 9 de mar\u00e7o, a ULS Amadora-Sintra nomeou uma Comiss\u00e3o de Gest\u00e3o do SUG, composta por oito m\u00e9dicos, que permanece em fun\u00e7\u00f5es at\u00e9 \u00e0 nomea\u00e7\u00e3o de um novo director.\" \/>\n<meta property=\"og:url\" content=\"https:\/\/portaltela.pt\/noticias\/2026\/04\/14\/luis-duarte-costa-demite-se-da-direcao-da-urgencia-do-amadora-sintra\/\" \/>\n<meta property=\"og:site_name\" content=\"Portal Tela Portugal\" \/>\n<meta property=\"article:published_time\" content=\"2026-04-14T22:02:21+00:00\" \/>\n<meta name=\"author\" content=\"Telinha\" \/>\n<meta name=\"twitter:card\" content=\"summary_large_image\" \/>\n<meta name=\"twitter:label1\" content=\"Escrito por\" \/>\n\t<meta name=\"twitter:data1\" content=\"Telinha\" \/>\n\t<meta name=\"twitter:label2\" content=\"Tempo estimado de leitura\" \/>\n\t<meta name=\"twitter:data2\" content=\"2 minutos\" \/>\n<script type=\"application\/ld+json\" class=\"yoast-schema-graph\">{\"@context\":\"https:\/\/schema.org\",\"@graph\":[{\"@type\":\"Article\",\"@id\":\"https:\/\/portaltela.pt\/noticias\/2026\/04\/14\/luis-duarte-costa-demite-se-da-direcao-da-urgencia-do-amadora-sintra\/#article\",\"isPartOf\":{\"@id\":\"https:\/\/portaltela.pt\/noticias\/2026\/04\/14\/luis-duarte-costa-demite-se-da-direcao-da-urgencia-do-amadora-sintra\/\"},\"author\":{\"name\":\"Telinha\",\"@id\":\"https:\/\/portaltela.pt\/#\/schema\/person\/c4278d4a6028830caff9ee44b42d32ed\"},\"headline\":\"Lu\u00eds Duarte Costa demite-se da dire\u00e7\u00e3o da urg\u00eancia do Amadora-Sintra\",\"datePublished\":\"2026-04-14T22:02:21+00:00\",\"mainEntityOfPage\":{\"@id\":\"https:\/\/portaltela.pt\/noticias\/2026\/04\/14\/luis-duarte-costa-demite-se-da-direcao-da-urgencia-do-amadora-sintra\/\"},\"wordCount\":375,\"image\":{\"@id\":\"https:\/\/portaltela.pt\/noticias\/2026\/04\/14\/luis-duarte-costa-demite-se-da-direcao-da-urgencia-do-amadora-sintra\/#primaryimage\"},\"thumbnailUrl\":\"https:\/\/portaltela.pt\/s.01k8rhncp4jt1\/2026\/04\/2081363.jpg\",\"keywords\":[\"_administra\u00e7\u00e3o p\u00fablica\",\"Amadora\",\"comiss\u00f5es\",\"Medicina Interna\",\"sa\u00fade p\u00fablica\",\"urg\u00eancias\"],\"articleSection\":[\"Sa\u00fade\"],\"inLanguage\":\"pt-PT\"},{\"@type\":\"WebPage\",\"@id\":\"https:\/\/portaltela.pt\/noticias\/2026\/04\/14\/luis-duarte-costa-demite-se-da-direcao-da-urgencia-do-amadora-sintra\/\",\"url\":\"https:\/\/portaltela.pt\/noticias\/2026\/04\/14\/luis-duarte-costa-demite-se-da-direcao-da-urgencia-do-amadora-sintra\/\",\"name\":\"Lu\u00eds Duarte Costa demite-se da dire\u00e7\u00e3o da urg\u00eancia do Amadora-Sintra - Portal Tela Portugal\",\"isPartOf\":{\"@id\":\"https:\/\/portaltela.pt\/#website\"},\"primaryImageOfPage\":{\"@id\":\"https:\/\/portaltela.pt\/noticias\/2026\/04\/14\/luis-duarte-costa-demite-se-da-direcao-da-urgencia-do-amadora-sintra\/#primaryimage\"},\"image\":{\"@id\":\"https:\/\/portaltela.pt\/noticias\/2026\/04\/14\/luis-duarte-costa-demite-se-da-direcao-da-urgencia-do-amadora-sintra\/#primaryimage\"},\"thumbnailUrl\":\"https:\/\/portaltela.pt\/s.01k8rhncp4jt1\/2026\/04\/2081363.jpg\",\"datePublished\":\"2026-04-14T22:02:21+00:00\",\"author\":{\"@id\":\"https:\/\/portaltela.pt\/#\/schema\/person\/c4278d4a6028830caff9ee44b42d32ed\"},\"breadcrumb\":{\"@id\":\"https:\/\/portaltela.pt\/noticias\/2026\/04\/14\/luis-duarte-costa-demite-se-da-direcao-da-urgencia-do-amadora-sintra\/#breadcrumb\"},\"inLanguage\":\"pt-PT\",\"potentialAction\":[{\"@type\":\"ReadAction\",\"target\":[\"https:\/\/portaltela.pt\/noticias\/2026\/04\/14\/luis-duarte-costa-demite-se-da-direcao-da-urgencia-do-amadora-sintra\/\"]}]},{\"@type\":\"ImageObject\",\"inLanguage\":\"pt-PT\",\"@id\":\"https:\/\/portaltela.pt\/noticias\/2026\/04\/14\/luis-duarte-costa-demite-se-da-direcao-da-urgencia-do-amadora-sintra\/#primaryimage\",\"url\":\"https:\/\/portaltela.pt\/s.01k8rhncp4jt1\/2026\/04\/2081363.jpg\",\"contentUrl\":\"https:\/\/portaltela.pt\/s.01k8rhncp4jt1\/2026\/04\/2081363.jpg\",\"width\":796,\"height\":448,\"caption\":\"ULS Amadora-Sintra nomeou em 9 de Mar\u00e7o uma Comiss\u00e3o de Gest\u00e3o do Servi\u00e7o de Urg\u00eancia, constitu\u00edda por oito m\u00e9dicos, que se mant\u00e9m em fun\u00e7\u00f5es at\u00e9 \u00e0 nomea\u00e7\u00e3o de um novo director\"},{\"@type\":\"BreadcrumbList\",\"@id\":\"https:\/\/portaltela.pt\/noticias\/2026\/04\/14\/luis-duarte-costa-demite-se-da-direcao-da-urgencia-do-amadora-sintra\/#breadcrumb\",\"itemListElement\":[{\"@type\":\"ListItem\",\"position\":1,\"name\":\"In\u00edcio\",\"item\":\"https:\/\/portaltela.pt\/\"},{\"@type\":\"ListItem\",\"position\":2,\"name\":\"Lu\u00eds Duarte Costa demite-se da dire\u00e7\u00e3o da urg\u00eancia do Amadora-Sintra\"}]},{\"@type\":\"WebSite\",\"@id\":\"https:\/\/portaltela.pt\/#website\",\"url\":\"https:\/\/portaltela.pt\/\",\"name\":\"Portal Tela Portugal\",\"description\":\"\",\"potentialAction\":[{\"@type\":\"SearchAction\",\"target\":{\"@type\":\"EntryPoint\",\"urlTemplate\":\"https:\/\/portaltela.pt\/?s={search_term_string}\"},\"query-input\":{\"@type\":\"PropertyValueSpecification\",\"valueRequired\":true,\"valueName\":\"search_term_string\"}}],\"inLanguage\":\"pt-PT\"},{\"@type\":\"Person\",\"@id\":\"https:\/\/portaltela.pt\/#\/schema\/person\/c4278d4a6028830caff9ee44b42d32ed\",\"name\":\"Telinha\",\"image\":{\"@type\":\"ImageObject\",\"inLanguage\":\"pt-PT\",\"@id\":\"https:\/\/portaltela.pt\/s.01k8rhncp4jt1\/2025\/11\/talking-bot-125x125.png\",\"url\":\"https:\/\/portaltela.pt\/s.01k8rhncp4jt1\/2025\/11\/talking-bot-125x125.png\",\"contentUrl\":\"https:\/\/portaltela.pt\/s.01k8rhncp4jt1\/2025\/11\/talking-bot-125x125.png\",\"caption\":\"Telinha\"},\"sameAs\":[\"https:\/\/portaltela.pt\/\"],\"url\":\"https:\/\/portaltela.pt\/por\/367410592786\/\"}]}<\/script>\n<!-- \/ Yoast SEO plugin. -->","yoast_head_json":{"title":"Lu\u00eds Duarte Costa demite-se da dire\u00e7\u00e3o da urg\u00eancia do Amadora-Sintra - Portal Tela Portugal","robots":{"index":"index","follow":"follow","max-snippet":"max-snippet:-1","max-image-preview":"max-image-preview:large","max-video-preview":"max-video-preview:-1"},"og_locale":"pt_PT","og_type":"article","og_title":"Lu\u00eds Duarte Costa demite-se da dire\u00e7\u00e3o da urg\u00eancia do Amadora-Sintra - Portal Tela Portugal","og_description":"O presidente da Sociedade Portuguesa de Medicina Interna, Lu\u00eds Duarte Costa, demitiu-se no final de Fevereiro do cargo de diretor do Servi\u00e7o de Urg\u00eancia Geral da Unidade Local de Sa\u00fade Amadora-Sintra. A demiss\u00e3o decorre da impossibilidade de reduzir o n\u00famero de doentes internados no SUG, uma das principais causas da press\u00e3o sobre as urg\u00eancias. O problema central \u00e9 a incapacidade de drenar os doentes para enfermarias, com muitos permanecendo internados por quest\u00f5es sociais, o que representava 25% dos internamentos. Discutiu-se a cria\u00e7\u00e3o de respostas para casos sociais, eventual hospital social e o uso das 60 camas do Hospital de Sintra, mas n\u00e3o foi poss\u00edvel implementar. Em 9 de mar\u00e7o, a ULS Amadora-Sintra nomeou uma Comiss\u00e3o de Gest\u00e3o do SUG, composta por oito m\u00e9dicos, que permanece em fun\u00e7\u00f5es at\u00e9 \u00e0 nomea\u00e7\u00e3o de um novo director.","og_url":"https:\/\/portaltela.pt\/noticias\/2026\/04\/14\/luis-duarte-costa-demite-se-da-direcao-da-urgencia-do-amadora-sintra\/","og_site_name":"Portal Tela Portugal","article_published_time":"2026-04-14T22:02:21+00:00","author":"Telinha","twitter_card":"summary_large_image","twitter_misc":{"Escrito por":"Telinha","Tempo estimado de leitura":"2 minutos"},"schema":{"@context":"https:\/\/schema.org","@graph":[{"@type":"Article","@id":"https:\/\/portaltela.pt\/noticias\/2026\/04\/14\/luis-duarte-costa-demite-se-da-direcao-da-urgencia-do-amadora-sintra\/#article","isPartOf":{"@id":"https:\/\/portaltela.pt\/noticias\/2026\/04\/14\/luis-duarte-costa-demite-se-da-direcao-da-urgencia-do-amadora-sintra\/"},"author":{"name":"Telinha","@id":"https:\/\/portaltela.pt\/#\/schema\/person\/c4278d4a6028830caff9ee44b42d32ed"},"headline":"Lu\u00eds Duarte Costa demite-se da dire\u00e7\u00e3o da urg\u00eancia do Amadora-Sintra","datePublished":"2026-04-14T22:02:21+00:00","mainEntityOfPage":{"@id":"https:\/\/portaltela.pt\/noticias\/2026\/04\/14\/luis-duarte-costa-demite-se-da-direcao-da-urgencia-do-amadora-sintra\/"},"wordCount":375,"image":{"@id":"https:\/\/portaltela.pt\/noticias\/2026\/04\/14\/luis-duarte-costa-demite-se-da-direcao-da-urgencia-do-amadora-sintra\/#primaryimage"},"thumbnailUrl":"https:\/\/portaltela.pt\/s.01k8rhncp4jt1\/2026\/04\/2081363.jpg","keywords":["_administra\u00e7\u00e3o p\u00fablica","Amadora","comiss\u00f5es","Medicina Interna","sa\u00fade p\u00fablica","urg\u00eancias"],"articleSection":["Sa\u00fade"],"inLanguage":"pt-PT"},{"@type":"WebPage","@id":"https:\/\/portaltela.pt\/noticias\/2026\/04\/14\/luis-duarte-costa-demite-se-da-direcao-da-urgencia-do-amadora-sintra\/","url":"https:\/\/portaltela.pt\/noticias\/2026\/04\/14\/luis-duarte-costa-demite-se-da-direcao-da-urgencia-do-amadora-sintra\/","name":"Lu\u00eds Duarte Costa demite-se da dire\u00e7\u00e3o da urg\u00eancia do Amadora-Sintra - Portal Tela Portugal","isPartOf":{"@id":"https:\/\/portaltela.pt\/#website"},"primaryImageOfPage":{"@id":"https:\/\/portaltela.pt\/noticias\/2026\/04\/14\/luis-duarte-costa-demite-se-da-direcao-da-urgencia-do-amadora-sintra\/#primaryimage"},"image":{"@id":"https:\/\/portaltela.pt\/noticias\/2026\/04\/14\/luis-duarte-costa-demite-se-da-direcao-da-urgencia-do-amadora-sintra\/#primaryimage"},"thumbnailUrl":"https:\/\/portaltela.pt\/s.01k8rhncp4jt1\/2026\/04\/2081363.jpg","datePublished":"2026-04-14T22:02:21+00:00","author":{"@id":"https:\/\/portaltela.pt\/#\/schema\/person\/c4278d4a6028830caff9ee44b42d32ed"},"breadcrumb":{"@id":"https:\/\/portaltela.pt\/noticias\/2026\/04\/14\/luis-duarte-costa-demite-se-da-direcao-da-urgencia-do-amadora-sintra\/#breadcrumb"},"inLanguage":"pt-PT","potentialAction":[{"@type":"ReadAction","target":["https:\/\/portaltela.pt\/noticias\/2026\/04\/14\/luis-duarte-costa-demite-se-da-direcao-da-urgencia-do-amadora-sintra\/"]}]},{"@type":"ImageObject","inLanguage":"pt-PT","@id":"https:\/\/portaltela.pt\/noticias\/2026\/04\/14\/luis-duarte-costa-demite-se-da-direcao-da-urgencia-do-amadora-sintra\/#primaryimage","url":"https:\/\/portaltela.pt\/s.01k8rhncp4jt1\/2026\/04\/2081363.jpg","contentUrl":"https:\/\/portaltela.pt\/s.01k8rhncp4jt1\/2026\/04\/2081363.jpg","width":796,"height":448,"caption":"ULS Amadora-Sintra nomeou em 9 de Mar\u00e7o uma Comiss\u00e3o de Gest\u00e3o do Servi\u00e7o de Urg\u00eancia, constitu\u00edda por oito m\u00e9dicos, que se mant\u00e9m em fun\u00e7\u00f5es at\u00e9 \u00e0 nomea\u00e7\u00e3o de um novo director"},{"@type":"BreadcrumbList","@id":"https:\/\/portaltela.pt\/noticias\/2026\/04\/14\/luis-duarte-costa-demite-se-da-direcao-da-urgencia-do-amadora-sintra\/#breadcrumb","itemListElement":[{"@type":"ListItem","position":1,"name":"In\u00edcio","item":"https:\/\/portaltela.pt\/"},{"@type":"ListItem","position":2,"name":"Lu\u00eds Duarte Costa demite-se da dire\u00e7\u00e3o da urg\u00eancia do Amadora-Sintra"}]},{"@type":"WebSite","@id":"https:\/\/portaltela.pt\/#website","url":"https:\/\/portaltela.pt\/","name":"Portal Tela Portugal","description":"","potentialAction":[{"@type":"SearchAction","target":{"@type":"EntryPoint","urlTemplate":"https:\/\/portaltela.pt\/?s={search_term_string}"},"query-input":{"@type":"PropertyValueSpecification","valueRequired":true,"valueName":"search_term_string"}}],"inLanguage":"pt-PT"},{"@type":"Person","@id":"https:\/\/portaltela.pt\/#\/schema\/person\/c4278d4a6028830caff9ee44b42d32ed","name":"Telinha","image":{"@type":"ImageObject","inLanguage":"pt-PT","@id":"https:\/\/portaltela.pt\/s.01k8rhncp4jt1\/2025\/11\/talking-bot-125x125.png","url":"https:\/\/portaltela.pt\/s.01k8rhncp4jt1\/2025\/11\/talking-bot-125x125.png","contentUrl":"https:\/\/portaltela.pt\/s.01k8rhncp4jt1\/2025\/11\/talking-bot-125x125.png","caption":"Telinha"},"sameAs":["https:\/\/portaltela.pt\/"],"url":"https:\/\/portaltela.pt\/por\/367410592786\/"}]}},"_links":{"self":[{"href":"https:\/\/portaltela.pt\/api\/wp\/v2\/posts\/444393","targetHints":{"allow":["GET"]}}],"collection":[{"href":"https:\/\/portaltela.pt\/api\/wp\/v2\/posts"}],"about":[{"href":"https:\/\/portaltela.pt\/api\/wp\/v2\/types\/post"}],"author":[{"embeddable":true,"href":"https:\/\/portaltela.pt\/api\/wp\/v2\/users\/2"}],"replies":[{"embeddable":true,"href":"https:\/\/portaltela.pt\/api\/wp\/v2\/comments?post=444393"}],"version-history":[{"count":0,"href":"https:\/\/portaltela.pt\/api\/wp\/v2\/posts\/444393\/revisions"}],"wp:featuredmedia":[{"embeddable":true,"href":"https:\/\/portaltela.pt\/api\/wp\/v2\/media\/444396"}],"wp:attachment":[{"href":"https:\/\/portaltela.pt\/api\/wp\/v2\/media?parent=444393"}],"wp:term":[{"taxonomy":"category","embeddable":true,"href":"https:\/\/portaltela.pt\/api\/wp\/v2\/categories?post=444393"},{"taxonomy":"post_tag","embeddable":true,"href":"https:\/\/portaltela.pt\/api\/wp\/v2\/tags?post=444393"}],"curies":[{"name":"wp","href":"https:\/\/api.w.org\/{rel}","templated":true}]}}