{"id":444379,"date":"2026-04-14T18:46:53","date_gmt":"2026-04-14T21:46:53","guid":{"rendered":"https:\/\/portaltela.pt\/noticias\/2026\/04\/14\/diretor-geral-confirma-casos-de-contaminacao-por-ameijoa-japonesa-do-tejo\/"},"modified":"2026-04-14T18:46:53","modified_gmt":"2026-04-14T21:46:53","slug":"diretor-geral-confirma-casos-de-contaminacao-por-ameijoa-japonesa-do-tejo","status":"publish","type":"post","link":"https:\/\/portaltela.pt\/saude\/2026\/04\/14\/diretor-geral-confirma-casos-de-contaminacao-por-ameijoa-japonesa-do-tejo\/","title":{"rendered":"Diretor-geral confirma casos de contamina\u00e7\u00e3o por am\u00eaijoa japonesa do Tejo"},"content":{"rendered":"<p>O diretor-geral afirmou hoje que t\u00eam ocorrido casos de contamina\u00e7\u00e3o pela ingest\u00e3o de am\u00eaijoa japonesa do Tejo. A informa\u00e7\u00e3o foi partilhada em declara\u00e7\u00f5es \u00e0 nossa fonte, sem indicar n\u00fameros absolutos ou per\u00edodos espec\u00edficos.<\/p>\n<p>Segundo o respons\u00e1vel, os casos envolvem consumo da am\u00eaijoa japonesa recolhida no estu\u00e1rio do Tejo, sem mencionar marcas ou lotes. A autoridade sanit\u00e1ria n\u00e3o divulgou detalhes adicionais de defesa ou de sa\u00fade p\u00fablica.<\/p>\n<p>O conte\u00fado completo da not\u00edcia encontra-se dispon\u00edvel apenas para subscritores. A nossa publica\u00e7\u00e3o destaca apenas a informa\u00e7\u00e3o j\u00e1 tornada p\u00fablica pelo diretor-geral e mant\u00e9m o foco em dados verificados at\u00e9 ao momento. Fontes n\u00e3o identificadas n\u00e3o foram citadas neste texto.<\/p>\n","protected":false},"excerpt":{"rendered":"<ul>\n<li>O diretor-geral afirmou que t\u00eam havido casos de contamina\u00e7\u00e3o pela ingest\u00e3o de am\u00eaijoa japonesa do Tejo.<\/li>\n<li>A not\u00edcia indica que tal contamina\u00e7\u00e3o estaria associada ao consumo deste molusco no Tejo.<\/li>\n<li>O conte\u00fado completo da mat\u00e9ria est\u00e1 dispon\u00edvel apenas para subscritores.<\/li>\n<li>A mensagem destaca a necessidade de aten\u00e7\u00e3o ao consumo de am\u00eaijoa japonesa proveniente do Tejo.<\/li>\n<\/ul>\n","protected":false},"author":2,"featured_media":444382,"comment_status":"closed","ping_status":"closed","sticky":false,"template":"","format":"standard","meta":{"footnotes":""},"categories":[7371,6745],"tags":[7955,3289,167,5103,4320,2408],"class_list":["post-444379","post","type-post","status-publish","format-standard","has-post-thumbnail","hentry","category-medicina","category-saude","tag-_saude-publica","tag-alimentos","tag-ambiente","tag-contaminacoes","tag-peixes","tag-tejo"],"yoast_head":"<!-- This site is optimized with the Yoast SEO plugin v27.2 - https:\/\/yoast.com\/product\/yoast-seo-wordpress\/ -->\n<title>Diretor-geral confirma casos de contamina\u00e7\u00e3o por am\u00eaijoa japonesa do Tejo - Portal Tela Portugal<\/title>\n<meta name=\"robots\" content=\"index, follow, max-snippet:-1, max-image-preview:large, max-video-preview:-1\" \/>\n<meta property=\"og:locale\" content=\"pt_PT\" \/>\n<meta property=\"og:type\" content=\"article\" \/>\n<meta property=\"og:title\" content=\"Diretor-geral confirma casos de contamina\u00e7\u00e3o por am\u00eaijoa japonesa do Tejo - Portal Tela Portugal\" \/>\n<meta property=\"og:description\" content=\"O diretor-geral afirmou que t\u00eam havido casos de contamina\u00e7\u00e3o pela ingest\u00e3o de am\u00eaijoa japonesa do Tejo. A not\u00edcia indica que tal contamina\u00e7\u00e3o estaria associada ao consumo deste molusco no Tejo. O conte\u00fado completo da mat\u00e9ria est\u00e1 dispon\u00edvel apenas para subscritores. A mensagem destaca a necessidade de aten\u00e7\u00e3o ao consumo de am\u00eaijoa japonesa proveniente do Tejo.\" \/>\n<meta property=\"og:url\" content=\"https:\/\/portaltela.pt\/noticias\/2026\/04\/14\/diretor-geral-confirma-casos-de-contaminacao-por-ameijoa-japonesa-do-tejo\/\" \/>\n<meta property=\"og:site_name\" content=\"Portal Tela Portugal\" \/>\n<meta property=\"article:published_time\" content=\"2026-04-14T21:46:53+00:00\" \/>\n<meta name=\"author\" content=\"Telinha\" \/>\n<meta name=\"twitter:card\" content=\"summary_large_image\" \/>\n<meta name=\"twitter:label1\" content=\"Escrito por\" \/>\n\t<meta name=\"twitter:data1\" content=\"Telinha\" \/>\n\t<meta name=\"twitter:label2\" content=\"Tempo estimado de leitura\" \/>\n\t<meta name=\"twitter:data2\" content=\"1 minuto\" \/>\n<script type=\"application\/ld+json\" class=\"yoast-schema-graph\">{\"@context\":\"https:\/\/schema.org\",\"@graph\":[{\"@type\":\"Article\",\"@id\":\"https:\/\/portaltela.pt\/noticias\/2026\/04\/14\/diretor-geral-confirma-casos-de-contaminacao-por-ameijoa-japonesa-do-tejo\/#article\",\"isPartOf\":{\"@id\":\"https:\/\/portaltela.pt\/noticias\/2026\/04\/14\/diretor-geral-confirma-casos-de-contaminacao-por-ameijoa-japonesa-do-tejo\/\"},\"author\":{\"name\":\"Telinha\",\"@id\":\"https:\/\/portaltela.pt\/#\/schema\/person\/c4278d4a6028830caff9ee44b42d32ed\"},\"headline\":\"Diretor-geral confirma casos de contamina\u00e7\u00e3o por am\u00eaijoa japonesa do Tejo\",\"datePublished\":\"2026-04-14T21:46:53+00:00\",\"mainEntityOfPage\":{\"@id\":\"https:\/\/portaltela.pt\/noticias\/2026\/04\/14\/diretor-geral-confirma-casos-de-contaminacao-por-ameijoa-japonesa-do-tejo\/\"},\"wordCount\":142,\"image\":{\"@id\":\"https:\/\/portaltela.pt\/noticias\/2026\/04\/14\/diretor-geral-confirma-casos-de-contaminacao-por-ameijoa-japonesa-do-tejo\/#primaryimage\"},\"thumbnailUrl\":\"https:\/\/portaltela.pt\/s.01k8rhncp4jt1\/2026\/04\/CACHE_780X1200_ANALOG_WATERMARKED_42293269_3266515_09022024114539.jpg\",\"keywords\":[\"_sa\u00fade p\u00fablica\",\"alimentos\",\"ambiente\",\"contamina\u00e7\u00f5es\",\"Peixes\",\"Tejo\"],\"articleSection\":[\"Medicina\",\"Sa\u00fade\"],\"inLanguage\":\"pt-PT\"},{\"@type\":\"WebPage\",\"@id\":\"https:\/\/portaltela.pt\/noticias\/2026\/04\/14\/diretor-geral-confirma-casos-de-contaminacao-por-ameijoa-japonesa-do-tejo\/\",\"url\":\"https:\/\/portaltela.pt\/noticias\/2026\/04\/14\/diretor-geral-confirma-casos-de-contaminacao-por-ameijoa-japonesa-do-tejo\/\",\"name\":\"Diretor-geral confirma casos de contamina\u00e7\u00e3o por am\u00eaijoa japonesa do Tejo - Portal Tela Portugal\",\"isPartOf\":{\"@id\":\"https:\/\/portaltela.pt\/#website\"},\"primaryImageOfPage\":{\"@id\":\"https:\/\/portaltela.pt\/noticias\/2026\/04\/14\/diretor-geral-confirma-casos-de-contaminacao-por-ameijoa-japonesa-do-tejo\/#primaryimage\"},\"image\":{\"@id\":\"https:\/\/portaltela.pt\/noticias\/2026\/04\/14\/diretor-geral-confirma-casos-de-contaminacao-por-ameijoa-japonesa-do-tejo\/#primaryimage\"},\"thumbnailUrl\":\"https:\/\/portaltela.pt\/s.01k8rhncp4jt1\/2026\/04\/CACHE_780X1200_ANALOG_WATERMARKED_42293269_3266515_09022024114539.jpg\",\"datePublished\":\"2026-04-14T21:46:53+00:00\",\"author\":{\"@id\":\"https:\/\/portaltela.pt\/#\/schema\/person\/c4278d4a6028830caff9ee44b42d32ed\"},\"breadcrumb\":{\"@id\":\"https:\/\/portaltela.pt\/noticias\/2026\/04\/14\/diretor-geral-confirma-casos-de-contaminacao-por-ameijoa-japonesa-do-tejo\/#breadcrumb\"},\"inLanguage\":\"pt-PT\",\"potentialAction\":[{\"@type\":\"ReadAction\",\"target\":[\"https:\/\/portaltela.pt\/noticias\/2026\/04\/14\/diretor-geral-confirma-casos-de-contaminacao-por-ameijoa-japonesa-do-tejo\/\"]}]},{\"@type\":\"ImageObject\",\"inLanguage\":\"pt-PT\",\"@id\":\"https:\/\/portaltela.pt\/noticias\/2026\/04\/14\/diretor-geral-confirma-casos-de-contaminacao-por-ameijoa-japonesa-do-tejo\/#primaryimage\",\"url\":\"https:\/\/portaltela.pt\/s.01k8rhncp4jt1\/2026\/04\/CACHE_780X1200_ANALOG_WATERMARKED_42293269_3266515_09022024114539.jpg\",\"contentUrl\":\"https:\/\/portaltela.pt\/s.01k8rhncp4jt1\/2026\/04\/CACHE_780X1200_ANALOG_WATERMARKED_42293269_3266515_09022024114539.jpg\",\"width\":796,\"height\":448,\"caption\":\"Diretor-geral diz que tem havido casos de contamina\u00e7\u00e3o pela ingest\u00e3o de am\u00eaijoa japonesa do Tejo\"},{\"@type\":\"BreadcrumbList\",\"@id\":\"https:\/\/portaltela.pt\/noticias\/2026\/04\/14\/diretor-geral-confirma-casos-de-contaminacao-por-ameijoa-japonesa-do-tejo\/#breadcrumb\",\"itemListElement\":[{\"@type\":\"ListItem\",\"position\":1,\"name\":\"In\u00edcio\",\"item\":\"https:\/\/portaltela.pt\/\"},{\"@type\":\"ListItem\",\"position\":2,\"name\":\"Diretor-geral confirma casos de contamina\u00e7\u00e3o por am\u00eaijoa japonesa do Tejo\"}]},{\"@type\":\"WebSite\",\"@id\":\"https:\/\/portaltela.pt\/#website\",\"url\":\"https:\/\/portaltela.pt\/\",\"name\":\"Portal Tela Portugal\",\"description\":\"\",\"potentialAction\":[{\"@type\":\"SearchAction\",\"target\":{\"@type\":\"EntryPoint\",\"urlTemplate\":\"https:\/\/portaltela.pt\/?s={search_term_string}\"},\"query-input\":{\"@type\":\"PropertyValueSpecification\",\"valueRequired\":true,\"valueName\":\"search_term_string\"}}],\"inLanguage\":\"pt-PT\"},{\"@type\":\"Person\",\"@id\":\"https:\/\/portaltela.pt\/#\/schema\/person\/c4278d4a6028830caff9ee44b42d32ed\",\"name\":\"Telinha\",\"image\":{\"@type\":\"ImageObject\",\"inLanguage\":\"pt-PT\",\"@id\":\"https:\/\/portaltela.pt\/s.01k8rhncp4jt1\/2025\/11\/talking-bot-125x125.png\",\"url\":\"https:\/\/portaltela.pt\/s.01k8rhncp4jt1\/2025\/11\/talking-bot-125x125.png\",\"contentUrl\":\"https:\/\/portaltela.pt\/s.01k8rhncp4jt1\/2025\/11\/talking-bot-125x125.png\",\"caption\":\"Telinha\"},\"sameAs\":[\"https:\/\/portaltela.pt\/\"],\"url\":\"https:\/\/portaltela.pt\/por\/367410592786\/\"}]}<\/script>\n<!-- \/ Yoast SEO plugin. -->","yoast_head_json":{"title":"Diretor-geral confirma casos de contamina\u00e7\u00e3o por am\u00eaijoa japonesa do Tejo - Portal Tela Portugal","robots":{"index":"index","follow":"follow","max-snippet":"max-snippet:-1","max-image-preview":"max-image-preview:large","max-video-preview":"max-video-preview:-1"},"og_locale":"pt_PT","og_type":"article","og_title":"Diretor-geral confirma casos de contamina\u00e7\u00e3o por am\u00eaijoa japonesa do Tejo - Portal Tela Portugal","og_description":"O diretor-geral afirmou que t\u00eam havido casos de contamina\u00e7\u00e3o pela ingest\u00e3o de am\u00eaijoa japonesa do Tejo. A not\u00edcia indica que tal contamina\u00e7\u00e3o estaria associada ao consumo deste molusco no Tejo. O conte\u00fado completo da mat\u00e9ria est\u00e1 dispon\u00edvel apenas para subscritores. A mensagem destaca a necessidade de aten\u00e7\u00e3o ao consumo de am\u00eaijoa japonesa proveniente do Tejo.","og_url":"https:\/\/portaltela.pt\/noticias\/2026\/04\/14\/diretor-geral-confirma-casos-de-contaminacao-por-ameijoa-japonesa-do-tejo\/","og_site_name":"Portal Tela Portugal","article_published_time":"2026-04-14T21:46:53+00:00","author":"Telinha","twitter_card":"summary_large_image","twitter_misc":{"Escrito por":"Telinha","Tempo estimado de leitura":"1 minuto"},"schema":{"@context":"https:\/\/schema.org","@graph":[{"@type":"Article","@id":"https:\/\/portaltela.pt\/noticias\/2026\/04\/14\/diretor-geral-confirma-casos-de-contaminacao-por-ameijoa-japonesa-do-tejo\/#article","isPartOf":{"@id":"https:\/\/portaltela.pt\/noticias\/2026\/04\/14\/diretor-geral-confirma-casos-de-contaminacao-por-ameijoa-japonesa-do-tejo\/"},"author":{"name":"Telinha","@id":"https:\/\/portaltela.pt\/#\/schema\/person\/c4278d4a6028830caff9ee44b42d32ed"},"headline":"Diretor-geral confirma casos de contamina\u00e7\u00e3o por am\u00eaijoa japonesa do Tejo","datePublished":"2026-04-14T21:46:53+00:00","mainEntityOfPage":{"@id":"https:\/\/portaltela.pt\/noticias\/2026\/04\/14\/diretor-geral-confirma-casos-de-contaminacao-por-ameijoa-japonesa-do-tejo\/"},"wordCount":142,"image":{"@id":"https:\/\/portaltela.pt\/noticias\/2026\/04\/14\/diretor-geral-confirma-casos-de-contaminacao-por-ameijoa-japonesa-do-tejo\/#primaryimage"},"thumbnailUrl":"https:\/\/portaltela.pt\/s.01k8rhncp4jt1\/2026\/04\/CACHE_780X1200_ANALOG_WATERMARKED_42293269_3266515_09022024114539.jpg","keywords":["_sa\u00fade p\u00fablica","alimentos","ambiente","contamina\u00e7\u00f5es","Peixes","Tejo"],"articleSection":["Medicina","Sa\u00fade"],"inLanguage":"pt-PT"},{"@type":"WebPage","@id":"https:\/\/portaltela.pt\/noticias\/2026\/04\/14\/diretor-geral-confirma-casos-de-contaminacao-por-ameijoa-japonesa-do-tejo\/","url":"https:\/\/portaltela.pt\/noticias\/2026\/04\/14\/diretor-geral-confirma-casos-de-contaminacao-por-ameijoa-japonesa-do-tejo\/","name":"Diretor-geral confirma casos de contamina\u00e7\u00e3o por am\u00eaijoa japonesa do Tejo - Portal Tela Portugal","isPartOf":{"@id":"https:\/\/portaltela.pt\/#website"},"primaryImageOfPage":{"@id":"https:\/\/portaltela.pt\/noticias\/2026\/04\/14\/diretor-geral-confirma-casos-de-contaminacao-por-ameijoa-japonesa-do-tejo\/#primaryimage"},"image":{"@id":"https:\/\/portaltela.pt\/noticias\/2026\/04\/14\/diretor-geral-confirma-casos-de-contaminacao-por-ameijoa-japonesa-do-tejo\/#primaryimage"},"thumbnailUrl":"https:\/\/portaltela.pt\/s.01k8rhncp4jt1\/2026\/04\/CACHE_780X1200_ANALOG_WATERMARKED_42293269_3266515_09022024114539.jpg","datePublished":"2026-04-14T21:46:53+00:00","author":{"@id":"https:\/\/portaltela.pt\/#\/schema\/person\/c4278d4a6028830caff9ee44b42d32ed"},"breadcrumb":{"@id":"https:\/\/portaltela.pt\/noticias\/2026\/04\/14\/diretor-geral-confirma-casos-de-contaminacao-por-ameijoa-japonesa-do-tejo\/#breadcrumb"},"inLanguage":"pt-PT","potentialAction":[{"@type":"ReadAction","target":["https:\/\/portaltela.pt\/noticias\/2026\/04\/14\/diretor-geral-confirma-casos-de-contaminacao-por-ameijoa-japonesa-do-tejo\/"]}]},{"@type":"ImageObject","inLanguage":"pt-PT","@id":"https:\/\/portaltela.pt\/noticias\/2026\/04\/14\/diretor-geral-confirma-casos-de-contaminacao-por-ameijoa-japonesa-do-tejo\/#primaryimage","url":"https:\/\/portaltela.pt\/s.01k8rhncp4jt1\/2026\/04\/CACHE_780X1200_ANALOG_WATERMARKED_42293269_3266515_09022024114539.jpg","contentUrl":"https:\/\/portaltela.pt\/s.01k8rhncp4jt1\/2026\/04\/CACHE_780X1200_ANALOG_WATERMARKED_42293269_3266515_09022024114539.jpg","width":796,"height":448,"caption":"Diretor-geral diz que tem havido casos de contamina\u00e7\u00e3o pela ingest\u00e3o de am\u00eaijoa japonesa do Tejo"},{"@type":"BreadcrumbList","@id":"https:\/\/portaltela.pt\/noticias\/2026\/04\/14\/diretor-geral-confirma-casos-de-contaminacao-por-ameijoa-japonesa-do-tejo\/#breadcrumb","itemListElement":[{"@type":"ListItem","position":1,"name":"In\u00edcio","item":"https:\/\/portaltela.pt\/"},{"@type":"ListItem","position":2,"name":"Diretor-geral confirma casos de contamina\u00e7\u00e3o por am\u00eaijoa japonesa do Tejo"}]},{"@type":"WebSite","@id":"https:\/\/portaltela.pt\/#website","url":"https:\/\/portaltela.pt\/","name":"Portal Tela Portugal","description":"","potentialAction":[{"@type":"SearchAction","target":{"@type":"EntryPoint","urlTemplate":"https:\/\/portaltela.pt\/?s={search_term_string}"},"query-input":{"@type":"PropertyValueSpecification","valueRequired":true,"valueName":"search_term_string"}}],"inLanguage":"pt-PT"},{"@type":"Person","@id":"https:\/\/portaltela.pt\/#\/schema\/person\/c4278d4a6028830caff9ee44b42d32ed","name":"Telinha","image":{"@type":"ImageObject","inLanguage":"pt-PT","@id":"https:\/\/portaltela.pt\/s.01k8rhncp4jt1\/2025\/11\/talking-bot-125x125.png","url":"https:\/\/portaltela.pt\/s.01k8rhncp4jt1\/2025\/11\/talking-bot-125x125.png","contentUrl":"https:\/\/portaltela.pt\/s.01k8rhncp4jt1\/2025\/11\/talking-bot-125x125.png","caption":"Telinha"},"sameAs":["https:\/\/portaltela.pt\/"],"url":"https:\/\/portaltela.pt\/por\/367410592786\/"}]}},"_links":{"self":[{"href":"https:\/\/portaltela.pt\/api\/wp\/v2\/posts\/444379","targetHints":{"allow":["GET"]}}],"collection":[{"href":"https:\/\/portaltela.pt\/api\/wp\/v2\/posts"}],"about":[{"href":"https:\/\/portaltela.pt\/api\/wp\/v2\/types\/post"}],"author":[{"embeddable":true,"href":"https:\/\/portaltela.pt\/api\/wp\/v2\/users\/2"}],"replies":[{"embeddable":true,"href":"https:\/\/portaltela.pt\/api\/wp\/v2\/comments?post=444379"}],"version-history":[{"count":0,"href":"https:\/\/portaltela.pt\/api\/wp\/v2\/posts\/444379\/revisions"}],"wp:featuredmedia":[{"embeddable":true,"href":"https:\/\/portaltela.pt\/api\/wp\/v2\/media\/444382"}],"wp:attachment":[{"href":"https:\/\/portaltela.pt\/api\/wp\/v2\/media?parent=444379"}],"wp:term":[{"taxonomy":"category","embeddable":true,"href":"https:\/\/portaltela.pt\/api\/wp\/v2\/categories?post=444379"},{"taxonomy":"post_tag","embeddable":true,"href":"https:\/\/portaltela.pt\/api\/wp\/v2\/tags?post=444379"}],"curies":[{"name":"wp","href":"https:\/\/api.w.org\/{rel}","templated":true}]}}