{"id":444375,"date":"2026-04-14T18:32:27","date_gmt":"2026-04-14T21:32:27","guid":{"rendered":"https:\/\/portaltela.pt\/noticias\/2026\/04\/14\/dugarry-critica-cherki-e-questiona-atitude-dos-colegas\/"},"modified":"2026-04-14T18:32:27","modified_gmt":"2026-04-14T21:32:27","slug":"dugarry-critica-cherki-e-questiona-atitude-dos-colegas","status":"publish","type":"post","link":"https:\/\/portaltela.pt\/desporto\/futebol\/2026\/04\/14\/dugarry-critica-cherki-e-questiona-atitude-dos-colegas\/","title":{"rendered":"Dugarry critica Cherki e questiona atitude dos colegas"},"content":{"rendered":"<p>Christophe Dugarry, antigo internacional franc\u00eas, voltou a comentar Rayan Cherki, atualmente associado ao Manchester City pela imprensa inglesa e pelo treinador Pep Guardiola. O ex-jogador n\u00e3o deixou passar em branco o crescimento recente do gaul\u00eas.<\/p>\n<p>Dugarry questionou o que diferencia Cherki dos demais, questionando o estilo e se os outros estariam cegos ou a ser menosprezados. Perguntas sobre quem ele \u00e9 em rela\u00e7\u00e3o a peers como Olise, Dou\u00e9 ou Barcola ficaram em evid\u00eancia.<\/p>\n<p>O antigo internacional prosseguiu, ao alegar que Cherki n\u00e3o deve ser visto apenas como artista quando toca na bola. Segundo ele, \u00e9 necess\u00e1rio que o jogador seja mais eficiente no seu rendimento global em campo.<\/p>\n<p>Ainda segundo as observa\u00e7\u00f5es, o coment\u00e1rio de Guardiola sobre Cherki, bem como a pr\u00f3pria afirma\u00e7\u00e3o do jogador sobre a necessidade de press\u00e3o, s\u00e3o vistos como pontos de refer\u00eancia para entender o que se espera no futebol moderno.<\/p>\n","protected":false},"excerpt":{"rendered":"<ul>\n<li>Christophe Dugarry, antigo internacional franc\u00eas, questiona o estilo de Rayan Cherki e o destaque na imprensa inglesa.<\/li>\n<li>O ex-jogador pergunta qual \u00e9 o estilo de Cherki e se ele \u00e9 diferente dos outros, questionando se \u00e9 tratado de forma especial.<\/li>\n<li>Dugarry pergunta se Cherki \u00e9 melhor do que Olise, Dou\u00e9 ou Barcola.<\/li>\n<li>Afirma que Cherki n\u00e3o pode ser visto apenas como o artista por tocar na bola.<\/li>\n<li>Menciona que Pep Guardiola j\u00e1 falou sobre a necessidade de Cherki pressionar mais, algo essencial no futebol moderno.<\/li>\n<\/ul>\n","protected":false},"author":2,"featured_media":444377,"comment_status":"closed","ping_status":"closed","sticky":false,"template":"","format":"standard","meta":{"footnotes":""},"categories":[21,24],"tags":[152,32,3338,7897,242,6959],"class_list":["post-444375","post","type-post","status-publish","format-standard","has-post-thumbnail","hentry","category-desporto","category-futebol","tag-desporto","tag-futebol","tag-futebol-internacional","tag-guardiola","tag-jogadores","tag-jogadores-internacionais"],"yoast_head":"<!-- This site is optimized with the Yoast SEO plugin v27.2 - https:\/\/yoast.com\/product\/yoast-seo-wordpress\/ -->\n<title>Dugarry critica Cherki e questiona atitude dos colegas - Portal Tela Portugal<\/title>\n<meta name=\"robots\" content=\"index, follow, max-snippet:-1, max-image-preview:large, max-video-preview:-1\" \/>\n<meta property=\"og:locale\" content=\"pt_PT\" \/>\n<meta property=\"og:type\" content=\"article\" \/>\n<meta property=\"og:title\" content=\"Dugarry critica Cherki e questiona atitude dos colegas - Portal Tela Portugal\" \/>\n<meta property=\"og:description\" content=\"Christophe Dugarry, antigo internacional franc\u00eas, questiona o estilo de Rayan Cherki e o destaque na imprensa inglesa. O ex-jogador pergunta qual \u00e9 o estilo de Cherki e se ele \u00e9 diferente dos outros, questionando se \u00e9 tratado de forma especial. Dugarry pergunta se Cherki \u00e9 melhor do que Olise, Dou\u00e9 ou Barcola. Afirma que Cherki n\u00e3o pode ser visto apenas como o artista por tocar na bola. Menciona que Pep Guardiola j\u00e1 falou sobre a necessidade de Cherki pressionar mais, algo essencial no futebol moderno.\" \/>\n<meta property=\"og:url\" content=\"https:\/\/portaltela.pt\/noticias\/2026\/04\/14\/dugarry-critica-cherki-e-questiona-atitude-dos-colegas\/\" \/>\n<meta property=\"og:site_name\" content=\"Portal Tela Portugal\" \/>\n<meta property=\"article:published_time\" content=\"2026-04-14T21:32:27+00:00\" \/>\n<meta name=\"author\" content=\"Telinha\" \/>\n<meta name=\"twitter:card\" content=\"summary_large_image\" \/>\n<meta name=\"twitter:label1\" content=\"Escrito por\" \/>\n\t<meta name=\"twitter:data1\" content=\"Telinha\" \/>\n\t<meta name=\"twitter:label2\" content=\"Tempo estimado de leitura\" \/>\n\t<meta name=\"twitter:data2\" content=\"1 minuto\" \/>\n<script type=\"application\/ld+json\" class=\"yoast-schema-graph\">{\"@context\":\"https:\/\/schema.org\",\"@graph\":[{\"@type\":\"Article\",\"@id\":\"https:\/\/portaltela.pt\/noticias\/2026\/04\/14\/dugarry-critica-cherki-e-questiona-atitude-dos-colegas\/#article\",\"isPartOf\":{\"@id\":\"https:\/\/portaltela.pt\/noticias\/2026\/04\/14\/dugarry-critica-cherki-e-questiona-atitude-dos-colegas\/\"},\"author\":{\"name\":\"Telinha\",\"@id\":\"https:\/\/portaltela.pt\/#\/schema\/person\/c4278d4a6028830caff9ee44b42d32ed\"},\"headline\":\"Dugarry critica Cherki e questiona atitude dos colegas\",\"datePublished\":\"2026-04-14T21:32:27+00:00\",\"mainEntityOfPage\":{\"@id\":\"https:\/\/portaltela.pt\/noticias\/2026\/04\/14\/dugarry-critica-cherki-e-questiona-atitude-dos-colegas\/\"},\"wordCount\":165,\"image\":{\"@id\":\"https:\/\/portaltela.pt\/noticias\/2026\/04\/14\/dugarry-critica-cherki-e-questiona-atitude-dos-colegas\/#primaryimage\"},\"thumbnailUrl\":\"https:\/\/portaltela.pt\/s.01k8rhncp4jt1\/2026\/04\/img_1200x721uu2026-04-14-22-28-22-2433076.jpg\",\"keywords\":[\"desporto\",\"futebol\",\"futebol internacional\",\"Guardiola\",\"jogadores\",\"jogadores internacionais\"],\"articleSection\":[\"Desporto\",\"Futebol\"],\"inLanguage\":\"pt-PT\"},{\"@type\":\"WebPage\",\"@id\":\"https:\/\/portaltela.pt\/noticias\/2026\/04\/14\/dugarry-critica-cherki-e-questiona-atitude-dos-colegas\/\",\"url\":\"https:\/\/portaltela.pt\/noticias\/2026\/04\/14\/dugarry-critica-cherki-e-questiona-atitude-dos-colegas\/\",\"name\":\"Dugarry critica Cherki e questiona atitude dos colegas - Portal Tela Portugal\",\"isPartOf\":{\"@id\":\"https:\/\/portaltela.pt\/#website\"},\"primaryImageOfPage\":{\"@id\":\"https:\/\/portaltela.pt\/noticias\/2026\/04\/14\/dugarry-critica-cherki-e-questiona-atitude-dos-colegas\/#primaryimage\"},\"image\":{\"@id\":\"https:\/\/portaltela.pt\/noticias\/2026\/04\/14\/dugarry-critica-cherki-e-questiona-atitude-dos-colegas\/#primaryimage\"},\"thumbnailUrl\":\"https:\/\/portaltela.pt\/s.01k8rhncp4jt1\/2026\/04\/img_1200x721uu2026-04-14-22-28-22-2433076.jpg\",\"datePublished\":\"2026-04-14T21:32:27+00:00\",\"author\":{\"@id\":\"https:\/\/portaltela.pt\/#\/schema\/person\/c4278d4a6028830caff9ee44b42d32ed\"},\"breadcrumb\":{\"@id\":\"https:\/\/portaltela.pt\/noticias\/2026\/04\/14\/dugarry-critica-cherki-e-questiona-atitude-dos-colegas\/#breadcrumb\"},\"inLanguage\":\"pt-PT\",\"potentialAction\":[{\"@type\":\"ReadAction\",\"target\":[\"https:\/\/portaltela.pt\/noticias\/2026\/04\/14\/dugarry-critica-cherki-e-questiona-atitude-dos-colegas\/\"]}]},{\"@type\":\"ImageObject\",\"inLanguage\":\"pt-PT\",\"@id\":\"https:\/\/portaltela.pt\/noticias\/2026\/04\/14\/dugarry-critica-cherki-e-questiona-atitude-dos-colegas\/#primaryimage\",\"url\":\"https:\/\/portaltela.pt\/s.01k8rhncp4jt1\/2026\/04\/img_1200x721uu2026-04-14-22-28-22-2433076.jpg\",\"contentUrl\":\"https:\/\/portaltela.pt\/s.01k8rhncp4jt1\/2026\/04\/img_1200x721uu2026-04-14-22-28-22-2433076.jpg\",\"width\":796,\"height\":448,\"caption\":\"Cherki em destaque por Fran\u00e7a\"},{\"@type\":\"BreadcrumbList\",\"@id\":\"https:\/\/portaltela.pt\/noticias\/2026\/04\/14\/dugarry-critica-cherki-e-questiona-atitude-dos-colegas\/#breadcrumb\",\"itemListElement\":[{\"@type\":\"ListItem\",\"position\":1,\"name\":\"In\u00edcio\",\"item\":\"https:\/\/portaltela.pt\/\"},{\"@type\":\"ListItem\",\"position\":2,\"name\":\"Dugarry critica Cherki e questiona atitude dos colegas\"}]},{\"@type\":\"WebSite\",\"@id\":\"https:\/\/portaltela.pt\/#website\",\"url\":\"https:\/\/portaltela.pt\/\",\"name\":\"Portal Tela Portugal\",\"description\":\"\",\"potentialAction\":[{\"@type\":\"SearchAction\",\"target\":{\"@type\":\"EntryPoint\",\"urlTemplate\":\"https:\/\/portaltela.pt\/?s={search_term_string}\"},\"query-input\":{\"@type\":\"PropertyValueSpecification\",\"valueRequired\":true,\"valueName\":\"search_term_string\"}}],\"inLanguage\":\"pt-PT\"},{\"@type\":\"Person\",\"@id\":\"https:\/\/portaltela.pt\/#\/schema\/person\/c4278d4a6028830caff9ee44b42d32ed\",\"name\":\"Telinha\",\"image\":{\"@type\":\"ImageObject\",\"inLanguage\":\"pt-PT\",\"@id\":\"https:\/\/portaltela.pt\/s.01k8rhncp4jt1\/2025\/11\/talking-bot-125x125.png\",\"url\":\"https:\/\/portaltela.pt\/s.01k8rhncp4jt1\/2025\/11\/talking-bot-125x125.png\",\"contentUrl\":\"https:\/\/portaltela.pt\/s.01k8rhncp4jt1\/2025\/11\/talking-bot-125x125.png\",\"caption\":\"Telinha\"},\"sameAs\":[\"https:\/\/portaltela.pt\/\"],\"url\":\"https:\/\/portaltela.pt\/por\/367410592786\/\"}]}<\/script>\n<!-- \/ Yoast SEO plugin. -->","yoast_head_json":{"title":"Dugarry critica Cherki e questiona atitude dos colegas - Portal Tela Portugal","robots":{"index":"index","follow":"follow","max-snippet":"max-snippet:-1","max-image-preview":"max-image-preview:large","max-video-preview":"max-video-preview:-1"},"og_locale":"pt_PT","og_type":"article","og_title":"Dugarry critica Cherki e questiona atitude dos colegas - Portal Tela Portugal","og_description":"Christophe Dugarry, antigo internacional franc\u00eas, questiona o estilo de Rayan Cherki e o destaque na imprensa inglesa. O ex-jogador pergunta qual \u00e9 o estilo de Cherki e se ele \u00e9 diferente dos outros, questionando se \u00e9 tratado de forma especial. Dugarry pergunta se Cherki \u00e9 melhor do que Olise, Dou\u00e9 ou Barcola. Afirma que Cherki n\u00e3o pode ser visto apenas como o artista por tocar na bola. Menciona que Pep Guardiola j\u00e1 falou sobre a necessidade de Cherki pressionar mais, algo essencial no futebol moderno.","og_url":"https:\/\/portaltela.pt\/noticias\/2026\/04\/14\/dugarry-critica-cherki-e-questiona-atitude-dos-colegas\/","og_site_name":"Portal Tela Portugal","article_published_time":"2026-04-14T21:32:27+00:00","author":"Telinha","twitter_card":"summary_large_image","twitter_misc":{"Escrito por":"Telinha","Tempo estimado de leitura":"1 minuto"},"schema":{"@context":"https:\/\/schema.org","@graph":[{"@type":"Article","@id":"https:\/\/portaltela.pt\/noticias\/2026\/04\/14\/dugarry-critica-cherki-e-questiona-atitude-dos-colegas\/#article","isPartOf":{"@id":"https:\/\/portaltela.pt\/noticias\/2026\/04\/14\/dugarry-critica-cherki-e-questiona-atitude-dos-colegas\/"},"author":{"name":"Telinha","@id":"https:\/\/portaltela.pt\/#\/schema\/person\/c4278d4a6028830caff9ee44b42d32ed"},"headline":"Dugarry critica Cherki e questiona atitude dos colegas","datePublished":"2026-04-14T21:32:27+00:00","mainEntityOfPage":{"@id":"https:\/\/portaltela.pt\/noticias\/2026\/04\/14\/dugarry-critica-cherki-e-questiona-atitude-dos-colegas\/"},"wordCount":165,"image":{"@id":"https:\/\/portaltela.pt\/noticias\/2026\/04\/14\/dugarry-critica-cherki-e-questiona-atitude-dos-colegas\/#primaryimage"},"thumbnailUrl":"https:\/\/portaltela.pt\/s.01k8rhncp4jt1\/2026\/04\/img_1200x721uu2026-04-14-22-28-22-2433076.jpg","keywords":["desporto","futebol","futebol internacional","Guardiola","jogadores","jogadores internacionais"],"articleSection":["Desporto","Futebol"],"inLanguage":"pt-PT"},{"@type":"WebPage","@id":"https:\/\/portaltela.pt\/noticias\/2026\/04\/14\/dugarry-critica-cherki-e-questiona-atitude-dos-colegas\/","url":"https:\/\/portaltela.pt\/noticias\/2026\/04\/14\/dugarry-critica-cherki-e-questiona-atitude-dos-colegas\/","name":"Dugarry critica Cherki e questiona atitude dos colegas - Portal Tela Portugal","isPartOf":{"@id":"https:\/\/portaltela.pt\/#website"},"primaryImageOfPage":{"@id":"https:\/\/portaltela.pt\/noticias\/2026\/04\/14\/dugarry-critica-cherki-e-questiona-atitude-dos-colegas\/#primaryimage"},"image":{"@id":"https:\/\/portaltela.pt\/noticias\/2026\/04\/14\/dugarry-critica-cherki-e-questiona-atitude-dos-colegas\/#primaryimage"},"thumbnailUrl":"https:\/\/portaltela.pt\/s.01k8rhncp4jt1\/2026\/04\/img_1200x721uu2026-04-14-22-28-22-2433076.jpg","datePublished":"2026-04-14T21:32:27+00:00","author":{"@id":"https:\/\/portaltela.pt\/#\/schema\/person\/c4278d4a6028830caff9ee44b42d32ed"},"breadcrumb":{"@id":"https:\/\/portaltela.pt\/noticias\/2026\/04\/14\/dugarry-critica-cherki-e-questiona-atitude-dos-colegas\/#breadcrumb"},"inLanguage":"pt-PT","potentialAction":[{"@type":"ReadAction","target":["https:\/\/portaltela.pt\/noticias\/2026\/04\/14\/dugarry-critica-cherki-e-questiona-atitude-dos-colegas\/"]}]},{"@type":"ImageObject","inLanguage":"pt-PT","@id":"https:\/\/portaltela.pt\/noticias\/2026\/04\/14\/dugarry-critica-cherki-e-questiona-atitude-dos-colegas\/#primaryimage","url":"https:\/\/portaltela.pt\/s.01k8rhncp4jt1\/2026\/04\/img_1200x721uu2026-04-14-22-28-22-2433076.jpg","contentUrl":"https:\/\/portaltela.pt\/s.01k8rhncp4jt1\/2026\/04\/img_1200x721uu2026-04-14-22-28-22-2433076.jpg","width":796,"height":448,"caption":"Cherki em destaque por Fran\u00e7a"},{"@type":"BreadcrumbList","@id":"https:\/\/portaltela.pt\/noticias\/2026\/04\/14\/dugarry-critica-cherki-e-questiona-atitude-dos-colegas\/#breadcrumb","itemListElement":[{"@type":"ListItem","position":1,"name":"In\u00edcio","item":"https:\/\/portaltela.pt\/"},{"@type":"ListItem","position":2,"name":"Dugarry critica Cherki e questiona atitude dos colegas"}]},{"@type":"WebSite","@id":"https:\/\/portaltela.pt\/#website","url":"https:\/\/portaltela.pt\/","name":"Portal Tela Portugal","description":"","potentialAction":[{"@type":"SearchAction","target":{"@type":"EntryPoint","urlTemplate":"https:\/\/portaltela.pt\/?s={search_term_string}"},"query-input":{"@type":"PropertyValueSpecification","valueRequired":true,"valueName":"search_term_string"}}],"inLanguage":"pt-PT"},{"@type":"Person","@id":"https:\/\/portaltela.pt\/#\/schema\/person\/c4278d4a6028830caff9ee44b42d32ed","name":"Telinha","image":{"@type":"ImageObject","inLanguage":"pt-PT","@id":"https:\/\/portaltela.pt\/s.01k8rhncp4jt1\/2025\/11\/talking-bot-125x125.png","url":"https:\/\/portaltela.pt\/s.01k8rhncp4jt1\/2025\/11\/talking-bot-125x125.png","contentUrl":"https:\/\/portaltela.pt\/s.01k8rhncp4jt1\/2025\/11\/talking-bot-125x125.png","caption":"Telinha"},"sameAs":["https:\/\/portaltela.pt\/"],"url":"https:\/\/portaltela.pt\/por\/367410592786\/"}]}},"_links":{"self":[{"href":"https:\/\/portaltela.pt\/api\/wp\/v2\/posts\/444375","targetHints":{"allow":["GET"]}}],"collection":[{"href":"https:\/\/portaltela.pt\/api\/wp\/v2\/posts"}],"about":[{"href":"https:\/\/portaltela.pt\/api\/wp\/v2\/types\/post"}],"author":[{"embeddable":true,"href":"https:\/\/portaltela.pt\/api\/wp\/v2\/users\/2"}],"replies":[{"embeddable":true,"href":"https:\/\/portaltela.pt\/api\/wp\/v2\/comments?post=444375"}],"version-history":[{"count":0,"href":"https:\/\/portaltela.pt\/api\/wp\/v2\/posts\/444375\/revisions"}],"wp:featuredmedia":[{"embeddable":true,"href":"https:\/\/portaltela.pt\/api\/wp\/v2\/media\/444377"}],"wp:attachment":[{"href":"https:\/\/portaltela.pt\/api\/wp\/v2\/media?parent=444375"}],"wp:term":[{"taxonomy":"category","embeddable":true,"href":"https:\/\/portaltela.pt\/api\/wp\/v2\/categories?post=444375"},{"taxonomy":"post_tag","embeddable":true,"href":"https:\/\/portaltela.pt\/api\/wp\/v2\/tags?post=444375"}],"curies":[{"name":"wp","href":"https:\/\/api.w.org\/{rel}","templated":true}]}}