{"id":444371,"date":"2026-04-14T18:32:21","date_gmt":"2026-04-14T21:32:21","guid":{"rendered":"https:\/\/portaltela.pt\/noticias\/2026\/04\/14\/nuno-mendes-lesiona-se-no-apuramento-do-psg-para-as-meias-finais-barcelona-cai\/"},"modified":"2026-04-14T18:32:21","modified_gmt":"2026-04-14T21:32:21","slug":"nuno-mendes-lesiona-se-no-apuramento-do-psg-para-as-meias-finais-barcelona-cai","status":"publish","type":"post","link":"https:\/\/portaltela.pt\/desporto\/futebol\/2026\/04\/14\/nuno-mendes-lesiona-se-no-apuramento-do-psg-para-as-meias-finais-barcelona-cai\/","title":{"rendered":"Nuno Mendes lesiona-se no apuramento do PSG para as meias-finais; Barcelona cai"},"content":{"rendered":"<p>No Stade de France, PSG assegurou presen\u00e7a nas meias-finais da Liga dos Campe\u00f5es ao derrotar o Liverpool por 2-0, assegurando uma vantagem de 2-0 na eliminat\u00f3ria. Vitinha, Jo\u00e3o Neves e Nuno Mendes estiveram em jogo at\u00e9 aos 38 minutos, quando o defesa foi substitu\u00eddo devido a uma poss\u00edvel les\u00e3o muscular. O golo decisivo surgiu aos 72 minutos por Demb\u00e9l\u00e9, que fechou o marcador aos 90+1. O PSG consolidou a vit\u00f3ria na eliminat\u00f3ria, mantendo-se entre os quatro grandes da competi\u00e7\u00e3o.<\/p>\n<p>No outro duelo, em Madrid, o Atl\u00e9tico de Madrid venceu o Barcelona por 1-0, repetindo o resultado alcan\u00e7ado na primeira m\u00e3o e garantiu a qualifica\u00e7\u00e3o com golos marcados fora. Lamine Yamal e Ferran Torres adiantaram-se no marcador para o Barcelona, mas o Atl\u00e9tico respondeu com Lookman ainda na primeira parte e segurou a vantagem na segunda. O Bar\u00e7a viu uma expuls\u00e3o de Eric Garcia aos 80 minutos, complicando a recupera\u00e7\u00e3o na eliminat\u00f3ria.<\/p>\n<h3>PSG e Atl\u00e9tico garantem lugares nas meias-finais<\/h3>\n<ul>\n<li>No global, PSG e Atl\u00e9tico de Madrid avan\u00e7aram para as meias-finais da Liga dos Campe\u00f5es, deixando para tr\u00e1s Liverpool e Barcelona.<\/li>\n<li>O Liverpool foi eliminado por 0-4 no agregado, ap\u00f3s a derrota de 0-2 em Paris. Demb\u00e9l\u00e9 fechou o agregado aos 90+1 do segundo tempo.<\/li>\n<li>O Barcelona ficou fora ap\u00f3s o 3-2 agregado, apesar de ter estado a vencer por 2-0 ao intervalo em Madrid, com o lance irregular do 1-3 e a expuls\u00e3o de Garcia a complicar a situa\u00e7\u00e3o.<\/li>\n<\/ul>\n","protected":false},"excerpt":{"rendered":"<ul>\n<li>PSG e Atl\u00e9tico de Madrid garantiram presen\u00e7a nas meias-finais da Liga dos Campe\u00f5es; Liverpool e Barcelona ficam pelo caminho.<\/li>\n<li>No Anfield, o PSG chegou aos dois golos com Demb\u00e9l\u00e9 a marcar aos 72 minutos e aos 90+1; Nuno Mendes saiu aos 38 minutos com les\u00e3o muscular.<\/li>\n<li>Vitinha e Jo\u00e3o Neves tamb\u00e9m estiveram em campo pelo PSG durante o apuramento.<\/li>\n<li>Em Madrid, Lamine Yamal e Ferran Torres adiantaram o Barcelona, mas o Atl\u00e9tico recuperou a vantagem na primeira parte com Lookman; o Bar\u00e7a viu o 1-3 anulado por VAR e teve Eric Garc\u00eda expulso aos 80 minutos.<\/li>\n<li>O Atl\u00e9tico de Madrid manteve a vantagem agregada e seguiu em frente \u00e0s meias-finais.<\/li>\n<\/ul>\n","protected":false},"author":2,"featured_media":444373,"comment_status":"closed","ping_status":"closed","sticky":false,"template":"","format":"standard","meta":{"footnotes":""},"categories":[21,24],"tags":[1109,2587,3577,152,32,1981],"class_list":["post-444371","post","type-post","status-publish","format-standard","has-post-thumbnail","hentry","category-desporto","category-futebol","tag-atletico-de-madrid","tag-barcelona","tag-champions-league","tag-desporto","tag-futebol","tag-liverpool"],"yoast_head":"<!-- This site is optimized with the Yoast SEO plugin v27.2 - https:\/\/yoast.com\/product\/yoast-seo-wordpress\/ -->\n<title>Nuno Mendes lesiona-se no apuramento do PSG para as meias-finais; Barcelona cai - Portal Tela Portugal<\/title>\n<meta name=\"robots\" content=\"index, follow, max-snippet:-1, max-image-preview:large, max-video-preview:-1\" \/>\n<meta property=\"og:locale\" content=\"pt_PT\" \/>\n<meta property=\"og:type\" content=\"article\" \/>\n<meta property=\"og:title\" content=\"Nuno Mendes lesiona-se no apuramento do PSG para as meias-finais; Barcelona cai - Portal Tela Portugal\" \/>\n<meta property=\"og:description\" content=\"PSG e Atl\u00e9tico de Madrid garantiram presen\u00e7a nas meias-finais da Liga dos Campe\u00f5es; Liverpool e Barcelona ficam pelo caminho. No Anfield, o PSG chegou aos dois golos com Demb\u00e9l\u00e9 a marcar aos 72 minutos e aos 90+1; Nuno Mendes saiu aos 38 minutos com les\u00e3o muscular. Vitinha e Jo\u00e3o Neves tamb\u00e9m estiveram em campo pelo PSG durante o apuramento. Em Madrid, Lamine Yamal e Ferran Torres adiantaram o Barcelona, mas o Atl\u00e9tico recuperou a vantagem na primeira parte com Lookman; o Bar\u00e7a viu o 1-3 anulado por VAR e teve Eric Garc\u00eda expulso aos 80 minutos. O Atl\u00e9tico de Madrid manteve a vantagem agregada e seguiu em frente \u00e0s meias-finais.\" \/>\n<meta property=\"og:url\" content=\"https:\/\/portaltela.pt\/noticias\/2026\/04\/14\/nuno-mendes-lesiona-se-no-apuramento-do-psg-para-as-meias-finais-barcelona-cai\/\" \/>\n<meta property=\"og:site_name\" content=\"Portal Tela Portugal\" \/>\n<meta property=\"article:published_time\" content=\"2026-04-14T21:32:21+00:00\" \/>\n<meta name=\"author\" content=\"Telinha\" \/>\n<meta name=\"twitter:card\" content=\"summary_large_image\" \/>\n<meta name=\"twitter:label1\" content=\"Escrito por\" \/>\n\t<meta name=\"twitter:data1\" content=\"Telinha\" \/>\n\t<meta name=\"twitter:label2\" content=\"Tempo estimado de leitura\" \/>\n\t<meta name=\"twitter:data2\" content=\"1 minuto\" \/>\n<script type=\"application\/ld+json\" class=\"yoast-schema-graph\">{\"@context\":\"https:\/\/schema.org\",\"@graph\":[{\"@type\":\"Article\",\"@id\":\"https:\/\/portaltela.pt\/noticias\/2026\/04\/14\/nuno-mendes-lesiona-se-no-apuramento-do-psg-para-as-meias-finais-barcelona-cai\/#article\",\"isPartOf\":{\"@id\":\"https:\/\/portaltela.pt\/noticias\/2026\/04\/14\/nuno-mendes-lesiona-se-no-apuramento-do-psg-para-as-meias-finais-barcelona-cai\/\"},\"author\":{\"name\":\"Telinha\",\"@id\":\"https:\/\/portaltela.pt\/#\/schema\/person\/c4278d4a6028830caff9ee44b42d32ed\"},\"headline\":\"Nuno Mendes lesiona-se no apuramento do PSG para as meias-finais; Barcelona cai\",\"datePublished\":\"2026-04-14T21:32:21+00:00\",\"mainEntityOfPage\":{\"@id\":\"https:\/\/portaltela.pt\/noticias\/2026\/04\/14\/nuno-mendes-lesiona-se-no-apuramento-do-psg-para-as-meias-finais-barcelona-cai\/\"},\"wordCount\":275,\"image\":{\"@id\":\"https:\/\/portaltela.pt\/noticias\/2026\/04\/14\/nuno-mendes-lesiona-se-no-apuramento-do-psg-para-as-meias-finais-barcelona-cai\/#primaryimage\"},\"thumbnailUrl\":\"https:\/\/portaltela.pt\/s.01k8rhncp4jt1\/2026\/04\/image-886.jpg\",\"keywords\":[\"Atl\u00e9tico de Madrid\",\"Barcelona\",\"Champions League\",\"desporto\",\"futebol\",\"Liverpool\"],\"articleSection\":[\"Desporto\",\"Futebol\"],\"inLanguage\":\"pt-PT\"},{\"@type\":\"WebPage\",\"@id\":\"https:\/\/portaltela.pt\/noticias\/2026\/04\/14\/nuno-mendes-lesiona-se-no-apuramento-do-psg-para-as-meias-finais-barcelona-cai\/\",\"url\":\"https:\/\/portaltela.pt\/noticias\/2026\/04\/14\/nuno-mendes-lesiona-se-no-apuramento-do-psg-para-as-meias-finais-barcelona-cai\/\",\"name\":\"Nuno Mendes lesiona-se no apuramento do PSG para as meias-finais; Barcelona cai - Portal Tela Portugal\",\"isPartOf\":{\"@id\":\"https:\/\/portaltela.pt\/#website\"},\"primaryImageOfPage\":{\"@id\":\"https:\/\/portaltela.pt\/noticias\/2026\/04\/14\/nuno-mendes-lesiona-se-no-apuramento-do-psg-para-as-meias-finais-barcelona-cai\/#primaryimage\"},\"image\":{\"@id\":\"https:\/\/portaltela.pt\/noticias\/2026\/04\/14\/nuno-mendes-lesiona-se-no-apuramento-do-psg-para-as-meias-finais-barcelona-cai\/#primaryimage\"},\"thumbnailUrl\":\"https:\/\/portaltela.pt\/s.01k8rhncp4jt1\/2026\/04\/image-886.jpg\",\"datePublished\":\"2026-04-14T21:32:21+00:00\",\"author\":{\"@id\":\"https:\/\/portaltela.pt\/#\/schema\/person\/c4278d4a6028830caff9ee44b42d32ed\"},\"breadcrumb\":{\"@id\":\"https:\/\/portaltela.pt\/noticias\/2026\/04\/14\/nuno-mendes-lesiona-se-no-apuramento-do-psg-para-as-meias-finais-barcelona-cai\/#breadcrumb\"},\"inLanguage\":\"pt-PT\",\"potentialAction\":[{\"@type\":\"ReadAction\",\"target\":[\"https:\/\/portaltela.pt\/noticias\/2026\/04\/14\/nuno-mendes-lesiona-se-no-apuramento-do-psg-para-as-meias-finais-barcelona-cai\/\"]}]},{\"@type\":\"ImageObject\",\"inLanguage\":\"pt-PT\",\"@id\":\"https:\/\/portaltela.pt\/noticias\/2026\/04\/14\/nuno-mendes-lesiona-se-no-apuramento-do-psg-para-as-meias-finais-barcelona-cai\/#primaryimage\",\"url\":\"https:\/\/portaltela.pt\/s.01k8rhncp4jt1\/2026\/04\/image-886.jpg\",\"contentUrl\":\"https:\/\/portaltela.pt\/s.01k8rhncp4jt1\/2026\/04\/image-886.jpg\",\"width\":796,\"height\":448,\"caption\":\"Nuno Mendes foi substitu\u00eddo devido a les\u00e3o muscular\"},{\"@type\":\"BreadcrumbList\",\"@id\":\"https:\/\/portaltela.pt\/noticias\/2026\/04\/14\/nuno-mendes-lesiona-se-no-apuramento-do-psg-para-as-meias-finais-barcelona-cai\/#breadcrumb\",\"itemListElement\":[{\"@type\":\"ListItem\",\"position\":1,\"name\":\"In\u00edcio\",\"item\":\"https:\/\/portaltela.pt\/\"},{\"@type\":\"ListItem\",\"position\":2,\"name\":\"Nuno Mendes lesiona-se no apuramento do PSG para as meias-finais; Barcelona cai\"}]},{\"@type\":\"WebSite\",\"@id\":\"https:\/\/portaltela.pt\/#website\",\"url\":\"https:\/\/portaltela.pt\/\",\"name\":\"Portal Tela Portugal\",\"description\":\"\",\"potentialAction\":[{\"@type\":\"SearchAction\",\"target\":{\"@type\":\"EntryPoint\",\"urlTemplate\":\"https:\/\/portaltela.pt\/?s={search_term_string}\"},\"query-input\":{\"@type\":\"PropertyValueSpecification\",\"valueRequired\":true,\"valueName\":\"search_term_string\"}}],\"inLanguage\":\"pt-PT\"},{\"@type\":\"Person\",\"@id\":\"https:\/\/portaltela.pt\/#\/schema\/person\/c4278d4a6028830caff9ee44b42d32ed\",\"name\":\"Telinha\",\"image\":{\"@type\":\"ImageObject\",\"inLanguage\":\"pt-PT\",\"@id\":\"https:\/\/portaltela.pt\/s.01k8rhncp4jt1\/2025\/11\/talking-bot-125x125.png\",\"url\":\"https:\/\/portaltela.pt\/s.01k8rhncp4jt1\/2025\/11\/talking-bot-125x125.png\",\"contentUrl\":\"https:\/\/portaltela.pt\/s.01k8rhncp4jt1\/2025\/11\/talking-bot-125x125.png\",\"caption\":\"Telinha\"},\"sameAs\":[\"https:\/\/portaltela.pt\/\"],\"url\":\"https:\/\/portaltela.pt\/por\/367410592786\/\"}]}<\/script>\n<!-- \/ Yoast SEO plugin. -->","yoast_head_json":{"title":"Nuno Mendes lesiona-se no apuramento do PSG para as meias-finais; Barcelona cai - Portal Tela Portugal","robots":{"index":"index","follow":"follow","max-snippet":"max-snippet:-1","max-image-preview":"max-image-preview:large","max-video-preview":"max-video-preview:-1"},"og_locale":"pt_PT","og_type":"article","og_title":"Nuno Mendes lesiona-se no apuramento do PSG para as meias-finais; Barcelona cai - Portal Tela Portugal","og_description":"PSG e Atl\u00e9tico de Madrid garantiram presen\u00e7a nas meias-finais da Liga dos Campe\u00f5es; Liverpool e Barcelona ficam pelo caminho. No Anfield, o PSG chegou aos dois golos com Demb\u00e9l\u00e9 a marcar aos 72 minutos e aos 90+1; Nuno Mendes saiu aos 38 minutos com les\u00e3o muscular. Vitinha e Jo\u00e3o Neves tamb\u00e9m estiveram em campo pelo PSG durante o apuramento. Em Madrid, Lamine Yamal e Ferran Torres adiantaram o Barcelona, mas o Atl\u00e9tico recuperou a vantagem na primeira parte com Lookman; o Bar\u00e7a viu o 1-3 anulado por VAR e teve Eric Garc\u00eda expulso aos 80 minutos. O Atl\u00e9tico de Madrid manteve a vantagem agregada e seguiu em frente \u00e0s meias-finais.","og_url":"https:\/\/portaltela.pt\/noticias\/2026\/04\/14\/nuno-mendes-lesiona-se-no-apuramento-do-psg-para-as-meias-finais-barcelona-cai\/","og_site_name":"Portal Tela Portugal","article_published_time":"2026-04-14T21:32:21+00:00","author":"Telinha","twitter_card":"summary_large_image","twitter_misc":{"Escrito por":"Telinha","Tempo estimado de leitura":"1 minuto"},"schema":{"@context":"https:\/\/schema.org","@graph":[{"@type":"Article","@id":"https:\/\/portaltela.pt\/noticias\/2026\/04\/14\/nuno-mendes-lesiona-se-no-apuramento-do-psg-para-as-meias-finais-barcelona-cai\/#article","isPartOf":{"@id":"https:\/\/portaltela.pt\/noticias\/2026\/04\/14\/nuno-mendes-lesiona-se-no-apuramento-do-psg-para-as-meias-finais-barcelona-cai\/"},"author":{"name":"Telinha","@id":"https:\/\/portaltela.pt\/#\/schema\/person\/c4278d4a6028830caff9ee44b42d32ed"},"headline":"Nuno Mendes lesiona-se no apuramento do PSG para as meias-finais; Barcelona cai","datePublished":"2026-04-14T21:32:21+00:00","mainEntityOfPage":{"@id":"https:\/\/portaltela.pt\/noticias\/2026\/04\/14\/nuno-mendes-lesiona-se-no-apuramento-do-psg-para-as-meias-finais-barcelona-cai\/"},"wordCount":275,"image":{"@id":"https:\/\/portaltela.pt\/noticias\/2026\/04\/14\/nuno-mendes-lesiona-se-no-apuramento-do-psg-para-as-meias-finais-barcelona-cai\/#primaryimage"},"thumbnailUrl":"https:\/\/portaltela.pt\/s.01k8rhncp4jt1\/2026\/04\/image-886.jpg","keywords":["Atl\u00e9tico de Madrid","Barcelona","Champions League","desporto","futebol","Liverpool"],"articleSection":["Desporto","Futebol"],"inLanguage":"pt-PT"},{"@type":"WebPage","@id":"https:\/\/portaltela.pt\/noticias\/2026\/04\/14\/nuno-mendes-lesiona-se-no-apuramento-do-psg-para-as-meias-finais-barcelona-cai\/","url":"https:\/\/portaltela.pt\/noticias\/2026\/04\/14\/nuno-mendes-lesiona-se-no-apuramento-do-psg-para-as-meias-finais-barcelona-cai\/","name":"Nuno Mendes lesiona-se no apuramento do PSG para as meias-finais; Barcelona cai - Portal Tela Portugal","isPartOf":{"@id":"https:\/\/portaltela.pt\/#website"},"primaryImageOfPage":{"@id":"https:\/\/portaltela.pt\/noticias\/2026\/04\/14\/nuno-mendes-lesiona-se-no-apuramento-do-psg-para-as-meias-finais-barcelona-cai\/#primaryimage"},"image":{"@id":"https:\/\/portaltela.pt\/noticias\/2026\/04\/14\/nuno-mendes-lesiona-se-no-apuramento-do-psg-para-as-meias-finais-barcelona-cai\/#primaryimage"},"thumbnailUrl":"https:\/\/portaltela.pt\/s.01k8rhncp4jt1\/2026\/04\/image-886.jpg","datePublished":"2026-04-14T21:32:21+00:00","author":{"@id":"https:\/\/portaltela.pt\/#\/schema\/person\/c4278d4a6028830caff9ee44b42d32ed"},"breadcrumb":{"@id":"https:\/\/portaltela.pt\/noticias\/2026\/04\/14\/nuno-mendes-lesiona-se-no-apuramento-do-psg-para-as-meias-finais-barcelona-cai\/#breadcrumb"},"inLanguage":"pt-PT","potentialAction":[{"@type":"ReadAction","target":["https:\/\/portaltela.pt\/noticias\/2026\/04\/14\/nuno-mendes-lesiona-se-no-apuramento-do-psg-para-as-meias-finais-barcelona-cai\/"]}]},{"@type":"ImageObject","inLanguage":"pt-PT","@id":"https:\/\/portaltela.pt\/noticias\/2026\/04\/14\/nuno-mendes-lesiona-se-no-apuramento-do-psg-para-as-meias-finais-barcelona-cai\/#primaryimage","url":"https:\/\/portaltela.pt\/s.01k8rhncp4jt1\/2026\/04\/image-886.jpg","contentUrl":"https:\/\/portaltela.pt\/s.01k8rhncp4jt1\/2026\/04\/image-886.jpg","width":796,"height":448,"caption":"Nuno Mendes foi substitu\u00eddo devido a les\u00e3o muscular"},{"@type":"BreadcrumbList","@id":"https:\/\/portaltela.pt\/noticias\/2026\/04\/14\/nuno-mendes-lesiona-se-no-apuramento-do-psg-para-as-meias-finais-barcelona-cai\/#breadcrumb","itemListElement":[{"@type":"ListItem","position":1,"name":"In\u00edcio","item":"https:\/\/portaltela.pt\/"},{"@type":"ListItem","position":2,"name":"Nuno Mendes lesiona-se no apuramento do PSG para as meias-finais; Barcelona cai"}]},{"@type":"WebSite","@id":"https:\/\/portaltela.pt\/#website","url":"https:\/\/portaltela.pt\/","name":"Portal Tela Portugal","description":"","potentialAction":[{"@type":"SearchAction","target":{"@type":"EntryPoint","urlTemplate":"https:\/\/portaltela.pt\/?s={search_term_string}"},"query-input":{"@type":"PropertyValueSpecification","valueRequired":true,"valueName":"search_term_string"}}],"inLanguage":"pt-PT"},{"@type":"Person","@id":"https:\/\/portaltela.pt\/#\/schema\/person\/c4278d4a6028830caff9ee44b42d32ed","name":"Telinha","image":{"@type":"ImageObject","inLanguage":"pt-PT","@id":"https:\/\/portaltela.pt\/s.01k8rhncp4jt1\/2025\/11\/talking-bot-125x125.png","url":"https:\/\/portaltela.pt\/s.01k8rhncp4jt1\/2025\/11\/talking-bot-125x125.png","contentUrl":"https:\/\/portaltela.pt\/s.01k8rhncp4jt1\/2025\/11\/talking-bot-125x125.png","caption":"Telinha"},"sameAs":["https:\/\/portaltela.pt\/"],"url":"https:\/\/portaltela.pt\/por\/367410592786\/"}]}},"_links":{"self":[{"href":"https:\/\/portaltela.pt\/api\/wp\/v2\/posts\/444371","targetHints":{"allow":["GET"]}}],"collection":[{"href":"https:\/\/portaltela.pt\/api\/wp\/v2\/posts"}],"about":[{"href":"https:\/\/portaltela.pt\/api\/wp\/v2\/types\/post"}],"author":[{"embeddable":true,"href":"https:\/\/portaltela.pt\/api\/wp\/v2\/users\/2"}],"replies":[{"embeddable":true,"href":"https:\/\/portaltela.pt\/api\/wp\/v2\/comments?post=444371"}],"version-history":[{"count":0,"href":"https:\/\/portaltela.pt\/api\/wp\/v2\/posts\/444371\/revisions"}],"wp:featuredmedia":[{"embeddable":true,"href":"https:\/\/portaltela.pt\/api\/wp\/v2\/media\/444373"}],"wp:attachment":[{"href":"https:\/\/portaltela.pt\/api\/wp\/v2\/media?parent=444371"}],"wp:term":[{"taxonomy":"category","embeddable":true,"href":"https:\/\/portaltela.pt\/api\/wp\/v2\/categories?post=444371"},{"taxonomy":"post_tag","embeddable":true,"href":"https:\/\/portaltela.pt\/api\/wp\/v2\/tags?post=444371"}],"curies":[{"name":"wp","href":"https:\/\/api.w.org\/{rel}","templated":true}]}}