{"id":444357,"date":"2026-04-14T18:17:05","date_gmt":"2026-04-14T21:17:05","guid":{"rendered":"https:\/\/portaltela.pt\/noticias\/2026\/04\/14\/horas-azuis-de-bruna-dantas-lobato-no-encontro-de-leituras\/"},"modified":"2026-04-14T18:17:05","modified_gmt":"2026-04-14T21:17:05","slug":"horas-azuis-de-bruna-dantas-lobato-no-encontro-de-leituras","status":"publish","type":"post","link":"https:\/\/portaltela.pt\/noticias\/2026\/04\/14\/horas-azuis-de-bruna-dantas-lobato-no-encontro-de-leituras\/","title":{"rendered":"Horas Azuis de Bruna Dantas Lobato no Encontro de Leituras"},"content":{"rendered":"<p>O Encontro de Leituras, clube do P\u00daBLICO e da revista Quatro Cinco Um, tem Bruna Dantas Lobato como convidada. O foco \u00e9 o romance Horas Azuis. A sess\u00e3o realiza-se a 14 de Abril, \u00e0s 22h, em Lisboa, online via Zoom, como habitualmente.<\/p>\n<p>A leitura \u00e9 aberta a todos e integra o ciclo de encontros do clube, que prop\u00f5e falar sobre obras contempor\u00e2neas. Bruna Dantas Lobato participa como autora convidada para apresentar o romance Horas Azuis.<\/p>\n<p>Para entrar, use a reuni\u00e3o Zoom com o ID 842 8191 4937 e a senha 835758. O acesso n\u00e3o exige inscri\u00e7\u00e3o pr\u00e9via, com o hor\u00e1rio correspondente a 18h em Bras\u00edlia.<\/p>\n","protected":false},"excerpt":{"rendered":"<ul>\n<li>Bruna Dantas Lobato \u00e9 a convidada do pr\u00f3ximo Encontro de Leituras, o clube de leitura do P\u00daBLICO e da revista Quatro Cinco Um.<\/li>\n<li>Em destaque est\u00e1 o romance Horas Azuis.<\/li>\n<li>A sess\u00e3o realiza-se no dia 14 de abril \u00e0s 22h, em Lisboa (18h em Bras\u00edlia), via Zoom.<\/li>\n<li>A reuni\u00e3o est\u00e1 aberta a todos os interessados.<\/li>\n<li>Acesso: ID da reuni\u00e3o 842 8191 4937 e senha 835758.<\/li>\n<\/ul>\n","protected":false},"author":2,"featured_media":444359,"comment_status":"closed","ping_status":"closed","sticky":false,"template":"","format":"standard","meta":{"footnotes":""},"categories":[7375,1],"tags":[7974,145,3731,2719,106,130],"class_list":["post-444357","post","type-post","status-publish","format-standard","has-post-thumbnail","hentry","category-cultura","category-noticias","tag-_lisboa","tag-cultura","tag-eventos","tag-leitura","tag-literatura","tag-livros"],"yoast_head":"<!-- This site is optimized with the Yoast SEO plugin v27.2 - https:\/\/yoast.com\/product\/yoast-seo-wordpress\/ -->\n<title>Horas Azuis de Bruna Dantas Lobato no Encontro de Leituras - Portal Tela Portugal<\/title>\n<meta name=\"robots\" content=\"index, follow, max-snippet:-1, max-image-preview:large, max-video-preview:-1\" \/>\n<meta property=\"og:locale\" content=\"pt_PT\" \/>\n<meta property=\"og:type\" content=\"article\" \/>\n<meta property=\"og:title\" content=\"Horas Azuis de Bruna Dantas Lobato no Encontro de Leituras - Portal Tela Portugal\" \/>\n<meta property=\"og:description\" content=\"Bruna Dantas Lobato \u00e9 a convidada do pr\u00f3ximo Encontro de Leituras, o clube de leitura do P\u00daBLICO e da revista Quatro Cinco Um. Em destaque est\u00e1 o romance Horas Azuis. A sess\u00e3o realiza-se no dia 14 de abril \u00e0s 22h, em Lisboa (18h em Bras\u00edlia), via Zoom. A reuni\u00e3o est\u00e1 aberta a todos os interessados. Acesso: ID da reuni\u00e3o 842 8191 4937 e senha 835758.\" \/>\n<meta property=\"og:url\" content=\"https:\/\/portaltela.pt\/noticias\/2026\/04\/14\/horas-azuis-de-bruna-dantas-lobato-no-encontro-de-leituras\/\" \/>\n<meta property=\"og:site_name\" content=\"Portal Tela Portugal\" \/>\n<meta property=\"article:published_time\" content=\"2026-04-14T21:17:05+00:00\" \/>\n<meta name=\"author\" content=\"Telinha\" \/>\n<meta name=\"twitter:card\" content=\"summary_large_image\" \/>\n<meta name=\"twitter:label1\" content=\"Escrito por\" \/>\n\t<meta name=\"twitter:data1\" content=\"Telinha\" \/>\n\t<meta name=\"twitter:label2\" content=\"Tempo estimado de leitura\" \/>\n\t<meta name=\"twitter:data2\" content=\"1 minuto\" \/>\n<script type=\"application\/ld+json\" class=\"yoast-schema-graph\">{\"@context\":\"https:\/\/schema.org\",\"@graph\":[{\"@type\":\"Article\",\"@id\":\"https:\/\/portaltela.pt\/noticias\/2026\/04\/14\/horas-azuis-de-bruna-dantas-lobato-no-encontro-de-leituras\/#article\",\"isPartOf\":{\"@id\":\"https:\/\/portaltela.pt\/noticias\/2026\/04\/14\/horas-azuis-de-bruna-dantas-lobato-no-encontro-de-leituras\/\"},\"author\":{\"name\":\"Telinha\",\"@id\":\"https:\/\/portaltela.pt\/#\/schema\/person\/c4278d4a6028830caff9ee44b42d32ed\"},\"headline\":\"Horas Azuis de Bruna Dantas Lobato no Encontro de Leituras\",\"datePublished\":\"2026-04-14T21:17:05+00:00\",\"mainEntityOfPage\":{\"@id\":\"https:\/\/portaltela.pt\/noticias\/2026\/04\/14\/horas-azuis-de-bruna-dantas-lobato-no-encontro-de-leituras\/\"},\"wordCount\":118,\"image\":{\"@id\":\"https:\/\/portaltela.pt\/noticias\/2026\/04\/14\/horas-azuis-de-bruna-dantas-lobato-no-encontro-de-leituras\/#primaryimage\"},\"thumbnailUrl\":\"https:\/\/portaltela.pt\/s.01k8rhncp4jt1\/2026\/04\/2078154.jpg\",\"keywords\":[\"_Lisboa\",\"cultura\",\"eventos\",\"leitura\",\"literatura\",\"livros\"],\"articleSection\":[\"Cultura\",\"Not\u00edcias\"],\"inLanguage\":\"pt-PT\"},{\"@type\":\"WebPage\",\"@id\":\"https:\/\/portaltela.pt\/noticias\/2026\/04\/14\/horas-azuis-de-bruna-dantas-lobato-no-encontro-de-leituras\/\",\"url\":\"https:\/\/portaltela.pt\/noticias\/2026\/04\/14\/horas-azuis-de-bruna-dantas-lobato-no-encontro-de-leituras\/\",\"name\":\"Horas Azuis de Bruna Dantas Lobato no Encontro de Leituras - Portal Tela Portugal\",\"isPartOf\":{\"@id\":\"https:\/\/portaltela.pt\/#website\"},\"primaryImageOfPage\":{\"@id\":\"https:\/\/portaltela.pt\/noticias\/2026\/04\/14\/horas-azuis-de-bruna-dantas-lobato-no-encontro-de-leituras\/#primaryimage\"},\"image\":{\"@id\":\"https:\/\/portaltela.pt\/noticias\/2026\/04\/14\/horas-azuis-de-bruna-dantas-lobato-no-encontro-de-leituras\/#primaryimage\"},\"thumbnailUrl\":\"https:\/\/portaltela.pt\/s.01k8rhncp4jt1\/2026\/04\/2078154.jpg\",\"datePublished\":\"2026-04-14T21:17:05+00:00\",\"author\":{\"@id\":\"https:\/\/portaltela.pt\/#\/schema\/person\/c4278d4a6028830caff9ee44b42d32ed\"},\"breadcrumb\":{\"@id\":\"https:\/\/portaltela.pt\/noticias\/2026\/04\/14\/horas-azuis-de-bruna-dantas-lobato-no-encontro-de-leituras\/#breadcrumb\"},\"inLanguage\":\"pt-PT\",\"potentialAction\":[{\"@type\":\"ReadAction\",\"target\":[\"https:\/\/portaltela.pt\/noticias\/2026\/04\/14\/horas-azuis-de-bruna-dantas-lobato-no-encontro-de-leituras\/\"]}]},{\"@type\":\"ImageObject\",\"inLanguage\":\"pt-PT\",\"@id\":\"https:\/\/portaltela.pt\/noticias\/2026\/04\/14\/horas-azuis-de-bruna-dantas-lobato-no-encontro-de-leituras\/#primaryimage\",\"url\":\"https:\/\/portaltela.pt\/s.01k8rhncp4jt1\/2026\/04\/2078154.jpg\",\"contentUrl\":\"https:\/\/portaltela.pt\/s.01k8rhncp4jt1\/2026\/04\/2078154.jpg\",\"width\":796,\"height\":448,\"caption\":\"Photo\"},{\"@type\":\"BreadcrumbList\",\"@id\":\"https:\/\/portaltela.pt\/noticias\/2026\/04\/14\/horas-azuis-de-bruna-dantas-lobato-no-encontro-de-leituras\/#breadcrumb\",\"itemListElement\":[{\"@type\":\"ListItem\",\"position\":1,\"name\":\"In\u00edcio\",\"item\":\"https:\/\/portaltela.pt\/\"},{\"@type\":\"ListItem\",\"position\":2,\"name\":\"Horas Azuis de Bruna Dantas Lobato no Encontro de Leituras\"}]},{\"@type\":\"WebSite\",\"@id\":\"https:\/\/portaltela.pt\/#website\",\"url\":\"https:\/\/portaltela.pt\/\",\"name\":\"Portal Tela Portugal\",\"description\":\"\",\"potentialAction\":[{\"@type\":\"SearchAction\",\"target\":{\"@type\":\"EntryPoint\",\"urlTemplate\":\"https:\/\/portaltela.pt\/?s={search_term_string}\"},\"query-input\":{\"@type\":\"PropertyValueSpecification\",\"valueRequired\":true,\"valueName\":\"search_term_string\"}}],\"inLanguage\":\"pt-PT\"},{\"@type\":\"Person\",\"@id\":\"https:\/\/portaltela.pt\/#\/schema\/person\/c4278d4a6028830caff9ee44b42d32ed\",\"name\":\"Telinha\",\"image\":{\"@type\":\"ImageObject\",\"inLanguage\":\"pt-PT\",\"@id\":\"https:\/\/portaltela.pt\/s.01k8rhncp4jt1\/2025\/11\/talking-bot-125x125.png\",\"url\":\"https:\/\/portaltela.pt\/s.01k8rhncp4jt1\/2025\/11\/talking-bot-125x125.png\",\"contentUrl\":\"https:\/\/portaltela.pt\/s.01k8rhncp4jt1\/2025\/11\/talking-bot-125x125.png\",\"caption\":\"Telinha\"},\"sameAs\":[\"https:\/\/portaltela.pt\/\"],\"url\":\"https:\/\/portaltela.pt\/por\/367410592786\/\"}]}<\/script>\n<!-- \/ Yoast SEO plugin. -->","yoast_head_json":{"title":"Horas Azuis de Bruna Dantas Lobato no Encontro de Leituras - Portal Tela Portugal","robots":{"index":"index","follow":"follow","max-snippet":"max-snippet:-1","max-image-preview":"max-image-preview:large","max-video-preview":"max-video-preview:-1"},"og_locale":"pt_PT","og_type":"article","og_title":"Horas Azuis de Bruna Dantas Lobato no Encontro de Leituras - Portal Tela Portugal","og_description":"Bruna Dantas Lobato \u00e9 a convidada do pr\u00f3ximo Encontro de Leituras, o clube de leitura do P\u00daBLICO e da revista Quatro Cinco Um. Em destaque est\u00e1 o romance Horas Azuis. A sess\u00e3o realiza-se no dia 14 de abril \u00e0s 22h, em Lisboa (18h em Bras\u00edlia), via Zoom. A reuni\u00e3o est\u00e1 aberta a todos os interessados. Acesso: ID da reuni\u00e3o 842 8191 4937 e senha 835758.","og_url":"https:\/\/portaltela.pt\/noticias\/2026\/04\/14\/horas-azuis-de-bruna-dantas-lobato-no-encontro-de-leituras\/","og_site_name":"Portal Tela Portugal","article_published_time":"2026-04-14T21:17:05+00:00","author":"Telinha","twitter_card":"summary_large_image","twitter_misc":{"Escrito por":"Telinha","Tempo estimado de leitura":"1 minuto"},"schema":{"@context":"https:\/\/schema.org","@graph":[{"@type":"Article","@id":"https:\/\/portaltela.pt\/noticias\/2026\/04\/14\/horas-azuis-de-bruna-dantas-lobato-no-encontro-de-leituras\/#article","isPartOf":{"@id":"https:\/\/portaltela.pt\/noticias\/2026\/04\/14\/horas-azuis-de-bruna-dantas-lobato-no-encontro-de-leituras\/"},"author":{"name":"Telinha","@id":"https:\/\/portaltela.pt\/#\/schema\/person\/c4278d4a6028830caff9ee44b42d32ed"},"headline":"Horas Azuis de Bruna Dantas Lobato no Encontro de Leituras","datePublished":"2026-04-14T21:17:05+00:00","mainEntityOfPage":{"@id":"https:\/\/portaltela.pt\/noticias\/2026\/04\/14\/horas-azuis-de-bruna-dantas-lobato-no-encontro-de-leituras\/"},"wordCount":118,"image":{"@id":"https:\/\/portaltela.pt\/noticias\/2026\/04\/14\/horas-azuis-de-bruna-dantas-lobato-no-encontro-de-leituras\/#primaryimage"},"thumbnailUrl":"https:\/\/portaltela.pt\/s.01k8rhncp4jt1\/2026\/04\/2078154.jpg","keywords":["_Lisboa","cultura","eventos","leitura","literatura","livros"],"articleSection":["Cultura","Not\u00edcias"],"inLanguage":"pt-PT"},{"@type":"WebPage","@id":"https:\/\/portaltela.pt\/noticias\/2026\/04\/14\/horas-azuis-de-bruna-dantas-lobato-no-encontro-de-leituras\/","url":"https:\/\/portaltela.pt\/noticias\/2026\/04\/14\/horas-azuis-de-bruna-dantas-lobato-no-encontro-de-leituras\/","name":"Horas Azuis de Bruna Dantas Lobato no Encontro de Leituras - Portal Tela Portugal","isPartOf":{"@id":"https:\/\/portaltela.pt\/#website"},"primaryImageOfPage":{"@id":"https:\/\/portaltela.pt\/noticias\/2026\/04\/14\/horas-azuis-de-bruna-dantas-lobato-no-encontro-de-leituras\/#primaryimage"},"image":{"@id":"https:\/\/portaltela.pt\/noticias\/2026\/04\/14\/horas-azuis-de-bruna-dantas-lobato-no-encontro-de-leituras\/#primaryimage"},"thumbnailUrl":"https:\/\/portaltela.pt\/s.01k8rhncp4jt1\/2026\/04\/2078154.jpg","datePublished":"2026-04-14T21:17:05+00:00","author":{"@id":"https:\/\/portaltela.pt\/#\/schema\/person\/c4278d4a6028830caff9ee44b42d32ed"},"breadcrumb":{"@id":"https:\/\/portaltela.pt\/noticias\/2026\/04\/14\/horas-azuis-de-bruna-dantas-lobato-no-encontro-de-leituras\/#breadcrumb"},"inLanguage":"pt-PT","potentialAction":[{"@type":"ReadAction","target":["https:\/\/portaltela.pt\/noticias\/2026\/04\/14\/horas-azuis-de-bruna-dantas-lobato-no-encontro-de-leituras\/"]}]},{"@type":"ImageObject","inLanguage":"pt-PT","@id":"https:\/\/portaltela.pt\/noticias\/2026\/04\/14\/horas-azuis-de-bruna-dantas-lobato-no-encontro-de-leituras\/#primaryimage","url":"https:\/\/portaltela.pt\/s.01k8rhncp4jt1\/2026\/04\/2078154.jpg","contentUrl":"https:\/\/portaltela.pt\/s.01k8rhncp4jt1\/2026\/04\/2078154.jpg","width":796,"height":448,"caption":"Photo"},{"@type":"BreadcrumbList","@id":"https:\/\/portaltela.pt\/noticias\/2026\/04\/14\/horas-azuis-de-bruna-dantas-lobato-no-encontro-de-leituras\/#breadcrumb","itemListElement":[{"@type":"ListItem","position":1,"name":"In\u00edcio","item":"https:\/\/portaltela.pt\/"},{"@type":"ListItem","position":2,"name":"Horas Azuis de Bruna Dantas Lobato no Encontro de Leituras"}]},{"@type":"WebSite","@id":"https:\/\/portaltela.pt\/#website","url":"https:\/\/portaltela.pt\/","name":"Portal Tela Portugal","description":"","potentialAction":[{"@type":"SearchAction","target":{"@type":"EntryPoint","urlTemplate":"https:\/\/portaltela.pt\/?s={search_term_string}"},"query-input":{"@type":"PropertyValueSpecification","valueRequired":true,"valueName":"search_term_string"}}],"inLanguage":"pt-PT"},{"@type":"Person","@id":"https:\/\/portaltela.pt\/#\/schema\/person\/c4278d4a6028830caff9ee44b42d32ed","name":"Telinha","image":{"@type":"ImageObject","inLanguage":"pt-PT","@id":"https:\/\/portaltela.pt\/s.01k8rhncp4jt1\/2025\/11\/talking-bot-125x125.png","url":"https:\/\/portaltela.pt\/s.01k8rhncp4jt1\/2025\/11\/talking-bot-125x125.png","contentUrl":"https:\/\/portaltela.pt\/s.01k8rhncp4jt1\/2025\/11\/talking-bot-125x125.png","caption":"Telinha"},"sameAs":["https:\/\/portaltela.pt\/"],"url":"https:\/\/portaltela.pt\/por\/367410592786\/"}]}},"_links":{"self":[{"href":"https:\/\/portaltela.pt\/api\/wp\/v2\/posts\/444357","targetHints":{"allow":["GET"]}}],"collection":[{"href":"https:\/\/portaltela.pt\/api\/wp\/v2\/posts"}],"about":[{"href":"https:\/\/portaltela.pt\/api\/wp\/v2\/types\/post"}],"author":[{"embeddable":true,"href":"https:\/\/portaltela.pt\/api\/wp\/v2\/users\/2"}],"replies":[{"embeddable":true,"href":"https:\/\/portaltela.pt\/api\/wp\/v2\/comments?post=444357"}],"version-history":[{"count":0,"href":"https:\/\/portaltela.pt\/api\/wp\/v2\/posts\/444357\/revisions"}],"wp:featuredmedia":[{"embeddable":true,"href":"https:\/\/portaltela.pt\/api\/wp\/v2\/media\/444359"}],"wp:attachment":[{"href":"https:\/\/portaltela.pt\/api\/wp\/v2\/media?parent=444357"}],"wp:term":[{"taxonomy":"category","embeddable":true,"href":"https:\/\/portaltela.pt\/api\/wp\/v2\/categories?post=444357"},{"taxonomy":"post_tag","embeddable":true,"href":"https:\/\/portaltela.pt\/api\/wp\/v2\/tags?post=444357"}],"curies":[{"name":"wp","href":"https:\/\/api.w.org\/{rel}","templated":true}]}}