{"id":444347,"date":"2026-04-14T18:02:45","date_gmt":"2026-04-14T21:02:45","guid":{"rendered":"https:\/\/portaltela.pt\/noticias\/2026\/04\/14\/rafa-soares-em-melhor-fase-do-que-em-2024-25\/"},"modified":"2026-04-14T18:02:45","modified_gmt":"2026-04-14T21:02:45","slug":"rafa-soares-em-melhor-fase-do-que-em-2024-25","status":"publish","type":"post","link":"https:\/\/portaltela.pt\/desporto\/futebol\/2026\/04\/14\/rafa-soares-em-melhor-fase-do-que-em-2024-25\/","title":{"rendered":"Rafa Soares em melhor fase do que em 2024\/25"},"content":{"rendered":"<p>Rafa Soares voltou a fazer assist\u00eancias e atingiu a terceira de 2023\/24, em apenas 22 jogos. O lateral-esquerdo j\u00e1 supera o registo de 2024\/25, quando participou em 28 partidas e somou duas passes para golo.<\/p>\n<p>Na presente temporada, o defesa-left do Famalic\u00e3o demonstra n\u00fameros superiores face ao passado recente, refor\u00e7ando o seu impacto ofensivo com menos jogos disputados.<\/p>\n<p>A evolu\u00e7\u00e3o surge num cen\u00e1rio em que Rafa Soares disputa a posi\u00e7\u00e3o com Pedro Bondo pela titularidade no flanco esquerdo da defesa famalicense. O desempenho atual aponta para uma progress\u00e3o clara.<\/p>\n","protected":false},"excerpt":{"rendered":"<ul>\n<li>Rafa Soares tem tr\u00eas assist\u00eancias na presente \u00e9poca, em 22 jogos.<\/li>\n<li>Em 2024\/25, participou em 28 jogos e teve duas assist\u00eancias.<\/li>\n<li>O jogador formado no FC Porto ganhou posi\u00e7\u00e3o \u00e0 frente de Pedro Bondo na disputa pela titularidade do lado esquerdo da defesa do Famalic\u00e3o.<\/li>\n<li>A assist\u00eancia frente ao Moreirense foi a mais recente desta temporada.<\/li>\n<\/ul>\n","protected":false},"author":2,"featured_media":444348,"comment_status":"closed","ping_status":"closed","sticky":false,"template":"","format":"standard","meta":{"footnotes":""},"categories":[21,24],"tags":[152,186,1396,32,242],"class_list":["post-444347","post","type-post","status-publish","format-standard","has-post-thumbnail","hentry","category-desporto","category-futebol","tag-desporto","tag-desportos","tag-famalicao","tag-futebol","tag-jogadores"],"yoast_head":"<!-- This site is optimized with the Yoast SEO plugin v27.2 - https:\/\/yoast.com\/product\/yoast-seo-wordpress\/ -->\n<title>Rafa Soares em melhor fase do que em 2024\/25 - Portal Tela Portugal<\/title>\n<meta name=\"robots\" content=\"index, follow, max-snippet:-1, max-image-preview:large, max-video-preview:-1\" \/>\n<meta property=\"og:locale\" content=\"pt_PT\" \/>\n<meta property=\"og:type\" content=\"article\" \/>\n<meta property=\"og:title\" content=\"Rafa Soares em melhor fase do que em 2024\/25 - Portal Tela Portugal\" \/>\n<meta property=\"og:description\" content=\"Rafa Soares tem tr\u00eas assist\u00eancias na presente \u00e9poca, em 22 jogos. Em 2024\/25, participou em 28 jogos e teve duas assist\u00eancias. O jogador formado no FC Porto ganhou posi\u00e7\u00e3o \u00e0 frente de Pedro Bondo na disputa pela titularidade do lado esquerdo da defesa do Famalic\u00e3o. A assist\u00eancia frente ao Moreirense foi a mais recente desta temporada.\" \/>\n<meta property=\"og:url\" content=\"https:\/\/portaltela.pt\/noticias\/2026\/04\/14\/rafa-soares-em-melhor-fase-do-que-em-2024-25\/\" \/>\n<meta property=\"og:site_name\" content=\"Portal Tela Portugal\" \/>\n<meta property=\"article:published_time\" content=\"2026-04-14T21:02:45+00:00\" \/>\n<meta name=\"author\" content=\"Telinha\" \/>\n<meta name=\"twitter:card\" content=\"summary_large_image\" \/>\n<meta name=\"twitter:label1\" content=\"Escrito por\" \/>\n\t<meta name=\"twitter:data1\" content=\"Telinha\" \/>\n<script type=\"application\/ld+json\" class=\"yoast-schema-graph\">{\"@context\":\"https:\/\/schema.org\",\"@graph\":[{\"@type\":\"Article\",\"@id\":\"https:\/\/portaltela.pt\/noticias\/2026\/04\/14\/rafa-soares-em-melhor-fase-do-que-em-2024-25\/#article\",\"isPartOf\":{\"@id\":\"https:\/\/portaltela.pt\/noticias\/2026\/04\/14\/rafa-soares-em-melhor-fase-do-que-em-2024-25\/\"},\"author\":{\"name\":\"Telinha\",\"@id\":\"https:\/\/portaltela.pt\/#\/schema\/person\/c4278d4a6028830caff9ee44b42d32ed\"},\"headline\":\"Rafa Soares em melhor fase do que em 2024\/25\",\"datePublished\":\"2026-04-14T21:02:45+00:00\",\"mainEntityOfPage\":{\"@id\":\"https:\/\/portaltela.pt\/noticias\/2026\/04\/14\/rafa-soares-em-melhor-fase-do-que-em-2024-25\/\"},\"wordCount\":101,\"image\":{\"@id\":\"https:\/\/portaltela.pt\/noticias\/2026\/04\/14\/rafa-soares-em-melhor-fase-do-que-em-2024-25\/#primaryimage\"},\"thumbnailUrl\":\"https:\/\/portaltela.pt\/s.01k8rhncp4jt1\/2026\/04\/img_920x518uu2026-02-13-16-48-39-2421360.jpg\",\"keywords\":[\"desporto\",\"desportos\",\"Famalic\u00e3o\",\"futebol\",\"jogadores\"],\"articleSection\":[\"Desporto\",\"Futebol\"],\"inLanguage\":\"pt-PT\"},{\"@type\":\"WebPage\",\"@id\":\"https:\/\/portaltela.pt\/noticias\/2026\/04\/14\/rafa-soares-em-melhor-fase-do-que-em-2024-25\/\",\"url\":\"https:\/\/portaltela.pt\/noticias\/2026\/04\/14\/rafa-soares-em-melhor-fase-do-que-em-2024-25\/\",\"name\":\"Rafa Soares em melhor fase do que em 2024\/25 - Portal Tela Portugal\",\"isPartOf\":{\"@id\":\"https:\/\/portaltela.pt\/#website\"},\"primaryImageOfPage\":{\"@id\":\"https:\/\/portaltela.pt\/noticias\/2026\/04\/14\/rafa-soares-em-melhor-fase-do-que-em-2024-25\/#primaryimage\"},\"image\":{\"@id\":\"https:\/\/portaltela.pt\/noticias\/2026\/04\/14\/rafa-soares-em-melhor-fase-do-que-em-2024-25\/#primaryimage\"},\"thumbnailUrl\":\"https:\/\/portaltela.pt\/s.01k8rhncp4jt1\/2026\/04\/img_920x518uu2026-02-13-16-48-39-2421360.jpg\",\"datePublished\":\"2026-04-14T21:02:45+00:00\",\"author\":{\"@id\":\"https:\/\/portaltela.pt\/#\/schema\/person\/c4278d4a6028830caff9ee44b42d32ed\"},\"breadcrumb\":{\"@id\":\"https:\/\/portaltela.pt\/noticias\/2026\/04\/14\/rafa-soares-em-melhor-fase-do-que-em-2024-25\/#breadcrumb\"},\"inLanguage\":\"pt-PT\",\"potentialAction\":[{\"@type\":\"ReadAction\",\"target\":[\"https:\/\/portaltela.pt\/noticias\/2026\/04\/14\/rafa-soares-em-melhor-fase-do-que-em-2024-25\/\"]}]},{\"@type\":\"ImageObject\",\"inLanguage\":\"pt-PT\",\"@id\":\"https:\/\/portaltela.pt\/noticias\/2026\/04\/14\/rafa-soares-em-melhor-fase-do-que-em-2024-25\/#primaryimage\",\"url\":\"https:\/\/portaltela.pt\/s.01k8rhncp4jt1\/2026\/04\/img_920x518uu2026-02-13-16-48-39-2421360.jpg\",\"contentUrl\":\"https:\/\/portaltela.pt\/s.01k8rhncp4jt1\/2026\/04\/img_920x518uu2026-02-13-16-48-39-2421360.jpg\",\"width\":796,\"height\":448,\"caption\":\"Rafa Soares ao servi\u00e7o do Famalic\u00e3o\"},{\"@type\":\"BreadcrumbList\",\"@id\":\"https:\/\/portaltela.pt\/noticias\/2026\/04\/14\/rafa-soares-em-melhor-fase-do-que-em-2024-25\/#breadcrumb\",\"itemListElement\":[{\"@type\":\"ListItem\",\"position\":1,\"name\":\"In\u00edcio\",\"item\":\"https:\/\/portaltela.pt\/\"},{\"@type\":\"ListItem\",\"position\":2,\"name\":\"Rafa Soares em melhor fase do que em 2024\/25\"}]},{\"@type\":\"WebSite\",\"@id\":\"https:\/\/portaltela.pt\/#website\",\"url\":\"https:\/\/portaltela.pt\/\",\"name\":\"Portal Tela Portugal\",\"description\":\"\",\"potentialAction\":[{\"@type\":\"SearchAction\",\"target\":{\"@type\":\"EntryPoint\",\"urlTemplate\":\"https:\/\/portaltela.pt\/?s={search_term_string}\"},\"query-input\":{\"@type\":\"PropertyValueSpecification\",\"valueRequired\":true,\"valueName\":\"search_term_string\"}}],\"inLanguage\":\"pt-PT\"},{\"@type\":\"Person\",\"@id\":\"https:\/\/portaltela.pt\/#\/schema\/person\/c4278d4a6028830caff9ee44b42d32ed\",\"name\":\"Telinha\",\"image\":{\"@type\":\"ImageObject\",\"inLanguage\":\"pt-PT\",\"@id\":\"https:\/\/portaltela.pt\/s.01k8rhncp4jt1\/2025\/11\/talking-bot-125x125.png\",\"url\":\"https:\/\/portaltela.pt\/s.01k8rhncp4jt1\/2025\/11\/talking-bot-125x125.png\",\"contentUrl\":\"https:\/\/portaltela.pt\/s.01k8rhncp4jt1\/2025\/11\/talking-bot-125x125.png\",\"caption\":\"Telinha\"},\"sameAs\":[\"https:\/\/portaltela.pt\/\"],\"url\":\"https:\/\/portaltela.pt\/por\/367410592786\/\"}]}<\/script>\n<!-- \/ Yoast SEO plugin. -->","yoast_head_json":{"title":"Rafa Soares em melhor fase do que em 2024\/25 - Portal Tela Portugal","robots":{"index":"index","follow":"follow","max-snippet":"max-snippet:-1","max-image-preview":"max-image-preview:large","max-video-preview":"max-video-preview:-1"},"og_locale":"pt_PT","og_type":"article","og_title":"Rafa Soares em melhor fase do que em 2024\/25 - Portal Tela Portugal","og_description":"Rafa Soares tem tr\u00eas assist\u00eancias na presente \u00e9poca, em 22 jogos. Em 2024\/25, participou em 28 jogos e teve duas assist\u00eancias. O jogador formado no FC Porto ganhou posi\u00e7\u00e3o \u00e0 frente de Pedro Bondo na disputa pela titularidade do lado esquerdo da defesa do Famalic\u00e3o. A assist\u00eancia frente ao Moreirense foi a mais recente desta temporada.","og_url":"https:\/\/portaltela.pt\/noticias\/2026\/04\/14\/rafa-soares-em-melhor-fase-do-que-em-2024-25\/","og_site_name":"Portal Tela Portugal","article_published_time":"2026-04-14T21:02:45+00:00","author":"Telinha","twitter_card":"summary_large_image","twitter_misc":{"Escrito por":"Telinha"},"schema":{"@context":"https:\/\/schema.org","@graph":[{"@type":"Article","@id":"https:\/\/portaltela.pt\/noticias\/2026\/04\/14\/rafa-soares-em-melhor-fase-do-que-em-2024-25\/#article","isPartOf":{"@id":"https:\/\/portaltela.pt\/noticias\/2026\/04\/14\/rafa-soares-em-melhor-fase-do-que-em-2024-25\/"},"author":{"name":"Telinha","@id":"https:\/\/portaltela.pt\/#\/schema\/person\/c4278d4a6028830caff9ee44b42d32ed"},"headline":"Rafa Soares em melhor fase do que em 2024\/25","datePublished":"2026-04-14T21:02:45+00:00","mainEntityOfPage":{"@id":"https:\/\/portaltela.pt\/noticias\/2026\/04\/14\/rafa-soares-em-melhor-fase-do-que-em-2024-25\/"},"wordCount":101,"image":{"@id":"https:\/\/portaltela.pt\/noticias\/2026\/04\/14\/rafa-soares-em-melhor-fase-do-que-em-2024-25\/#primaryimage"},"thumbnailUrl":"https:\/\/portaltela.pt\/s.01k8rhncp4jt1\/2026\/04\/img_920x518uu2026-02-13-16-48-39-2421360.jpg","keywords":["desporto","desportos","Famalic\u00e3o","futebol","jogadores"],"articleSection":["Desporto","Futebol"],"inLanguage":"pt-PT"},{"@type":"WebPage","@id":"https:\/\/portaltela.pt\/noticias\/2026\/04\/14\/rafa-soares-em-melhor-fase-do-que-em-2024-25\/","url":"https:\/\/portaltela.pt\/noticias\/2026\/04\/14\/rafa-soares-em-melhor-fase-do-que-em-2024-25\/","name":"Rafa Soares em melhor fase do que em 2024\/25 - Portal Tela Portugal","isPartOf":{"@id":"https:\/\/portaltela.pt\/#website"},"primaryImageOfPage":{"@id":"https:\/\/portaltela.pt\/noticias\/2026\/04\/14\/rafa-soares-em-melhor-fase-do-que-em-2024-25\/#primaryimage"},"image":{"@id":"https:\/\/portaltela.pt\/noticias\/2026\/04\/14\/rafa-soares-em-melhor-fase-do-que-em-2024-25\/#primaryimage"},"thumbnailUrl":"https:\/\/portaltela.pt\/s.01k8rhncp4jt1\/2026\/04\/img_920x518uu2026-02-13-16-48-39-2421360.jpg","datePublished":"2026-04-14T21:02:45+00:00","author":{"@id":"https:\/\/portaltela.pt\/#\/schema\/person\/c4278d4a6028830caff9ee44b42d32ed"},"breadcrumb":{"@id":"https:\/\/portaltela.pt\/noticias\/2026\/04\/14\/rafa-soares-em-melhor-fase-do-que-em-2024-25\/#breadcrumb"},"inLanguage":"pt-PT","potentialAction":[{"@type":"ReadAction","target":["https:\/\/portaltela.pt\/noticias\/2026\/04\/14\/rafa-soares-em-melhor-fase-do-que-em-2024-25\/"]}]},{"@type":"ImageObject","inLanguage":"pt-PT","@id":"https:\/\/portaltela.pt\/noticias\/2026\/04\/14\/rafa-soares-em-melhor-fase-do-que-em-2024-25\/#primaryimage","url":"https:\/\/portaltela.pt\/s.01k8rhncp4jt1\/2026\/04\/img_920x518uu2026-02-13-16-48-39-2421360.jpg","contentUrl":"https:\/\/portaltela.pt\/s.01k8rhncp4jt1\/2026\/04\/img_920x518uu2026-02-13-16-48-39-2421360.jpg","width":796,"height":448,"caption":"Rafa Soares ao servi\u00e7o do Famalic\u00e3o"},{"@type":"BreadcrumbList","@id":"https:\/\/portaltela.pt\/noticias\/2026\/04\/14\/rafa-soares-em-melhor-fase-do-que-em-2024-25\/#breadcrumb","itemListElement":[{"@type":"ListItem","position":1,"name":"In\u00edcio","item":"https:\/\/portaltela.pt\/"},{"@type":"ListItem","position":2,"name":"Rafa Soares em melhor fase do que em 2024\/25"}]},{"@type":"WebSite","@id":"https:\/\/portaltela.pt\/#website","url":"https:\/\/portaltela.pt\/","name":"Portal Tela Portugal","description":"","potentialAction":[{"@type":"SearchAction","target":{"@type":"EntryPoint","urlTemplate":"https:\/\/portaltela.pt\/?s={search_term_string}"},"query-input":{"@type":"PropertyValueSpecification","valueRequired":true,"valueName":"search_term_string"}}],"inLanguage":"pt-PT"},{"@type":"Person","@id":"https:\/\/portaltela.pt\/#\/schema\/person\/c4278d4a6028830caff9ee44b42d32ed","name":"Telinha","image":{"@type":"ImageObject","inLanguage":"pt-PT","@id":"https:\/\/portaltela.pt\/s.01k8rhncp4jt1\/2025\/11\/talking-bot-125x125.png","url":"https:\/\/portaltela.pt\/s.01k8rhncp4jt1\/2025\/11\/talking-bot-125x125.png","contentUrl":"https:\/\/portaltela.pt\/s.01k8rhncp4jt1\/2025\/11\/talking-bot-125x125.png","caption":"Telinha"},"sameAs":["https:\/\/portaltela.pt\/"],"url":"https:\/\/portaltela.pt\/por\/367410592786\/"}]}},"_links":{"self":[{"href":"https:\/\/portaltela.pt\/api\/wp\/v2\/posts\/444347","targetHints":{"allow":["GET"]}}],"collection":[{"href":"https:\/\/portaltela.pt\/api\/wp\/v2\/posts"}],"about":[{"href":"https:\/\/portaltela.pt\/api\/wp\/v2\/types\/post"}],"author":[{"embeddable":true,"href":"https:\/\/portaltela.pt\/api\/wp\/v2\/users\/2"}],"replies":[{"embeddable":true,"href":"https:\/\/portaltela.pt\/api\/wp\/v2\/comments?post=444347"}],"version-history":[{"count":0,"href":"https:\/\/portaltela.pt\/api\/wp\/v2\/posts\/444347\/revisions"}],"wp:featuredmedia":[{"embeddable":true,"href":"https:\/\/portaltela.pt\/api\/wp\/v2\/media\/444348"}],"wp:attachment":[{"href":"https:\/\/portaltela.pt\/api\/wp\/v2\/media?parent=444347"}],"wp:term":[{"taxonomy":"category","embeddable":true,"href":"https:\/\/portaltela.pt\/api\/wp\/v2\/categories?post=444347"},{"taxonomy":"post_tag","embeddable":true,"href":"https:\/\/portaltela.pt\/api\/wp\/v2\/tags?post=444347"}],"curies":[{"name":"wp","href":"https:\/\/api.w.org\/{rel}","templated":true}]}}