{"id":444332,"date":"2026-04-14T17:47:35","date_gmt":"2026-04-14T20:47:35","guid":{"rendered":"https:\/\/portaltela.pt\/noticias\/2026\/04\/14\/cantora-hospitalizada-antes-de-subir-ao-palco-apos-perda-de-liquido\/"},"modified":"2026-04-14T17:47:35","modified_gmt":"2026-04-14T20:47:35","slug":"cantora-hospitalizada-antes-de-subir-ao-palco-apos-perda-de-liquido","status":"publish","type":"post","link":"https:\/\/portaltela.pt\/saude\/2026\/04\/14\/cantora-hospitalizada-antes-de-subir-ao-palco-apos-perda-de-liquido\/","title":{"rendered":"Cantora hospitalizada antes de subir ao palco ap\u00f3s perda de l\u00edquido"},"content":{"rendered":"<p>A cantora norte-americana K. Michelle foi confrontada com um vazamento de hidrogel nas regi\u00f5es tratadas com silicone, momentos antes de subir ao palco na cerim\u00f4nia Academy of Country Music Honors, em agosto de 2025. O incidente obrigou-a a interromper a apresenta\u00e7\u00e3o e enfrentar uma cirurgia para remo\u00e7\u00e3o de tecido infectado.<\/p>\n<p>Segundo declara\u00e7\u00f5es veiculadas no reality show The Real Housewives of Atlanta, a artista procurou um cirurgi\u00e3o pl\u00e1stico no dia do evento, ap\u00f3s perceber o alagamento de l\u00edquido durante a prepara\u00e7\u00e3o. O m\u00e9dico indicou uma abertura na \u00e1rea onde o procedimento anterior foi realizado e alertou para a poss\u00edvel infec\u00e7\u00e3o.<\/p>\n<p>A cantora j\u00e1 tinha passado por procedimentos com hidrogel em 2012, numa cl\u00ednica sem licenciamento, e desde ent\u00e3o enfrentou v\u00e1rias interven\u00e7\u00f5es para remover tecido infectado. Ela descreveu publicamente o sofrimento persistente e a sensa\u00e7\u00e3o de que o silicone n\u00e3o pode ser totalmente eliminado do corpo.<\/p>\n<h3>Riscos associados \u00e0s inje\u00e7\u00f5es de hidrogel<\/h3>\n<p>A pr\u00e1tica envolve diversos perigos, incluindo infec\u00e7\u00e3o, hemorragias, danos nervosos que causam dorm\u00eancia, dor, necrose da pele, embolia e at\u00e9 risco de morte. A situa\u00e7\u00e3o atual ressalta os riscos de procedimentos est\u00e9ticos n\u00e3o regulamentados e a necessidade de supervis\u00e3o profissional adequada.<\/p>\n","protected":false},"excerpt":{"rendered":"<ul>\n<li>A cantora norte-americana K. Michelle, de 44 anos, esteve hospitalizada ap\u00f3s perceber que o hidrogel injections no gl\u00fateo estava a vazar pouco antes de subir ao palco.<\/li>\n<li>O incidente ocorreu durante a prepara\u00e7\u00e3o para a atua\u00e7\u00e3o na Academy of Country Music Honors, em agosto de 2025, levando-a a consultar um cirurgi\u00e3o pl\u00e1stico.<\/li>\n<li>O m\u00e9dico explicou que havia uma abertura no local do procedimento anterior, com risco de infec\u00e7\u00e3o, o que exigiu cirurgia reconstrutora para remo\u00e7\u00e3o de tecido infetado.<\/li>\n<li>Em 2012 a cantora recorreu a hidrogel numa cl\u00ednica ilegal, sem qualifica\u00e7\u00e3o, e desde ent\u00e3o realizou dezenas de procedimentos para remover tecido infetado.<\/li>\n<li>K. Michelle afirmou que n\u00e3o \u00e9 poss\u00edvel retirar todo o silicone do corpo e que ele ficar\u00e1 para sempre, destacando riscos como infec\u00e7\u00e3o, dor, dorm\u00eancia, necrose, embolia e at\u00e9 morte.<\/li>\n<\/ul>\n","protected":false},"author":2,"featured_media":444338,"comment_status":"closed","ping_status":"closed","sticky":false,"template":"","format":"standard","meta":{"footnotes":""},"categories":[6745],"tags":[2594,695,7211,172,250,1899],"class_list":["post-444332","post","type-post","status-publish","format-standard","has-post-thumbnail","hentry","category-saude","tag-cirurgia","tag-fiscalizacao","tag-medicina","tag-saude","tag-seguranca-publica","tag-urgencias"],"yoast_head":"<!-- This site is optimized with the Yoast SEO plugin v27.2 - https:\/\/yoast.com\/product\/yoast-seo-wordpress\/ -->\n<title>Cantora hospitalizada antes de subir ao palco ap\u00f3s perda de l\u00edquido - Portal Tela Portugal<\/title>\n<meta name=\"robots\" content=\"index, follow, max-snippet:-1, max-image-preview:large, max-video-preview:-1\" \/>\n<meta property=\"og:locale\" content=\"pt_PT\" \/>\n<meta property=\"og:type\" content=\"article\" \/>\n<meta property=\"og:title\" content=\"Cantora hospitalizada antes de subir ao palco ap\u00f3s perda de l\u00edquido - Portal Tela Portugal\" \/>\n<meta property=\"og:description\" content=\"A cantora norte-americana K. Michelle, de 44 anos, esteve hospitalizada ap\u00f3s perceber que o hidrogel injections no gl\u00fateo estava a vazar pouco antes de subir ao palco. O incidente ocorreu durante a prepara\u00e7\u00e3o para a atua\u00e7\u00e3o na Academy of Country Music Honors, em agosto de 2025, levando-a a consultar um cirurgi\u00e3o pl\u00e1stico. O m\u00e9dico explicou que havia uma abertura no local do procedimento anterior, com risco de infec\u00e7\u00e3o, o que exigiu cirurgia reconstrutora para remo\u00e7\u00e3o de tecido infetado. Em 2012 a cantora recorreu a hidrogel numa cl\u00ednica ilegal, sem qualifica\u00e7\u00e3o, e desde ent\u00e3o realizou dezenas de procedimentos para remover tecido infetado. K. Michelle afirmou que n\u00e3o \u00e9 poss\u00edvel retirar todo o silicone do corpo e que ele ficar\u00e1 para sempre, destacando riscos como infec\u00e7\u00e3o, dor, dorm\u00eancia, necrose, embolia e at\u00e9 morte.\" \/>\n<meta property=\"og:url\" content=\"https:\/\/portaltela.pt\/noticias\/2026\/04\/14\/cantora-hospitalizada-antes-de-subir-ao-palco-apos-perda-de-liquido\/\" \/>\n<meta property=\"og:site_name\" content=\"Portal Tela Portugal\" \/>\n<meta property=\"article:published_time\" content=\"2026-04-14T20:47:35+00:00\" \/>\n<meta name=\"author\" content=\"Telinha\" \/>\n<meta name=\"twitter:card\" content=\"summary_large_image\" \/>\n<meta name=\"twitter:label1\" content=\"Escrito por\" \/>\n\t<meta name=\"twitter:data1\" content=\"Telinha\" \/>\n\t<meta name=\"twitter:label2\" content=\"Tempo estimado de leitura\" \/>\n\t<meta name=\"twitter:data2\" content=\"1 minuto\" \/>\n<script type=\"application\/ld+json\" class=\"yoast-schema-graph\">{\"@context\":\"https:\/\/schema.org\",\"@graph\":[{\"@type\":\"Article\",\"@id\":\"https:\/\/portaltela.pt\/noticias\/2026\/04\/14\/cantora-hospitalizada-antes-de-subir-ao-palco-apos-perda-de-liquido\/#article\",\"isPartOf\":{\"@id\":\"https:\/\/portaltela.pt\/noticias\/2026\/04\/14\/cantora-hospitalizada-antes-de-subir-ao-palco-apos-perda-de-liquido\/\"},\"author\":{\"name\":\"Telinha\",\"@id\":\"https:\/\/portaltela.pt\/#\/schema\/person\/c4278d4a6028830caff9ee44b42d32ed\"},\"headline\":\"Cantora hospitalizada antes de subir ao palco ap\u00f3s perda de l\u00edquido\",\"datePublished\":\"2026-04-14T20:47:35+00:00\",\"mainEntityOfPage\":{\"@id\":\"https:\/\/portaltela.pt\/noticias\/2026\/04\/14\/cantora-hospitalizada-antes-de-subir-ao-palco-apos-perda-de-liquido\/\"},\"wordCount\":229,\"image\":{\"@id\":\"https:\/\/portaltela.pt\/noticias\/2026\/04\/14\/cantora-hospitalizada-antes-de-subir-ao-palco-apos-perda-de-liquido\/#primaryimage\"},\"thumbnailUrl\":\"https:\/\/portaltela.pt\/s.01k8rhncp4jt1\/2026\/04\/img_1280x718uu2026-04-14-11-03-40-2278407-im-639117614628544566.jpg\",\"keywords\":[\"cirurgia\",\"fiscaliza\u00e7\u00e3o\",\"medicina\",\"sa\u00fade\",\"seguran\u00e7a p\u00fablica\",\"urg\u00eancias\"],\"articleSection\":[\"Sa\u00fade\"],\"inLanguage\":\"pt-PT\"},{\"@type\":\"WebPage\",\"@id\":\"https:\/\/portaltela.pt\/noticias\/2026\/04\/14\/cantora-hospitalizada-antes-de-subir-ao-palco-apos-perda-de-liquido\/\",\"url\":\"https:\/\/portaltela.pt\/noticias\/2026\/04\/14\/cantora-hospitalizada-antes-de-subir-ao-palco-apos-perda-de-liquido\/\",\"name\":\"Cantora hospitalizada antes de subir ao palco ap\u00f3s perda de l\u00edquido - Portal Tela Portugal\",\"isPartOf\":{\"@id\":\"https:\/\/portaltela.pt\/#website\"},\"primaryImageOfPage\":{\"@id\":\"https:\/\/portaltela.pt\/noticias\/2026\/04\/14\/cantora-hospitalizada-antes-de-subir-ao-palco-apos-perda-de-liquido\/#primaryimage\"},\"image\":{\"@id\":\"https:\/\/portaltela.pt\/noticias\/2026\/04\/14\/cantora-hospitalizada-antes-de-subir-ao-palco-apos-perda-de-liquido\/#primaryimage\"},\"thumbnailUrl\":\"https:\/\/portaltela.pt\/s.01k8rhncp4jt1\/2026\/04\/img_1280x718uu2026-04-14-11-03-40-2278407-im-639117614628544566.jpg\",\"datePublished\":\"2026-04-14T20:47:35+00:00\",\"author\":{\"@id\":\"https:\/\/portaltela.pt\/#\/schema\/person\/c4278d4a6028830caff9ee44b42d32ed\"},\"breadcrumb\":{\"@id\":\"https:\/\/portaltela.pt\/noticias\/2026\/04\/14\/cantora-hospitalizada-antes-de-subir-ao-palco-apos-perda-de-liquido\/#breadcrumb\"},\"inLanguage\":\"pt-PT\",\"potentialAction\":[{\"@type\":\"ReadAction\",\"target\":[\"https:\/\/portaltela.pt\/noticias\/2026\/04\/14\/cantora-hospitalizada-antes-de-subir-ao-palco-apos-perda-de-liquido\/\"]}]},{\"@type\":\"ImageObject\",\"inLanguage\":\"pt-PT\",\"@id\":\"https:\/\/portaltela.pt\/noticias\/2026\/04\/14\/cantora-hospitalizada-antes-de-subir-ao-palco-apos-perda-de-liquido\/#primaryimage\",\"url\":\"https:\/\/portaltela.pt\/s.01k8rhncp4jt1\/2026\/04\/img_1280x718uu2026-04-14-11-03-40-2278407-im-639117614628544566.jpg\",\"contentUrl\":\"https:\/\/portaltela.pt\/s.01k8rhncp4jt1\/2026\/04\/img_1280x718uu2026-04-14-11-03-40-2278407-im-639117614628544566.jpg\",\"width\":796,\"height\":448,\"caption\":\"K. Michelle\"},{\"@type\":\"BreadcrumbList\",\"@id\":\"https:\/\/portaltela.pt\/noticias\/2026\/04\/14\/cantora-hospitalizada-antes-de-subir-ao-palco-apos-perda-de-liquido\/#breadcrumb\",\"itemListElement\":[{\"@type\":\"ListItem\",\"position\":1,\"name\":\"In\u00edcio\",\"item\":\"https:\/\/portaltela.pt\/\"},{\"@type\":\"ListItem\",\"position\":2,\"name\":\"Cantora hospitalizada antes de subir ao palco ap\u00f3s perda de l\u00edquido\"}]},{\"@type\":\"WebSite\",\"@id\":\"https:\/\/portaltela.pt\/#website\",\"url\":\"https:\/\/portaltela.pt\/\",\"name\":\"Portal Tela Portugal\",\"description\":\"\",\"potentialAction\":[{\"@type\":\"SearchAction\",\"target\":{\"@type\":\"EntryPoint\",\"urlTemplate\":\"https:\/\/portaltela.pt\/?s={search_term_string}\"},\"query-input\":{\"@type\":\"PropertyValueSpecification\",\"valueRequired\":true,\"valueName\":\"search_term_string\"}}],\"inLanguage\":\"pt-PT\"},{\"@type\":\"Person\",\"@id\":\"https:\/\/portaltela.pt\/#\/schema\/person\/c4278d4a6028830caff9ee44b42d32ed\",\"name\":\"Telinha\",\"image\":{\"@type\":\"ImageObject\",\"inLanguage\":\"pt-PT\",\"@id\":\"https:\/\/portaltela.pt\/s.01k8rhncp4jt1\/2025\/11\/talking-bot-125x125.png\",\"url\":\"https:\/\/portaltela.pt\/s.01k8rhncp4jt1\/2025\/11\/talking-bot-125x125.png\",\"contentUrl\":\"https:\/\/portaltela.pt\/s.01k8rhncp4jt1\/2025\/11\/talking-bot-125x125.png\",\"caption\":\"Telinha\"},\"sameAs\":[\"https:\/\/portaltela.pt\/\"],\"url\":\"https:\/\/portaltela.pt\/por\/367410592786\/\"}]}<\/script>\n<!-- \/ Yoast SEO plugin. -->","yoast_head_json":{"title":"Cantora hospitalizada antes de subir ao palco ap\u00f3s perda de l\u00edquido - Portal Tela Portugal","robots":{"index":"index","follow":"follow","max-snippet":"max-snippet:-1","max-image-preview":"max-image-preview:large","max-video-preview":"max-video-preview:-1"},"og_locale":"pt_PT","og_type":"article","og_title":"Cantora hospitalizada antes de subir ao palco ap\u00f3s perda de l\u00edquido - Portal Tela Portugal","og_description":"A cantora norte-americana K. Michelle, de 44 anos, esteve hospitalizada ap\u00f3s perceber que o hidrogel injections no gl\u00fateo estava a vazar pouco antes de subir ao palco. O incidente ocorreu durante a prepara\u00e7\u00e3o para a atua\u00e7\u00e3o na Academy of Country Music Honors, em agosto de 2025, levando-a a consultar um cirurgi\u00e3o pl\u00e1stico. O m\u00e9dico explicou que havia uma abertura no local do procedimento anterior, com risco de infec\u00e7\u00e3o, o que exigiu cirurgia reconstrutora para remo\u00e7\u00e3o de tecido infetado. Em 2012 a cantora recorreu a hidrogel numa cl\u00ednica ilegal, sem qualifica\u00e7\u00e3o, e desde ent\u00e3o realizou dezenas de procedimentos para remover tecido infetado. K. Michelle afirmou que n\u00e3o \u00e9 poss\u00edvel retirar todo o silicone do corpo e que ele ficar\u00e1 para sempre, destacando riscos como infec\u00e7\u00e3o, dor, dorm\u00eancia, necrose, embolia e at\u00e9 morte.","og_url":"https:\/\/portaltela.pt\/noticias\/2026\/04\/14\/cantora-hospitalizada-antes-de-subir-ao-palco-apos-perda-de-liquido\/","og_site_name":"Portal Tela Portugal","article_published_time":"2026-04-14T20:47:35+00:00","author":"Telinha","twitter_card":"summary_large_image","twitter_misc":{"Escrito por":"Telinha","Tempo estimado de leitura":"1 minuto"},"schema":{"@context":"https:\/\/schema.org","@graph":[{"@type":"Article","@id":"https:\/\/portaltela.pt\/noticias\/2026\/04\/14\/cantora-hospitalizada-antes-de-subir-ao-palco-apos-perda-de-liquido\/#article","isPartOf":{"@id":"https:\/\/portaltela.pt\/noticias\/2026\/04\/14\/cantora-hospitalizada-antes-de-subir-ao-palco-apos-perda-de-liquido\/"},"author":{"name":"Telinha","@id":"https:\/\/portaltela.pt\/#\/schema\/person\/c4278d4a6028830caff9ee44b42d32ed"},"headline":"Cantora hospitalizada antes de subir ao palco ap\u00f3s perda de l\u00edquido","datePublished":"2026-04-14T20:47:35+00:00","mainEntityOfPage":{"@id":"https:\/\/portaltela.pt\/noticias\/2026\/04\/14\/cantora-hospitalizada-antes-de-subir-ao-palco-apos-perda-de-liquido\/"},"wordCount":229,"image":{"@id":"https:\/\/portaltela.pt\/noticias\/2026\/04\/14\/cantora-hospitalizada-antes-de-subir-ao-palco-apos-perda-de-liquido\/#primaryimage"},"thumbnailUrl":"https:\/\/portaltela.pt\/s.01k8rhncp4jt1\/2026\/04\/img_1280x718uu2026-04-14-11-03-40-2278407-im-639117614628544566.jpg","keywords":["cirurgia","fiscaliza\u00e7\u00e3o","medicina","sa\u00fade","seguran\u00e7a p\u00fablica","urg\u00eancias"],"articleSection":["Sa\u00fade"],"inLanguage":"pt-PT"},{"@type":"WebPage","@id":"https:\/\/portaltela.pt\/noticias\/2026\/04\/14\/cantora-hospitalizada-antes-de-subir-ao-palco-apos-perda-de-liquido\/","url":"https:\/\/portaltela.pt\/noticias\/2026\/04\/14\/cantora-hospitalizada-antes-de-subir-ao-palco-apos-perda-de-liquido\/","name":"Cantora hospitalizada antes de subir ao palco ap\u00f3s perda de l\u00edquido - Portal Tela Portugal","isPartOf":{"@id":"https:\/\/portaltela.pt\/#website"},"primaryImageOfPage":{"@id":"https:\/\/portaltela.pt\/noticias\/2026\/04\/14\/cantora-hospitalizada-antes-de-subir-ao-palco-apos-perda-de-liquido\/#primaryimage"},"image":{"@id":"https:\/\/portaltela.pt\/noticias\/2026\/04\/14\/cantora-hospitalizada-antes-de-subir-ao-palco-apos-perda-de-liquido\/#primaryimage"},"thumbnailUrl":"https:\/\/portaltela.pt\/s.01k8rhncp4jt1\/2026\/04\/img_1280x718uu2026-04-14-11-03-40-2278407-im-639117614628544566.jpg","datePublished":"2026-04-14T20:47:35+00:00","author":{"@id":"https:\/\/portaltela.pt\/#\/schema\/person\/c4278d4a6028830caff9ee44b42d32ed"},"breadcrumb":{"@id":"https:\/\/portaltela.pt\/noticias\/2026\/04\/14\/cantora-hospitalizada-antes-de-subir-ao-palco-apos-perda-de-liquido\/#breadcrumb"},"inLanguage":"pt-PT","potentialAction":[{"@type":"ReadAction","target":["https:\/\/portaltela.pt\/noticias\/2026\/04\/14\/cantora-hospitalizada-antes-de-subir-ao-palco-apos-perda-de-liquido\/"]}]},{"@type":"ImageObject","inLanguage":"pt-PT","@id":"https:\/\/portaltela.pt\/noticias\/2026\/04\/14\/cantora-hospitalizada-antes-de-subir-ao-palco-apos-perda-de-liquido\/#primaryimage","url":"https:\/\/portaltela.pt\/s.01k8rhncp4jt1\/2026\/04\/img_1280x718uu2026-04-14-11-03-40-2278407-im-639117614628544566.jpg","contentUrl":"https:\/\/portaltela.pt\/s.01k8rhncp4jt1\/2026\/04\/img_1280x718uu2026-04-14-11-03-40-2278407-im-639117614628544566.jpg","width":796,"height":448,"caption":"K. Michelle"},{"@type":"BreadcrumbList","@id":"https:\/\/portaltela.pt\/noticias\/2026\/04\/14\/cantora-hospitalizada-antes-de-subir-ao-palco-apos-perda-de-liquido\/#breadcrumb","itemListElement":[{"@type":"ListItem","position":1,"name":"In\u00edcio","item":"https:\/\/portaltela.pt\/"},{"@type":"ListItem","position":2,"name":"Cantora hospitalizada antes de subir ao palco ap\u00f3s perda de l\u00edquido"}]},{"@type":"WebSite","@id":"https:\/\/portaltela.pt\/#website","url":"https:\/\/portaltela.pt\/","name":"Portal Tela Portugal","description":"","potentialAction":[{"@type":"SearchAction","target":{"@type":"EntryPoint","urlTemplate":"https:\/\/portaltela.pt\/?s={search_term_string}"},"query-input":{"@type":"PropertyValueSpecification","valueRequired":true,"valueName":"search_term_string"}}],"inLanguage":"pt-PT"},{"@type":"Person","@id":"https:\/\/portaltela.pt\/#\/schema\/person\/c4278d4a6028830caff9ee44b42d32ed","name":"Telinha","image":{"@type":"ImageObject","inLanguage":"pt-PT","@id":"https:\/\/portaltela.pt\/s.01k8rhncp4jt1\/2025\/11\/talking-bot-125x125.png","url":"https:\/\/portaltela.pt\/s.01k8rhncp4jt1\/2025\/11\/talking-bot-125x125.png","contentUrl":"https:\/\/portaltela.pt\/s.01k8rhncp4jt1\/2025\/11\/talking-bot-125x125.png","caption":"Telinha"},"sameAs":["https:\/\/portaltela.pt\/"],"url":"https:\/\/portaltela.pt\/por\/367410592786\/"}]}},"_links":{"self":[{"href":"https:\/\/portaltela.pt\/api\/wp\/v2\/posts\/444332","targetHints":{"allow":["GET"]}}],"collection":[{"href":"https:\/\/portaltela.pt\/api\/wp\/v2\/posts"}],"about":[{"href":"https:\/\/portaltela.pt\/api\/wp\/v2\/types\/post"}],"author":[{"embeddable":true,"href":"https:\/\/portaltela.pt\/api\/wp\/v2\/users\/2"}],"replies":[{"embeddable":true,"href":"https:\/\/portaltela.pt\/api\/wp\/v2\/comments?post=444332"}],"version-history":[{"count":0,"href":"https:\/\/portaltela.pt\/api\/wp\/v2\/posts\/444332\/revisions"}],"wp:featuredmedia":[{"embeddable":true,"href":"https:\/\/portaltela.pt\/api\/wp\/v2\/media\/444338"}],"wp:attachment":[{"href":"https:\/\/portaltela.pt\/api\/wp\/v2\/media?parent=444332"}],"wp:term":[{"taxonomy":"category","embeddable":true,"href":"https:\/\/portaltela.pt\/api\/wp\/v2\/categories?post=444332"},{"taxonomy":"post_tag","embeddable":true,"href":"https:\/\/portaltela.pt\/api\/wp\/v2\/tags?post=444332"}],"curies":[{"name":"wp","href":"https:\/\/api.w.org\/{rel}","templated":true}]}}