{"id":444324,"date":"2026-04-14T17:32:23","date_gmt":"2026-04-14T20:32:23","guid":{"rendered":"https:\/\/portaltela.pt\/noticias\/2026\/04\/14\/gyokeres-teme-o-relvado-do-emirates-revela-rui-borges\/"},"modified":"2026-04-14T17:32:23","modified_gmt":"2026-04-14T20:32:23","slug":"gyokeres-teme-o-relvado-do-emirates-revela-rui-borges","status":"publish","type":"post","link":"https:\/\/portaltela.pt\/desporto\/futebol\/2026\/04\/14\/gyokeres-teme-o-relvado-do-emirates-revela-rui-borges\/","title":{"rendered":"Gy\u00f6keres teme o relvado do Emirates, revela Rui Borges"},"content":{"rendered":"<p>Na confer\u00eancia de antevis\u00e3o ao jogo Arsenal-Sporting, da 2.\u00aa m\u00e3o dos quartos de final da Liga dos Campe\u00f5es, Rui Borges respondeu sobre as preocupa\u00e7\u00f5es de Gy\u00f6keres quanto ao relvado do Emirates. O treinador do Sporting afirmou que s\u00f3 se vai preocupar com o que o treinador advers\u00e1rio, Luis Su\u00e1rez, lhe disser.<\/p>\n<p>O encontro decorre amanh\u00e3 no Emirates Stadium, casa dos ingleses. A an\u00e1lise de Borges centrou-se naquilo que pode influenciar a equipa na partida decisiva de poss\u00edvel passaporte para as meias-finais.<\/p>\n<p>Gy\u00f6keres tinha manifestado receios relativamente \u00e0s condi\u00e7\u00f5es do relvado, mas Borges limitou-se a referir que a prepara\u00e7\u00e3o da equipa depende do que for transmitido por Su\u00e1rez. O foco, segundo o t\u00e9cnico, est\u00e1 na prepara\u00e7\u00e3o t\u00e1tica para o duelo.<\/p>\n","protected":false},"excerpt":{"rendered":"<ul>\n<li>Rui Borges apresentou a antevis\u00e3o do Arsenal-Sporting, 2.\u00aa m\u00e3o dos quartos de final da Liga dos Campe\u00f5es.<\/li>\n<li>Gy\u00f6keres manifestou preocupa\u00e7\u00f5es com o relvado do Emirates, onde ocorre o jogo.<\/li>\n<li>O treinador leonino disse que s\u00f3 se preocupar\u00e1 com o que Lu\u00eds Su\u00e1rez lhe disser.<\/li>\n<li>O foco da confer\u00eancia foi a prepara\u00e7\u00e3o para o encontro europeu e a tentativa de inverter a eliminat\u00f3ria.<\/li>\n<\/ul>\n","protected":false},"author":2,"featured_media":444326,"comment_status":"closed","ping_status":"closed","sticky":false,"template":"","format":"standard","meta":{"footnotes":""},"categories":[21,24],"tags":[3577,6069,32,3338,4159,1652],"class_list":["post-444324","post","type-post","status-publish","format-standard","has-post-thumbnail","hentry","category-desporto","category-futebol","tag-champions-league","tag-emirates","tag-futebol","tag-futebol-internacional","tag-jogo","tag-sporting"],"yoast_head":"<!-- This site is optimized with the Yoast SEO plugin v27.2 - https:\/\/yoast.com\/product\/yoast-seo-wordpress\/ -->\n<title>Gy\u00f6keres teme o relvado do Emirates, revela Rui Borges - Portal Tela Portugal<\/title>\n<meta name=\"robots\" content=\"index, follow, max-snippet:-1, max-image-preview:large, max-video-preview:-1\" \/>\n<meta property=\"og:locale\" content=\"pt_PT\" \/>\n<meta property=\"og:type\" content=\"article\" \/>\n<meta property=\"og:title\" content=\"Gy\u00f6keres teme o relvado do Emirates, revela Rui Borges - Portal Tela Portugal\" \/>\n<meta property=\"og:description\" content=\"Rui Borges apresentou a antevis\u00e3o do Arsenal-Sporting, 2.\u00aa m\u00e3o dos quartos de final da Liga dos Campe\u00f5es. Gy\u00f6keres manifestou preocupa\u00e7\u00f5es com o relvado do Emirates, onde ocorre o jogo. O treinador leonino disse que s\u00f3 se preocupar\u00e1 com o que Lu\u00eds Su\u00e1rez lhe disser. O foco da confer\u00eancia foi a prepara\u00e7\u00e3o para o encontro europeu e a tentativa de inverter a eliminat\u00f3ria.\" \/>\n<meta property=\"og:url\" content=\"https:\/\/portaltela.pt\/noticias\/2026\/04\/14\/gyokeres-teme-o-relvado-do-emirates-revela-rui-borges\/\" \/>\n<meta property=\"og:site_name\" content=\"Portal Tela Portugal\" \/>\n<meta property=\"article:published_time\" content=\"2026-04-14T20:32:23+00:00\" \/>\n<meta name=\"author\" content=\"Telinha\" \/>\n<meta name=\"twitter:card\" content=\"summary_large_image\" \/>\n<meta name=\"twitter:label1\" content=\"Escrito por\" \/>\n\t<meta name=\"twitter:data1\" content=\"Telinha\" \/>\n\t<meta name=\"twitter:label2\" content=\"Tempo estimado de leitura\" \/>\n\t<meta name=\"twitter:data2\" content=\"1 minuto\" \/>\n<script type=\"application\/ld+json\" class=\"yoast-schema-graph\">{\"@context\":\"https:\/\/schema.org\",\"@graph\":[{\"@type\":\"Article\",\"@id\":\"https:\/\/portaltela.pt\/noticias\/2026\/04\/14\/gyokeres-teme-o-relvado-do-emirates-revela-rui-borges\/#article\",\"isPartOf\":{\"@id\":\"https:\/\/portaltela.pt\/noticias\/2026\/04\/14\/gyokeres-teme-o-relvado-do-emirates-revela-rui-borges\/\"},\"author\":{\"name\":\"Telinha\",\"@id\":\"https:\/\/portaltela.pt\/#\/schema\/person\/c4278d4a6028830caff9ee44b42d32ed\"},\"headline\":\"Gy\u00f6keres teme o relvado do Emirates, revela Rui Borges\",\"datePublished\":\"2026-04-14T20:32:23+00:00\",\"mainEntityOfPage\":{\"@id\":\"https:\/\/portaltela.pt\/noticias\/2026\/04\/14\/gyokeres-teme-o-relvado-do-emirates-revela-rui-borges\/\"},\"wordCount\":145,\"image\":{\"@id\":\"https:\/\/portaltela.pt\/noticias\/2026\/04\/14\/gyokeres-teme-o-relvado-do-emirates-revela-rui-borges\/#primaryimage\"},\"thumbnailUrl\":\"https:\/\/portaltela.pt\/s.01k8rhncp4jt1\/2026\/04\/img_293x165uu2026-04-14-21-20-35-2433053.jpg\",\"keywords\":[\"Champions League\",\"Emirates\",\"futebol\",\"futebol internacional\",\"jogo\",\"Sporting\"],\"articleSection\":[\"Desporto\",\"Futebol\"],\"inLanguage\":\"pt-PT\"},{\"@type\":\"WebPage\",\"@id\":\"https:\/\/portaltela.pt\/noticias\/2026\/04\/14\/gyokeres-teme-o-relvado-do-emirates-revela-rui-borges\/\",\"url\":\"https:\/\/portaltela.pt\/noticias\/2026\/04\/14\/gyokeres-teme-o-relvado-do-emirates-revela-rui-borges\/\",\"name\":\"Gy\u00f6keres teme o relvado do Emirates, revela Rui Borges - Portal Tela Portugal\",\"isPartOf\":{\"@id\":\"https:\/\/portaltela.pt\/#website\"},\"primaryImageOfPage\":{\"@id\":\"https:\/\/portaltela.pt\/noticias\/2026\/04\/14\/gyokeres-teme-o-relvado-do-emirates-revela-rui-borges\/#primaryimage\"},\"image\":{\"@id\":\"https:\/\/portaltela.pt\/noticias\/2026\/04\/14\/gyokeres-teme-o-relvado-do-emirates-revela-rui-borges\/#primaryimage\"},\"thumbnailUrl\":\"https:\/\/portaltela.pt\/s.01k8rhncp4jt1\/2026\/04\/img_293x165uu2026-04-14-21-20-35-2433053.jpg\",\"datePublished\":\"2026-04-14T20:32:23+00:00\",\"author\":{\"@id\":\"https:\/\/portaltela.pt\/#\/schema\/person\/c4278d4a6028830caff9ee44b42d32ed\"},\"breadcrumb\":{\"@id\":\"https:\/\/portaltela.pt\/noticias\/2026\/04\/14\/gyokeres-teme-o-relvado-do-emirates-revela-rui-borges\/#breadcrumb\"},\"inLanguage\":\"pt-PT\",\"potentialAction\":[{\"@type\":\"ReadAction\",\"target\":[\"https:\/\/portaltela.pt\/noticias\/2026\/04\/14\/gyokeres-teme-o-relvado-do-emirates-revela-rui-borges\/\"]}]},{\"@type\":\"ImageObject\",\"inLanguage\":\"pt-PT\",\"@id\":\"https:\/\/portaltela.pt\/noticias\/2026\/04\/14\/gyokeres-teme-o-relvado-do-emirates-revela-rui-borges\/#primaryimage\",\"url\":\"https:\/\/portaltela.pt\/s.01k8rhncp4jt1\/2026\/04\/img_293x165uu2026-04-14-21-20-35-2433053.jpg\",\"contentUrl\":\"https:\/\/portaltela.pt\/s.01k8rhncp4jt1\/2026\/04\/img_293x165uu2026-04-14-21-20-35-2433053.jpg\",\"width\":796,\"height\":448,\"caption\":\"Rui Borges e as preocupa\u00e7\u00f5es de Gy\u00f6keres com o relvado do Emirates: \u00abEstou preocupado \u00e9 com o que o Luis me vai dizer...\u00bb\"},{\"@type\":\"BreadcrumbList\",\"@id\":\"https:\/\/portaltela.pt\/noticias\/2026\/04\/14\/gyokeres-teme-o-relvado-do-emirates-revela-rui-borges\/#breadcrumb\",\"itemListElement\":[{\"@type\":\"ListItem\",\"position\":1,\"name\":\"In\u00edcio\",\"item\":\"https:\/\/portaltela.pt\/\"},{\"@type\":\"ListItem\",\"position\":2,\"name\":\"Gy\u00f6keres teme o relvado do Emirates, revela Rui Borges\"}]},{\"@type\":\"WebSite\",\"@id\":\"https:\/\/portaltela.pt\/#website\",\"url\":\"https:\/\/portaltela.pt\/\",\"name\":\"Portal Tela Portugal\",\"description\":\"\",\"potentialAction\":[{\"@type\":\"SearchAction\",\"target\":{\"@type\":\"EntryPoint\",\"urlTemplate\":\"https:\/\/portaltela.pt\/?s={search_term_string}\"},\"query-input\":{\"@type\":\"PropertyValueSpecification\",\"valueRequired\":true,\"valueName\":\"search_term_string\"}}],\"inLanguage\":\"pt-PT\"},{\"@type\":\"Person\",\"@id\":\"https:\/\/portaltela.pt\/#\/schema\/person\/c4278d4a6028830caff9ee44b42d32ed\",\"name\":\"Telinha\",\"image\":{\"@type\":\"ImageObject\",\"inLanguage\":\"pt-PT\",\"@id\":\"https:\/\/portaltela.pt\/s.01k8rhncp4jt1\/2025\/11\/talking-bot-125x125.png\",\"url\":\"https:\/\/portaltela.pt\/s.01k8rhncp4jt1\/2025\/11\/talking-bot-125x125.png\",\"contentUrl\":\"https:\/\/portaltela.pt\/s.01k8rhncp4jt1\/2025\/11\/talking-bot-125x125.png\",\"caption\":\"Telinha\"},\"sameAs\":[\"https:\/\/portaltela.pt\/\"],\"url\":\"https:\/\/portaltela.pt\/por\/367410592786\/\"}]}<\/script>\n<!-- \/ Yoast SEO plugin. -->","yoast_head_json":{"title":"Gy\u00f6keres teme o relvado do Emirates, revela Rui Borges - Portal Tela Portugal","robots":{"index":"index","follow":"follow","max-snippet":"max-snippet:-1","max-image-preview":"max-image-preview:large","max-video-preview":"max-video-preview:-1"},"og_locale":"pt_PT","og_type":"article","og_title":"Gy\u00f6keres teme o relvado do Emirates, revela Rui Borges - Portal Tela Portugal","og_description":"Rui Borges apresentou a antevis\u00e3o do Arsenal-Sporting, 2.\u00aa m\u00e3o dos quartos de final da Liga dos Campe\u00f5es. Gy\u00f6keres manifestou preocupa\u00e7\u00f5es com o relvado do Emirates, onde ocorre o jogo. O treinador leonino disse que s\u00f3 se preocupar\u00e1 com o que Lu\u00eds Su\u00e1rez lhe disser. O foco da confer\u00eancia foi a prepara\u00e7\u00e3o para o encontro europeu e a tentativa de inverter a eliminat\u00f3ria.","og_url":"https:\/\/portaltela.pt\/noticias\/2026\/04\/14\/gyokeres-teme-o-relvado-do-emirates-revela-rui-borges\/","og_site_name":"Portal Tela Portugal","article_published_time":"2026-04-14T20:32:23+00:00","author":"Telinha","twitter_card":"summary_large_image","twitter_misc":{"Escrito por":"Telinha","Tempo estimado de leitura":"1 minuto"},"schema":{"@context":"https:\/\/schema.org","@graph":[{"@type":"Article","@id":"https:\/\/portaltela.pt\/noticias\/2026\/04\/14\/gyokeres-teme-o-relvado-do-emirates-revela-rui-borges\/#article","isPartOf":{"@id":"https:\/\/portaltela.pt\/noticias\/2026\/04\/14\/gyokeres-teme-o-relvado-do-emirates-revela-rui-borges\/"},"author":{"name":"Telinha","@id":"https:\/\/portaltela.pt\/#\/schema\/person\/c4278d4a6028830caff9ee44b42d32ed"},"headline":"Gy\u00f6keres teme o relvado do Emirates, revela Rui Borges","datePublished":"2026-04-14T20:32:23+00:00","mainEntityOfPage":{"@id":"https:\/\/portaltela.pt\/noticias\/2026\/04\/14\/gyokeres-teme-o-relvado-do-emirates-revela-rui-borges\/"},"wordCount":145,"image":{"@id":"https:\/\/portaltela.pt\/noticias\/2026\/04\/14\/gyokeres-teme-o-relvado-do-emirates-revela-rui-borges\/#primaryimage"},"thumbnailUrl":"https:\/\/portaltela.pt\/s.01k8rhncp4jt1\/2026\/04\/img_293x165uu2026-04-14-21-20-35-2433053.jpg","keywords":["Champions League","Emirates","futebol","futebol internacional","jogo","Sporting"],"articleSection":["Desporto","Futebol"],"inLanguage":"pt-PT"},{"@type":"WebPage","@id":"https:\/\/portaltela.pt\/noticias\/2026\/04\/14\/gyokeres-teme-o-relvado-do-emirates-revela-rui-borges\/","url":"https:\/\/portaltela.pt\/noticias\/2026\/04\/14\/gyokeres-teme-o-relvado-do-emirates-revela-rui-borges\/","name":"Gy\u00f6keres teme o relvado do Emirates, revela Rui Borges - Portal Tela Portugal","isPartOf":{"@id":"https:\/\/portaltela.pt\/#website"},"primaryImageOfPage":{"@id":"https:\/\/portaltela.pt\/noticias\/2026\/04\/14\/gyokeres-teme-o-relvado-do-emirates-revela-rui-borges\/#primaryimage"},"image":{"@id":"https:\/\/portaltela.pt\/noticias\/2026\/04\/14\/gyokeres-teme-o-relvado-do-emirates-revela-rui-borges\/#primaryimage"},"thumbnailUrl":"https:\/\/portaltela.pt\/s.01k8rhncp4jt1\/2026\/04\/img_293x165uu2026-04-14-21-20-35-2433053.jpg","datePublished":"2026-04-14T20:32:23+00:00","author":{"@id":"https:\/\/portaltela.pt\/#\/schema\/person\/c4278d4a6028830caff9ee44b42d32ed"},"breadcrumb":{"@id":"https:\/\/portaltela.pt\/noticias\/2026\/04\/14\/gyokeres-teme-o-relvado-do-emirates-revela-rui-borges\/#breadcrumb"},"inLanguage":"pt-PT","potentialAction":[{"@type":"ReadAction","target":["https:\/\/portaltela.pt\/noticias\/2026\/04\/14\/gyokeres-teme-o-relvado-do-emirates-revela-rui-borges\/"]}]},{"@type":"ImageObject","inLanguage":"pt-PT","@id":"https:\/\/portaltela.pt\/noticias\/2026\/04\/14\/gyokeres-teme-o-relvado-do-emirates-revela-rui-borges\/#primaryimage","url":"https:\/\/portaltela.pt\/s.01k8rhncp4jt1\/2026\/04\/img_293x165uu2026-04-14-21-20-35-2433053.jpg","contentUrl":"https:\/\/portaltela.pt\/s.01k8rhncp4jt1\/2026\/04\/img_293x165uu2026-04-14-21-20-35-2433053.jpg","width":796,"height":448,"caption":"Rui Borges e as preocupa\u00e7\u00f5es de Gy\u00f6keres com o relvado do Emirates: \u00abEstou preocupado \u00e9 com o que o Luis me vai dizer...\u00bb"},{"@type":"BreadcrumbList","@id":"https:\/\/portaltela.pt\/noticias\/2026\/04\/14\/gyokeres-teme-o-relvado-do-emirates-revela-rui-borges\/#breadcrumb","itemListElement":[{"@type":"ListItem","position":1,"name":"In\u00edcio","item":"https:\/\/portaltela.pt\/"},{"@type":"ListItem","position":2,"name":"Gy\u00f6keres teme o relvado do Emirates, revela Rui Borges"}]},{"@type":"WebSite","@id":"https:\/\/portaltela.pt\/#website","url":"https:\/\/portaltela.pt\/","name":"Portal Tela Portugal","description":"","potentialAction":[{"@type":"SearchAction","target":{"@type":"EntryPoint","urlTemplate":"https:\/\/portaltela.pt\/?s={search_term_string}"},"query-input":{"@type":"PropertyValueSpecification","valueRequired":true,"valueName":"search_term_string"}}],"inLanguage":"pt-PT"},{"@type":"Person","@id":"https:\/\/portaltela.pt\/#\/schema\/person\/c4278d4a6028830caff9ee44b42d32ed","name":"Telinha","image":{"@type":"ImageObject","inLanguage":"pt-PT","@id":"https:\/\/portaltela.pt\/s.01k8rhncp4jt1\/2025\/11\/talking-bot-125x125.png","url":"https:\/\/portaltela.pt\/s.01k8rhncp4jt1\/2025\/11\/talking-bot-125x125.png","contentUrl":"https:\/\/portaltela.pt\/s.01k8rhncp4jt1\/2025\/11\/talking-bot-125x125.png","caption":"Telinha"},"sameAs":["https:\/\/portaltela.pt\/"],"url":"https:\/\/portaltela.pt\/por\/367410592786\/"}]}},"_links":{"self":[{"href":"https:\/\/portaltela.pt\/api\/wp\/v2\/posts\/444324","targetHints":{"allow":["GET"]}}],"collection":[{"href":"https:\/\/portaltela.pt\/api\/wp\/v2\/posts"}],"about":[{"href":"https:\/\/portaltela.pt\/api\/wp\/v2\/types\/post"}],"author":[{"embeddable":true,"href":"https:\/\/portaltela.pt\/api\/wp\/v2\/users\/2"}],"replies":[{"embeddable":true,"href":"https:\/\/portaltela.pt\/api\/wp\/v2\/comments?post=444324"}],"version-history":[{"count":0,"href":"https:\/\/portaltela.pt\/api\/wp\/v2\/posts\/444324\/revisions"}],"wp:featuredmedia":[{"embeddable":true,"href":"https:\/\/portaltela.pt\/api\/wp\/v2\/media\/444326"}],"wp:attachment":[{"href":"https:\/\/portaltela.pt\/api\/wp\/v2\/media?parent=444324"}],"wp:term":[{"taxonomy":"category","embeddable":true,"href":"https:\/\/portaltela.pt\/api\/wp\/v2\/categories?post=444324"},{"taxonomy":"post_tag","embeddable":true,"href":"https:\/\/portaltela.pt\/api\/wp\/v2\/tags?post=444324"}],"curies":[{"name":"wp","href":"https:\/\/api.w.org\/{rel}","templated":true}]}}