{"id":444320,"date":"2026-04-14T17:32:18","date_gmt":"2026-04-14T20:32:18","guid":{"rendered":"https:\/\/portaltela.pt\/noticias\/2026\/04\/14\/governo-atualiza-valores-pagos-a-privados-por-exames-de-diagnostico\/"},"modified":"2026-04-14T17:32:18","modified_gmt":"2026-04-14T20:32:18","slug":"governo-atualiza-valores-pagos-a-privados-por-exames-de-diagnostico","status":"publish","type":"post","link":"https:\/\/portaltela.pt\/saude\/2026\/04\/14\/governo-atualiza-valores-pagos-a-privados-por-exames-de-diagnostico\/","title":{"rendered":"Governo atualiza valores pagos a privados por exames de diagn\u00f3stico"},"content":{"rendered":"<p>O Governo atualizou os valores pagos pelo SNS aos privados que realizam exames complementares de diagn\u00f3stico e terap\u00eautica. A medida abrange v\u00e1rias \u00e1reas, incluindo rastreio do cancro da mama, ecografias e TAC, e foi publicada atrav\u00e9s de um despacho. A Administra\u00e7\u00e3o central explica que a altera\u00e7\u00e3o visa responder \u00e0s necessidades do sector convencionado.<\/p>\n<p>Segundo o Minist\u00e9rio da Sa\u00fade, os valores aumentaram de forma espec\u00edfica: mamografia e ecografia mam\u00e1ria tiveram refor\u00e7os, e foi introduzido o exame de tomoss\u00edntese digital da mama. A inten\u00e7\u00e3o \u00e9 reduzir constrangimentos de acesso aos utentes, sobretudo para ecografias.<\/p>\n<p>Os novos valores contemplam tamb\u00e9m altera\u00e7\u00f5es na classifica\u00e7\u00e3o e nomenclatura de v\u00e1rios actos cl\u00ednicos, ajustando c\u00f3digos de fatura\u00e7\u00e3o desfasados da evolu\u00e7\u00e3o tecnol\u00f3gica. O despacho alinha as tabelas com as necessidades de servi\u00e7o e de sustentabilidade das duas partes.<\/p>\n<h3>Impacto no acesso e na resposta da rede<\/h3>\n<p>O Governo afirma que as mudan\u00e7as v\u00e3o refor\u00e7ar a capacidade da rede conveniada e melhorar o acesso atempado aos meios de diagn\u00f3stico, nomeadamente em \u00e1reas que n\u00e3o recebiam atualiza\u00e7\u00f5es h\u00e1 anos. Pretende ainda evitar interrup\u00e7\u00f5es ou recusas por quest\u00f5es de fatura\u00e7\u00e3o.<\/p>\n<h3>Contexto do setor convenionado<\/h3>\n<p>A Federa\u00e7\u00e3o Nacional dos Prestadores de Cuidados de Sa\u00fade lembrou que as entidades privadas asseguram cerca de 150 milh\u00f5es de exames por ano, funcionando como rede complementar ao SNS. Em \u00e1reas cr\u00edticas, como imagiologia, o contributo do sector assume natureza estrutural, com milhares de profissionais a prestar diagn\u00f3sticos a milh\u00f5es de utentes.<\/p>\n","protected":false},"excerpt":{"rendered":"<ul>\n<li>O Governo atualizou as tabelas de actos convencionados e os valores pagos aos privados pelo SNS, incluindo exames de diagn\u00f3stico e rastreio do cancro da mama.<\/li>\n<li>As ecografias gerais passaram de 14\u201316 euros para 26 euros; as ecografias de tecidos moles subiram de 9 euros para entre 20 e 26 euros; as tomografias axial computorizadas aumentaram de 70 euros para 80 euros.<\/li>\n<li>Foi introduzido um novo exame: tomoss\u00edntese digital da mama, destinado ao rastreio do cancro da mama.<\/li>\n<li>A medida visa reduzir constrangimentos de acesso aos exames e atualizar a classifica\u00e7\u00e3o e nomenclatura de diversos actos cl\u00ednicos, assegurando a sustentabilidade da rede convencionada.<\/li>\n<li>A Federa\u00e7\u00e3o Nacional dos Prestadores de Cuidados de Sa\u00fade aponta que o sector privado realiza cerca de 150 milh\u00f5es de exames por ano e envolve aproximadamente 10 mil profissionais na imagiologia, atendendo quase sete milh\u00f5es de utentes.<\/li>\n<\/ul>\n","protected":false},"author":2,"featured_media":444322,"comment_status":"closed","ping_status":"closed","sticky":false,"template":"","format":"standard","meta":{"footnotes":""},"categories":[1,6745],"tags":[168,2805,172,271,1221,1775],"class_list":["post-444320","post","type-post","status-publish","format-standard","has-post-thumbnail","hentry","category-noticias","category-saude","tag-administracao-publica","tag-diagnostico","tag-saude","tag-saude-publica","tag-servicos-publicos","tag-sns"],"yoast_head":"<!-- This site is optimized with the Yoast SEO plugin v27.2 - https:\/\/yoast.com\/product\/yoast-seo-wordpress\/ -->\n<title>Governo atualiza valores pagos a privados por exames de diagn\u00f3stico - Portal Tela Portugal<\/title>\n<meta name=\"robots\" content=\"index, follow, max-snippet:-1, max-image-preview:large, max-video-preview:-1\" \/>\n<meta property=\"og:locale\" content=\"pt_PT\" \/>\n<meta property=\"og:type\" content=\"article\" \/>\n<meta property=\"og:title\" content=\"Governo atualiza valores pagos a privados por exames de diagn\u00f3stico - Portal Tela Portugal\" \/>\n<meta property=\"og:description\" content=\"O Governo atualizou as tabelas de actos convencionados e os valores pagos aos privados pelo SNS, incluindo exames de diagn\u00f3stico e rastreio do cancro da mama. As ecografias gerais passaram de 14\u201316 euros para 26 euros; as ecografias de tecidos moles subiram de 9 euros para entre 20 e 26 euros; as tomografias axial computorizadas aumentaram de 70 euros para 80 euros. Foi introduzido um novo exame: tomoss\u00edntese digital da mama, destinado ao rastreio do cancro da mama. A medida visa reduzir constrangimentos de acesso aos exames e atualizar a classifica\u00e7\u00e3o e nomenclatura de diversos actos cl\u00ednicos, assegurando a sustentabilidade da rede convencionada. A Federa\u00e7\u00e3o Nacional dos Prestadores de Cuidados de Sa\u00fade aponta que o sector privado realiza cerca de 150 milh\u00f5es de exames por ano e envolve aproximadamente 10 mil profissionais na imagiologia, atendendo quase sete milh\u00f5es de utentes.\" \/>\n<meta property=\"og:url\" content=\"https:\/\/portaltela.pt\/noticias\/2026\/04\/14\/governo-atualiza-valores-pagos-a-privados-por-exames-de-diagnostico\/\" \/>\n<meta property=\"og:site_name\" content=\"Portal Tela Portugal\" \/>\n<meta property=\"article:published_time\" content=\"2026-04-14T20:32:18+00:00\" \/>\n<meta name=\"author\" content=\"Telinha\" \/>\n<meta name=\"twitter:card\" content=\"summary_large_image\" \/>\n<meta name=\"twitter:label1\" content=\"Escrito por\" \/>\n\t<meta name=\"twitter:data1\" content=\"Telinha\" \/>\n\t<meta name=\"twitter:label2\" content=\"Tempo estimado de leitura\" \/>\n\t<meta name=\"twitter:data2\" content=\"1 minuto\" \/>\n<script type=\"application\/ld+json\" class=\"yoast-schema-graph\">{\"@context\":\"https:\/\/schema.org\",\"@graph\":[{\"@type\":\"Article\",\"@id\":\"https:\/\/portaltela.pt\/noticias\/2026\/04\/14\/governo-atualiza-valores-pagos-a-privados-por-exames-de-diagnostico\/#article\",\"isPartOf\":{\"@id\":\"https:\/\/portaltela.pt\/noticias\/2026\/04\/14\/governo-atualiza-valores-pagos-a-privados-por-exames-de-diagnostico\/\"},\"author\":{\"name\":\"Telinha\",\"@id\":\"https:\/\/portaltela.pt\/#\/schema\/person\/c4278d4a6028830caff9ee44b42d32ed\"},\"headline\":\"Governo atualiza valores pagos a privados por exames de diagn\u00f3stico\",\"datePublished\":\"2026-04-14T20:32:18+00:00\",\"mainEntityOfPage\":{\"@id\":\"https:\/\/portaltela.pt\/noticias\/2026\/04\/14\/governo-atualiza-valores-pagos-a-privados-por-exames-de-diagnostico\/\"},\"wordCount\":282,\"image\":{\"@id\":\"https:\/\/portaltela.pt\/noticias\/2026\/04\/14\/governo-atualiza-valores-pagos-a-privados-por-exames-de-diagnostico\/#primaryimage\"},\"thumbnailUrl\":\"https:\/\/portaltela.pt\/s.01k8rhncp4jt1\/2026\/04\/2081343.jpg\",\"keywords\":[\"administra\u00e7\u00e3o p\u00fablica\",\"diagn\u00f3stico\",\"sa\u00fade\",\"sa\u00fade p\u00fablica\",\"servi\u00e7os p\u00fablicos\",\"SNS\"],\"articleSection\":[\"Not\u00edcias\",\"Sa\u00fade\"],\"inLanguage\":\"pt-PT\"},{\"@type\":\"WebPage\",\"@id\":\"https:\/\/portaltela.pt\/noticias\/2026\/04\/14\/governo-atualiza-valores-pagos-a-privados-por-exames-de-diagnostico\/\",\"url\":\"https:\/\/portaltela.pt\/noticias\/2026\/04\/14\/governo-atualiza-valores-pagos-a-privados-por-exames-de-diagnostico\/\",\"name\":\"Governo atualiza valores pagos a privados por exames de diagn\u00f3stico - Portal Tela Portugal\",\"isPartOf\":{\"@id\":\"https:\/\/portaltela.pt\/#website\"},\"primaryImageOfPage\":{\"@id\":\"https:\/\/portaltela.pt\/noticias\/2026\/04\/14\/governo-atualiza-valores-pagos-a-privados-por-exames-de-diagnostico\/#primaryimage\"},\"image\":{\"@id\":\"https:\/\/portaltela.pt\/noticias\/2026\/04\/14\/governo-atualiza-valores-pagos-a-privados-por-exames-de-diagnostico\/#primaryimage\"},\"thumbnailUrl\":\"https:\/\/portaltela.pt\/s.01k8rhncp4jt1\/2026\/04\/2081343.jpg\",\"datePublished\":\"2026-04-14T20:32:18+00:00\",\"author\":{\"@id\":\"https:\/\/portaltela.pt\/#\/schema\/person\/c4278d4a6028830caff9ee44b42d32ed\"},\"breadcrumb\":{\"@id\":\"https:\/\/portaltela.pt\/noticias\/2026\/04\/14\/governo-atualiza-valores-pagos-a-privados-por-exames-de-diagnostico\/#breadcrumb\"},\"inLanguage\":\"pt-PT\",\"potentialAction\":[{\"@type\":\"ReadAction\",\"target\":[\"https:\/\/portaltela.pt\/noticias\/2026\/04\/14\/governo-atualiza-valores-pagos-a-privados-por-exames-de-diagnostico\/\"]}]},{\"@type\":\"ImageObject\",\"inLanguage\":\"pt-PT\",\"@id\":\"https:\/\/portaltela.pt\/noticias\/2026\/04\/14\/governo-atualiza-valores-pagos-a-privados-por-exames-de-diagnostico\/#primaryimage\",\"url\":\"https:\/\/portaltela.pt\/s.01k8rhncp4jt1\/2026\/04\/2081343.jpg\",\"contentUrl\":\"https:\/\/portaltela.pt\/s.01k8rhncp4jt1\/2026\/04\/2081343.jpg\",\"width\":796,\"height\":448,\"caption\":\"Governo considerou que medidas v\u00e3o permitir refor\u00e7ar a capacidade de resposta da rede convencionada\"},{\"@type\":\"BreadcrumbList\",\"@id\":\"https:\/\/portaltela.pt\/noticias\/2026\/04\/14\/governo-atualiza-valores-pagos-a-privados-por-exames-de-diagnostico\/#breadcrumb\",\"itemListElement\":[{\"@type\":\"ListItem\",\"position\":1,\"name\":\"In\u00edcio\",\"item\":\"https:\/\/portaltela.pt\/\"},{\"@type\":\"ListItem\",\"position\":2,\"name\":\"Governo atualiza valores pagos a privados por exames de diagn\u00f3stico\"}]},{\"@type\":\"WebSite\",\"@id\":\"https:\/\/portaltela.pt\/#website\",\"url\":\"https:\/\/portaltela.pt\/\",\"name\":\"Portal Tela Portugal\",\"description\":\"\",\"potentialAction\":[{\"@type\":\"SearchAction\",\"target\":{\"@type\":\"EntryPoint\",\"urlTemplate\":\"https:\/\/portaltela.pt\/?s={search_term_string}\"},\"query-input\":{\"@type\":\"PropertyValueSpecification\",\"valueRequired\":true,\"valueName\":\"search_term_string\"}}],\"inLanguage\":\"pt-PT\"},{\"@type\":\"Person\",\"@id\":\"https:\/\/portaltela.pt\/#\/schema\/person\/c4278d4a6028830caff9ee44b42d32ed\",\"name\":\"Telinha\",\"image\":{\"@type\":\"ImageObject\",\"inLanguage\":\"pt-PT\",\"@id\":\"https:\/\/portaltela.pt\/s.01k8rhncp4jt1\/2025\/11\/talking-bot-125x125.png\",\"url\":\"https:\/\/portaltela.pt\/s.01k8rhncp4jt1\/2025\/11\/talking-bot-125x125.png\",\"contentUrl\":\"https:\/\/portaltela.pt\/s.01k8rhncp4jt1\/2025\/11\/talking-bot-125x125.png\",\"caption\":\"Telinha\"},\"sameAs\":[\"https:\/\/portaltela.pt\/\"],\"url\":\"https:\/\/portaltela.pt\/por\/367410592786\/\"}]}<\/script>\n<!-- \/ Yoast SEO plugin. -->","yoast_head_json":{"title":"Governo atualiza valores pagos a privados por exames de diagn\u00f3stico - Portal Tela Portugal","robots":{"index":"index","follow":"follow","max-snippet":"max-snippet:-1","max-image-preview":"max-image-preview:large","max-video-preview":"max-video-preview:-1"},"og_locale":"pt_PT","og_type":"article","og_title":"Governo atualiza valores pagos a privados por exames de diagn\u00f3stico - Portal Tela Portugal","og_description":"O Governo atualizou as tabelas de actos convencionados e os valores pagos aos privados pelo SNS, incluindo exames de diagn\u00f3stico e rastreio do cancro da mama. As ecografias gerais passaram de 14\u201316 euros para 26 euros; as ecografias de tecidos moles subiram de 9 euros para entre 20 e 26 euros; as tomografias axial computorizadas aumentaram de 70 euros para 80 euros. Foi introduzido um novo exame: tomoss\u00edntese digital da mama, destinado ao rastreio do cancro da mama. A medida visa reduzir constrangimentos de acesso aos exames e atualizar a classifica\u00e7\u00e3o e nomenclatura de diversos actos cl\u00ednicos, assegurando a sustentabilidade da rede convencionada. A Federa\u00e7\u00e3o Nacional dos Prestadores de Cuidados de Sa\u00fade aponta que o sector privado realiza cerca de 150 milh\u00f5es de exames por ano e envolve aproximadamente 10 mil profissionais na imagiologia, atendendo quase sete milh\u00f5es de utentes.","og_url":"https:\/\/portaltela.pt\/noticias\/2026\/04\/14\/governo-atualiza-valores-pagos-a-privados-por-exames-de-diagnostico\/","og_site_name":"Portal Tela Portugal","article_published_time":"2026-04-14T20:32:18+00:00","author":"Telinha","twitter_card":"summary_large_image","twitter_misc":{"Escrito por":"Telinha","Tempo estimado de leitura":"1 minuto"},"schema":{"@context":"https:\/\/schema.org","@graph":[{"@type":"Article","@id":"https:\/\/portaltela.pt\/noticias\/2026\/04\/14\/governo-atualiza-valores-pagos-a-privados-por-exames-de-diagnostico\/#article","isPartOf":{"@id":"https:\/\/portaltela.pt\/noticias\/2026\/04\/14\/governo-atualiza-valores-pagos-a-privados-por-exames-de-diagnostico\/"},"author":{"name":"Telinha","@id":"https:\/\/portaltela.pt\/#\/schema\/person\/c4278d4a6028830caff9ee44b42d32ed"},"headline":"Governo atualiza valores pagos a privados por exames de diagn\u00f3stico","datePublished":"2026-04-14T20:32:18+00:00","mainEntityOfPage":{"@id":"https:\/\/portaltela.pt\/noticias\/2026\/04\/14\/governo-atualiza-valores-pagos-a-privados-por-exames-de-diagnostico\/"},"wordCount":282,"image":{"@id":"https:\/\/portaltela.pt\/noticias\/2026\/04\/14\/governo-atualiza-valores-pagos-a-privados-por-exames-de-diagnostico\/#primaryimage"},"thumbnailUrl":"https:\/\/portaltela.pt\/s.01k8rhncp4jt1\/2026\/04\/2081343.jpg","keywords":["administra\u00e7\u00e3o p\u00fablica","diagn\u00f3stico","sa\u00fade","sa\u00fade p\u00fablica","servi\u00e7os p\u00fablicos","SNS"],"articleSection":["Not\u00edcias","Sa\u00fade"],"inLanguage":"pt-PT"},{"@type":"WebPage","@id":"https:\/\/portaltela.pt\/noticias\/2026\/04\/14\/governo-atualiza-valores-pagos-a-privados-por-exames-de-diagnostico\/","url":"https:\/\/portaltela.pt\/noticias\/2026\/04\/14\/governo-atualiza-valores-pagos-a-privados-por-exames-de-diagnostico\/","name":"Governo atualiza valores pagos a privados por exames de diagn\u00f3stico - Portal Tela Portugal","isPartOf":{"@id":"https:\/\/portaltela.pt\/#website"},"primaryImageOfPage":{"@id":"https:\/\/portaltela.pt\/noticias\/2026\/04\/14\/governo-atualiza-valores-pagos-a-privados-por-exames-de-diagnostico\/#primaryimage"},"image":{"@id":"https:\/\/portaltela.pt\/noticias\/2026\/04\/14\/governo-atualiza-valores-pagos-a-privados-por-exames-de-diagnostico\/#primaryimage"},"thumbnailUrl":"https:\/\/portaltela.pt\/s.01k8rhncp4jt1\/2026\/04\/2081343.jpg","datePublished":"2026-04-14T20:32:18+00:00","author":{"@id":"https:\/\/portaltela.pt\/#\/schema\/person\/c4278d4a6028830caff9ee44b42d32ed"},"breadcrumb":{"@id":"https:\/\/portaltela.pt\/noticias\/2026\/04\/14\/governo-atualiza-valores-pagos-a-privados-por-exames-de-diagnostico\/#breadcrumb"},"inLanguage":"pt-PT","potentialAction":[{"@type":"ReadAction","target":["https:\/\/portaltela.pt\/noticias\/2026\/04\/14\/governo-atualiza-valores-pagos-a-privados-por-exames-de-diagnostico\/"]}]},{"@type":"ImageObject","inLanguage":"pt-PT","@id":"https:\/\/portaltela.pt\/noticias\/2026\/04\/14\/governo-atualiza-valores-pagos-a-privados-por-exames-de-diagnostico\/#primaryimage","url":"https:\/\/portaltela.pt\/s.01k8rhncp4jt1\/2026\/04\/2081343.jpg","contentUrl":"https:\/\/portaltela.pt\/s.01k8rhncp4jt1\/2026\/04\/2081343.jpg","width":796,"height":448,"caption":"Governo considerou que medidas v\u00e3o permitir refor\u00e7ar a capacidade de resposta da rede convencionada"},{"@type":"BreadcrumbList","@id":"https:\/\/portaltela.pt\/noticias\/2026\/04\/14\/governo-atualiza-valores-pagos-a-privados-por-exames-de-diagnostico\/#breadcrumb","itemListElement":[{"@type":"ListItem","position":1,"name":"In\u00edcio","item":"https:\/\/portaltela.pt\/"},{"@type":"ListItem","position":2,"name":"Governo atualiza valores pagos a privados por exames de diagn\u00f3stico"}]},{"@type":"WebSite","@id":"https:\/\/portaltela.pt\/#website","url":"https:\/\/portaltela.pt\/","name":"Portal Tela Portugal","description":"","potentialAction":[{"@type":"SearchAction","target":{"@type":"EntryPoint","urlTemplate":"https:\/\/portaltela.pt\/?s={search_term_string}"},"query-input":{"@type":"PropertyValueSpecification","valueRequired":true,"valueName":"search_term_string"}}],"inLanguage":"pt-PT"},{"@type":"Person","@id":"https:\/\/portaltela.pt\/#\/schema\/person\/c4278d4a6028830caff9ee44b42d32ed","name":"Telinha","image":{"@type":"ImageObject","inLanguage":"pt-PT","@id":"https:\/\/portaltela.pt\/s.01k8rhncp4jt1\/2025\/11\/talking-bot-125x125.png","url":"https:\/\/portaltela.pt\/s.01k8rhncp4jt1\/2025\/11\/talking-bot-125x125.png","contentUrl":"https:\/\/portaltela.pt\/s.01k8rhncp4jt1\/2025\/11\/talking-bot-125x125.png","caption":"Telinha"},"sameAs":["https:\/\/portaltela.pt\/"],"url":"https:\/\/portaltela.pt\/por\/367410592786\/"}]}},"_links":{"self":[{"href":"https:\/\/portaltela.pt\/api\/wp\/v2\/posts\/444320","targetHints":{"allow":["GET"]}}],"collection":[{"href":"https:\/\/portaltela.pt\/api\/wp\/v2\/posts"}],"about":[{"href":"https:\/\/portaltela.pt\/api\/wp\/v2\/types\/post"}],"author":[{"embeddable":true,"href":"https:\/\/portaltela.pt\/api\/wp\/v2\/users\/2"}],"replies":[{"embeddable":true,"href":"https:\/\/portaltela.pt\/api\/wp\/v2\/comments?post=444320"}],"version-history":[{"count":0,"href":"https:\/\/portaltela.pt\/api\/wp\/v2\/posts\/444320\/revisions"}],"wp:featuredmedia":[{"embeddable":true,"href":"https:\/\/portaltela.pt\/api\/wp\/v2\/media\/444322"}],"wp:attachment":[{"href":"https:\/\/portaltela.pt\/api\/wp\/v2\/media?parent=444320"}],"wp:term":[{"taxonomy":"category","embeddable":true,"href":"https:\/\/portaltela.pt\/api\/wp\/v2\/categories?post=444320"},{"taxonomy":"post_tag","embeddable":true,"href":"https:\/\/portaltela.pt\/api\/wp\/v2\/tags?post=444320"}],"curies":[{"name":"wp","href":"https:\/\/api.w.org\/{rel}","templated":true}]}}