{"id":444291,"date":"2026-04-14T17:02:09","date_gmt":"2026-04-14T20:02:09","guid":{"rendered":"https:\/\/portaltela.pt\/noticias\/2026\/04\/14\/nuno-mendes-lesionado-sai-do-liverpool-psg-preocupa-a-selecao\/"},"modified":"2026-04-14T17:02:09","modified_gmt":"2026-04-14T20:02:09","slug":"nuno-mendes-lesionado-sai-do-liverpool-psg-preocupa-a-selecao","status":"publish","type":"post","link":"https:\/\/portaltela.pt\/desporto\/futebol\/2026\/04\/14\/nuno-mendes-lesionado-sai-do-liverpool-psg-preocupa-a-selecao\/","title":{"rendered":"Nuno Mendes lesionado sai do Liverpool-PSG, preocupa a Sele\u00e7\u00e3o"},"content":{"rendered":"<p>Nuno Mendes, defesa lateral de Portugal, ficou preocupado o PSG na ter\u00e7a-feira ao sofrer uma les\u00e3o durante o encontro contra o Liverpool. O jogador pediu substitutions aos 37 minutos da primeira parte e foi substitu\u00eddo por Lucas Hern\u00e1ndez.<\/p>\n<p>O lance ocorreu ainda antes do intervalo, no jogo entre Liverpool e Paris Saint-Germain. Mendes levantou a m\u00e3o na zona posterior da coxa, sugerindo uma limita\u00e7\u00e3o f\u00edsica que motivou a sa\u00edda. O incidente ocorreu na fase inicial do encontro.<\/p>\n<p>A dois meses do arranque do Mundial, o tema preocupa tanto o treinador do PSG, Luis Enrique, como o selecionador nacional Roberto Mart\u00ednez. Ainda n\u00e3o h\u00e1 confirma\u00e7\u00e3o sobre a gravidade da les\u00e3o nem o tempo esperado de aus\u00eancia.<\/p>\n","protected":false},"excerpt":{"rendered":"<ul>\n<li>Nuno Mendes saiu lesionado ainda na primeira parte do jogo Liverpool-PSG.<\/li>\n<li>Aos 37 minutos pediu substitui\u00e7\u00e3o e foi substitu\u00eddo por Lucas Hern\u00e1ndez.<\/li>\n<li>Ao levantar-se, o jogador parece ter tocado na face posterior da coxa.<\/li>\n<li>A les\u00e3o coloca em alerta a dois meses do Mundial.<\/li>\n<li>H\u00e1 preocupa\u00e7\u00e3o tanto para o treinador do PSG, Luis Enrique, como para o selecionador portugu\u00eas, Roberto Mart\u00ednez.<\/li>\n<\/ul>\n","protected":false},"author":2,"featured_media":444294,"comment_status":"closed","ping_status":"closed","sticky":false,"template":"","format":"standard","meta":{"footnotes":""},"categories":[21,24],"tags":[32,81,2538,1981,1014,2057],"class_list":["post-444291","post","type-post","status-publish","format-standard","has-post-thumbnail","hentry","category-desporto","category-futebol","tag-futebol","tag-internacionais","tag-lesoes","tag-liverpool","tag-portugal","tag-selecao-nacional"],"yoast_head":"<!-- This site is optimized with the Yoast SEO plugin v27.2 - https:\/\/yoast.com\/product\/yoast-seo-wordpress\/ -->\n<title>Nuno Mendes lesionado sai do Liverpool-PSG, preocupa a Sele\u00e7\u00e3o - Portal Tela Portugal<\/title>\n<meta name=\"robots\" content=\"index, follow, max-snippet:-1, max-image-preview:large, max-video-preview:-1\" \/>\n<meta property=\"og:locale\" content=\"pt_PT\" \/>\n<meta property=\"og:type\" content=\"article\" \/>\n<meta property=\"og:title\" content=\"Nuno Mendes lesionado sai do Liverpool-PSG, preocupa a Sele\u00e7\u00e3o - Portal Tela Portugal\" \/>\n<meta property=\"og:description\" content=\"Nuno Mendes saiu lesionado ainda na primeira parte do jogo Liverpool-PSG. Aos 37 minutos pediu substitui\u00e7\u00e3o e foi substitu\u00eddo por Lucas Hern\u00e1ndez. Ao levantar-se, o jogador parece ter tocado na face posterior da coxa. A les\u00e3o coloca em alerta a dois meses do Mundial. H\u00e1 preocupa\u00e7\u00e3o tanto para o treinador do PSG, Luis Enrique, como para o selecionador portugu\u00eas, Roberto Mart\u00ednez.\" \/>\n<meta property=\"og:url\" content=\"https:\/\/portaltela.pt\/noticias\/2026\/04\/14\/nuno-mendes-lesionado-sai-do-liverpool-psg-preocupa-a-selecao\/\" \/>\n<meta property=\"og:site_name\" content=\"Portal Tela Portugal\" \/>\n<meta property=\"article:published_time\" content=\"2026-04-14T20:02:09+00:00\" \/>\n<meta name=\"author\" content=\"Telinha\" \/>\n<meta name=\"twitter:card\" content=\"summary_large_image\" \/>\n<meta name=\"twitter:label1\" content=\"Escrito por\" \/>\n\t<meta name=\"twitter:data1\" content=\"Telinha\" \/>\n\t<meta name=\"twitter:label2\" content=\"Tempo estimado de leitura\" \/>\n\t<meta name=\"twitter:data2\" content=\"1 minuto\" \/>\n<script type=\"application\/ld+json\" class=\"yoast-schema-graph\">{\"@context\":\"https:\/\/schema.org\",\"@graph\":[{\"@type\":\"Article\",\"@id\":\"https:\/\/portaltela.pt\/noticias\/2026\/04\/14\/nuno-mendes-lesionado-sai-do-liverpool-psg-preocupa-a-selecao\/#article\",\"isPartOf\":{\"@id\":\"https:\/\/portaltela.pt\/noticias\/2026\/04\/14\/nuno-mendes-lesionado-sai-do-liverpool-psg-preocupa-a-selecao\/\"},\"author\":{\"name\":\"Telinha\",\"@id\":\"https:\/\/portaltela.pt\/#\/schema\/person\/c4278d4a6028830caff9ee44b42d32ed\"},\"headline\":\"Nuno Mendes lesionado sai do Liverpool-PSG, preocupa a Sele\u00e7\u00e3o\",\"datePublished\":\"2026-04-14T20:02:09+00:00\",\"mainEntityOfPage\":{\"@id\":\"https:\/\/portaltela.pt\/noticias\/2026\/04\/14\/nuno-mendes-lesionado-sai-do-liverpool-psg-preocupa-a-selecao\/\"},\"wordCount\":137,\"image\":{\"@id\":\"https:\/\/portaltela.pt\/noticias\/2026\/04\/14\/nuno-mendes-lesionado-sai-do-liverpool-psg-preocupa-a-selecao\/#primaryimage\"},\"thumbnailUrl\":\"https:\/\/portaltela.pt\/s.01k8rhncp4jt1\/2026\/04\/img_920x519uu2026-04-14-20-57-06-2433047.jpg\",\"keywords\":[\"futebol\",\"internacionais\",\"les\u00f5es\",\"Liverpool\",\"Portugal\",\"Sele\u00e7\u00e3o Nacional\"],\"articleSection\":[\"Desporto\",\"Futebol\"],\"inLanguage\":\"pt-PT\"},{\"@type\":\"WebPage\",\"@id\":\"https:\/\/portaltela.pt\/noticias\/2026\/04\/14\/nuno-mendes-lesionado-sai-do-liverpool-psg-preocupa-a-selecao\/\",\"url\":\"https:\/\/portaltela.pt\/noticias\/2026\/04\/14\/nuno-mendes-lesionado-sai-do-liverpool-psg-preocupa-a-selecao\/\",\"name\":\"Nuno Mendes lesionado sai do Liverpool-PSG, preocupa a Sele\u00e7\u00e3o - Portal Tela Portugal\",\"isPartOf\":{\"@id\":\"https:\/\/portaltela.pt\/#website\"},\"primaryImageOfPage\":{\"@id\":\"https:\/\/portaltela.pt\/noticias\/2026\/04\/14\/nuno-mendes-lesionado-sai-do-liverpool-psg-preocupa-a-selecao\/#primaryimage\"},\"image\":{\"@id\":\"https:\/\/portaltela.pt\/noticias\/2026\/04\/14\/nuno-mendes-lesionado-sai-do-liverpool-psg-preocupa-a-selecao\/#primaryimage\"},\"thumbnailUrl\":\"https:\/\/portaltela.pt\/s.01k8rhncp4jt1\/2026\/04\/img_920x519uu2026-04-14-20-57-06-2433047.jpg\",\"datePublished\":\"2026-04-14T20:02:09+00:00\",\"author\":{\"@id\":\"https:\/\/portaltela.pt\/#\/schema\/person\/c4278d4a6028830caff9ee44b42d32ed\"},\"breadcrumb\":{\"@id\":\"https:\/\/portaltela.pt\/noticias\/2026\/04\/14\/nuno-mendes-lesionado-sai-do-liverpool-psg-preocupa-a-selecao\/#breadcrumb\"},\"inLanguage\":\"pt-PT\",\"potentialAction\":[{\"@type\":\"ReadAction\",\"target\":[\"https:\/\/portaltela.pt\/noticias\/2026\/04\/14\/nuno-mendes-lesionado-sai-do-liverpool-psg-preocupa-a-selecao\/\"]}]},{\"@type\":\"ImageObject\",\"inLanguage\":\"pt-PT\",\"@id\":\"https:\/\/portaltela.pt\/noticias\/2026\/04\/14\/nuno-mendes-lesionado-sai-do-liverpool-psg-preocupa-a-selecao\/#primaryimage\",\"url\":\"https:\/\/portaltela.pt\/s.01k8rhncp4jt1\/2026\/04\/img_920x519uu2026-04-14-20-57-06-2433047.jpg\",\"contentUrl\":\"https:\/\/portaltela.pt\/s.01k8rhncp4jt1\/2026\/04\/img_920x519uu2026-04-14-20-57-06-2433047.jpg\",\"width\":796,\"height\":448,\"caption\":\"Preocupa\u00e7\u00e3o para a Sele\u00e7\u00e3o Nacional: Nuno Mendes senta-se no relvado e sai lesionado do Liverpool-PSG\"},{\"@type\":\"BreadcrumbList\",\"@id\":\"https:\/\/portaltela.pt\/noticias\/2026\/04\/14\/nuno-mendes-lesionado-sai-do-liverpool-psg-preocupa-a-selecao\/#breadcrumb\",\"itemListElement\":[{\"@type\":\"ListItem\",\"position\":1,\"name\":\"In\u00edcio\",\"item\":\"https:\/\/portaltela.pt\/\"},{\"@type\":\"ListItem\",\"position\":2,\"name\":\"Nuno Mendes lesionado sai do Liverpool-PSG, preocupa a Sele\u00e7\u00e3o\"}]},{\"@type\":\"WebSite\",\"@id\":\"https:\/\/portaltela.pt\/#website\",\"url\":\"https:\/\/portaltela.pt\/\",\"name\":\"Portal Tela Portugal\",\"description\":\"\",\"potentialAction\":[{\"@type\":\"SearchAction\",\"target\":{\"@type\":\"EntryPoint\",\"urlTemplate\":\"https:\/\/portaltela.pt\/?s={search_term_string}\"},\"query-input\":{\"@type\":\"PropertyValueSpecification\",\"valueRequired\":true,\"valueName\":\"search_term_string\"}}],\"inLanguage\":\"pt-PT\"},{\"@type\":\"Person\",\"@id\":\"https:\/\/portaltela.pt\/#\/schema\/person\/c4278d4a6028830caff9ee44b42d32ed\",\"name\":\"Telinha\",\"image\":{\"@type\":\"ImageObject\",\"inLanguage\":\"pt-PT\",\"@id\":\"https:\/\/portaltela.pt\/s.01k8rhncp4jt1\/2025\/11\/talking-bot-125x125.png\",\"url\":\"https:\/\/portaltela.pt\/s.01k8rhncp4jt1\/2025\/11\/talking-bot-125x125.png\",\"contentUrl\":\"https:\/\/portaltela.pt\/s.01k8rhncp4jt1\/2025\/11\/talking-bot-125x125.png\",\"caption\":\"Telinha\"},\"sameAs\":[\"https:\/\/portaltela.pt\/\"],\"url\":\"https:\/\/portaltela.pt\/por\/367410592786\/\"}]}<\/script>\n<!-- \/ Yoast SEO plugin. -->","yoast_head_json":{"title":"Nuno Mendes lesionado sai do Liverpool-PSG, preocupa a Sele\u00e7\u00e3o - Portal Tela Portugal","robots":{"index":"index","follow":"follow","max-snippet":"max-snippet:-1","max-image-preview":"max-image-preview:large","max-video-preview":"max-video-preview:-1"},"og_locale":"pt_PT","og_type":"article","og_title":"Nuno Mendes lesionado sai do Liverpool-PSG, preocupa a Sele\u00e7\u00e3o - Portal Tela Portugal","og_description":"Nuno Mendes saiu lesionado ainda na primeira parte do jogo Liverpool-PSG. Aos 37 minutos pediu substitui\u00e7\u00e3o e foi substitu\u00eddo por Lucas Hern\u00e1ndez. Ao levantar-se, o jogador parece ter tocado na face posterior da coxa. A les\u00e3o coloca em alerta a dois meses do Mundial. H\u00e1 preocupa\u00e7\u00e3o tanto para o treinador do PSG, Luis Enrique, como para o selecionador portugu\u00eas, Roberto Mart\u00ednez.","og_url":"https:\/\/portaltela.pt\/noticias\/2026\/04\/14\/nuno-mendes-lesionado-sai-do-liverpool-psg-preocupa-a-selecao\/","og_site_name":"Portal Tela Portugal","article_published_time":"2026-04-14T20:02:09+00:00","author":"Telinha","twitter_card":"summary_large_image","twitter_misc":{"Escrito por":"Telinha","Tempo estimado de leitura":"1 minuto"},"schema":{"@context":"https:\/\/schema.org","@graph":[{"@type":"Article","@id":"https:\/\/portaltela.pt\/noticias\/2026\/04\/14\/nuno-mendes-lesionado-sai-do-liverpool-psg-preocupa-a-selecao\/#article","isPartOf":{"@id":"https:\/\/portaltela.pt\/noticias\/2026\/04\/14\/nuno-mendes-lesionado-sai-do-liverpool-psg-preocupa-a-selecao\/"},"author":{"name":"Telinha","@id":"https:\/\/portaltela.pt\/#\/schema\/person\/c4278d4a6028830caff9ee44b42d32ed"},"headline":"Nuno Mendes lesionado sai do Liverpool-PSG, preocupa a Sele\u00e7\u00e3o","datePublished":"2026-04-14T20:02:09+00:00","mainEntityOfPage":{"@id":"https:\/\/portaltela.pt\/noticias\/2026\/04\/14\/nuno-mendes-lesionado-sai-do-liverpool-psg-preocupa-a-selecao\/"},"wordCount":137,"image":{"@id":"https:\/\/portaltela.pt\/noticias\/2026\/04\/14\/nuno-mendes-lesionado-sai-do-liverpool-psg-preocupa-a-selecao\/#primaryimage"},"thumbnailUrl":"https:\/\/portaltela.pt\/s.01k8rhncp4jt1\/2026\/04\/img_920x519uu2026-04-14-20-57-06-2433047.jpg","keywords":["futebol","internacionais","les\u00f5es","Liverpool","Portugal","Sele\u00e7\u00e3o Nacional"],"articleSection":["Desporto","Futebol"],"inLanguage":"pt-PT"},{"@type":"WebPage","@id":"https:\/\/portaltela.pt\/noticias\/2026\/04\/14\/nuno-mendes-lesionado-sai-do-liverpool-psg-preocupa-a-selecao\/","url":"https:\/\/portaltela.pt\/noticias\/2026\/04\/14\/nuno-mendes-lesionado-sai-do-liverpool-psg-preocupa-a-selecao\/","name":"Nuno Mendes lesionado sai do Liverpool-PSG, preocupa a Sele\u00e7\u00e3o - Portal Tela Portugal","isPartOf":{"@id":"https:\/\/portaltela.pt\/#website"},"primaryImageOfPage":{"@id":"https:\/\/portaltela.pt\/noticias\/2026\/04\/14\/nuno-mendes-lesionado-sai-do-liverpool-psg-preocupa-a-selecao\/#primaryimage"},"image":{"@id":"https:\/\/portaltela.pt\/noticias\/2026\/04\/14\/nuno-mendes-lesionado-sai-do-liverpool-psg-preocupa-a-selecao\/#primaryimage"},"thumbnailUrl":"https:\/\/portaltela.pt\/s.01k8rhncp4jt1\/2026\/04\/img_920x519uu2026-04-14-20-57-06-2433047.jpg","datePublished":"2026-04-14T20:02:09+00:00","author":{"@id":"https:\/\/portaltela.pt\/#\/schema\/person\/c4278d4a6028830caff9ee44b42d32ed"},"breadcrumb":{"@id":"https:\/\/portaltela.pt\/noticias\/2026\/04\/14\/nuno-mendes-lesionado-sai-do-liverpool-psg-preocupa-a-selecao\/#breadcrumb"},"inLanguage":"pt-PT","potentialAction":[{"@type":"ReadAction","target":["https:\/\/portaltela.pt\/noticias\/2026\/04\/14\/nuno-mendes-lesionado-sai-do-liverpool-psg-preocupa-a-selecao\/"]}]},{"@type":"ImageObject","inLanguage":"pt-PT","@id":"https:\/\/portaltela.pt\/noticias\/2026\/04\/14\/nuno-mendes-lesionado-sai-do-liverpool-psg-preocupa-a-selecao\/#primaryimage","url":"https:\/\/portaltela.pt\/s.01k8rhncp4jt1\/2026\/04\/img_920x519uu2026-04-14-20-57-06-2433047.jpg","contentUrl":"https:\/\/portaltela.pt\/s.01k8rhncp4jt1\/2026\/04\/img_920x519uu2026-04-14-20-57-06-2433047.jpg","width":796,"height":448,"caption":"Preocupa\u00e7\u00e3o para a Sele\u00e7\u00e3o Nacional: Nuno Mendes senta-se no relvado e sai lesionado do Liverpool-PSG"},{"@type":"BreadcrumbList","@id":"https:\/\/portaltela.pt\/noticias\/2026\/04\/14\/nuno-mendes-lesionado-sai-do-liverpool-psg-preocupa-a-selecao\/#breadcrumb","itemListElement":[{"@type":"ListItem","position":1,"name":"In\u00edcio","item":"https:\/\/portaltela.pt\/"},{"@type":"ListItem","position":2,"name":"Nuno Mendes lesionado sai do Liverpool-PSG, preocupa a Sele\u00e7\u00e3o"}]},{"@type":"WebSite","@id":"https:\/\/portaltela.pt\/#website","url":"https:\/\/portaltela.pt\/","name":"Portal Tela Portugal","description":"","potentialAction":[{"@type":"SearchAction","target":{"@type":"EntryPoint","urlTemplate":"https:\/\/portaltela.pt\/?s={search_term_string}"},"query-input":{"@type":"PropertyValueSpecification","valueRequired":true,"valueName":"search_term_string"}}],"inLanguage":"pt-PT"},{"@type":"Person","@id":"https:\/\/portaltela.pt\/#\/schema\/person\/c4278d4a6028830caff9ee44b42d32ed","name":"Telinha","image":{"@type":"ImageObject","inLanguage":"pt-PT","@id":"https:\/\/portaltela.pt\/s.01k8rhncp4jt1\/2025\/11\/talking-bot-125x125.png","url":"https:\/\/portaltela.pt\/s.01k8rhncp4jt1\/2025\/11\/talking-bot-125x125.png","contentUrl":"https:\/\/portaltela.pt\/s.01k8rhncp4jt1\/2025\/11\/talking-bot-125x125.png","caption":"Telinha"},"sameAs":["https:\/\/portaltela.pt\/"],"url":"https:\/\/portaltela.pt\/por\/367410592786\/"}]}},"_links":{"self":[{"href":"https:\/\/portaltela.pt\/api\/wp\/v2\/posts\/444291","targetHints":{"allow":["GET"]}}],"collection":[{"href":"https:\/\/portaltela.pt\/api\/wp\/v2\/posts"}],"about":[{"href":"https:\/\/portaltela.pt\/api\/wp\/v2\/types\/post"}],"author":[{"embeddable":true,"href":"https:\/\/portaltela.pt\/api\/wp\/v2\/users\/2"}],"replies":[{"embeddable":true,"href":"https:\/\/portaltela.pt\/api\/wp\/v2\/comments?post=444291"}],"version-history":[{"count":0,"href":"https:\/\/portaltela.pt\/api\/wp\/v2\/posts\/444291\/revisions"}],"wp:featuredmedia":[{"embeddable":true,"href":"https:\/\/portaltela.pt\/api\/wp\/v2\/media\/444294"}],"wp:attachment":[{"href":"https:\/\/portaltela.pt\/api\/wp\/v2\/media?parent=444291"}],"wp:term":[{"taxonomy":"category","embeddable":true,"href":"https:\/\/portaltela.pt\/api\/wp\/v2\/categories?post=444291"},{"taxonomy":"post_tag","embeddable":true,"href":"https:\/\/portaltela.pt\/api\/wp\/v2\/tags?post=444291"}],"curies":[{"name":"wp","href":"https:\/\/api.w.org\/{rel}","templated":true}]}}