{"id":444286,"date":"2026-04-14T16:47:29","date_gmt":"2026-04-14T19:47:29","guid":{"rendered":"https:\/\/portaltela.pt\/noticias\/2026\/04\/14\/fermin-lopez-sofreu-forte-sangramento-nasal-apos-choque\/"},"modified":"2026-04-14T16:47:29","modified_gmt":"2026-04-14T19:47:29","slug":"fermin-lopez-sofreu-forte-sangramento-nasal-apos-choque","status":"publish","type":"post","link":"https:\/\/portaltela.pt\/desporto\/futebol\/2026\/04\/14\/fermin-lopez-sofreu-forte-sangramento-nasal-apos-choque\/","title":{"rendered":"Ferm\u00edn L\u00f3pez sofreu forte sangramento nasal ap\u00f3s choque"},"content":{"rendered":"<p>Durante o encontro entre Atl\u00e9tico de Madrid e Barcelona, Ferm\u00edn L\u00f3pez sofreu um forte choque com o guarda-redes Juan Musso, resultando num sangramento abundante no nariz. O incidente ocorreu no decorrer da partida e exigiu assist\u00eancia m\u00e9dica r\u00e1pida.<\/p>\n<p>O lance envolveu L\u00f3pez e Musso, com o guarda-redes a entrar em contacto com o jogador atrav\u00e9s do esfor\u00e7o de defesa. O choque foi descrito pela equipa m\u00e9dica como de alto impacto, deixando L\u00f3pez com sangramento vis\u00edvel.<\/p>\n<p>A injuries e recupera\u00e7\u00e3o ainda n\u00e3o foram divulgadas pela equipa, mantendo-se apenas a informa\u00e7\u00e3o de que L\u00f3pez recebeu tratamento em campo. N\u00e3o h\u00e1 confirma\u00e7\u00e3o p\u00fablica sobre o tempo estimado de aus\u00eancia.<\/p>\n<p>At\u00e9 ao momento, o incidente \u00e9 considerado um lance de jogo com consequ\u00eancias m\u00e9dicas r\u00e1pidas para L\u00f3pez. O clube n\u00e3o confirmou detalhes adicionais sobre a gravidade ou o progn\u00f3stico.<\/p>\n","protected":false},"excerpt":{"rendered":"<ul>\n<li>No jogo entre Atl\u00e9tico de Madrid e Barcelona, Ferm\u00edn L\u00f3pez sofreu um choque com o guarda-redes Juan Musso.<\/li>\n<li>O lance resultou num sangramento abundante do nariz de L\u00f3pez.<\/li>\n<li>A colis\u00e3o envolveu os pitons de Musso no contacto com o jogador do Barcelona.<\/li>\n<li>O incidente ocorreu durante a partida citada, conforme descrito no relato.<\/li>\n<\/ul>\n","protected":false},"author":2,"featured_media":444290,"comment_status":"closed","ping_status":"closed","sticky":false,"template":"","format":"standard","meta":{"footnotes":""},"categories":[21,24],"tags":[1109,2587,4912,32,242,2538],"class_list":["post-444286","post","type-post","status-publish","format-standard","has-post-thumbnail","hentry","category-desporto","category-futebol","tag-atletico-de-madrid","tag-barcelona","tag-fermin-lopez","tag-futebol","tag-jogadores","tag-lesoes"],"yoast_head":"<!-- This site is optimized with the Yoast SEO plugin v27.2 - https:\/\/yoast.com\/product\/yoast-seo-wordpress\/ -->\n<title>Ferm\u00edn L\u00f3pez sofreu forte sangramento nasal ap\u00f3s choque - Portal Tela Portugal<\/title>\n<meta name=\"robots\" content=\"index, follow, max-snippet:-1, max-image-preview:large, max-video-preview:-1\" \/>\n<meta property=\"og:locale\" content=\"pt_PT\" \/>\n<meta property=\"og:type\" content=\"article\" \/>\n<meta property=\"og:title\" content=\"Ferm\u00edn L\u00f3pez sofreu forte sangramento nasal ap\u00f3s choque - Portal Tela Portugal\" \/>\n<meta property=\"og:description\" content=\"No jogo entre Atl\u00e9tico de Madrid e Barcelona, Ferm\u00edn L\u00f3pez sofreu um choque com o guarda-redes Juan Musso. O lance resultou num sangramento abundante do nariz de L\u00f3pez. A colis\u00e3o envolveu os pitons de Musso no contacto com o jogador do Barcelona. O incidente ocorreu durante a partida citada, conforme descrito no relato.\" \/>\n<meta property=\"og:url\" content=\"https:\/\/portaltela.pt\/noticias\/2026\/04\/14\/fermin-lopez-sofreu-forte-sangramento-nasal-apos-choque\/\" \/>\n<meta property=\"og:site_name\" content=\"Portal Tela Portugal\" \/>\n<meta property=\"article:published_time\" content=\"2026-04-14T19:47:29+00:00\" \/>\n<meta name=\"author\" content=\"Telinha\" \/>\n<meta name=\"twitter:card\" content=\"summary_large_image\" \/>\n<meta name=\"twitter:label1\" content=\"Escrito por\" \/>\n\t<meta name=\"twitter:data1\" content=\"Telinha\" \/>\n\t<meta name=\"twitter:label2\" content=\"Tempo estimado de leitura\" \/>\n\t<meta name=\"twitter:data2\" content=\"1 minuto\" \/>\n<script type=\"application\/ld+json\" class=\"yoast-schema-graph\">{\"@context\":\"https:\/\/schema.org\",\"@graph\":[{\"@type\":\"Article\",\"@id\":\"https:\/\/portaltela.pt\/noticias\/2026\/04\/14\/fermin-lopez-sofreu-forte-sangramento-nasal-apos-choque\/#article\",\"isPartOf\":{\"@id\":\"https:\/\/portaltela.pt\/noticias\/2026\/04\/14\/fermin-lopez-sofreu-forte-sangramento-nasal-apos-choque\/\"},\"author\":{\"name\":\"Telinha\",\"@id\":\"https:\/\/portaltela.pt\/#\/schema\/person\/c4278d4a6028830caff9ee44b42d32ed\"},\"headline\":\"Ferm\u00edn L\u00f3pez sofreu forte sangramento nasal ap\u00f3s choque\",\"datePublished\":\"2026-04-14T19:47:29+00:00\",\"mainEntityOfPage\":{\"@id\":\"https:\/\/portaltela.pt\/noticias\/2026\/04\/14\/fermin-lopez-sofreu-forte-sangramento-nasal-apos-choque\/\"},\"wordCount\":171,\"image\":{\"@id\":\"https:\/\/portaltela.pt\/noticias\/2026\/04\/14\/fermin-lopez-sofreu-forte-sangramento-nasal-apos-choque\/#primaryimage\"},\"thumbnailUrl\":\"https:\/\/portaltela.pt\/s.01k8rhncp4jt1\/2026\/04\/img_920x518uu2026-04-14-20-38-06-2433036.jpg\",\"keywords\":[\"Atl\u00e9tico de Madrid\",\"Barcelona\",\"Ferm\u00edn L\u00f3pez\",\"futebol\",\"jogadores\",\"les\u00f5es\"],\"articleSection\":[\"Desporto\",\"Futebol\"],\"inLanguage\":\"pt-PT\"},{\"@type\":\"WebPage\",\"@id\":\"https:\/\/portaltela.pt\/noticias\/2026\/04\/14\/fermin-lopez-sofreu-forte-sangramento-nasal-apos-choque\/\",\"url\":\"https:\/\/portaltela.pt\/noticias\/2026\/04\/14\/fermin-lopez-sofreu-forte-sangramento-nasal-apos-choque\/\",\"name\":\"Ferm\u00edn L\u00f3pez sofreu forte sangramento nasal ap\u00f3s choque - Portal Tela Portugal\",\"isPartOf\":{\"@id\":\"https:\/\/portaltela.pt\/#website\"},\"primaryImageOfPage\":{\"@id\":\"https:\/\/portaltela.pt\/noticias\/2026\/04\/14\/fermin-lopez-sofreu-forte-sangramento-nasal-apos-choque\/#primaryimage\"},\"image\":{\"@id\":\"https:\/\/portaltela.pt\/noticias\/2026\/04\/14\/fermin-lopez-sofreu-forte-sangramento-nasal-apos-choque\/#primaryimage\"},\"thumbnailUrl\":\"https:\/\/portaltela.pt\/s.01k8rhncp4jt1\/2026\/04\/img_920x518uu2026-04-14-20-38-06-2433036.jpg\",\"datePublished\":\"2026-04-14T19:47:29+00:00\",\"author\":{\"@id\":\"https:\/\/portaltela.pt\/#\/schema\/person\/c4278d4a6028830caff9ee44b42d32ed\"},\"breadcrumb\":{\"@id\":\"https:\/\/portaltela.pt\/noticias\/2026\/04\/14\/fermin-lopez-sofreu-forte-sangramento-nasal-apos-choque\/#breadcrumb\"},\"inLanguage\":\"pt-PT\",\"potentialAction\":[{\"@type\":\"ReadAction\",\"target\":[\"https:\/\/portaltela.pt\/noticias\/2026\/04\/14\/fermin-lopez-sofreu-forte-sangramento-nasal-apos-choque\/\"]}]},{\"@type\":\"ImageObject\",\"inLanguage\":\"pt-PT\",\"@id\":\"https:\/\/portaltela.pt\/noticias\/2026\/04\/14\/fermin-lopez-sofreu-forte-sangramento-nasal-apos-choque\/#primaryimage\",\"url\":\"https:\/\/portaltela.pt\/s.01k8rhncp4jt1\/2026\/04\/img_920x518uu2026-04-14-20-38-06-2433036.jpg\",\"contentUrl\":\"https:\/\/portaltela.pt\/s.01k8rhncp4jt1\/2026\/04\/img_920x518uu2026-04-14-20-38-06-2433036.jpg\",\"width\":796,\"height\":448,\"caption\":\"Ferm\u00edn L\u00f3pez sangra ap\u00f3s choque com Musso no Atl\u00e9tico de Madrid vs Barcelona\"},{\"@type\":\"BreadcrumbList\",\"@id\":\"https:\/\/portaltela.pt\/noticias\/2026\/04\/14\/fermin-lopez-sofreu-forte-sangramento-nasal-apos-choque\/#breadcrumb\",\"itemListElement\":[{\"@type\":\"ListItem\",\"position\":1,\"name\":\"In\u00edcio\",\"item\":\"https:\/\/portaltela.pt\/\"},{\"@type\":\"ListItem\",\"position\":2,\"name\":\"Ferm\u00edn L\u00f3pez sofreu forte sangramento nasal ap\u00f3s choque\"}]},{\"@type\":\"WebSite\",\"@id\":\"https:\/\/portaltela.pt\/#website\",\"url\":\"https:\/\/portaltela.pt\/\",\"name\":\"Portal Tela Portugal\",\"description\":\"\",\"potentialAction\":[{\"@type\":\"SearchAction\",\"target\":{\"@type\":\"EntryPoint\",\"urlTemplate\":\"https:\/\/portaltela.pt\/?s={search_term_string}\"},\"query-input\":{\"@type\":\"PropertyValueSpecification\",\"valueRequired\":true,\"valueName\":\"search_term_string\"}}],\"inLanguage\":\"pt-PT\"},{\"@type\":\"Person\",\"@id\":\"https:\/\/portaltela.pt\/#\/schema\/person\/c4278d4a6028830caff9ee44b42d32ed\",\"name\":\"Telinha\",\"image\":{\"@type\":\"ImageObject\",\"inLanguage\":\"pt-PT\",\"@id\":\"https:\/\/portaltela.pt\/s.01k8rhncp4jt1\/2025\/11\/talking-bot-125x125.png\",\"url\":\"https:\/\/portaltela.pt\/s.01k8rhncp4jt1\/2025\/11\/talking-bot-125x125.png\",\"contentUrl\":\"https:\/\/portaltela.pt\/s.01k8rhncp4jt1\/2025\/11\/talking-bot-125x125.png\",\"caption\":\"Telinha\"},\"sameAs\":[\"https:\/\/portaltela.pt\/\"],\"url\":\"https:\/\/portaltela.pt\/por\/367410592786\/\"}]}<\/script>\n<!-- \/ Yoast SEO plugin. -->","yoast_head_json":{"title":"Ferm\u00edn L\u00f3pez sofreu forte sangramento nasal ap\u00f3s choque - Portal Tela Portugal","robots":{"index":"index","follow":"follow","max-snippet":"max-snippet:-1","max-image-preview":"max-image-preview:large","max-video-preview":"max-video-preview:-1"},"og_locale":"pt_PT","og_type":"article","og_title":"Ferm\u00edn L\u00f3pez sofreu forte sangramento nasal ap\u00f3s choque - Portal Tela Portugal","og_description":"No jogo entre Atl\u00e9tico de Madrid e Barcelona, Ferm\u00edn L\u00f3pez sofreu um choque com o guarda-redes Juan Musso. O lance resultou num sangramento abundante do nariz de L\u00f3pez. A colis\u00e3o envolveu os pitons de Musso no contacto com o jogador do Barcelona. O incidente ocorreu durante a partida citada, conforme descrito no relato.","og_url":"https:\/\/portaltela.pt\/noticias\/2026\/04\/14\/fermin-lopez-sofreu-forte-sangramento-nasal-apos-choque\/","og_site_name":"Portal Tela Portugal","article_published_time":"2026-04-14T19:47:29+00:00","author":"Telinha","twitter_card":"summary_large_image","twitter_misc":{"Escrito por":"Telinha","Tempo estimado de leitura":"1 minuto"},"schema":{"@context":"https:\/\/schema.org","@graph":[{"@type":"Article","@id":"https:\/\/portaltela.pt\/noticias\/2026\/04\/14\/fermin-lopez-sofreu-forte-sangramento-nasal-apos-choque\/#article","isPartOf":{"@id":"https:\/\/portaltela.pt\/noticias\/2026\/04\/14\/fermin-lopez-sofreu-forte-sangramento-nasal-apos-choque\/"},"author":{"name":"Telinha","@id":"https:\/\/portaltela.pt\/#\/schema\/person\/c4278d4a6028830caff9ee44b42d32ed"},"headline":"Ferm\u00edn L\u00f3pez sofreu forte sangramento nasal ap\u00f3s choque","datePublished":"2026-04-14T19:47:29+00:00","mainEntityOfPage":{"@id":"https:\/\/portaltela.pt\/noticias\/2026\/04\/14\/fermin-lopez-sofreu-forte-sangramento-nasal-apos-choque\/"},"wordCount":171,"image":{"@id":"https:\/\/portaltela.pt\/noticias\/2026\/04\/14\/fermin-lopez-sofreu-forte-sangramento-nasal-apos-choque\/#primaryimage"},"thumbnailUrl":"https:\/\/portaltela.pt\/s.01k8rhncp4jt1\/2026\/04\/img_920x518uu2026-04-14-20-38-06-2433036.jpg","keywords":["Atl\u00e9tico de Madrid","Barcelona","Ferm\u00edn L\u00f3pez","futebol","jogadores","les\u00f5es"],"articleSection":["Desporto","Futebol"],"inLanguage":"pt-PT"},{"@type":"WebPage","@id":"https:\/\/portaltela.pt\/noticias\/2026\/04\/14\/fermin-lopez-sofreu-forte-sangramento-nasal-apos-choque\/","url":"https:\/\/portaltela.pt\/noticias\/2026\/04\/14\/fermin-lopez-sofreu-forte-sangramento-nasal-apos-choque\/","name":"Ferm\u00edn L\u00f3pez sofreu forte sangramento nasal ap\u00f3s choque - Portal Tela Portugal","isPartOf":{"@id":"https:\/\/portaltela.pt\/#website"},"primaryImageOfPage":{"@id":"https:\/\/portaltela.pt\/noticias\/2026\/04\/14\/fermin-lopez-sofreu-forte-sangramento-nasal-apos-choque\/#primaryimage"},"image":{"@id":"https:\/\/portaltela.pt\/noticias\/2026\/04\/14\/fermin-lopez-sofreu-forte-sangramento-nasal-apos-choque\/#primaryimage"},"thumbnailUrl":"https:\/\/portaltela.pt\/s.01k8rhncp4jt1\/2026\/04\/img_920x518uu2026-04-14-20-38-06-2433036.jpg","datePublished":"2026-04-14T19:47:29+00:00","author":{"@id":"https:\/\/portaltela.pt\/#\/schema\/person\/c4278d4a6028830caff9ee44b42d32ed"},"breadcrumb":{"@id":"https:\/\/portaltela.pt\/noticias\/2026\/04\/14\/fermin-lopez-sofreu-forte-sangramento-nasal-apos-choque\/#breadcrumb"},"inLanguage":"pt-PT","potentialAction":[{"@type":"ReadAction","target":["https:\/\/portaltela.pt\/noticias\/2026\/04\/14\/fermin-lopez-sofreu-forte-sangramento-nasal-apos-choque\/"]}]},{"@type":"ImageObject","inLanguage":"pt-PT","@id":"https:\/\/portaltela.pt\/noticias\/2026\/04\/14\/fermin-lopez-sofreu-forte-sangramento-nasal-apos-choque\/#primaryimage","url":"https:\/\/portaltela.pt\/s.01k8rhncp4jt1\/2026\/04\/img_920x518uu2026-04-14-20-38-06-2433036.jpg","contentUrl":"https:\/\/portaltela.pt\/s.01k8rhncp4jt1\/2026\/04\/img_920x518uu2026-04-14-20-38-06-2433036.jpg","width":796,"height":448,"caption":"Ferm\u00edn L\u00f3pez sangra ap\u00f3s choque com Musso no Atl\u00e9tico de Madrid vs Barcelona"},{"@type":"BreadcrumbList","@id":"https:\/\/portaltela.pt\/noticias\/2026\/04\/14\/fermin-lopez-sofreu-forte-sangramento-nasal-apos-choque\/#breadcrumb","itemListElement":[{"@type":"ListItem","position":1,"name":"In\u00edcio","item":"https:\/\/portaltela.pt\/"},{"@type":"ListItem","position":2,"name":"Ferm\u00edn L\u00f3pez sofreu forte sangramento nasal ap\u00f3s choque"}]},{"@type":"WebSite","@id":"https:\/\/portaltela.pt\/#website","url":"https:\/\/portaltela.pt\/","name":"Portal Tela Portugal","description":"","potentialAction":[{"@type":"SearchAction","target":{"@type":"EntryPoint","urlTemplate":"https:\/\/portaltela.pt\/?s={search_term_string}"},"query-input":{"@type":"PropertyValueSpecification","valueRequired":true,"valueName":"search_term_string"}}],"inLanguage":"pt-PT"},{"@type":"Person","@id":"https:\/\/portaltela.pt\/#\/schema\/person\/c4278d4a6028830caff9ee44b42d32ed","name":"Telinha","image":{"@type":"ImageObject","inLanguage":"pt-PT","@id":"https:\/\/portaltela.pt\/s.01k8rhncp4jt1\/2025\/11\/talking-bot-125x125.png","url":"https:\/\/portaltela.pt\/s.01k8rhncp4jt1\/2025\/11\/talking-bot-125x125.png","contentUrl":"https:\/\/portaltela.pt\/s.01k8rhncp4jt1\/2025\/11\/talking-bot-125x125.png","caption":"Telinha"},"sameAs":["https:\/\/portaltela.pt\/"],"url":"https:\/\/portaltela.pt\/por\/367410592786\/"}]}},"_links":{"self":[{"href":"https:\/\/portaltela.pt\/api\/wp\/v2\/posts\/444286","targetHints":{"allow":["GET"]}}],"collection":[{"href":"https:\/\/portaltela.pt\/api\/wp\/v2\/posts"}],"about":[{"href":"https:\/\/portaltela.pt\/api\/wp\/v2\/types\/post"}],"author":[{"embeddable":true,"href":"https:\/\/portaltela.pt\/api\/wp\/v2\/users\/2"}],"replies":[{"embeddable":true,"href":"https:\/\/portaltela.pt\/api\/wp\/v2\/comments?post=444286"}],"version-history":[{"count":0,"href":"https:\/\/portaltela.pt\/api\/wp\/v2\/posts\/444286\/revisions"}],"wp:featuredmedia":[{"embeddable":true,"href":"https:\/\/portaltela.pt\/api\/wp\/v2\/media\/444290"}],"wp:attachment":[{"href":"https:\/\/portaltela.pt\/api\/wp\/v2\/media?parent=444286"}],"wp:term":[{"taxonomy":"category","embeddable":true,"href":"https:\/\/portaltela.pt\/api\/wp\/v2\/categories?post=444286"},{"taxonomy":"post_tag","embeddable":true,"href":"https:\/\/portaltela.pt\/api\/wp\/v2\/tags?post=444286"}],"curies":[{"name":"wp","href":"https:\/\/api.w.org\/{rel}","templated":true}]}}