{"id":444282,"date":"2026-04-14T16:47:26","date_gmt":"2026-04-14T19:47:26","guid":{"rendered":"https:\/\/portaltela.pt\/noticias\/2026\/04\/14\/spinazzola-entra-na-orbita-do-milan\/"},"modified":"2026-04-14T16:47:26","modified_gmt":"2026-04-14T19:47:26","slug":"spinazzola-entra-na-orbita-do-milan","status":"publish","type":"post","link":"https:\/\/portaltela.pt\/desporto\/futebol\/2026\/04\/14\/spinazzola-entra-na-orbita-do-milan\/","title":{"rendered":"Spinazzola entra na \u00f3rbita do Milan"},"content":{"rendered":"<p>O Milan mant\u00e9m o foco em Leonardo Spinazzola, colocando o jogador do Napoli na \u00f3rbita do clube. A possibilidade de mudan\u00e7a ocorre ao fim da presente temporada, segundo a imprensa italiana. Spinazzola, de 33 anos, seria visto como substituto de Pervis Estupi\u00f1\u00e1n, que deve sair no final de 2025\/26.<\/p>\n<p>H\u00e1 quem garanta que a estrat\u00e9gia atual do Milan aposta mais forte em jogadores jovens, o que pode colocar Spinazzola fora desse perfil. Ainda assim, algumas fontes mant\u00eam o interesse no lateral, avaliando o encaixe t\u00e9cnico com a equipa.<\/p>\n<p>Spinazzola atua como lateral e est\u00e1 contratado pelo Napoli at\u00e9 o t\u00e9rmino desta temporada. A dire\u00e7\u00e3o do Milan analisaria o custo, o tempo de contrato e o cen\u00e1rio competitivo para decidir sobre a viabilidade da transfer\u00eancia. A situa\u00e7\u00e3o continua em avalia\u00e7\u00e3o pelas partes envolvidas.<\/p>\n","protected":false},"excerpt":{"rendered":"<ul>\n<li>O lateral italiano Leonardo Spinazzola, do Napoli, volta a ser alvo do Milan.<\/li>\n<li>Spinazzola pode deixar o Napoli no final da presente temporada.<\/li>\n<li>A dire\u00e7\u00e3o do Milan v\u00ea o jogador de 33 anos como substituto ideal para Pervis Estupi\u00f1\u00e1n, que deve sair no final de 2025\/26.<\/li>\n<li>Contudo, h\u00e1 quem sustente que a estrat\u00e9gia atual do Milan privilegia jogadores mais jovens, o que pode n\u00e3o enquadrar Spinazzola.<\/li>\n<\/ul>\n","protected":false},"author":2,"featured_media":444287,"comment_status":"closed","ping_status":"closed","sticky":false,"template":"","format":"standard","meta":{"footnotes":""},"categories":[21,24],"tags":[2120,32,3338,242,6959,50],"class_list":["post-444282","post","type-post","status-publish","format-standard","has-post-thumbnail","hentry","category-desporto","category-futebol","tag-ac-milan","tag-futebol","tag-futebol-internacional","tag-jogadores","tag-jogadores-internacionais","tag-mercado-da-bola"],"yoast_head":"<!-- This site is optimized with the Yoast SEO plugin v27.2 - https:\/\/yoast.com\/product\/yoast-seo-wordpress\/ -->\n<title>Spinazzola entra na \u00f3rbita do Milan - Portal Tela Portugal<\/title>\n<meta name=\"robots\" content=\"index, follow, max-snippet:-1, max-image-preview:large, max-video-preview:-1\" \/>\n<meta property=\"og:locale\" content=\"pt_PT\" \/>\n<meta property=\"og:type\" content=\"article\" \/>\n<meta property=\"og:title\" content=\"Spinazzola entra na \u00f3rbita do Milan - Portal Tela Portugal\" \/>\n<meta property=\"og:description\" content=\"O lateral italiano Leonardo Spinazzola, do Napoli, volta a ser alvo do Milan. Spinazzola pode deixar o Napoli no final da presente temporada. A dire\u00e7\u00e3o do Milan v\u00ea o jogador de 33 anos como substituto ideal para Pervis Estupi\u00f1\u00e1n, que deve sair no final de 2025\/26. Contudo, h\u00e1 quem sustente que a estrat\u00e9gia atual do Milan privilegia jogadores mais jovens, o que pode n\u00e3o enquadrar Spinazzola.\" \/>\n<meta property=\"og:url\" content=\"https:\/\/portaltela.pt\/noticias\/2026\/04\/14\/spinazzola-entra-na-orbita-do-milan\/\" \/>\n<meta property=\"og:site_name\" content=\"Portal Tela Portugal\" \/>\n<meta property=\"article:published_time\" content=\"2026-04-14T19:47:26+00:00\" \/>\n<meta name=\"author\" content=\"Telinha\" \/>\n<meta name=\"twitter:card\" content=\"summary_large_image\" \/>\n<meta name=\"twitter:label1\" content=\"Escrito por\" \/>\n\t<meta name=\"twitter:data1\" content=\"Telinha\" \/>\n\t<meta name=\"twitter:label2\" content=\"Tempo estimado de leitura\" \/>\n\t<meta name=\"twitter:data2\" content=\"1 minuto\" \/>\n<script type=\"application\/ld+json\" class=\"yoast-schema-graph\">{\"@context\":\"https:\/\/schema.org\",\"@graph\":[{\"@type\":\"Article\",\"@id\":\"https:\/\/portaltela.pt\/noticias\/2026\/04\/14\/spinazzola-entra-na-orbita-do-milan\/#article\",\"isPartOf\":{\"@id\":\"https:\/\/portaltela.pt\/noticias\/2026\/04\/14\/spinazzola-entra-na-orbita-do-milan\/\"},\"author\":{\"name\":\"Telinha\",\"@id\":\"https:\/\/portaltela.pt\/#\/schema\/person\/c4278d4a6028830caff9ee44b42d32ed\"},\"headline\":\"Spinazzola entra na \u00f3rbita do Milan\",\"datePublished\":\"2026-04-14T19:47:26+00:00\",\"mainEntityOfPage\":{\"@id\":\"https:\/\/portaltela.pt\/noticias\/2026\/04\/14\/spinazzola-entra-na-orbita-do-milan\/\"},\"wordCount\":148,\"image\":{\"@id\":\"https:\/\/portaltela.pt\/noticias\/2026\/04\/14\/spinazzola-entra-na-orbita-do-milan\/#primaryimage\"},\"thumbnailUrl\":\"https:\/\/portaltela.pt\/s.01k8rhncp4jt1\/2026\/04\/img_920x518uu2026-04-14-20-42-15-2433038.jpg\",\"keywords\":[\"AC Milan\",\"futebol\",\"futebol internacional\",\"jogadores\",\"jogadores internacionais\",\"mercado da bola\"],\"articleSection\":[\"Desporto\",\"Futebol\"],\"inLanguage\":\"pt-PT\"},{\"@type\":\"WebPage\",\"@id\":\"https:\/\/portaltela.pt\/noticias\/2026\/04\/14\/spinazzola-entra-na-orbita-do-milan\/\",\"url\":\"https:\/\/portaltela.pt\/noticias\/2026\/04\/14\/spinazzola-entra-na-orbita-do-milan\/\",\"name\":\"Spinazzola entra na \u00f3rbita do Milan - Portal Tela Portugal\",\"isPartOf\":{\"@id\":\"https:\/\/portaltela.pt\/#website\"},\"primaryImageOfPage\":{\"@id\":\"https:\/\/portaltela.pt\/noticias\/2026\/04\/14\/spinazzola-entra-na-orbita-do-milan\/#primaryimage\"},\"image\":{\"@id\":\"https:\/\/portaltela.pt\/noticias\/2026\/04\/14\/spinazzola-entra-na-orbita-do-milan\/#primaryimage\"},\"thumbnailUrl\":\"https:\/\/portaltela.pt\/s.01k8rhncp4jt1\/2026\/04\/img_920x518uu2026-04-14-20-42-15-2433038.jpg\",\"datePublished\":\"2026-04-14T19:47:26+00:00\",\"author\":{\"@id\":\"https:\/\/portaltela.pt\/#\/schema\/person\/c4278d4a6028830caff9ee44b42d32ed\"},\"breadcrumb\":{\"@id\":\"https:\/\/portaltela.pt\/noticias\/2026\/04\/14\/spinazzola-entra-na-orbita-do-milan\/#breadcrumb\"},\"inLanguage\":\"pt-PT\",\"potentialAction\":[{\"@type\":\"ReadAction\",\"target\":[\"https:\/\/portaltela.pt\/noticias\/2026\/04\/14\/spinazzola-entra-na-orbita-do-milan\/\"]}]},{\"@type\":\"ImageObject\",\"inLanguage\":\"pt-PT\",\"@id\":\"https:\/\/portaltela.pt\/noticias\/2026\/04\/14\/spinazzola-entra-na-orbita-do-milan\/#primaryimage\",\"url\":\"https:\/\/portaltela.pt\/s.01k8rhncp4jt1\/2026\/04\/img_920x518uu2026-04-14-20-42-15-2433038.jpg\",\"contentUrl\":\"https:\/\/portaltela.pt\/s.01k8rhncp4jt1\/2026\/04\/img_920x518uu2026-04-14-20-42-15-2433038.jpg\",\"width\":796,\"height\":448,\"caption\":\"Spinazzola, lateral do N\u00e1poles, est\u00e1 na mira do Milan para refor\u00e7ar a equipa\"},{\"@type\":\"BreadcrumbList\",\"@id\":\"https:\/\/portaltela.pt\/noticias\/2026\/04\/14\/spinazzola-entra-na-orbita-do-milan\/#breadcrumb\",\"itemListElement\":[{\"@type\":\"ListItem\",\"position\":1,\"name\":\"In\u00edcio\",\"item\":\"https:\/\/portaltela.pt\/\"},{\"@type\":\"ListItem\",\"position\":2,\"name\":\"Spinazzola entra na \u00f3rbita do Milan\"}]},{\"@type\":\"WebSite\",\"@id\":\"https:\/\/portaltela.pt\/#website\",\"url\":\"https:\/\/portaltela.pt\/\",\"name\":\"Portal Tela Portugal\",\"description\":\"\",\"potentialAction\":[{\"@type\":\"SearchAction\",\"target\":{\"@type\":\"EntryPoint\",\"urlTemplate\":\"https:\/\/portaltela.pt\/?s={search_term_string}\"},\"query-input\":{\"@type\":\"PropertyValueSpecification\",\"valueRequired\":true,\"valueName\":\"search_term_string\"}}],\"inLanguage\":\"pt-PT\"},{\"@type\":\"Person\",\"@id\":\"https:\/\/portaltela.pt\/#\/schema\/person\/c4278d4a6028830caff9ee44b42d32ed\",\"name\":\"Telinha\",\"image\":{\"@type\":\"ImageObject\",\"inLanguage\":\"pt-PT\",\"@id\":\"https:\/\/portaltela.pt\/s.01k8rhncp4jt1\/2025\/11\/talking-bot-125x125.png\",\"url\":\"https:\/\/portaltela.pt\/s.01k8rhncp4jt1\/2025\/11\/talking-bot-125x125.png\",\"contentUrl\":\"https:\/\/portaltela.pt\/s.01k8rhncp4jt1\/2025\/11\/talking-bot-125x125.png\",\"caption\":\"Telinha\"},\"sameAs\":[\"https:\/\/portaltela.pt\/\"],\"url\":\"https:\/\/portaltela.pt\/por\/367410592786\/\"}]}<\/script>\n<!-- \/ Yoast SEO plugin. -->","yoast_head_json":{"title":"Spinazzola entra na \u00f3rbita do Milan - Portal Tela Portugal","robots":{"index":"index","follow":"follow","max-snippet":"max-snippet:-1","max-image-preview":"max-image-preview:large","max-video-preview":"max-video-preview:-1"},"og_locale":"pt_PT","og_type":"article","og_title":"Spinazzola entra na \u00f3rbita do Milan - Portal Tela Portugal","og_description":"O lateral italiano Leonardo Spinazzola, do Napoli, volta a ser alvo do Milan. Spinazzola pode deixar o Napoli no final da presente temporada. A dire\u00e7\u00e3o do Milan v\u00ea o jogador de 33 anos como substituto ideal para Pervis Estupi\u00f1\u00e1n, que deve sair no final de 2025\/26. Contudo, h\u00e1 quem sustente que a estrat\u00e9gia atual do Milan privilegia jogadores mais jovens, o que pode n\u00e3o enquadrar Spinazzola.","og_url":"https:\/\/portaltela.pt\/noticias\/2026\/04\/14\/spinazzola-entra-na-orbita-do-milan\/","og_site_name":"Portal Tela Portugal","article_published_time":"2026-04-14T19:47:26+00:00","author":"Telinha","twitter_card":"summary_large_image","twitter_misc":{"Escrito por":"Telinha","Tempo estimado de leitura":"1 minuto"},"schema":{"@context":"https:\/\/schema.org","@graph":[{"@type":"Article","@id":"https:\/\/portaltela.pt\/noticias\/2026\/04\/14\/spinazzola-entra-na-orbita-do-milan\/#article","isPartOf":{"@id":"https:\/\/portaltela.pt\/noticias\/2026\/04\/14\/spinazzola-entra-na-orbita-do-milan\/"},"author":{"name":"Telinha","@id":"https:\/\/portaltela.pt\/#\/schema\/person\/c4278d4a6028830caff9ee44b42d32ed"},"headline":"Spinazzola entra na \u00f3rbita do Milan","datePublished":"2026-04-14T19:47:26+00:00","mainEntityOfPage":{"@id":"https:\/\/portaltela.pt\/noticias\/2026\/04\/14\/spinazzola-entra-na-orbita-do-milan\/"},"wordCount":148,"image":{"@id":"https:\/\/portaltela.pt\/noticias\/2026\/04\/14\/spinazzola-entra-na-orbita-do-milan\/#primaryimage"},"thumbnailUrl":"https:\/\/portaltela.pt\/s.01k8rhncp4jt1\/2026\/04\/img_920x518uu2026-04-14-20-42-15-2433038.jpg","keywords":["AC Milan","futebol","futebol internacional","jogadores","jogadores internacionais","mercado da bola"],"articleSection":["Desporto","Futebol"],"inLanguage":"pt-PT"},{"@type":"WebPage","@id":"https:\/\/portaltela.pt\/noticias\/2026\/04\/14\/spinazzola-entra-na-orbita-do-milan\/","url":"https:\/\/portaltela.pt\/noticias\/2026\/04\/14\/spinazzola-entra-na-orbita-do-milan\/","name":"Spinazzola entra na \u00f3rbita do Milan - Portal Tela Portugal","isPartOf":{"@id":"https:\/\/portaltela.pt\/#website"},"primaryImageOfPage":{"@id":"https:\/\/portaltela.pt\/noticias\/2026\/04\/14\/spinazzola-entra-na-orbita-do-milan\/#primaryimage"},"image":{"@id":"https:\/\/portaltela.pt\/noticias\/2026\/04\/14\/spinazzola-entra-na-orbita-do-milan\/#primaryimage"},"thumbnailUrl":"https:\/\/portaltela.pt\/s.01k8rhncp4jt1\/2026\/04\/img_920x518uu2026-04-14-20-42-15-2433038.jpg","datePublished":"2026-04-14T19:47:26+00:00","author":{"@id":"https:\/\/portaltela.pt\/#\/schema\/person\/c4278d4a6028830caff9ee44b42d32ed"},"breadcrumb":{"@id":"https:\/\/portaltela.pt\/noticias\/2026\/04\/14\/spinazzola-entra-na-orbita-do-milan\/#breadcrumb"},"inLanguage":"pt-PT","potentialAction":[{"@type":"ReadAction","target":["https:\/\/portaltela.pt\/noticias\/2026\/04\/14\/spinazzola-entra-na-orbita-do-milan\/"]}]},{"@type":"ImageObject","inLanguage":"pt-PT","@id":"https:\/\/portaltela.pt\/noticias\/2026\/04\/14\/spinazzola-entra-na-orbita-do-milan\/#primaryimage","url":"https:\/\/portaltela.pt\/s.01k8rhncp4jt1\/2026\/04\/img_920x518uu2026-04-14-20-42-15-2433038.jpg","contentUrl":"https:\/\/portaltela.pt\/s.01k8rhncp4jt1\/2026\/04\/img_920x518uu2026-04-14-20-42-15-2433038.jpg","width":796,"height":448,"caption":"Spinazzola, lateral do N\u00e1poles, est\u00e1 na mira do Milan para refor\u00e7ar a equipa"},{"@type":"BreadcrumbList","@id":"https:\/\/portaltela.pt\/noticias\/2026\/04\/14\/spinazzola-entra-na-orbita-do-milan\/#breadcrumb","itemListElement":[{"@type":"ListItem","position":1,"name":"In\u00edcio","item":"https:\/\/portaltela.pt\/"},{"@type":"ListItem","position":2,"name":"Spinazzola entra na \u00f3rbita do Milan"}]},{"@type":"WebSite","@id":"https:\/\/portaltela.pt\/#website","url":"https:\/\/portaltela.pt\/","name":"Portal Tela Portugal","description":"","potentialAction":[{"@type":"SearchAction","target":{"@type":"EntryPoint","urlTemplate":"https:\/\/portaltela.pt\/?s={search_term_string}"},"query-input":{"@type":"PropertyValueSpecification","valueRequired":true,"valueName":"search_term_string"}}],"inLanguage":"pt-PT"},{"@type":"Person","@id":"https:\/\/portaltela.pt\/#\/schema\/person\/c4278d4a6028830caff9ee44b42d32ed","name":"Telinha","image":{"@type":"ImageObject","inLanguage":"pt-PT","@id":"https:\/\/portaltela.pt\/s.01k8rhncp4jt1\/2025\/11\/talking-bot-125x125.png","url":"https:\/\/portaltela.pt\/s.01k8rhncp4jt1\/2025\/11\/talking-bot-125x125.png","contentUrl":"https:\/\/portaltela.pt\/s.01k8rhncp4jt1\/2025\/11\/talking-bot-125x125.png","caption":"Telinha"},"sameAs":["https:\/\/portaltela.pt\/"],"url":"https:\/\/portaltela.pt\/por\/367410592786\/"}]}},"_links":{"self":[{"href":"https:\/\/portaltela.pt\/api\/wp\/v2\/posts\/444282","targetHints":{"allow":["GET"]}}],"collection":[{"href":"https:\/\/portaltela.pt\/api\/wp\/v2\/posts"}],"about":[{"href":"https:\/\/portaltela.pt\/api\/wp\/v2\/types\/post"}],"author":[{"embeddable":true,"href":"https:\/\/portaltela.pt\/api\/wp\/v2\/users\/2"}],"replies":[{"embeddable":true,"href":"https:\/\/portaltela.pt\/api\/wp\/v2\/comments?post=444282"}],"version-history":[{"count":0,"href":"https:\/\/portaltela.pt\/api\/wp\/v2\/posts\/444282\/revisions"}],"wp:featuredmedia":[{"embeddable":true,"href":"https:\/\/portaltela.pt\/api\/wp\/v2\/media\/444287"}],"wp:attachment":[{"href":"https:\/\/portaltela.pt\/api\/wp\/v2\/media?parent=444282"}],"wp:term":[{"taxonomy":"category","embeddable":true,"href":"https:\/\/portaltela.pt\/api\/wp\/v2\/categories?post=444282"},{"taxonomy":"post_tag","embeddable":true,"href":"https:\/\/portaltela.pt\/api\/wp\/v2\/tags?post=444282"}],"curies":[{"name":"wp","href":"https:\/\/api.w.org\/{rel}","templated":true}]}}