{"id":444263,"date":"2026-04-14T16:32:16","date_gmt":"2026-04-14T19:32:16","guid":{"rendered":"https:\/\/portaltela.pt\/noticias\/2026\/04\/14\/calila-mira-o-onze-do-santa-clara-contra-o-casa-pia-em-rio-maior\/"},"modified":"2026-04-14T16:32:16","modified_gmt":"2026-04-14T19:32:16","slug":"calila-mira-o-onze-do-santa-clara-contra-o-casa-pia-em-rio-maior","status":"publish","type":"post","link":"https:\/\/portaltela.pt\/desporto\/futebol\/2026\/04\/14\/calila-mira-o-onze-do-santa-clara-contra-o-casa-pia-em-rio-maior\/","title":{"rendered":"Calila mira o onze do Santa Clara contra o Casa Pia em Rio Maior"},"content":{"rendered":"<p>Diogo Calila pode integrar o onze do Santa Clara no jogo de s\u00e1bado contra o Casa Pia, em Rio Maior, \u00e0s 18h00, a contar para a jornada 30 da Liga Betclic. O lateral-direito de 27 anos, internacional por Mo\u00e7ambique, regressou \u00e0 competi\u00e7\u00e3o na derrota por 2-0 frente ao Rio Ave, no \u00faltimo fim de semana.<\/p>\n<p>Lucas Soares, defesa brasileiro de 27 anos, tem sido a op\u00e7\u00e3o de Petit para a lateral direita, mas o desempenho recente de Calila pode abrir espa\u00e7o para altera\u00e7\u00e3o na titularidade. O jogador a\u00e7oriano equilibra presen\u00e7a iminente com a experi\u00eancia adquirida.<\/p>\n<p>Nesta temporada, Calila soma dois golos e uma assist\u00eancia em 22 partidas pelo Santa Clara. O jogador tem contrato at\u00e9 2027 e est\u00e1 avaliado em 500 mil euros pelo Transfermarkt. A equipa procura manter registo est\u00e1vel no \u00faltimo ter\u00e7o da fase regular.<\/p>\n<h3>Op\u00e7\u00e3o t\u00e1tica e contexto<\/h3>\n<p>A possibilidade de mudan\u00e7a na defesa ocorre numa altura de ajustes para o Santa Clara, que tenta manter-se acima da linha de influ\u00eancia na classifica\u00e7\u00e3o. A visita a Rio Maior coloca frente a frente duas forma\u00e7\u00f5es com objetivos diferentes na Liga.<\/p>\n<p>O Casa Pia chega ao encontro ap\u00f3s prepara\u00e7\u00e3o para a jornada com foco em consolidar desempenho em casa. A equipa procura pontuar para aproximar-se das posi\u00e7\u00f5es de meio da tabela.<\/p>\n","protected":false},"excerpt":{"rendered":"<ul>\n<li>Diogo Calila pode entrar no onze do Santa Clara para o jogo de s\u00e1bado contra o Casa Pia, em Rio Maior, \u00e0s 18h00, a contar para a jornada 30 da Liga Betclic.<\/li>\n<li>O lateral-direito mo\u00e7ambicano, de 27 anos, regressou \u00e0 competi\u00e7\u00e3o na derrota de 2-0 frente ao Rio Ave no \u00faltimo fim de semana, ap\u00f3s n\u00e3o ter atuado nos tr\u00eas encontros anteriores.<\/li>\n<li>Lucas Soares tem sido a op\u00e7\u00e3o principal para a ala direita da defesa a\u00e7oriana, mas pode ceder o lugar a Calila.<\/li>\n<li>Esta \u00e9poca, Calila soma dois golos e uma assist\u00eancia em 22 jogos pelo Santa Clara, com contrato at\u00e9 2027.<\/li>\n<li>O jogador est\u00e1 avaliado em 500 mil euros pelo Transfermarkt.<\/li>\n<\/ul>\n","protected":false},"author":2,"featured_media":444265,"comment_status":"closed","ping_status":"closed","sticky":false,"template":"","format":"standard","meta":{"footnotes":""},"categories":[21,24],"tags":[5176,32,1786,2190,4323,998],"class_list":["post-444263","post","type-post","status-publish","format-standard","has-post-thumbnail","hentry","category-desporto","category-futebol","tag-casa-pia","tag-futebol","tag-liga","tag-rio-ave","tag-rio-maior","tag-santa-clara"],"yoast_head":"<!-- This site is optimized with the Yoast SEO plugin v27.2 - https:\/\/yoast.com\/product\/yoast-seo-wordpress\/ -->\n<title>Calila mira o onze do Santa Clara contra o Casa Pia em Rio Maior - Portal Tela Portugal<\/title>\n<meta name=\"robots\" content=\"index, follow, max-snippet:-1, max-image-preview:large, max-video-preview:-1\" \/>\n<meta property=\"og:locale\" content=\"pt_PT\" \/>\n<meta property=\"og:type\" content=\"article\" \/>\n<meta property=\"og:title\" content=\"Calila mira o onze do Santa Clara contra o Casa Pia em Rio Maior - Portal Tela Portugal\" \/>\n<meta property=\"og:description\" content=\"Diogo Calila pode entrar no onze do Santa Clara para o jogo de s\u00e1bado contra o Casa Pia, em Rio Maior, \u00e0s 18h00, a contar para a jornada 30 da Liga Betclic. O lateral-direito mo\u00e7ambicano, de 27 anos, regressou \u00e0 competi\u00e7\u00e3o na derrota de 2-0 frente ao Rio Ave no \u00faltimo fim de semana, ap\u00f3s n\u00e3o ter atuado nos tr\u00eas encontros anteriores. Lucas Soares tem sido a op\u00e7\u00e3o principal para a ala direita da defesa a\u00e7oriana, mas pode ceder o lugar a Calila. Esta \u00e9poca, Calila soma dois golos e uma assist\u00eancia em 22 jogos pelo Santa Clara, com contrato at\u00e9 2027. O jogador est\u00e1 avaliado em 500 mil euros pelo Transfermarkt.\" \/>\n<meta property=\"og:url\" content=\"https:\/\/portaltela.pt\/noticias\/2026\/04\/14\/calila-mira-o-onze-do-santa-clara-contra-o-casa-pia-em-rio-maior\/\" \/>\n<meta property=\"og:site_name\" content=\"Portal Tela Portugal\" \/>\n<meta property=\"article:published_time\" content=\"2026-04-14T19:32:16+00:00\" \/>\n<meta name=\"author\" content=\"Telinha\" \/>\n<meta name=\"twitter:card\" content=\"summary_large_image\" \/>\n<meta name=\"twitter:label1\" content=\"Escrito por\" \/>\n\t<meta name=\"twitter:data1\" content=\"Telinha\" \/>\n\t<meta name=\"twitter:label2\" content=\"Tempo estimado de leitura\" \/>\n\t<meta name=\"twitter:data2\" content=\"1 minuto\" \/>\n<script type=\"application\/ld+json\" class=\"yoast-schema-graph\">{\"@context\":\"https:\/\/schema.org\",\"@graph\":[{\"@type\":\"Article\",\"@id\":\"https:\/\/portaltela.pt\/noticias\/2026\/04\/14\/calila-mira-o-onze-do-santa-clara-contra-o-casa-pia-em-rio-maior\/#article\",\"isPartOf\":{\"@id\":\"https:\/\/portaltela.pt\/noticias\/2026\/04\/14\/calila-mira-o-onze-do-santa-clara-contra-o-casa-pia-em-rio-maior\/\"},\"author\":{\"name\":\"Telinha\",\"@id\":\"https:\/\/portaltela.pt\/#\/schema\/person\/c4278d4a6028830caff9ee44b42d32ed\"},\"headline\":\"Calila mira o onze do Santa Clara contra o Casa Pia em Rio Maior\",\"datePublished\":\"2026-04-14T19:32:16+00:00\",\"mainEntityOfPage\":{\"@id\":\"https:\/\/portaltela.pt\/noticias\/2026\/04\/14\/calila-mira-o-onze-do-santa-clara-contra-o-casa-pia-em-rio-maior\/\"},\"wordCount\":240,\"image\":{\"@id\":\"https:\/\/portaltela.pt\/noticias\/2026\/04\/14\/calila-mira-o-onze-do-santa-clara-contra-o-casa-pia-em-rio-maior\/#primaryimage\"},\"thumbnailUrl\":\"https:\/\/portaltela.pt\/s.01k8rhncp4jt1\/2026\/04\/img_920x518uu2024-10-05-18-13-23-2300522-im-639117943204885503.jpg\",\"keywords\":[\"Casa Pia\",\"futebol\",\"Liga\",\"Rio Ave\",\"Rio Maior\",\"Santa Clara\"],\"articleSection\":[\"Desporto\",\"Futebol\"],\"inLanguage\":\"pt-PT\"},{\"@type\":\"WebPage\",\"@id\":\"https:\/\/portaltela.pt\/noticias\/2026\/04\/14\/calila-mira-o-onze-do-santa-clara-contra-o-casa-pia-em-rio-maior\/\",\"url\":\"https:\/\/portaltela.pt\/noticias\/2026\/04\/14\/calila-mira-o-onze-do-santa-clara-contra-o-casa-pia-em-rio-maior\/\",\"name\":\"Calila mira o onze do Santa Clara contra o Casa Pia em Rio Maior - Portal Tela Portugal\",\"isPartOf\":{\"@id\":\"https:\/\/portaltela.pt\/#website\"},\"primaryImageOfPage\":{\"@id\":\"https:\/\/portaltela.pt\/noticias\/2026\/04\/14\/calila-mira-o-onze-do-santa-clara-contra-o-casa-pia-em-rio-maior\/#primaryimage\"},\"image\":{\"@id\":\"https:\/\/portaltela.pt\/noticias\/2026\/04\/14\/calila-mira-o-onze-do-santa-clara-contra-o-casa-pia-em-rio-maior\/#primaryimage\"},\"thumbnailUrl\":\"https:\/\/portaltela.pt\/s.01k8rhncp4jt1\/2026\/04\/img_920x518uu2024-10-05-18-13-23-2300522-im-639117943204885503.jpg\",\"datePublished\":\"2026-04-14T19:32:16+00:00\",\"author\":{\"@id\":\"https:\/\/portaltela.pt\/#\/schema\/person\/c4278d4a6028830caff9ee44b42d32ed\"},\"breadcrumb\":{\"@id\":\"https:\/\/portaltela.pt\/noticias\/2026\/04\/14\/calila-mira-o-onze-do-santa-clara-contra-o-casa-pia-em-rio-maior\/#breadcrumb\"},\"inLanguage\":\"pt-PT\",\"potentialAction\":[{\"@type\":\"ReadAction\",\"target\":[\"https:\/\/portaltela.pt\/noticias\/2026\/04\/14\/calila-mira-o-onze-do-santa-clara-contra-o-casa-pia-em-rio-maior\/\"]}]},{\"@type\":\"ImageObject\",\"inLanguage\":\"pt-PT\",\"@id\":\"https:\/\/portaltela.pt\/noticias\/2026\/04\/14\/calila-mira-o-onze-do-santa-clara-contra-o-casa-pia-em-rio-maior\/#primaryimage\",\"url\":\"https:\/\/portaltela.pt\/s.01k8rhncp4jt1\/2026\/04\/img_920x518uu2024-10-05-18-13-23-2300522-im-639117943204885503.jpg\",\"contentUrl\":\"https:\/\/portaltela.pt\/s.01k8rhncp4jt1\/2026\/04\/img_920x518uu2024-10-05-18-13-23-2300522-im-639117943204885503.jpg\",\"width\":796,\"height\":448,\"caption\":\"Calila soma 22 jogos esta temporada\"},{\"@type\":\"BreadcrumbList\",\"@id\":\"https:\/\/portaltela.pt\/noticias\/2026\/04\/14\/calila-mira-o-onze-do-santa-clara-contra-o-casa-pia-em-rio-maior\/#breadcrumb\",\"itemListElement\":[{\"@type\":\"ListItem\",\"position\":1,\"name\":\"In\u00edcio\",\"item\":\"https:\/\/portaltela.pt\/\"},{\"@type\":\"ListItem\",\"position\":2,\"name\":\"Calila mira o onze do Santa Clara contra o Casa Pia em Rio Maior\"}]},{\"@type\":\"WebSite\",\"@id\":\"https:\/\/portaltela.pt\/#website\",\"url\":\"https:\/\/portaltela.pt\/\",\"name\":\"Portal Tela Portugal\",\"description\":\"\",\"potentialAction\":[{\"@type\":\"SearchAction\",\"target\":{\"@type\":\"EntryPoint\",\"urlTemplate\":\"https:\/\/portaltela.pt\/?s={search_term_string}\"},\"query-input\":{\"@type\":\"PropertyValueSpecification\",\"valueRequired\":true,\"valueName\":\"search_term_string\"}}],\"inLanguage\":\"pt-PT\"},{\"@type\":\"Person\",\"@id\":\"https:\/\/portaltela.pt\/#\/schema\/person\/c4278d4a6028830caff9ee44b42d32ed\",\"name\":\"Telinha\",\"image\":{\"@type\":\"ImageObject\",\"inLanguage\":\"pt-PT\",\"@id\":\"https:\/\/portaltela.pt\/s.01k8rhncp4jt1\/2025\/11\/talking-bot-125x125.png\",\"url\":\"https:\/\/portaltela.pt\/s.01k8rhncp4jt1\/2025\/11\/talking-bot-125x125.png\",\"contentUrl\":\"https:\/\/portaltela.pt\/s.01k8rhncp4jt1\/2025\/11\/talking-bot-125x125.png\",\"caption\":\"Telinha\"},\"sameAs\":[\"https:\/\/portaltela.pt\/\"],\"url\":\"https:\/\/portaltela.pt\/por\/367410592786\/\"}]}<\/script>\n<!-- \/ Yoast SEO plugin. -->","yoast_head_json":{"title":"Calila mira o onze do Santa Clara contra o Casa Pia em Rio Maior - Portal Tela Portugal","robots":{"index":"index","follow":"follow","max-snippet":"max-snippet:-1","max-image-preview":"max-image-preview:large","max-video-preview":"max-video-preview:-1"},"og_locale":"pt_PT","og_type":"article","og_title":"Calila mira o onze do Santa Clara contra o Casa Pia em Rio Maior - Portal Tela Portugal","og_description":"Diogo Calila pode entrar no onze do Santa Clara para o jogo de s\u00e1bado contra o Casa Pia, em Rio Maior, \u00e0s 18h00, a contar para a jornada 30 da Liga Betclic. O lateral-direito mo\u00e7ambicano, de 27 anos, regressou \u00e0 competi\u00e7\u00e3o na derrota de 2-0 frente ao Rio Ave no \u00faltimo fim de semana, ap\u00f3s n\u00e3o ter atuado nos tr\u00eas encontros anteriores. Lucas Soares tem sido a op\u00e7\u00e3o principal para a ala direita da defesa a\u00e7oriana, mas pode ceder o lugar a Calila. Esta \u00e9poca, Calila soma dois golos e uma assist\u00eancia em 22 jogos pelo Santa Clara, com contrato at\u00e9 2027. O jogador est\u00e1 avaliado em 500 mil euros pelo Transfermarkt.","og_url":"https:\/\/portaltela.pt\/noticias\/2026\/04\/14\/calila-mira-o-onze-do-santa-clara-contra-o-casa-pia-em-rio-maior\/","og_site_name":"Portal Tela Portugal","article_published_time":"2026-04-14T19:32:16+00:00","author":"Telinha","twitter_card":"summary_large_image","twitter_misc":{"Escrito por":"Telinha","Tempo estimado de leitura":"1 minuto"},"schema":{"@context":"https:\/\/schema.org","@graph":[{"@type":"Article","@id":"https:\/\/portaltela.pt\/noticias\/2026\/04\/14\/calila-mira-o-onze-do-santa-clara-contra-o-casa-pia-em-rio-maior\/#article","isPartOf":{"@id":"https:\/\/portaltela.pt\/noticias\/2026\/04\/14\/calila-mira-o-onze-do-santa-clara-contra-o-casa-pia-em-rio-maior\/"},"author":{"name":"Telinha","@id":"https:\/\/portaltela.pt\/#\/schema\/person\/c4278d4a6028830caff9ee44b42d32ed"},"headline":"Calila mira o onze do Santa Clara contra o Casa Pia em Rio Maior","datePublished":"2026-04-14T19:32:16+00:00","mainEntityOfPage":{"@id":"https:\/\/portaltela.pt\/noticias\/2026\/04\/14\/calila-mira-o-onze-do-santa-clara-contra-o-casa-pia-em-rio-maior\/"},"wordCount":240,"image":{"@id":"https:\/\/portaltela.pt\/noticias\/2026\/04\/14\/calila-mira-o-onze-do-santa-clara-contra-o-casa-pia-em-rio-maior\/#primaryimage"},"thumbnailUrl":"https:\/\/portaltela.pt\/s.01k8rhncp4jt1\/2026\/04\/img_920x518uu2024-10-05-18-13-23-2300522-im-639117943204885503.jpg","keywords":["Casa Pia","futebol","Liga","Rio Ave","Rio Maior","Santa Clara"],"articleSection":["Desporto","Futebol"],"inLanguage":"pt-PT"},{"@type":"WebPage","@id":"https:\/\/portaltela.pt\/noticias\/2026\/04\/14\/calila-mira-o-onze-do-santa-clara-contra-o-casa-pia-em-rio-maior\/","url":"https:\/\/portaltela.pt\/noticias\/2026\/04\/14\/calila-mira-o-onze-do-santa-clara-contra-o-casa-pia-em-rio-maior\/","name":"Calila mira o onze do Santa Clara contra o Casa Pia em Rio Maior - Portal Tela Portugal","isPartOf":{"@id":"https:\/\/portaltela.pt\/#website"},"primaryImageOfPage":{"@id":"https:\/\/portaltela.pt\/noticias\/2026\/04\/14\/calila-mira-o-onze-do-santa-clara-contra-o-casa-pia-em-rio-maior\/#primaryimage"},"image":{"@id":"https:\/\/portaltela.pt\/noticias\/2026\/04\/14\/calila-mira-o-onze-do-santa-clara-contra-o-casa-pia-em-rio-maior\/#primaryimage"},"thumbnailUrl":"https:\/\/portaltela.pt\/s.01k8rhncp4jt1\/2026\/04\/img_920x518uu2024-10-05-18-13-23-2300522-im-639117943204885503.jpg","datePublished":"2026-04-14T19:32:16+00:00","author":{"@id":"https:\/\/portaltela.pt\/#\/schema\/person\/c4278d4a6028830caff9ee44b42d32ed"},"breadcrumb":{"@id":"https:\/\/portaltela.pt\/noticias\/2026\/04\/14\/calila-mira-o-onze-do-santa-clara-contra-o-casa-pia-em-rio-maior\/#breadcrumb"},"inLanguage":"pt-PT","potentialAction":[{"@type":"ReadAction","target":["https:\/\/portaltela.pt\/noticias\/2026\/04\/14\/calila-mira-o-onze-do-santa-clara-contra-o-casa-pia-em-rio-maior\/"]}]},{"@type":"ImageObject","inLanguage":"pt-PT","@id":"https:\/\/portaltela.pt\/noticias\/2026\/04\/14\/calila-mira-o-onze-do-santa-clara-contra-o-casa-pia-em-rio-maior\/#primaryimage","url":"https:\/\/portaltela.pt\/s.01k8rhncp4jt1\/2026\/04\/img_920x518uu2024-10-05-18-13-23-2300522-im-639117943204885503.jpg","contentUrl":"https:\/\/portaltela.pt\/s.01k8rhncp4jt1\/2026\/04\/img_920x518uu2024-10-05-18-13-23-2300522-im-639117943204885503.jpg","width":796,"height":448,"caption":"Calila soma 22 jogos esta temporada"},{"@type":"BreadcrumbList","@id":"https:\/\/portaltela.pt\/noticias\/2026\/04\/14\/calila-mira-o-onze-do-santa-clara-contra-o-casa-pia-em-rio-maior\/#breadcrumb","itemListElement":[{"@type":"ListItem","position":1,"name":"In\u00edcio","item":"https:\/\/portaltela.pt\/"},{"@type":"ListItem","position":2,"name":"Calila mira o onze do Santa Clara contra o Casa Pia em Rio Maior"}]},{"@type":"WebSite","@id":"https:\/\/portaltela.pt\/#website","url":"https:\/\/portaltela.pt\/","name":"Portal Tela Portugal","description":"","potentialAction":[{"@type":"SearchAction","target":{"@type":"EntryPoint","urlTemplate":"https:\/\/portaltela.pt\/?s={search_term_string}"},"query-input":{"@type":"PropertyValueSpecification","valueRequired":true,"valueName":"search_term_string"}}],"inLanguage":"pt-PT"},{"@type":"Person","@id":"https:\/\/portaltela.pt\/#\/schema\/person\/c4278d4a6028830caff9ee44b42d32ed","name":"Telinha","image":{"@type":"ImageObject","inLanguage":"pt-PT","@id":"https:\/\/portaltela.pt\/s.01k8rhncp4jt1\/2025\/11\/talking-bot-125x125.png","url":"https:\/\/portaltela.pt\/s.01k8rhncp4jt1\/2025\/11\/talking-bot-125x125.png","contentUrl":"https:\/\/portaltela.pt\/s.01k8rhncp4jt1\/2025\/11\/talking-bot-125x125.png","caption":"Telinha"},"sameAs":["https:\/\/portaltela.pt\/"],"url":"https:\/\/portaltela.pt\/por\/367410592786\/"}]}},"_links":{"self":[{"href":"https:\/\/portaltela.pt\/api\/wp\/v2\/posts\/444263","targetHints":{"allow":["GET"]}}],"collection":[{"href":"https:\/\/portaltela.pt\/api\/wp\/v2\/posts"}],"about":[{"href":"https:\/\/portaltela.pt\/api\/wp\/v2\/types\/post"}],"author":[{"embeddable":true,"href":"https:\/\/portaltela.pt\/api\/wp\/v2\/users\/2"}],"replies":[{"embeddable":true,"href":"https:\/\/portaltela.pt\/api\/wp\/v2\/comments?post=444263"}],"version-history":[{"count":0,"href":"https:\/\/portaltela.pt\/api\/wp\/v2\/posts\/444263\/revisions"}],"wp:featuredmedia":[{"embeddable":true,"href":"https:\/\/portaltela.pt\/api\/wp\/v2\/media\/444265"}],"wp:attachment":[{"href":"https:\/\/portaltela.pt\/api\/wp\/v2\/media?parent=444263"}],"wp:term":[{"taxonomy":"category","embeddable":true,"href":"https:\/\/portaltela.pt\/api\/wp\/v2\/categories?post=444263"},{"taxonomy":"post_tag","embeddable":true,"href":"https:\/\/portaltela.pt\/api\/wp\/v2\/tags?post=444263"}],"curies":[{"name":"wp","href":"https:\/\/api.w.org\/{rel}","templated":true}]}}