{"id":444249,"date":"2026-04-14T16:17:15","date_gmt":"2026-04-14T19:17:15","guid":{"rendered":"https:\/\/portaltela.pt\/noticias\/2026\/04\/14\/roma-renova-contrato-com-lorenzo-pellegrini\/"},"modified":"2026-04-14T16:17:15","modified_gmt":"2026-04-14T19:17:15","slug":"roma-renova-contrato-com-lorenzo-pellegrini","status":"publish","type":"post","link":"https:\/\/portaltela.pt\/desporto\/futebol\/2026\/04\/14\/roma-renova-contrato-com-lorenzo-pellegrini\/","title":{"rendered":"Roma renova contrato com Lorenzo Pellegrini"},"content":{"rendered":"<p>A Roma est\u00e1 a preparar uma proposta de renova\u00e7\u00e3o para o capit\u00e3o Lorenzo Pellegrini, de 29 anos, cujo contrato vence no final desta temporada. O clube j\u00e1 contactou o agente do m\u00e9dio para avan\u00e7ar com as negocia\u00e7\u00f5es.<\/p>\n<p>Segundo a imprensa italiana, a propostas inclui uma ligeira redu\u00e7\u00e3o salarial, medida que n\u00e3o dever\u00e1 travar o processo de acordo entre as partes.<\/p>\n<p>Pellegrini formou-se na Roma e tem permanecido no clube, apenas afastando-se por duas \u00e9pocas para jogar pelo Sassuolo (2015\/16 e 2016\/17). O jogador tem demonstrado vontade de continuar no quadro da capital italiana.<\/p>\n<h3>Progresso das negocia\u00e7\u00f5es<\/h3>\n<p>As conversas entre a Roma e o representante de Pellegrini continuam em curso, com o foco em manter o capit\u00e3o no plantel para as pr\u00f3ximas temporadas, mantendo o papel central que desempenha no clube.<\/p>\n","protected":false},"excerpt":{"rendered":"<ul>\n<li>A Roma est\u00e1 a preparar uma proposta de renova\u00e7\u00e3o com o capit\u00e3o Lorenzo Pellegrini, de 29 anos.<\/li>\n<li>O contrato do m\u00e9dio termina no final da presente temporada.<\/li>\n<li>A proposta prev\u00ea uma ligeira redu\u00e7\u00e3o salarial, considerada vi\u00e1vel pelas negocia\u00e7\u00f5es.<\/li>\n<li>Pellegrini formou-se na Roma e passou a maior parte da carreira no clube, com duas temporadas no Sassuolo (2015\/16 e 2016\/17).<\/li>\n<li>O jogador tem sido associado a clubes da Ar\u00e1bia Saudita e a outros da Serie A, mas tem mostrado vontade de manter o longo legado na Roma.<\/li>\n<\/ul>\n","protected":false},"author":2,"featured_media":444250,"comment_status":"closed","ping_status":"closed","sticky":false,"template":"","format":"standard","meta":{"footnotes":""},"categories":[21,24],"tags":[1125,32,1857,242,4815,6645],"class_list":["post-444249","post","type-post","status-publish","format-standard","has-post-thumbnail","hentry","category-desporto","category-futebol","tag-contratos","tag-futebol","tag-italia","tag-jogadores","tag-roma","tag-salarios"],"yoast_head":"<!-- This site is optimized with the Yoast SEO plugin v27.2 - https:\/\/yoast.com\/product\/yoast-seo-wordpress\/ -->\n<title>Roma renova contrato com Lorenzo Pellegrini - Portal Tela Portugal<\/title>\n<meta name=\"robots\" content=\"index, follow, max-snippet:-1, max-image-preview:large, max-video-preview:-1\" \/>\n<meta property=\"og:locale\" content=\"pt_PT\" \/>\n<meta property=\"og:type\" content=\"article\" \/>\n<meta property=\"og:title\" content=\"Roma renova contrato com Lorenzo Pellegrini - Portal Tela Portugal\" \/>\n<meta property=\"og:description\" content=\"A Roma est\u00e1 a preparar uma proposta de renova\u00e7\u00e3o com o capit\u00e3o Lorenzo Pellegrini, de 29 anos. O contrato do m\u00e9dio termina no final da presente temporada. A proposta prev\u00ea uma ligeira redu\u00e7\u00e3o salarial, considerada vi\u00e1vel pelas negocia\u00e7\u00f5es. Pellegrini formou-se na Roma e passou a maior parte da carreira no clube, com duas temporadas no Sassuolo (2015\/16 e 2016\/17). O jogador tem sido associado a clubes da Ar\u00e1bia Saudita e a outros da Serie A, mas tem mostrado vontade de manter o longo legado na Roma.\" \/>\n<meta property=\"og:url\" content=\"https:\/\/portaltela.pt\/noticias\/2026\/04\/14\/roma-renova-contrato-com-lorenzo-pellegrini\/\" \/>\n<meta property=\"og:site_name\" content=\"Portal Tela Portugal\" \/>\n<meta property=\"article:published_time\" content=\"2026-04-14T19:17:15+00:00\" \/>\n<meta name=\"author\" content=\"Telinha\" \/>\n<meta name=\"twitter:card\" content=\"summary_large_image\" \/>\n<meta name=\"twitter:label1\" content=\"Escrito por\" \/>\n\t<meta name=\"twitter:data1\" content=\"Telinha\" \/>\n\t<meta name=\"twitter:label2\" content=\"Tempo estimado de leitura\" \/>\n\t<meta name=\"twitter:data2\" content=\"1 minuto\" \/>\n<script type=\"application\/ld+json\" class=\"yoast-schema-graph\">{\"@context\":\"https:\/\/schema.org\",\"@graph\":[{\"@type\":\"Article\",\"@id\":\"https:\/\/portaltela.pt\/noticias\/2026\/04\/14\/roma-renova-contrato-com-lorenzo-pellegrini\/#article\",\"isPartOf\":{\"@id\":\"https:\/\/portaltela.pt\/noticias\/2026\/04\/14\/roma-renova-contrato-com-lorenzo-pellegrini\/\"},\"author\":{\"name\":\"Telinha\",\"@id\":\"https:\/\/portaltela.pt\/#\/schema\/person\/c4278d4a6028830caff9ee44b42d32ed\"},\"headline\":\"Roma renova contrato com Lorenzo Pellegrini\",\"datePublished\":\"2026-04-14T19:17:15+00:00\",\"mainEntityOfPage\":{\"@id\":\"https:\/\/portaltela.pt\/noticias\/2026\/04\/14\/roma-renova-contrato-com-lorenzo-pellegrini\/\"},\"wordCount\":143,\"image\":{\"@id\":\"https:\/\/portaltela.pt\/noticias\/2026\/04\/14\/roma-renova-contrato-com-lorenzo-pellegrini\/#primaryimage\"},\"thumbnailUrl\":\"https:\/\/portaltela.pt\/s.01k8rhncp4jt1\/2026\/04\/img_920x518uu2026-04-14-20-02-21-2433027.jpg\",\"keywords\":[\"contratos\",\"futebol\",\"It\u00e1lia\",\"jogadores\",\"Roma\",\"sal\u00e1rios\"],\"articleSection\":[\"Desporto\",\"Futebol\"],\"inLanguage\":\"pt-PT\"},{\"@type\":\"WebPage\",\"@id\":\"https:\/\/portaltela.pt\/noticias\/2026\/04\/14\/roma-renova-contrato-com-lorenzo-pellegrini\/\",\"url\":\"https:\/\/portaltela.pt\/noticias\/2026\/04\/14\/roma-renova-contrato-com-lorenzo-pellegrini\/\",\"name\":\"Roma renova contrato com Lorenzo Pellegrini - Portal Tela Portugal\",\"isPartOf\":{\"@id\":\"https:\/\/portaltela.pt\/#website\"},\"primaryImageOfPage\":{\"@id\":\"https:\/\/portaltela.pt\/noticias\/2026\/04\/14\/roma-renova-contrato-com-lorenzo-pellegrini\/#primaryimage\"},\"image\":{\"@id\":\"https:\/\/portaltela.pt\/noticias\/2026\/04\/14\/roma-renova-contrato-com-lorenzo-pellegrini\/#primaryimage\"},\"thumbnailUrl\":\"https:\/\/portaltela.pt\/s.01k8rhncp4jt1\/2026\/04\/img_920x518uu2026-04-14-20-02-21-2433027.jpg\",\"datePublished\":\"2026-04-14T19:17:15+00:00\",\"author\":{\"@id\":\"https:\/\/portaltela.pt\/#\/schema\/person\/c4278d4a6028830caff9ee44b42d32ed\"},\"breadcrumb\":{\"@id\":\"https:\/\/portaltela.pt\/noticias\/2026\/04\/14\/roma-renova-contrato-com-lorenzo-pellegrini\/#breadcrumb\"},\"inLanguage\":\"pt-PT\",\"potentialAction\":[{\"@type\":\"ReadAction\",\"target\":[\"https:\/\/portaltela.pt\/noticias\/2026\/04\/14\/roma-renova-contrato-com-lorenzo-pellegrini\/\"]}]},{\"@type\":\"ImageObject\",\"inLanguage\":\"pt-PT\",\"@id\":\"https:\/\/portaltela.pt\/noticias\/2026\/04\/14\/roma-renova-contrato-com-lorenzo-pellegrini\/#primaryimage\",\"url\":\"https:\/\/portaltela.pt\/s.01k8rhncp4jt1\/2026\/04\/img_920x518uu2026-04-14-20-02-21-2433027.jpg\",\"contentUrl\":\"https:\/\/portaltela.pt\/s.01k8rhncp4jt1\/2026\/04\/img_920x518uu2026-04-14-20-02-21-2433027.jpg\",\"width\":796,\"height\":448,\"caption\":\"Lorenzo Pellegrini renova contrato com a Roma\"},{\"@type\":\"BreadcrumbList\",\"@id\":\"https:\/\/portaltela.pt\/noticias\/2026\/04\/14\/roma-renova-contrato-com-lorenzo-pellegrini\/#breadcrumb\",\"itemListElement\":[{\"@type\":\"ListItem\",\"position\":1,\"name\":\"In\u00edcio\",\"item\":\"https:\/\/portaltela.pt\/\"},{\"@type\":\"ListItem\",\"position\":2,\"name\":\"Roma renova contrato com Lorenzo Pellegrini\"}]},{\"@type\":\"WebSite\",\"@id\":\"https:\/\/portaltela.pt\/#website\",\"url\":\"https:\/\/portaltela.pt\/\",\"name\":\"Portal Tela Portugal\",\"description\":\"\",\"potentialAction\":[{\"@type\":\"SearchAction\",\"target\":{\"@type\":\"EntryPoint\",\"urlTemplate\":\"https:\/\/portaltela.pt\/?s={search_term_string}\"},\"query-input\":{\"@type\":\"PropertyValueSpecification\",\"valueRequired\":true,\"valueName\":\"search_term_string\"}}],\"inLanguage\":\"pt-PT\"},{\"@type\":\"Person\",\"@id\":\"https:\/\/portaltela.pt\/#\/schema\/person\/c4278d4a6028830caff9ee44b42d32ed\",\"name\":\"Telinha\",\"image\":{\"@type\":\"ImageObject\",\"inLanguage\":\"pt-PT\",\"@id\":\"https:\/\/portaltela.pt\/s.01k8rhncp4jt1\/2025\/11\/talking-bot-125x125.png\",\"url\":\"https:\/\/portaltela.pt\/s.01k8rhncp4jt1\/2025\/11\/talking-bot-125x125.png\",\"contentUrl\":\"https:\/\/portaltela.pt\/s.01k8rhncp4jt1\/2025\/11\/talking-bot-125x125.png\",\"caption\":\"Telinha\"},\"sameAs\":[\"https:\/\/portaltela.pt\/\"],\"url\":\"https:\/\/portaltela.pt\/por\/367410592786\/\"}]}<\/script>\n<!-- \/ Yoast SEO plugin. -->","yoast_head_json":{"title":"Roma renova contrato com Lorenzo Pellegrini - Portal Tela Portugal","robots":{"index":"index","follow":"follow","max-snippet":"max-snippet:-1","max-image-preview":"max-image-preview:large","max-video-preview":"max-video-preview:-1"},"og_locale":"pt_PT","og_type":"article","og_title":"Roma renova contrato com Lorenzo Pellegrini - Portal Tela Portugal","og_description":"A Roma est\u00e1 a preparar uma proposta de renova\u00e7\u00e3o com o capit\u00e3o Lorenzo Pellegrini, de 29 anos. O contrato do m\u00e9dio termina no final da presente temporada. A proposta prev\u00ea uma ligeira redu\u00e7\u00e3o salarial, considerada vi\u00e1vel pelas negocia\u00e7\u00f5es. Pellegrini formou-se na Roma e passou a maior parte da carreira no clube, com duas temporadas no Sassuolo (2015\/16 e 2016\/17). O jogador tem sido associado a clubes da Ar\u00e1bia Saudita e a outros da Serie A, mas tem mostrado vontade de manter o longo legado na Roma.","og_url":"https:\/\/portaltela.pt\/noticias\/2026\/04\/14\/roma-renova-contrato-com-lorenzo-pellegrini\/","og_site_name":"Portal Tela Portugal","article_published_time":"2026-04-14T19:17:15+00:00","author":"Telinha","twitter_card":"summary_large_image","twitter_misc":{"Escrito por":"Telinha","Tempo estimado de leitura":"1 minuto"},"schema":{"@context":"https:\/\/schema.org","@graph":[{"@type":"Article","@id":"https:\/\/portaltela.pt\/noticias\/2026\/04\/14\/roma-renova-contrato-com-lorenzo-pellegrini\/#article","isPartOf":{"@id":"https:\/\/portaltela.pt\/noticias\/2026\/04\/14\/roma-renova-contrato-com-lorenzo-pellegrini\/"},"author":{"name":"Telinha","@id":"https:\/\/portaltela.pt\/#\/schema\/person\/c4278d4a6028830caff9ee44b42d32ed"},"headline":"Roma renova contrato com Lorenzo Pellegrini","datePublished":"2026-04-14T19:17:15+00:00","mainEntityOfPage":{"@id":"https:\/\/portaltela.pt\/noticias\/2026\/04\/14\/roma-renova-contrato-com-lorenzo-pellegrini\/"},"wordCount":143,"image":{"@id":"https:\/\/portaltela.pt\/noticias\/2026\/04\/14\/roma-renova-contrato-com-lorenzo-pellegrini\/#primaryimage"},"thumbnailUrl":"https:\/\/portaltela.pt\/s.01k8rhncp4jt1\/2026\/04\/img_920x518uu2026-04-14-20-02-21-2433027.jpg","keywords":["contratos","futebol","It\u00e1lia","jogadores","Roma","sal\u00e1rios"],"articleSection":["Desporto","Futebol"],"inLanguage":"pt-PT"},{"@type":"WebPage","@id":"https:\/\/portaltela.pt\/noticias\/2026\/04\/14\/roma-renova-contrato-com-lorenzo-pellegrini\/","url":"https:\/\/portaltela.pt\/noticias\/2026\/04\/14\/roma-renova-contrato-com-lorenzo-pellegrini\/","name":"Roma renova contrato com Lorenzo Pellegrini - Portal Tela Portugal","isPartOf":{"@id":"https:\/\/portaltela.pt\/#website"},"primaryImageOfPage":{"@id":"https:\/\/portaltela.pt\/noticias\/2026\/04\/14\/roma-renova-contrato-com-lorenzo-pellegrini\/#primaryimage"},"image":{"@id":"https:\/\/portaltela.pt\/noticias\/2026\/04\/14\/roma-renova-contrato-com-lorenzo-pellegrini\/#primaryimage"},"thumbnailUrl":"https:\/\/portaltela.pt\/s.01k8rhncp4jt1\/2026\/04\/img_920x518uu2026-04-14-20-02-21-2433027.jpg","datePublished":"2026-04-14T19:17:15+00:00","author":{"@id":"https:\/\/portaltela.pt\/#\/schema\/person\/c4278d4a6028830caff9ee44b42d32ed"},"breadcrumb":{"@id":"https:\/\/portaltela.pt\/noticias\/2026\/04\/14\/roma-renova-contrato-com-lorenzo-pellegrini\/#breadcrumb"},"inLanguage":"pt-PT","potentialAction":[{"@type":"ReadAction","target":["https:\/\/portaltela.pt\/noticias\/2026\/04\/14\/roma-renova-contrato-com-lorenzo-pellegrini\/"]}]},{"@type":"ImageObject","inLanguage":"pt-PT","@id":"https:\/\/portaltela.pt\/noticias\/2026\/04\/14\/roma-renova-contrato-com-lorenzo-pellegrini\/#primaryimage","url":"https:\/\/portaltela.pt\/s.01k8rhncp4jt1\/2026\/04\/img_920x518uu2026-04-14-20-02-21-2433027.jpg","contentUrl":"https:\/\/portaltela.pt\/s.01k8rhncp4jt1\/2026\/04\/img_920x518uu2026-04-14-20-02-21-2433027.jpg","width":796,"height":448,"caption":"Lorenzo Pellegrini renova contrato com a Roma"},{"@type":"BreadcrumbList","@id":"https:\/\/portaltela.pt\/noticias\/2026\/04\/14\/roma-renova-contrato-com-lorenzo-pellegrini\/#breadcrumb","itemListElement":[{"@type":"ListItem","position":1,"name":"In\u00edcio","item":"https:\/\/portaltela.pt\/"},{"@type":"ListItem","position":2,"name":"Roma renova contrato com Lorenzo Pellegrini"}]},{"@type":"WebSite","@id":"https:\/\/portaltela.pt\/#website","url":"https:\/\/portaltela.pt\/","name":"Portal Tela Portugal","description":"","potentialAction":[{"@type":"SearchAction","target":{"@type":"EntryPoint","urlTemplate":"https:\/\/portaltela.pt\/?s={search_term_string}"},"query-input":{"@type":"PropertyValueSpecification","valueRequired":true,"valueName":"search_term_string"}}],"inLanguage":"pt-PT"},{"@type":"Person","@id":"https:\/\/portaltela.pt\/#\/schema\/person\/c4278d4a6028830caff9ee44b42d32ed","name":"Telinha","image":{"@type":"ImageObject","inLanguage":"pt-PT","@id":"https:\/\/portaltela.pt\/s.01k8rhncp4jt1\/2025\/11\/talking-bot-125x125.png","url":"https:\/\/portaltela.pt\/s.01k8rhncp4jt1\/2025\/11\/talking-bot-125x125.png","contentUrl":"https:\/\/portaltela.pt\/s.01k8rhncp4jt1\/2025\/11\/talking-bot-125x125.png","caption":"Telinha"},"sameAs":["https:\/\/portaltela.pt\/"],"url":"https:\/\/portaltela.pt\/por\/367410592786\/"}]}},"_links":{"self":[{"href":"https:\/\/portaltela.pt\/api\/wp\/v2\/posts\/444249","targetHints":{"allow":["GET"]}}],"collection":[{"href":"https:\/\/portaltela.pt\/api\/wp\/v2\/posts"}],"about":[{"href":"https:\/\/portaltela.pt\/api\/wp\/v2\/types\/post"}],"author":[{"embeddable":true,"href":"https:\/\/portaltela.pt\/api\/wp\/v2\/users\/2"}],"replies":[{"embeddable":true,"href":"https:\/\/portaltela.pt\/api\/wp\/v2\/comments?post=444249"}],"version-history":[{"count":0,"href":"https:\/\/portaltela.pt\/api\/wp\/v2\/posts\/444249\/revisions"}],"wp:featuredmedia":[{"embeddable":true,"href":"https:\/\/portaltela.pt\/api\/wp\/v2\/media\/444250"}],"wp:attachment":[{"href":"https:\/\/portaltela.pt\/api\/wp\/v2\/media?parent=444249"}],"wp:term":[{"taxonomy":"category","embeddable":true,"href":"https:\/\/portaltela.pt\/api\/wp\/v2\/categories?post=444249"},{"taxonomy":"post_tag","embeddable":true,"href":"https:\/\/portaltela.pt\/api\/wp\/v2\/tags?post=444249"}],"curies":[{"name":"wp","href":"https:\/\/api.w.org\/{rel}","templated":true}]}}