{"id":444210,"date":"2026-04-14T15:47:03","date_gmt":"2026-04-14T18:47:03","guid":{"rendered":"https:\/\/portaltela.pt\/noticias\/2026\/04\/14\/zhegrova-aparece-na-lista-de-potenciais-reforcos-do-besiktas\/"},"modified":"2026-04-14T15:47:03","modified_gmt":"2026-04-14T18:47:03","slug":"zhegrova-aparece-na-lista-de-potenciais-reforcos-do-besiktas","status":"publish","type":"post","link":"https:\/\/portaltela.pt\/desporto\/futebol\/2026\/04\/14\/zhegrova-aparece-na-lista-de-potenciais-reforcos-do-besiktas\/","title":{"rendered":"Zhegrova aparece na lista de potenciais refor\u00e7os do Besiktas"},"content":{"rendered":"<p>O Besiktas j\u00e1 tra\u00e7a a equipa para a pr\u00f3xima temporada, colocando Edon Zhegrova, extremo da Juventus, no topo da lista. O clube turco procura substituto para Milot Rashica, que vai sair no final desta \u00e9poca.<\/p>\n<p>Fontes da imprensa turca indicam que a dire\u00e7\u00e3o j\u00e1 iniciou conversa\u00e7\u00f5es com os representantes de Zhegrova, com uma proposta que ronda os 14 milh\u00f5es de euros, valor estimado do jogador no Transfermarkt.<\/p>\n<p>O interesse ganhou for\u00e7a ap\u00f3s a exibi\u00e7\u00e3o do kosovar contra o Galatasaray, no playoff da Liga dos Campe\u00f5es, em fevereiro, quando o jogador manteve a boa forma e chamou a aten\u00e7\u00e3o de dirigentes do Besiktas.<\/p>\n","protected":false},"excerpt":{"rendered":"<ul>\n<li>O Besiktas identificou Edon Zhegrova, extremo da Juventus, como alvo para a pr\u00f3xima temporada.<\/li>\n<li>Zhegrova \u00e9 visto como o substituto ideal de Milot Rashica, que vai deixar o plantel turco no final da \u00e9poca.<\/li>\n<li>A imprensa turca avan\u00e7a que as conversas entre o Besiktas e os agentes do jogador j\u00e1 come\u00e7aram.<\/li>\n<li>Uma proposta de aproximadamente 14 milh\u00f5es de euros est\u00e1 em cima da mesa, segundo o Transfermarkt.<\/li>\n<li>O interesse ganhou for\u00e7a ap\u00f3s a boa atua\u00e7\u00e3o de Zhegrova contra o Galatasaray no playoff da Liga dos Campe\u00f5es, em fevereiro.<\/li>\n<\/ul>\n","protected":false},"author":2,"featured_media":444216,"comment_status":"closed","ping_status":"closed","sticky":false,"template":"","format":"standard","meta":{"footnotes":""},"categories":[21,24],"tags":[32,3338,4270,2535,253,2126],"class_list":["post-444210","post","type-post","status-publish","format-standard","has-post-thumbnail","hentry","category-desporto","category-futebol","tag-futebol","tag-futebol-internacional","tag-galatasaray","tag-kosovo","tag-liga-dos-campeoes","tag-turquia"],"yoast_head":"<!-- This site is optimized with the Yoast SEO plugin v27.2 - https:\/\/yoast.com\/product\/yoast-seo-wordpress\/ -->\n<title>Zhegrova aparece na lista de potenciais refor\u00e7os do Besiktas - Portal Tela Portugal<\/title>\n<meta name=\"robots\" content=\"index, follow, max-snippet:-1, max-image-preview:large, max-video-preview:-1\" \/>\n<meta property=\"og:locale\" content=\"pt_PT\" \/>\n<meta property=\"og:type\" content=\"article\" \/>\n<meta property=\"og:title\" content=\"Zhegrova aparece na lista de potenciais refor\u00e7os do Besiktas - Portal Tela Portugal\" \/>\n<meta property=\"og:description\" content=\"O Besiktas identificou Edon Zhegrova, extremo da Juventus, como alvo para a pr\u00f3xima temporada. Zhegrova \u00e9 visto como o substituto ideal de Milot Rashica, que vai deixar o plantel turco no final da \u00e9poca. A imprensa turca avan\u00e7a que as conversas entre o Besiktas e os agentes do jogador j\u00e1 come\u00e7aram. Uma proposta de aproximadamente 14 milh\u00f5es de euros est\u00e1 em cima da mesa, segundo o Transfermarkt. O interesse ganhou for\u00e7a ap\u00f3s a boa atua\u00e7\u00e3o de Zhegrova contra o Galatasaray no playoff da Liga dos Campe\u00f5es, em fevereiro.\" \/>\n<meta property=\"og:url\" content=\"https:\/\/portaltela.pt\/noticias\/2026\/04\/14\/zhegrova-aparece-na-lista-de-potenciais-reforcos-do-besiktas\/\" \/>\n<meta property=\"og:site_name\" content=\"Portal Tela Portugal\" \/>\n<meta property=\"article:published_time\" content=\"2026-04-14T18:47:03+00:00\" \/>\n<meta name=\"author\" content=\"Telinha\" \/>\n<meta name=\"twitter:card\" content=\"summary_large_image\" \/>\n<meta name=\"twitter:label1\" content=\"Escrito por\" \/>\n\t<meta name=\"twitter:data1\" content=\"Telinha\" \/>\n\t<meta name=\"twitter:label2\" content=\"Tempo estimado de leitura\" \/>\n\t<meta name=\"twitter:data2\" content=\"1 minuto\" \/>\n<script type=\"application\/ld+json\" class=\"yoast-schema-graph\">{\"@context\":\"https:\/\/schema.org\",\"@graph\":[{\"@type\":\"Article\",\"@id\":\"https:\/\/portaltela.pt\/noticias\/2026\/04\/14\/zhegrova-aparece-na-lista-de-potenciais-reforcos-do-besiktas\/#article\",\"isPartOf\":{\"@id\":\"https:\/\/portaltela.pt\/noticias\/2026\/04\/14\/zhegrova-aparece-na-lista-de-potenciais-reforcos-do-besiktas\/\"},\"author\":{\"name\":\"Telinha\",\"@id\":\"https:\/\/portaltela.pt\/#\/schema\/person\/c4278d4a6028830caff9ee44b42d32ed\"},\"headline\":\"Zhegrova aparece na lista de potenciais refor\u00e7os do Besiktas\",\"datePublished\":\"2026-04-14T18:47:03+00:00\",\"mainEntityOfPage\":{\"@id\":\"https:\/\/portaltela.pt\/noticias\/2026\/04\/14\/zhegrova-aparece-na-lista-de-potenciais-reforcos-do-besiktas\/\"},\"wordCount\":121,\"image\":{\"@id\":\"https:\/\/portaltela.pt\/noticias\/2026\/04\/14\/zhegrova-aparece-na-lista-de-potenciais-reforcos-do-besiktas\/#primaryimage\"},\"thumbnailUrl\":\"https:\/\/portaltela.pt\/s.01k8rhncp4jt1\/2026\/04\/img_920x518uu2026-04-14-19-41-40-2433025.jpg\",\"keywords\":[\"futebol\",\"futebol internacional\",\"Galatasaray\",\"Kosovo\",\"Liga dos Campe\u00f5es\",\"Turquia\"],\"articleSection\":[\"Desporto\",\"Futebol\"],\"inLanguage\":\"pt-PT\"},{\"@type\":\"WebPage\",\"@id\":\"https:\/\/portaltela.pt\/noticias\/2026\/04\/14\/zhegrova-aparece-na-lista-de-potenciais-reforcos-do-besiktas\/\",\"url\":\"https:\/\/portaltela.pt\/noticias\/2026\/04\/14\/zhegrova-aparece-na-lista-de-potenciais-reforcos-do-besiktas\/\",\"name\":\"Zhegrova aparece na lista de potenciais refor\u00e7os do Besiktas - Portal Tela Portugal\",\"isPartOf\":{\"@id\":\"https:\/\/portaltela.pt\/#website\"},\"primaryImageOfPage\":{\"@id\":\"https:\/\/portaltela.pt\/noticias\/2026\/04\/14\/zhegrova-aparece-na-lista-de-potenciais-reforcos-do-besiktas\/#primaryimage\"},\"image\":{\"@id\":\"https:\/\/portaltela.pt\/noticias\/2026\/04\/14\/zhegrova-aparece-na-lista-de-potenciais-reforcos-do-besiktas\/#primaryimage\"},\"thumbnailUrl\":\"https:\/\/portaltela.pt\/s.01k8rhncp4jt1\/2026\/04\/img_920x518uu2026-04-14-19-41-40-2433025.jpg\",\"datePublished\":\"2026-04-14T18:47:03+00:00\",\"author\":{\"@id\":\"https:\/\/portaltela.pt\/#\/schema\/person\/c4278d4a6028830caff9ee44b42d32ed\"},\"breadcrumb\":{\"@id\":\"https:\/\/portaltela.pt\/noticias\/2026\/04\/14\/zhegrova-aparece-na-lista-de-potenciais-reforcos-do-besiktas\/#breadcrumb\"},\"inLanguage\":\"pt-PT\",\"potentialAction\":[{\"@type\":\"ReadAction\",\"target\":[\"https:\/\/portaltela.pt\/noticias\/2026\/04\/14\/zhegrova-aparece-na-lista-de-potenciais-reforcos-do-besiktas\/\"]}]},{\"@type\":\"ImageObject\",\"inLanguage\":\"pt-PT\",\"@id\":\"https:\/\/portaltela.pt\/noticias\/2026\/04\/14\/zhegrova-aparece-na-lista-de-potenciais-reforcos-do-besiktas\/#primaryimage\",\"url\":\"https:\/\/portaltela.pt\/s.01k8rhncp4jt1\/2026\/04\/img_920x518uu2026-04-14-19-41-40-2433025.jpg\",\"contentUrl\":\"https:\/\/portaltela.pt\/s.01k8rhncp4jt1\/2026\/04\/img_920x518uu2026-04-14-19-41-40-2433025.jpg\",\"width\":796,\"height\":448,\"caption\":\"Besiktas atento ao extremo da Juventus\"},{\"@type\":\"BreadcrumbList\",\"@id\":\"https:\/\/portaltela.pt\/noticias\/2026\/04\/14\/zhegrova-aparece-na-lista-de-potenciais-reforcos-do-besiktas\/#breadcrumb\",\"itemListElement\":[{\"@type\":\"ListItem\",\"position\":1,\"name\":\"In\u00edcio\",\"item\":\"https:\/\/portaltela.pt\/\"},{\"@type\":\"ListItem\",\"position\":2,\"name\":\"Zhegrova aparece na lista de potenciais refor\u00e7os do Besiktas\"}]},{\"@type\":\"WebSite\",\"@id\":\"https:\/\/portaltela.pt\/#website\",\"url\":\"https:\/\/portaltela.pt\/\",\"name\":\"Portal Tela Portugal\",\"description\":\"\",\"potentialAction\":[{\"@type\":\"SearchAction\",\"target\":{\"@type\":\"EntryPoint\",\"urlTemplate\":\"https:\/\/portaltela.pt\/?s={search_term_string}\"},\"query-input\":{\"@type\":\"PropertyValueSpecification\",\"valueRequired\":true,\"valueName\":\"search_term_string\"}}],\"inLanguage\":\"pt-PT\"},{\"@type\":\"Person\",\"@id\":\"https:\/\/portaltela.pt\/#\/schema\/person\/c4278d4a6028830caff9ee44b42d32ed\",\"name\":\"Telinha\",\"image\":{\"@type\":\"ImageObject\",\"inLanguage\":\"pt-PT\",\"@id\":\"https:\/\/portaltela.pt\/s.01k8rhncp4jt1\/2025\/11\/talking-bot-125x125.png\",\"url\":\"https:\/\/portaltela.pt\/s.01k8rhncp4jt1\/2025\/11\/talking-bot-125x125.png\",\"contentUrl\":\"https:\/\/portaltela.pt\/s.01k8rhncp4jt1\/2025\/11\/talking-bot-125x125.png\",\"caption\":\"Telinha\"},\"sameAs\":[\"https:\/\/portaltela.pt\/\"],\"url\":\"https:\/\/portaltela.pt\/por\/367410592786\/\"}]}<\/script>\n<!-- \/ Yoast SEO plugin. -->","yoast_head_json":{"title":"Zhegrova aparece na lista de potenciais refor\u00e7os do Besiktas - Portal Tela Portugal","robots":{"index":"index","follow":"follow","max-snippet":"max-snippet:-1","max-image-preview":"max-image-preview:large","max-video-preview":"max-video-preview:-1"},"og_locale":"pt_PT","og_type":"article","og_title":"Zhegrova aparece na lista de potenciais refor\u00e7os do Besiktas - Portal Tela Portugal","og_description":"O Besiktas identificou Edon Zhegrova, extremo da Juventus, como alvo para a pr\u00f3xima temporada. Zhegrova \u00e9 visto como o substituto ideal de Milot Rashica, que vai deixar o plantel turco no final da \u00e9poca. A imprensa turca avan\u00e7a que as conversas entre o Besiktas e os agentes do jogador j\u00e1 come\u00e7aram. Uma proposta de aproximadamente 14 milh\u00f5es de euros est\u00e1 em cima da mesa, segundo o Transfermarkt. O interesse ganhou for\u00e7a ap\u00f3s a boa atua\u00e7\u00e3o de Zhegrova contra o Galatasaray no playoff da Liga dos Campe\u00f5es, em fevereiro.","og_url":"https:\/\/portaltela.pt\/noticias\/2026\/04\/14\/zhegrova-aparece-na-lista-de-potenciais-reforcos-do-besiktas\/","og_site_name":"Portal Tela Portugal","article_published_time":"2026-04-14T18:47:03+00:00","author":"Telinha","twitter_card":"summary_large_image","twitter_misc":{"Escrito por":"Telinha","Tempo estimado de leitura":"1 minuto"},"schema":{"@context":"https:\/\/schema.org","@graph":[{"@type":"Article","@id":"https:\/\/portaltela.pt\/noticias\/2026\/04\/14\/zhegrova-aparece-na-lista-de-potenciais-reforcos-do-besiktas\/#article","isPartOf":{"@id":"https:\/\/portaltela.pt\/noticias\/2026\/04\/14\/zhegrova-aparece-na-lista-de-potenciais-reforcos-do-besiktas\/"},"author":{"name":"Telinha","@id":"https:\/\/portaltela.pt\/#\/schema\/person\/c4278d4a6028830caff9ee44b42d32ed"},"headline":"Zhegrova aparece na lista de potenciais refor\u00e7os do Besiktas","datePublished":"2026-04-14T18:47:03+00:00","mainEntityOfPage":{"@id":"https:\/\/portaltela.pt\/noticias\/2026\/04\/14\/zhegrova-aparece-na-lista-de-potenciais-reforcos-do-besiktas\/"},"wordCount":121,"image":{"@id":"https:\/\/portaltela.pt\/noticias\/2026\/04\/14\/zhegrova-aparece-na-lista-de-potenciais-reforcos-do-besiktas\/#primaryimage"},"thumbnailUrl":"https:\/\/portaltela.pt\/s.01k8rhncp4jt1\/2026\/04\/img_920x518uu2026-04-14-19-41-40-2433025.jpg","keywords":["futebol","futebol internacional","Galatasaray","Kosovo","Liga dos Campe\u00f5es","Turquia"],"articleSection":["Desporto","Futebol"],"inLanguage":"pt-PT"},{"@type":"WebPage","@id":"https:\/\/portaltela.pt\/noticias\/2026\/04\/14\/zhegrova-aparece-na-lista-de-potenciais-reforcos-do-besiktas\/","url":"https:\/\/portaltela.pt\/noticias\/2026\/04\/14\/zhegrova-aparece-na-lista-de-potenciais-reforcos-do-besiktas\/","name":"Zhegrova aparece na lista de potenciais refor\u00e7os do Besiktas - Portal Tela Portugal","isPartOf":{"@id":"https:\/\/portaltela.pt\/#website"},"primaryImageOfPage":{"@id":"https:\/\/portaltela.pt\/noticias\/2026\/04\/14\/zhegrova-aparece-na-lista-de-potenciais-reforcos-do-besiktas\/#primaryimage"},"image":{"@id":"https:\/\/portaltela.pt\/noticias\/2026\/04\/14\/zhegrova-aparece-na-lista-de-potenciais-reforcos-do-besiktas\/#primaryimage"},"thumbnailUrl":"https:\/\/portaltela.pt\/s.01k8rhncp4jt1\/2026\/04\/img_920x518uu2026-04-14-19-41-40-2433025.jpg","datePublished":"2026-04-14T18:47:03+00:00","author":{"@id":"https:\/\/portaltela.pt\/#\/schema\/person\/c4278d4a6028830caff9ee44b42d32ed"},"breadcrumb":{"@id":"https:\/\/portaltela.pt\/noticias\/2026\/04\/14\/zhegrova-aparece-na-lista-de-potenciais-reforcos-do-besiktas\/#breadcrumb"},"inLanguage":"pt-PT","potentialAction":[{"@type":"ReadAction","target":["https:\/\/portaltela.pt\/noticias\/2026\/04\/14\/zhegrova-aparece-na-lista-de-potenciais-reforcos-do-besiktas\/"]}]},{"@type":"ImageObject","inLanguage":"pt-PT","@id":"https:\/\/portaltela.pt\/noticias\/2026\/04\/14\/zhegrova-aparece-na-lista-de-potenciais-reforcos-do-besiktas\/#primaryimage","url":"https:\/\/portaltela.pt\/s.01k8rhncp4jt1\/2026\/04\/img_920x518uu2026-04-14-19-41-40-2433025.jpg","contentUrl":"https:\/\/portaltela.pt\/s.01k8rhncp4jt1\/2026\/04\/img_920x518uu2026-04-14-19-41-40-2433025.jpg","width":796,"height":448,"caption":"Besiktas atento ao extremo da Juventus"},{"@type":"BreadcrumbList","@id":"https:\/\/portaltela.pt\/noticias\/2026\/04\/14\/zhegrova-aparece-na-lista-de-potenciais-reforcos-do-besiktas\/#breadcrumb","itemListElement":[{"@type":"ListItem","position":1,"name":"In\u00edcio","item":"https:\/\/portaltela.pt\/"},{"@type":"ListItem","position":2,"name":"Zhegrova aparece na lista de potenciais refor\u00e7os do Besiktas"}]},{"@type":"WebSite","@id":"https:\/\/portaltela.pt\/#website","url":"https:\/\/portaltela.pt\/","name":"Portal Tela Portugal","description":"","potentialAction":[{"@type":"SearchAction","target":{"@type":"EntryPoint","urlTemplate":"https:\/\/portaltela.pt\/?s={search_term_string}"},"query-input":{"@type":"PropertyValueSpecification","valueRequired":true,"valueName":"search_term_string"}}],"inLanguage":"pt-PT"},{"@type":"Person","@id":"https:\/\/portaltela.pt\/#\/schema\/person\/c4278d4a6028830caff9ee44b42d32ed","name":"Telinha","image":{"@type":"ImageObject","inLanguage":"pt-PT","@id":"https:\/\/portaltela.pt\/s.01k8rhncp4jt1\/2025\/11\/talking-bot-125x125.png","url":"https:\/\/portaltela.pt\/s.01k8rhncp4jt1\/2025\/11\/talking-bot-125x125.png","contentUrl":"https:\/\/portaltela.pt\/s.01k8rhncp4jt1\/2025\/11\/talking-bot-125x125.png","caption":"Telinha"},"sameAs":["https:\/\/portaltela.pt\/"],"url":"https:\/\/portaltela.pt\/por\/367410592786\/"}]}},"_links":{"self":[{"href":"https:\/\/portaltela.pt\/api\/wp\/v2\/posts\/444210","targetHints":{"allow":["GET"]}}],"collection":[{"href":"https:\/\/portaltela.pt\/api\/wp\/v2\/posts"}],"about":[{"href":"https:\/\/portaltela.pt\/api\/wp\/v2\/types\/post"}],"author":[{"embeddable":true,"href":"https:\/\/portaltela.pt\/api\/wp\/v2\/users\/2"}],"replies":[{"embeddable":true,"href":"https:\/\/portaltela.pt\/api\/wp\/v2\/comments?post=444210"}],"version-history":[{"count":0,"href":"https:\/\/portaltela.pt\/api\/wp\/v2\/posts\/444210\/revisions"}],"wp:featuredmedia":[{"embeddable":true,"href":"https:\/\/portaltela.pt\/api\/wp\/v2\/media\/444216"}],"wp:attachment":[{"href":"https:\/\/portaltela.pt\/api\/wp\/v2\/media?parent=444210"}],"wp:term":[{"taxonomy":"category","embeddable":true,"href":"https:\/\/portaltela.pt\/api\/wp\/v2\/categories?post=444210"},{"taxonomy":"post_tag","embeddable":true,"href":"https:\/\/portaltela.pt\/api\/wp\/v2\/tags?post=444210"}],"curies":[{"name":"wp","href":"https:\/\/api.w.org\/{rel}","templated":true}]}}