{"id":444188,"date":"2026-04-14T15:32:12","date_gmt":"2026-04-14T18:32:12","guid":{"rendered":"https:\/\/portaltela.pt\/noticias\/2026\/04\/14\/fc-porto-e-universidade-do-porto-criam-parceria-para-gestao-de-dados-do-clube\/"},"modified":"2026-04-14T15:32:12","modified_gmt":"2026-04-14T18:32:12","slug":"fc-porto-e-universidade-do-porto-criam-parceria-para-gestao-de-dados-do-clube","status":"publish","type":"post","link":"https:\/\/portaltela.pt\/desporto\/futebol\/2026\/04\/14\/fc-porto-e-universidade-do-porto-criam-parceria-para-gestao-de-dados-do-clube\/","title":{"rendered":"FC Porto e Universidade do Porto criam parceria para gest\u00e3o de dados do clube"},"content":{"rendered":"<p>O FC Porto e a Universidade do Porto anunciaram uma parceria estrat\u00e9gica de Investiga\u00e7\u00e3o e Desenvolvimento que visa redesenhar a gest\u00e3o de dados do clube. O projeto envolve a Faculdade de Engenharia da UP e a DareData, empresa de Intelig\u00eancia Artificial.<\/p>\n<p>Segundo o clube, a iniciativa \u00e9 central para o Plano Estrat\u00e9gico e para o Programa de Transforma\u00e7\u00e3o Digital. O objetivo \u00e9 consolidar as funda\u00e7\u00f5es tecnol\u00f3gicas e criar um ecossistema de dados que sustente a excel\u00eancia desportiva e a rela\u00e7\u00e3o com a comunidade.<\/p>\n<p>Pretende-se desenvolver uma arquitetura tecnol\u00f3gica alinhada \u00e0s melhores pr\u00e1ticas, com dados s\u00f3lidos que permitam o uso de IA na Performance Desportiva, no Scouting e na personaliza\u00e7\u00e3o da rela\u00e7\u00e3o com s\u00f3cios e adeptos. A ideia \u00e9 aproximar a comunidade portista.<\/p>\n<p>A parceria busca criar uma cultura organizacional em que os dados sejam um ativo estrat\u00e9gico, envolvendo alumni, docentes e estudantes da UP. Tamb\u00e9m prev\u00ea a realiza\u00e7\u00e3o de trabalhos acad\u00e9micos conjuntos e a colabora\u00e7\u00e3o com outras \u00e1reas do conhecimento.<\/p>\n<h3>Parceria estrat\u00e9gica com FEUP e DareData<\/h3>\n<p>O FC Porto sublinha que o projeto poder\u00e1 alargar-se a novos parceiros e criar um polo de inova\u00e7\u00e3o multidisciplinar no desporto internacional. Trata-se de uma vis\u00e3o de longo prazo para o clube, com impactos previstos no ecossistema desportivo.<\/p>\n<h3>Remodela\u00e7\u00e3o das lojas do clube<\/h3>\n<p>Paralelamente, o clube informou remodela\u00e7\u00f5es na Loja do Associado no Est\u00e1dio do Drag\u00e3o e na FC Porto Store do Norte Shopping. A partir de quarta-feira, a Loja do Associado funciona temporariamente na bilheteira nascente do est\u00e1dio.<\/p>\n<p>A FC Porto Store Norte manter\u00e1 o funcionamento, mas ser\u00e1 substitu\u00edda por um novo ponto de venda em frente \u00e0 loja original. As mudan\u00e7as visam reorganizar os espa\u00e7os comerciais nas pr\u00f3ximas semanas.<\/p>\n","protected":false},"excerpt":{"rendered":"<ul>\n<li>FC Porto e a Universidade do Porto estabeleceram uma parceria estrat\u00e9gica de Investiga\u00e7\u00e3o e Desenvolvimento, com foco na FEUP e na DareData, empresa de Intelig\u00eancia Artificial.<\/li>\n<li>O objetivo \u00e9 redesenhar o ecossistema de dados do clube e avan\u00e7ar para uma organiza\u00e7\u00e3o data-driven de refer\u00eancia internacional.<\/li>\n<li>H\u00e1 a inten\u00e7\u00e3o de criar uma arquitetura tecnol\u00f3gica alinhada \u00e0s melhores pr\u00e1ticas, com funda\u00e7\u00f5es de dados s\u00f3lidas para potenciar IA em Performance Desportiva, Scouting e rela\u00e7\u00e3o com s\u00f3cios e adeptos.<\/li>\n<li>A parceria visa consolidar uma cultura em que os dados s\u00e3o um ativo estrat\u00e9gico, envolvendo alumni, docentes e estudantes, e facilitar trabalhos acad\u00e9micos futuros e expans\u00e3o a outras \u00e1reas do conhecimento.<\/li>\n<li>Paralelamente, a Loja do Associado do Est\u00e1dio do Drag\u00e3o e a FC Porto Store no Norte Shopping v\u00e3o sofrer remodela\u00e7\u00f5es, com nova localiza\u00e7\u00e3o tempor\u00e1ria na bilheteira nascente do est\u00e1dio e altera\u00e7\u00e3o de ponto de venda.<\/li>\n<\/ul>\n","protected":false},"author":2,"featured_media":444190,"comment_status":"closed","ping_status":"closed","sticky":false,"template":"","format":"standard","meta":{"footnotes":""},"categories":[21,24],"tags":[256,2028,159,982,759,58],"class_list":["post-444188","post","type-post","status-publish","format-standard","has-post-thumbnail","hentry","category-desporto","category-futebol","tag-cooperacao-internacional","tag-fc-porto","tag-investigacao-cientifica","tag-porto","tag-transformacao-digital","tag-universidades"],"yoast_head":"<!-- This site is optimized with the Yoast SEO plugin v27.2 - https:\/\/yoast.com\/product\/yoast-seo-wordpress\/ -->\n<title>FC Porto e Universidade do Porto criam parceria para gest\u00e3o de dados do clube - Portal Tela Portugal<\/title>\n<meta name=\"robots\" content=\"index, follow, max-snippet:-1, max-image-preview:large, max-video-preview:-1\" \/>\n<meta property=\"og:locale\" content=\"pt_PT\" \/>\n<meta property=\"og:type\" content=\"article\" \/>\n<meta property=\"og:title\" content=\"FC Porto e Universidade do Porto criam parceria para gest\u00e3o de dados do clube - Portal Tela Portugal\" \/>\n<meta property=\"og:description\" content=\"FC Porto e a Universidade do Porto estabeleceram uma parceria estrat\u00e9gica de Investiga\u00e7\u00e3o e Desenvolvimento, com foco na FEUP e na DareData, empresa de Intelig\u00eancia Artificial. O objetivo \u00e9 redesenhar o ecossistema de dados do clube e avan\u00e7ar para uma organiza\u00e7\u00e3o data-driven de refer\u00eancia internacional. H\u00e1 a inten\u00e7\u00e3o de criar uma arquitetura tecnol\u00f3gica alinhada \u00e0s melhores pr\u00e1ticas, com funda\u00e7\u00f5es de dados s\u00f3lidas para potenciar IA em Performance Desportiva, Scouting e rela\u00e7\u00e3o com s\u00f3cios e adeptos. A parceria visa consolidar uma cultura em que os dados s\u00e3o um ativo estrat\u00e9gico, envolvendo alumni, docentes e estudantes, e facilitar trabalhos acad\u00e9micos futuros e expans\u00e3o a outras \u00e1reas do conhecimento. Paralelamente, a Loja do Associado do Est\u00e1dio do Drag\u00e3o e a FC Porto Store no Norte Shopping v\u00e3o sofrer remodela\u00e7\u00f5es, com nova localiza\u00e7\u00e3o tempor\u00e1ria na bilheteira nascente do est\u00e1dio e altera\u00e7\u00e3o de ponto de venda.\" \/>\n<meta property=\"og:url\" content=\"https:\/\/portaltela.pt\/noticias\/2026\/04\/14\/fc-porto-e-universidade-do-porto-criam-parceria-para-gestao-de-dados-do-clube\/\" \/>\n<meta property=\"og:site_name\" content=\"Portal Tela Portugal\" \/>\n<meta property=\"article:published_time\" content=\"2026-04-14T18:32:12+00:00\" \/>\n<meta name=\"author\" content=\"Telinha\" \/>\n<meta name=\"twitter:card\" content=\"summary_large_image\" \/>\n<meta name=\"twitter:label1\" content=\"Escrito por\" \/>\n\t<meta name=\"twitter:data1\" content=\"Telinha\" \/>\n\t<meta name=\"twitter:label2\" content=\"Tempo estimado de leitura\" \/>\n\t<meta name=\"twitter:data2\" content=\"2 minutos\" \/>\n<script type=\"application\/ld+json\" class=\"yoast-schema-graph\">{\"@context\":\"https:\/\/schema.org\",\"@graph\":[{\"@type\":\"Article\",\"@id\":\"https:\/\/portaltela.pt\/noticias\/2026\/04\/14\/fc-porto-e-universidade-do-porto-criam-parceria-para-gestao-de-dados-do-clube\/#article\",\"isPartOf\":{\"@id\":\"https:\/\/portaltela.pt\/noticias\/2026\/04\/14\/fc-porto-e-universidade-do-porto-criam-parceria-para-gestao-de-dados-do-clube\/\"},\"author\":{\"name\":\"Telinha\",\"@id\":\"https:\/\/portaltela.pt\/#\/schema\/person\/c4278d4a6028830caff9ee44b42d32ed\"},\"headline\":\"FC Porto e Universidade do Porto criam parceria para gest\u00e3o de dados do clube\",\"datePublished\":\"2026-04-14T18:32:12+00:00\",\"mainEntityOfPage\":{\"@id\":\"https:\/\/portaltela.pt\/noticias\/2026\/04\/14\/fc-porto-e-universidade-do-porto-criam-parceria-para-gestao-de-dados-do-clube\/\"},\"wordCount\":321,\"image\":{\"@id\":\"https:\/\/portaltela.pt\/noticias\/2026\/04\/14\/fc-porto-e-universidade-do-porto-criam-parceria-para-gestao-de-dados-do-clube\/#primaryimage\"},\"thumbnailUrl\":\"https:\/\/portaltela.pt\/s.01k8rhncp4jt1\/2026\/04\/img_920x518uu2026-01-14-20-37-26-2414762-im-639117908989731005.jpg\",\"keywords\":[\"coopera\u00e7\u00e3o internacional\",\"FC Porto\",\"investiga\u00e7\u00e3o cient\u00edfica\",\"Porto\",\"transforma\u00e7\u00e3o digital\",\"universidades\"],\"articleSection\":[\"Desporto\",\"Futebol\"],\"inLanguage\":\"pt-PT\"},{\"@type\":\"WebPage\",\"@id\":\"https:\/\/portaltela.pt\/noticias\/2026\/04\/14\/fc-porto-e-universidade-do-porto-criam-parceria-para-gestao-de-dados-do-clube\/\",\"url\":\"https:\/\/portaltela.pt\/noticias\/2026\/04\/14\/fc-porto-e-universidade-do-porto-criam-parceria-para-gestao-de-dados-do-clube\/\",\"name\":\"FC Porto e Universidade do Porto criam parceria para gest\u00e3o de dados do clube - Portal Tela Portugal\",\"isPartOf\":{\"@id\":\"https:\/\/portaltela.pt\/#website\"},\"primaryImageOfPage\":{\"@id\":\"https:\/\/portaltela.pt\/noticias\/2026\/04\/14\/fc-porto-e-universidade-do-porto-criam-parceria-para-gestao-de-dados-do-clube\/#primaryimage\"},\"image\":{\"@id\":\"https:\/\/portaltela.pt\/noticias\/2026\/04\/14\/fc-porto-e-universidade-do-porto-criam-parceria-para-gestao-de-dados-do-clube\/#primaryimage\"},\"thumbnailUrl\":\"https:\/\/portaltela.pt\/s.01k8rhncp4jt1\/2026\/04\/img_920x518uu2026-01-14-20-37-26-2414762-im-639117908989731005.jpg\",\"datePublished\":\"2026-04-14T18:32:12+00:00\",\"author\":{\"@id\":\"https:\/\/portaltela.pt\/#\/schema\/person\/c4278d4a6028830caff9ee44b42d32ed\"},\"breadcrumb\":{\"@id\":\"https:\/\/portaltela.pt\/noticias\/2026\/04\/14\/fc-porto-e-universidade-do-porto-criam-parceria-para-gestao-de-dados-do-clube\/#breadcrumb\"},\"inLanguage\":\"pt-PT\",\"potentialAction\":[{\"@type\":\"ReadAction\",\"target\":[\"https:\/\/portaltela.pt\/noticias\/2026\/04\/14\/fc-porto-e-universidade-do-porto-criam-parceria-para-gestao-de-dados-do-clube\/\"]}]},{\"@type\":\"ImageObject\",\"inLanguage\":\"pt-PT\",\"@id\":\"https:\/\/portaltela.pt\/noticias\/2026\/04\/14\/fc-porto-e-universidade-do-porto-criam-parceria-para-gestao-de-dados-do-clube\/#primaryimage\",\"url\":\"https:\/\/portaltela.pt\/s.01k8rhncp4jt1\/2026\/04\/img_920x518uu2026-01-14-20-37-26-2414762-im-639117908989731005.jpg\",\"contentUrl\":\"https:\/\/portaltela.pt\/s.01k8rhncp4jt1\/2026\/04\/img_920x518uu2026-01-14-20-37-26-2414762-im-639117908989731005.jpg\",\"width\":796,\"height\":448,\"caption\":\"Est\u00e1dio do Drag\u00e3o, casa do FC Porto\"},{\"@type\":\"BreadcrumbList\",\"@id\":\"https:\/\/portaltela.pt\/noticias\/2026\/04\/14\/fc-porto-e-universidade-do-porto-criam-parceria-para-gestao-de-dados-do-clube\/#breadcrumb\",\"itemListElement\":[{\"@type\":\"ListItem\",\"position\":1,\"name\":\"In\u00edcio\",\"item\":\"https:\/\/portaltela.pt\/\"},{\"@type\":\"ListItem\",\"position\":2,\"name\":\"FC Porto e Universidade do Porto criam parceria para gest\u00e3o de dados do clube\"}]},{\"@type\":\"WebSite\",\"@id\":\"https:\/\/portaltela.pt\/#website\",\"url\":\"https:\/\/portaltela.pt\/\",\"name\":\"Portal Tela Portugal\",\"description\":\"\",\"potentialAction\":[{\"@type\":\"SearchAction\",\"target\":{\"@type\":\"EntryPoint\",\"urlTemplate\":\"https:\/\/portaltela.pt\/?s={search_term_string}\"},\"query-input\":{\"@type\":\"PropertyValueSpecification\",\"valueRequired\":true,\"valueName\":\"search_term_string\"}}],\"inLanguage\":\"pt-PT\"},{\"@type\":\"Person\",\"@id\":\"https:\/\/portaltela.pt\/#\/schema\/person\/c4278d4a6028830caff9ee44b42d32ed\",\"name\":\"Telinha\",\"image\":{\"@type\":\"ImageObject\",\"inLanguage\":\"pt-PT\",\"@id\":\"https:\/\/portaltela.pt\/s.01k8rhncp4jt1\/2025\/11\/talking-bot-125x125.png\",\"url\":\"https:\/\/portaltela.pt\/s.01k8rhncp4jt1\/2025\/11\/talking-bot-125x125.png\",\"contentUrl\":\"https:\/\/portaltela.pt\/s.01k8rhncp4jt1\/2025\/11\/talking-bot-125x125.png\",\"caption\":\"Telinha\"},\"sameAs\":[\"https:\/\/portaltela.pt\/\"],\"url\":\"https:\/\/portaltela.pt\/por\/367410592786\/\"}]}<\/script>\n<!-- \/ Yoast SEO plugin. -->","yoast_head_json":{"title":"FC Porto e Universidade do Porto criam parceria para gest\u00e3o de dados do clube - Portal Tela Portugal","robots":{"index":"index","follow":"follow","max-snippet":"max-snippet:-1","max-image-preview":"max-image-preview:large","max-video-preview":"max-video-preview:-1"},"og_locale":"pt_PT","og_type":"article","og_title":"FC Porto e Universidade do Porto criam parceria para gest\u00e3o de dados do clube - Portal Tela Portugal","og_description":"FC Porto e a Universidade do Porto estabeleceram uma parceria estrat\u00e9gica de Investiga\u00e7\u00e3o e Desenvolvimento, com foco na FEUP e na DareData, empresa de Intelig\u00eancia Artificial. O objetivo \u00e9 redesenhar o ecossistema de dados do clube e avan\u00e7ar para uma organiza\u00e7\u00e3o data-driven de refer\u00eancia internacional. H\u00e1 a inten\u00e7\u00e3o de criar uma arquitetura tecnol\u00f3gica alinhada \u00e0s melhores pr\u00e1ticas, com funda\u00e7\u00f5es de dados s\u00f3lidas para potenciar IA em Performance Desportiva, Scouting e rela\u00e7\u00e3o com s\u00f3cios e adeptos. A parceria visa consolidar uma cultura em que os dados s\u00e3o um ativo estrat\u00e9gico, envolvendo alumni, docentes e estudantes, e facilitar trabalhos acad\u00e9micos futuros e expans\u00e3o a outras \u00e1reas do conhecimento. Paralelamente, a Loja do Associado do Est\u00e1dio do Drag\u00e3o e a FC Porto Store no Norte Shopping v\u00e3o sofrer remodela\u00e7\u00f5es, com nova localiza\u00e7\u00e3o tempor\u00e1ria na bilheteira nascente do est\u00e1dio e altera\u00e7\u00e3o de ponto de venda.","og_url":"https:\/\/portaltela.pt\/noticias\/2026\/04\/14\/fc-porto-e-universidade-do-porto-criam-parceria-para-gestao-de-dados-do-clube\/","og_site_name":"Portal Tela Portugal","article_published_time":"2026-04-14T18:32:12+00:00","author":"Telinha","twitter_card":"summary_large_image","twitter_misc":{"Escrito por":"Telinha","Tempo estimado de leitura":"2 minutos"},"schema":{"@context":"https:\/\/schema.org","@graph":[{"@type":"Article","@id":"https:\/\/portaltela.pt\/noticias\/2026\/04\/14\/fc-porto-e-universidade-do-porto-criam-parceria-para-gestao-de-dados-do-clube\/#article","isPartOf":{"@id":"https:\/\/portaltela.pt\/noticias\/2026\/04\/14\/fc-porto-e-universidade-do-porto-criam-parceria-para-gestao-de-dados-do-clube\/"},"author":{"name":"Telinha","@id":"https:\/\/portaltela.pt\/#\/schema\/person\/c4278d4a6028830caff9ee44b42d32ed"},"headline":"FC Porto e Universidade do Porto criam parceria para gest\u00e3o de dados do clube","datePublished":"2026-04-14T18:32:12+00:00","mainEntityOfPage":{"@id":"https:\/\/portaltela.pt\/noticias\/2026\/04\/14\/fc-porto-e-universidade-do-porto-criam-parceria-para-gestao-de-dados-do-clube\/"},"wordCount":321,"image":{"@id":"https:\/\/portaltela.pt\/noticias\/2026\/04\/14\/fc-porto-e-universidade-do-porto-criam-parceria-para-gestao-de-dados-do-clube\/#primaryimage"},"thumbnailUrl":"https:\/\/portaltela.pt\/s.01k8rhncp4jt1\/2026\/04\/img_920x518uu2026-01-14-20-37-26-2414762-im-639117908989731005.jpg","keywords":["coopera\u00e7\u00e3o internacional","FC Porto","investiga\u00e7\u00e3o cient\u00edfica","Porto","transforma\u00e7\u00e3o digital","universidades"],"articleSection":["Desporto","Futebol"],"inLanguage":"pt-PT"},{"@type":"WebPage","@id":"https:\/\/portaltela.pt\/noticias\/2026\/04\/14\/fc-porto-e-universidade-do-porto-criam-parceria-para-gestao-de-dados-do-clube\/","url":"https:\/\/portaltela.pt\/noticias\/2026\/04\/14\/fc-porto-e-universidade-do-porto-criam-parceria-para-gestao-de-dados-do-clube\/","name":"FC Porto e Universidade do Porto criam parceria para gest\u00e3o de dados do clube - Portal Tela Portugal","isPartOf":{"@id":"https:\/\/portaltela.pt\/#website"},"primaryImageOfPage":{"@id":"https:\/\/portaltela.pt\/noticias\/2026\/04\/14\/fc-porto-e-universidade-do-porto-criam-parceria-para-gestao-de-dados-do-clube\/#primaryimage"},"image":{"@id":"https:\/\/portaltela.pt\/noticias\/2026\/04\/14\/fc-porto-e-universidade-do-porto-criam-parceria-para-gestao-de-dados-do-clube\/#primaryimage"},"thumbnailUrl":"https:\/\/portaltela.pt\/s.01k8rhncp4jt1\/2026\/04\/img_920x518uu2026-01-14-20-37-26-2414762-im-639117908989731005.jpg","datePublished":"2026-04-14T18:32:12+00:00","author":{"@id":"https:\/\/portaltela.pt\/#\/schema\/person\/c4278d4a6028830caff9ee44b42d32ed"},"breadcrumb":{"@id":"https:\/\/portaltela.pt\/noticias\/2026\/04\/14\/fc-porto-e-universidade-do-porto-criam-parceria-para-gestao-de-dados-do-clube\/#breadcrumb"},"inLanguage":"pt-PT","potentialAction":[{"@type":"ReadAction","target":["https:\/\/portaltela.pt\/noticias\/2026\/04\/14\/fc-porto-e-universidade-do-porto-criam-parceria-para-gestao-de-dados-do-clube\/"]}]},{"@type":"ImageObject","inLanguage":"pt-PT","@id":"https:\/\/portaltela.pt\/noticias\/2026\/04\/14\/fc-porto-e-universidade-do-porto-criam-parceria-para-gestao-de-dados-do-clube\/#primaryimage","url":"https:\/\/portaltela.pt\/s.01k8rhncp4jt1\/2026\/04\/img_920x518uu2026-01-14-20-37-26-2414762-im-639117908989731005.jpg","contentUrl":"https:\/\/portaltela.pt\/s.01k8rhncp4jt1\/2026\/04\/img_920x518uu2026-01-14-20-37-26-2414762-im-639117908989731005.jpg","width":796,"height":448,"caption":"Est\u00e1dio do Drag\u00e3o, casa do FC Porto"},{"@type":"BreadcrumbList","@id":"https:\/\/portaltela.pt\/noticias\/2026\/04\/14\/fc-porto-e-universidade-do-porto-criam-parceria-para-gestao-de-dados-do-clube\/#breadcrumb","itemListElement":[{"@type":"ListItem","position":1,"name":"In\u00edcio","item":"https:\/\/portaltela.pt\/"},{"@type":"ListItem","position":2,"name":"FC Porto e Universidade do Porto criam parceria para gest\u00e3o de dados do clube"}]},{"@type":"WebSite","@id":"https:\/\/portaltela.pt\/#website","url":"https:\/\/portaltela.pt\/","name":"Portal Tela Portugal","description":"","potentialAction":[{"@type":"SearchAction","target":{"@type":"EntryPoint","urlTemplate":"https:\/\/portaltela.pt\/?s={search_term_string}"},"query-input":{"@type":"PropertyValueSpecification","valueRequired":true,"valueName":"search_term_string"}}],"inLanguage":"pt-PT"},{"@type":"Person","@id":"https:\/\/portaltela.pt\/#\/schema\/person\/c4278d4a6028830caff9ee44b42d32ed","name":"Telinha","image":{"@type":"ImageObject","inLanguage":"pt-PT","@id":"https:\/\/portaltela.pt\/s.01k8rhncp4jt1\/2025\/11\/talking-bot-125x125.png","url":"https:\/\/portaltela.pt\/s.01k8rhncp4jt1\/2025\/11\/talking-bot-125x125.png","contentUrl":"https:\/\/portaltela.pt\/s.01k8rhncp4jt1\/2025\/11\/talking-bot-125x125.png","caption":"Telinha"},"sameAs":["https:\/\/portaltela.pt\/"],"url":"https:\/\/portaltela.pt\/por\/367410592786\/"}]}},"_links":{"self":[{"href":"https:\/\/portaltela.pt\/api\/wp\/v2\/posts\/444188","targetHints":{"allow":["GET"]}}],"collection":[{"href":"https:\/\/portaltela.pt\/api\/wp\/v2\/posts"}],"about":[{"href":"https:\/\/portaltela.pt\/api\/wp\/v2\/types\/post"}],"author":[{"embeddable":true,"href":"https:\/\/portaltela.pt\/api\/wp\/v2\/users\/2"}],"replies":[{"embeddable":true,"href":"https:\/\/portaltela.pt\/api\/wp\/v2\/comments?post=444188"}],"version-history":[{"count":0,"href":"https:\/\/portaltela.pt\/api\/wp\/v2\/posts\/444188\/revisions"}],"wp:featuredmedia":[{"embeddable":true,"href":"https:\/\/portaltela.pt\/api\/wp\/v2\/media\/444190"}],"wp:attachment":[{"href":"https:\/\/portaltela.pt\/api\/wp\/v2\/media?parent=444188"}],"wp:term":[{"taxonomy":"category","embeddable":true,"href":"https:\/\/portaltela.pt\/api\/wp\/v2\/categories?post=444188"},{"taxonomy":"post_tag","embeddable":true,"href":"https:\/\/portaltela.pt\/api\/wp\/v2\/tags?post=444188"}],"curies":[{"name":"wp","href":"https:\/\/api.w.org\/{rel}","templated":true}]}}