{"id":444125,"date":"2026-04-14T14:47:33","date_gmt":"2026-04-14T17:47:33","guid":{"rendered":"https:\/\/portaltela.pt\/noticias\/2026\/04\/14\/benfica-e-sporting-arrancam-taca-de-portugal-com-planos-distintos\/"},"modified":"2026-04-14T14:47:33","modified_gmt":"2026-04-14T17:47:33","slug":"benfica-e-sporting-arrancam-taca-de-portugal-com-planos-distintos","status":"publish","type":"post","link":"https:\/\/portaltela.pt\/desporto\/futebol\/2026\/04\/14\/benfica-e-sporting-arrancam-taca-de-portugal-com-planos-distintos\/","title":{"rendered":"Benfica e Sporting arrancam Ta\u00e7a de Portugal com planos distintos"},"content":{"rendered":"<p>Arrancam esta quarta-feira as meias-finais da Ta\u00e7a de Portugal de andebol, com a 1.\u00aa m\u00e3o em aberto. O Benfica visita o \u00c1guas Santas \u00e0s 21h, enquanto o Sporting segue para a Madeira enfrentar o Mar\u00edtimo \u00e0s 19h30. A eliminat\u00f3ria pode levar a uma final entre os dois clubes de Lisboa, mas as traject\u00f3rias at\u00e9 aqui foram distintas.<\/p>\n<p>O Benfica chega a esta fase ap\u00f3s sofrer uma goleada frente ao FC Porto, resultado que complicou as contas no campeonato. O t\u00e9cnico espanhol Jota Gonz\u00e1lez referiu a import\u00e2ncia de encarar a eliminat\u00f3ria como um encontro de 120 minutos, com cada golo a pesar, e destacou o entrosamento ofensivo do advers\u00e1rio.<\/p>\n<p>J\u00e1 o Sporting avan\u00e7a para a meia-final ap\u00f3s assegurar a qualifica\u00e7\u00e3o aos quartos de final da Liga dos Campe\u00f5es e manter a lideran\u00e7a da liga. O foco est\u00e1 na segunda m\u00e3o, em casa, e o plantel leonino assume que \u00e9 essencial obter um resultado positivo na Madeira para avan\u00e7ar.<\/p>\n<h3>Jogos e protagonismo<\/h3>\n<ul>\n<li>Benfica vs \u00c1guas Santas, 21h, \u00c1guas Santas. O objetivo \u00e9 usar a experi\u00eancia em jogos de eliminat\u00f3ria para seguir na competi\u00e7\u00e3o.<\/li>\n<li>Mar\u00edtimo vs Sporting, 19h30, Funchal. O advers\u00e1rio \u00e9 visto como dif\u00edcil, com o Sporting preparado para enfrentar jogadas de 7 contra 6 dos madeirenses.<\/li>\n<\/ul>\n<h3>Perspectivas e contextualiza\u00e7\u00e3o<\/h3>\n<p>O regresso da meia-final ocorre numa altura em que o Benfica tenta equilibrar competi\u00e7\u00e3o interna com o objetivo de chegar \u00e0 final da Ta\u00e7a. O Sporting, por seu turno, aposta na continuidade do bom momento para confirmar o favoritismo na Ta\u00e7a e manter o calend\u00e1rio competitivo sob controle.<\/p>\n","protected":false},"excerpt":{"rendered":"<ul>\n<li>Arrancam esta quarta-feira as meias-finais da Ta\u00e7a de Portugal de andebol, com a 1.\u00aa m\u00e3o a ser disputada.<\/li>\n<li>O Benfica visita o \u00c1guas Santas \u00e0s 21h, depois da derrota goleada frente ao FC Porto (32-42).<\/li>\n<li>O treinador espanhol Jota Gonz\u00e1lez reconhece que as contas do campeonato ficaram complicadas e acredita que a eliminat\u00f3ria se joga em 120 minutos, com cada golo a importar, elogiando o advers\u00e1rio pela forma como ataca.<\/li>\n<li>O Sporting viaja \u00e0 Madeira para defrontar o Mar\u00edtimo, \u00e0s 19h30, depois de promover a qualifica\u00e7\u00e3o aos quartos de final da Liga dos Campe\u00f5es e de aumentar a lideran\u00e7a na Liga.<\/li>\n<li>Filipe Monteiro refor\u00e7a que a Ta\u00e7a \u00e9 objetivo desde o in\u00edcio da \u00e9poca e que, para passar, precisam de manter o n\u00edvel suficiente para a segunda m\u00e3o, cientes da dificuldade do Mar\u00edtimo.<\/li>\n<\/ul>\n","protected":false},"author":2,"featured_media":444126,"comment_status":"closed","ping_status":"closed","sticky":false,"template":"","format":"standard","meta":{"footnotes":""},"categories":[21,24],"tags":[1946,4849,859,3097,1652,1266],"class_list":["post-444125","post","type-post","status-publish","format-standard","has-post-thumbnail","hentry","category-desporto","category-futebol","tag-benfica","tag-handebol","tag-madeira","tag-maritimo","tag-sporting","tag-taca-de-portugal"],"yoast_head":"<!-- This site is optimized with the Yoast SEO plugin v27.2 - https:\/\/yoast.com\/product\/yoast-seo-wordpress\/ -->\n<title>Benfica e Sporting arrancam Ta\u00e7a de Portugal com planos distintos - Portal Tela Portugal<\/title>\n<meta name=\"robots\" content=\"index, follow, max-snippet:-1, max-image-preview:large, max-video-preview:-1\" \/>\n<meta property=\"og:locale\" content=\"pt_PT\" \/>\n<meta property=\"og:type\" content=\"article\" \/>\n<meta property=\"og:title\" content=\"Benfica e Sporting arrancam Ta\u00e7a de Portugal com planos distintos - Portal Tela Portugal\" \/>\n<meta property=\"og:description\" content=\"Arrancam esta quarta-feira as meias-finais da Ta\u00e7a de Portugal de andebol, com a 1.\u00aa m\u00e3o a ser disputada. O Benfica visita o \u00c1guas Santas \u00e0s 21h, depois da derrota goleada frente ao FC Porto (32-42). O treinador espanhol Jota Gonz\u00e1lez reconhece que as contas do campeonato ficaram complicadas e acredita que a eliminat\u00f3ria se joga em 120 minutos, com cada golo a importar, elogiando o advers\u00e1rio pela forma como ataca. O Sporting viaja \u00e0 Madeira para defrontar o Mar\u00edtimo, \u00e0s 19h30, depois de promover a qualifica\u00e7\u00e3o aos quartos de final da Liga dos Campe\u00f5es e de aumentar a lideran\u00e7a na Liga. Filipe Monteiro refor\u00e7a que a Ta\u00e7a \u00e9 objetivo desde o in\u00edcio da \u00e9poca e que, para passar, precisam de manter o n\u00edvel suficiente para a segunda m\u00e3o, cientes da dificuldade do Mar\u00edtimo.\" \/>\n<meta property=\"og:url\" content=\"https:\/\/portaltela.pt\/noticias\/2026\/04\/14\/benfica-e-sporting-arrancam-taca-de-portugal-com-planos-distintos\/\" \/>\n<meta property=\"og:site_name\" content=\"Portal Tela Portugal\" \/>\n<meta property=\"article:published_time\" content=\"2026-04-14T17:47:33+00:00\" \/>\n<meta name=\"author\" content=\"Telinha\" \/>\n<meta name=\"twitter:card\" content=\"summary_large_image\" \/>\n<meta name=\"twitter:label1\" content=\"Escrito por\" \/>\n\t<meta name=\"twitter:data1\" content=\"Telinha\" \/>\n\t<meta name=\"twitter:label2\" content=\"Tempo estimado de leitura\" \/>\n\t<meta name=\"twitter:data2\" content=\"1 minuto\" \/>\n<script type=\"application\/ld+json\" class=\"yoast-schema-graph\">{\"@context\":\"https:\/\/schema.org\",\"@graph\":[{\"@type\":\"Article\",\"@id\":\"https:\/\/portaltela.pt\/noticias\/2026\/04\/14\/benfica-e-sporting-arrancam-taca-de-portugal-com-planos-distintos\/#article\",\"isPartOf\":{\"@id\":\"https:\/\/portaltela.pt\/noticias\/2026\/04\/14\/benfica-e-sporting-arrancam-taca-de-portugal-com-planos-distintos\/\"},\"author\":{\"name\":\"Telinha\",\"@id\":\"https:\/\/portaltela.pt\/#\/schema\/person\/c4278d4a6028830caff9ee44b42d32ed\"},\"headline\":\"Benfica e Sporting arrancam Ta\u00e7a de Portugal com planos distintos\",\"datePublished\":\"2026-04-14T17:47:33+00:00\",\"mainEntityOfPage\":{\"@id\":\"https:\/\/portaltela.pt\/noticias\/2026\/04\/14\/benfica-e-sporting-arrancam-taca-de-portugal-com-planos-distintos\/\"},\"wordCount\":288,\"image\":{\"@id\":\"https:\/\/portaltela.pt\/noticias\/2026\/04\/14\/benfica-e-sporting-arrancam-taca-de-portugal-com-planos-distintos\/#primaryimage\"},\"thumbnailUrl\":\"https:\/\/portaltela.pt\/s.01k8rhncp4jt1\/2026\/04\/img_920x518uu2026-02-17-21-51-45-2422231.jpg\",\"keywords\":[\"Benfica\",\"handebol\",\"Madeira\",\"Mar\u00edtimo\",\"Sporting\",\"Ta\u00e7a de Portugal\"],\"articleSection\":[\"Desporto\",\"Futebol\"],\"inLanguage\":\"pt-PT\"},{\"@type\":\"WebPage\",\"@id\":\"https:\/\/portaltela.pt\/noticias\/2026\/04\/14\/benfica-e-sporting-arrancam-taca-de-portugal-com-planos-distintos\/\",\"url\":\"https:\/\/portaltela.pt\/noticias\/2026\/04\/14\/benfica-e-sporting-arrancam-taca-de-portugal-com-planos-distintos\/\",\"name\":\"Benfica e Sporting arrancam Ta\u00e7a de Portugal com planos distintos - Portal Tela Portugal\",\"isPartOf\":{\"@id\":\"https:\/\/portaltela.pt\/#website\"},\"primaryImageOfPage\":{\"@id\":\"https:\/\/portaltela.pt\/noticias\/2026\/04\/14\/benfica-e-sporting-arrancam-taca-de-portugal-com-planos-distintos\/#primaryimage\"},\"image\":{\"@id\":\"https:\/\/portaltela.pt\/noticias\/2026\/04\/14\/benfica-e-sporting-arrancam-taca-de-portugal-com-planos-distintos\/#primaryimage\"},\"thumbnailUrl\":\"https:\/\/portaltela.pt\/s.01k8rhncp4jt1\/2026\/04\/img_920x518uu2026-02-17-21-51-45-2422231.jpg\",\"datePublished\":\"2026-04-14T17:47:33+00:00\",\"author\":{\"@id\":\"https:\/\/portaltela.pt\/#\/schema\/person\/c4278d4a6028830caff9ee44b42d32ed\"},\"breadcrumb\":{\"@id\":\"https:\/\/portaltela.pt\/noticias\/2026\/04\/14\/benfica-e-sporting-arrancam-taca-de-portugal-com-planos-distintos\/#breadcrumb\"},\"inLanguage\":\"pt-PT\",\"potentialAction\":[{\"@type\":\"ReadAction\",\"target\":[\"https:\/\/portaltela.pt\/noticias\/2026\/04\/14\/benfica-e-sporting-arrancam-taca-de-portugal-com-planos-distintos\/\"]}]},{\"@type\":\"ImageObject\",\"inLanguage\":\"pt-PT\",\"@id\":\"https:\/\/portaltela.pt\/noticias\/2026\/04\/14\/benfica-e-sporting-arrancam-taca-de-portugal-com-planos-distintos\/#primaryimage\",\"url\":\"https:\/\/portaltela.pt\/s.01k8rhncp4jt1\/2026\/04\/img_920x518uu2026-02-17-21-51-45-2422231.jpg\",\"contentUrl\":\"https:\/\/portaltela.pt\/s.01k8rhncp4jt1\/2026\/04\/img_920x518uu2026-02-17-21-51-45-2422231.jpg\",\"width\":796,\"height\":448,\"caption\":\"Jota Gonz\u00e1lez, treinador do Benfica\"},{\"@type\":\"BreadcrumbList\",\"@id\":\"https:\/\/portaltela.pt\/noticias\/2026\/04\/14\/benfica-e-sporting-arrancam-taca-de-portugal-com-planos-distintos\/#breadcrumb\",\"itemListElement\":[{\"@type\":\"ListItem\",\"position\":1,\"name\":\"In\u00edcio\",\"item\":\"https:\/\/portaltela.pt\/\"},{\"@type\":\"ListItem\",\"position\":2,\"name\":\"Benfica e Sporting arrancam Ta\u00e7a de Portugal com planos distintos\"}]},{\"@type\":\"WebSite\",\"@id\":\"https:\/\/portaltela.pt\/#website\",\"url\":\"https:\/\/portaltela.pt\/\",\"name\":\"Portal Tela Portugal\",\"description\":\"\",\"potentialAction\":[{\"@type\":\"SearchAction\",\"target\":{\"@type\":\"EntryPoint\",\"urlTemplate\":\"https:\/\/portaltela.pt\/?s={search_term_string}\"},\"query-input\":{\"@type\":\"PropertyValueSpecification\",\"valueRequired\":true,\"valueName\":\"search_term_string\"}}],\"inLanguage\":\"pt-PT\"},{\"@type\":\"Person\",\"@id\":\"https:\/\/portaltela.pt\/#\/schema\/person\/c4278d4a6028830caff9ee44b42d32ed\",\"name\":\"Telinha\",\"image\":{\"@type\":\"ImageObject\",\"inLanguage\":\"pt-PT\",\"@id\":\"https:\/\/portaltela.pt\/s.01k8rhncp4jt1\/2025\/11\/talking-bot-125x125.png\",\"url\":\"https:\/\/portaltela.pt\/s.01k8rhncp4jt1\/2025\/11\/talking-bot-125x125.png\",\"contentUrl\":\"https:\/\/portaltela.pt\/s.01k8rhncp4jt1\/2025\/11\/talking-bot-125x125.png\",\"caption\":\"Telinha\"},\"sameAs\":[\"https:\/\/portaltela.pt\/\"],\"url\":\"https:\/\/portaltela.pt\/por\/367410592786\/\"}]}<\/script>\n<!-- \/ Yoast SEO plugin. -->","yoast_head_json":{"title":"Benfica e Sporting arrancam Ta\u00e7a de Portugal com planos distintos - Portal Tela Portugal","robots":{"index":"index","follow":"follow","max-snippet":"max-snippet:-1","max-image-preview":"max-image-preview:large","max-video-preview":"max-video-preview:-1"},"og_locale":"pt_PT","og_type":"article","og_title":"Benfica e Sporting arrancam Ta\u00e7a de Portugal com planos distintos - Portal Tela Portugal","og_description":"Arrancam esta quarta-feira as meias-finais da Ta\u00e7a de Portugal de andebol, com a 1.\u00aa m\u00e3o a ser disputada. O Benfica visita o \u00c1guas Santas \u00e0s 21h, depois da derrota goleada frente ao FC Porto (32-42). O treinador espanhol Jota Gonz\u00e1lez reconhece que as contas do campeonato ficaram complicadas e acredita que a eliminat\u00f3ria se joga em 120 minutos, com cada golo a importar, elogiando o advers\u00e1rio pela forma como ataca. O Sporting viaja \u00e0 Madeira para defrontar o Mar\u00edtimo, \u00e0s 19h30, depois de promover a qualifica\u00e7\u00e3o aos quartos de final da Liga dos Campe\u00f5es e de aumentar a lideran\u00e7a na Liga. Filipe Monteiro refor\u00e7a que a Ta\u00e7a \u00e9 objetivo desde o in\u00edcio da \u00e9poca e que, para passar, precisam de manter o n\u00edvel suficiente para a segunda m\u00e3o, cientes da dificuldade do Mar\u00edtimo.","og_url":"https:\/\/portaltela.pt\/noticias\/2026\/04\/14\/benfica-e-sporting-arrancam-taca-de-portugal-com-planos-distintos\/","og_site_name":"Portal Tela Portugal","article_published_time":"2026-04-14T17:47:33+00:00","author":"Telinha","twitter_card":"summary_large_image","twitter_misc":{"Escrito por":"Telinha","Tempo estimado de leitura":"1 minuto"},"schema":{"@context":"https:\/\/schema.org","@graph":[{"@type":"Article","@id":"https:\/\/portaltela.pt\/noticias\/2026\/04\/14\/benfica-e-sporting-arrancam-taca-de-portugal-com-planos-distintos\/#article","isPartOf":{"@id":"https:\/\/portaltela.pt\/noticias\/2026\/04\/14\/benfica-e-sporting-arrancam-taca-de-portugal-com-planos-distintos\/"},"author":{"name":"Telinha","@id":"https:\/\/portaltela.pt\/#\/schema\/person\/c4278d4a6028830caff9ee44b42d32ed"},"headline":"Benfica e Sporting arrancam Ta\u00e7a de Portugal com planos distintos","datePublished":"2026-04-14T17:47:33+00:00","mainEntityOfPage":{"@id":"https:\/\/portaltela.pt\/noticias\/2026\/04\/14\/benfica-e-sporting-arrancam-taca-de-portugal-com-planos-distintos\/"},"wordCount":288,"image":{"@id":"https:\/\/portaltela.pt\/noticias\/2026\/04\/14\/benfica-e-sporting-arrancam-taca-de-portugal-com-planos-distintos\/#primaryimage"},"thumbnailUrl":"https:\/\/portaltela.pt\/s.01k8rhncp4jt1\/2026\/04\/img_920x518uu2026-02-17-21-51-45-2422231.jpg","keywords":["Benfica","handebol","Madeira","Mar\u00edtimo","Sporting","Ta\u00e7a de Portugal"],"articleSection":["Desporto","Futebol"],"inLanguage":"pt-PT"},{"@type":"WebPage","@id":"https:\/\/portaltela.pt\/noticias\/2026\/04\/14\/benfica-e-sporting-arrancam-taca-de-portugal-com-planos-distintos\/","url":"https:\/\/portaltela.pt\/noticias\/2026\/04\/14\/benfica-e-sporting-arrancam-taca-de-portugal-com-planos-distintos\/","name":"Benfica e Sporting arrancam Ta\u00e7a de Portugal com planos distintos - Portal Tela Portugal","isPartOf":{"@id":"https:\/\/portaltela.pt\/#website"},"primaryImageOfPage":{"@id":"https:\/\/portaltela.pt\/noticias\/2026\/04\/14\/benfica-e-sporting-arrancam-taca-de-portugal-com-planos-distintos\/#primaryimage"},"image":{"@id":"https:\/\/portaltela.pt\/noticias\/2026\/04\/14\/benfica-e-sporting-arrancam-taca-de-portugal-com-planos-distintos\/#primaryimage"},"thumbnailUrl":"https:\/\/portaltela.pt\/s.01k8rhncp4jt1\/2026\/04\/img_920x518uu2026-02-17-21-51-45-2422231.jpg","datePublished":"2026-04-14T17:47:33+00:00","author":{"@id":"https:\/\/portaltela.pt\/#\/schema\/person\/c4278d4a6028830caff9ee44b42d32ed"},"breadcrumb":{"@id":"https:\/\/portaltela.pt\/noticias\/2026\/04\/14\/benfica-e-sporting-arrancam-taca-de-portugal-com-planos-distintos\/#breadcrumb"},"inLanguage":"pt-PT","potentialAction":[{"@type":"ReadAction","target":["https:\/\/portaltela.pt\/noticias\/2026\/04\/14\/benfica-e-sporting-arrancam-taca-de-portugal-com-planos-distintos\/"]}]},{"@type":"ImageObject","inLanguage":"pt-PT","@id":"https:\/\/portaltela.pt\/noticias\/2026\/04\/14\/benfica-e-sporting-arrancam-taca-de-portugal-com-planos-distintos\/#primaryimage","url":"https:\/\/portaltela.pt\/s.01k8rhncp4jt1\/2026\/04\/img_920x518uu2026-02-17-21-51-45-2422231.jpg","contentUrl":"https:\/\/portaltela.pt\/s.01k8rhncp4jt1\/2026\/04\/img_920x518uu2026-02-17-21-51-45-2422231.jpg","width":796,"height":448,"caption":"Jota Gonz\u00e1lez, treinador do Benfica"},{"@type":"BreadcrumbList","@id":"https:\/\/portaltela.pt\/noticias\/2026\/04\/14\/benfica-e-sporting-arrancam-taca-de-portugal-com-planos-distintos\/#breadcrumb","itemListElement":[{"@type":"ListItem","position":1,"name":"In\u00edcio","item":"https:\/\/portaltela.pt\/"},{"@type":"ListItem","position":2,"name":"Benfica e Sporting arrancam Ta\u00e7a de Portugal com planos distintos"}]},{"@type":"WebSite","@id":"https:\/\/portaltela.pt\/#website","url":"https:\/\/portaltela.pt\/","name":"Portal Tela Portugal","description":"","potentialAction":[{"@type":"SearchAction","target":{"@type":"EntryPoint","urlTemplate":"https:\/\/portaltela.pt\/?s={search_term_string}"},"query-input":{"@type":"PropertyValueSpecification","valueRequired":true,"valueName":"search_term_string"}}],"inLanguage":"pt-PT"},{"@type":"Person","@id":"https:\/\/portaltela.pt\/#\/schema\/person\/c4278d4a6028830caff9ee44b42d32ed","name":"Telinha","image":{"@type":"ImageObject","inLanguage":"pt-PT","@id":"https:\/\/portaltela.pt\/s.01k8rhncp4jt1\/2025\/11\/talking-bot-125x125.png","url":"https:\/\/portaltela.pt\/s.01k8rhncp4jt1\/2025\/11\/talking-bot-125x125.png","contentUrl":"https:\/\/portaltela.pt\/s.01k8rhncp4jt1\/2025\/11\/talking-bot-125x125.png","caption":"Telinha"},"sameAs":["https:\/\/portaltela.pt\/"],"url":"https:\/\/portaltela.pt\/por\/367410592786\/"}]}},"_links":{"self":[{"href":"https:\/\/portaltela.pt\/api\/wp\/v2\/posts\/444125","targetHints":{"allow":["GET"]}}],"collection":[{"href":"https:\/\/portaltela.pt\/api\/wp\/v2\/posts"}],"about":[{"href":"https:\/\/portaltela.pt\/api\/wp\/v2\/types\/post"}],"author":[{"embeddable":true,"href":"https:\/\/portaltela.pt\/api\/wp\/v2\/users\/2"}],"replies":[{"embeddable":true,"href":"https:\/\/portaltela.pt\/api\/wp\/v2\/comments?post=444125"}],"version-history":[{"count":0,"href":"https:\/\/portaltela.pt\/api\/wp\/v2\/posts\/444125\/revisions"}],"wp:featuredmedia":[{"embeddable":true,"href":"https:\/\/portaltela.pt\/api\/wp\/v2\/media\/444126"}],"wp:attachment":[{"href":"https:\/\/portaltela.pt\/api\/wp\/v2\/media?parent=444125"}],"wp:term":[{"taxonomy":"category","embeddable":true,"href":"https:\/\/portaltela.pt\/api\/wp\/v2\/categories?post=444125"},{"taxonomy":"post_tag","embeddable":true,"href":"https:\/\/portaltela.pt\/api\/wp\/v2\/tags?post=444125"}],"curies":[{"name":"wp","href":"https:\/\/api.w.org\/{rel}","templated":true}]}}