{"id":444094,"date":"2026-04-14T14:32:14","date_gmt":"2026-04-14T17:32:14","guid":{"rendered":"https:\/\/portaltela.pt\/noticias\/2026\/04\/14\/jose-peseiro-vence-e-fica-a-5-pontos-da-subida-direta-ao-principal-escalao-arabe\/"},"modified":"2026-04-14T14:32:14","modified_gmt":"2026-04-14T17:32:14","slug":"jose-peseiro-vence-e-fica-a-5-pontos-da-subida-direta-ao-principal-escalao-arabe","status":"publish","type":"post","link":"https:\/\/portaltela.pt\/desporto\/futebol\/2026\/04\/14\/jose-peseiro-vence-e-fica-a-5-pontos-da-subida-direta-ao-principal-escalao-arabe\/","title":{"rendered":"Jos\u00e9 Peseiro vence e fica a 5 pontos da subida direta ao principal escal\u00e3o \u00e1rabe"},"content":{"rendered":"<p>Jos\u00e9 Peseiro conduziu o Al Ula \u00e0 vit\u00f3ria frente ao Al Jandal, por 2-1, na 29\u00aa jornada da segunda divis\u00e3o \u00e1rabe, com 5 rondas por disputar. O triunfo ocorreu em terreno advers\u00e1rio, mantendo o Al Ula na luta pelos lugares de subida.<\/p>\n<p>A posi\u00e7\u00e3o do clube portugu\u00eas manteve-se igual, ocupando o 3.\u00ba lugar da classifica\u00e7\u00e3o. A dist\u00e2ncia para a vice-lideran\u00e7a passou a 5 pontos, a posi\u00e7\u00e3o que garante promo\u00e7\u00e3o direta ao escal\u00e3o superior.<\/p>\n<p>Os golos do Al Ula foram apontados por Guanca aos 66 minutos e Koulouris aos 72. Do 3.\u00ba ao 6.\u00ba posto continuam a disputar um playoff de acesso, conforme o formato da competi\u00e7\u00e3o.<\/p>\n<h3>Classifica\u00e7\u00e3o e pr\u00f3ximos passos<\/h3>\n<p>O Al Ula continua a 5 pontos da vice-lideran\u00e7a, com 5 jornadas por jogar. O objetivo passa por consolidar o 3.\u00ba lugar e evitar surpresas no sprint final da prova. A equipa prepara j\u00e1 o pr\u00f3ximo desafio para manter a trajet\u00f3ria de subida.<\/p>\n","protected":false},"excerpt":{"rendered":"<ul>\n<li>Jos\u00e9 Peseiro conduziu o Al Ula \u00e0 vit\u00f3ria fora de casa frente ao Al Jandal, por 2-1, na 29\u00aa jornada da segunda divis\u00e3o \u00e1rabe.<\/li>\n<li>Com o triunfo, o Al Ula mant\u00e9m o 3.\u00ba lugar, a 5 pontos da vice-lideran\u00e7a que d\u00e1 acesso direto ao escal\u00e3o principal.<\/li>\n<li>Do 3.\u00ba ao 6.\u00ba lugar disputam um playoff para chegar ao campeonato principal.<\/li>\n<li>Os golos do Al Ula foram marcados por Guanca aos 66 minutos e Koulouris aos 72 minutos.<\/li>\n<li>A competi\u00e7\u00e3o tem cinco jornadas por disputar.<\/li>\n<\/ul>\n","protected":false},"author":2,"featured_media":444098,"comment_status":"closed","ping_status":"closed","sticky":false,"template":"","format":"standard","meta":{"footnotes":""},"categories":[21,24],"tags":[7902,7755,7907,4242,1014],"class_list":["post-444094","post","type-post","status-publish","format-standard","has-post-thumbnail","hentry","category-desporto","category-futebol","tag-_desporto","tag-_futebol","tag-_futebol-internacional","tag-2-a-divisao","tag-portugal"],"yoast_head":"<!-- This site is optimized with the Yoast SEO plugin v27.2 - https:\/\/yoast.com\/product\/yoast-seo-wordpress\/ -->\n<title>Jos\u00e9 Peseiro vence e fica a 5 pontos da subida direta ao principal escal\u00e3o \u00e1rabe - Portal Tela Portugal<\/title>\n<meta name=\"robots\" content=\"index, follow, max-snippet:-1, max-image-preview:large, max-video-preview:-1\" \/>\n<meta property=\"og:locale\" content=\"pt_PT\" \/>\n<meta property=\"og:type\" content=\"article\" \/>\n<meta property=\"og:title\" content=\"Jos\u00e9 Peseiro vence e fica a 5 pontos da subida direta ao principal escal\u00e3o \u00e1rabe - Portal Tela Portugal\" \/>\n<meta property=\"og:description\" content=\"Jos\u00e9 Peseiro conduziu o Al Ula \u00e0 vit\u00f3ria fora de casa frente ao Al Jandal, por 2-1, na 29\u00aa jornada da segunda divis\u00e3o \u00e1rabe. Com o triunfo, o Al Ula mant\u00e9m o 3.\u00ba lugar, a 5 pontos da vice-lideran\u00e7a que d\u00e1 acesso direto ao escal\u00e3o principal. Do 3.\u00ba ao 6.\u00ba lugar disputam um playoff para chegar ao campeonato principal. Os golos do Al Ula foram marcados por Guanca aos 66 minutos e Koulouris aos 72 minutos. A competi\u00e7\u00e3o tem cinco jornadas por disputar.\" \/>\n<meta property=\"og:url\" content=\"https:\/\/portaltela.pt\/noticias\/2026\/04\/14\/jose-peseiro-vence-e-fica-a-5-pontos-da-subida-direta-ao-principal-escalao-arabe\/\" \/>\n<meta property=\"og:site_name\" content=\"Portal Tela Portugal\" \/>\n<meta property=\"article:published_time\" content=\"2026-04-14T17:32:14+00:00\" \/>\n<meta name=\"author\" content=\"Telinha\" \/>\n<meta name=\"twitter:card\" content=\"summary_large_image\" \/>\n<meta name=\"twitter:label1\" content=\"Escrito por\" \/>\n\t<meta name=\"twitter:data1\" content=\"Telinha\" \/>\n\t<meta name=\"twitter:label2\" content=\"Tempo estimado de leitura\" \/>\n\t<meta name=\"twitter:data2\" content=\"1 minuto\" \/>\n<script type=\"application\/ld+json\" class=\"yoast-schema-graph\">{\"@context\":\"https:\/\/schema.org\",\"@graph\":[{\"@type\":\"Article\",\"@id\":\"https:\/\/portaltela.pt\/noticias\/2026\/04\/14\/jose-peseiro-vence-e-fica-a-5-pontos-da-subida-direta-ao-principal-escalao-arabe\/#article\",\"isPartOf\":{\"@id\":\"https:\/\/portaltela.pt\/noticias\/2026\/04\/14\/jose-peseiro-vence-e-fica-a-5-pontos-da-subida-direta-ao-principal-escalao-arabe\/\"},\"author\":{\"name\":\"Telinha\",\"@id\":\"https:\/\/portaltela.pt\/#\/schema\/person\/c4278d4a6028830caff9ee44b42d32ed\"},\"headline\":\"Jos\u00e9 Peseiro vence e fica a 5 pontos da subida direta ao principal escal\u00e3o \u00e1rabe\",\"datePublished\":\"2026-04-14T17:32:14+00:00\",\"mainEntityOfPage\":{\"@id\":\"https:\/\/portaltela.pt\/noticias\/2026\/04\/14\/jose-peseiro-vence-e-fica-a-5-pontos-da-subida-direta-ao-principal-escalao-arabe\/\"},\"wordCount\":173,\"image\":{\"@id\":\"https:\/\/portaltela.pt\/noticias\/2026\/04\/14\/jose-peseiro-vence-e-fica-a-5-pontos-da-subida-direta-ao-principal-escalao-arabe\/#primaryimage\"},\"thumbnailUrl\":\"https:\/\/portaltela.pt\/s.01k8rhncp4jt1\/2026\/04\/img_920x518uu2026-04-14-18-26-09-2433004-im-639117880006226673.jpg\",\"keywords\":[\"_desporto\",\"_futebol\",\"_futebol internacional\",\"2.\u00aa Divis\u00e3o\",\"Portugal\"],\"articleSection\":[\"Desporto\",\"Futebol\"],\"inLanguage\":\"pt-PT\"},{\"@type\":\"WebPage\",\"@id\":\"https:\/\/portaltela.pt\/noticias\/2026\/04\/14\/jose-peseiro-vence-e-fica-a-5-pontos-da-subida-direta-ao-principal-escalao-arabe\/\",\"url\":\"https:\/\/portaltela.pt\/noticias\/2026\/04\/14\/jose-peseiro-vence-e-fica-a-5-pontos-da-subida-direta-ao-principal-escalao-arabe\/\",\"name\":\"Jos\u00e9 Peseiro vence e fica a 5 pontos da subida direta ao principal escal\u00e3o \u00e1rabe - Portal Tela Portugal\",\"isPartOf\":{\"@id\":\"https:\/\/portaltela.pt\/#website\"},\"primaryImageOfPage\":{\"@id\":\"https:\/\/portaltela.pt\/noticias\/2026\/04\/14\/jose-peseiro-vence-e-fica-a-5-pontos-da-subida-direta-ao-principal-escalao-arabe\/#primaryimage\"},\"image\":{\"@id\":\"https:\/\/portaltela.pt\/noticias\/2026\/04\/14\/jose-peseiro-vence-e-fica-a-5-pontos-da-subida-direta-ao-principal-escalao-arabe\/#primaryimage\"},\"thumbnailUrl\":\"https:\/\/portaltela.pt\/s.01k8rhncp4jt1\/2026\/04\/img_920x518uu2026-04-14-18-26-09-2433004-im-639117880006226673.jpg\",\"datePublished\":\"2026-04-14T17:32:14+00:00\",\"author\":{\"@id\":\"https:\/\/portaltela.pt\/#\/schema\/person\/c4278d4a6028830caff9ee44b42d32ed\"},\"breadcrumb\":{\"@id\":\"https:\/\/portaltela.pt\/noticias\/2026\/04\/14\/jose-peseiro-vence-e-fica-a-5-pontos-da-subida-direta-ao-principal-escalao-arabe\/#breadcrumb\"},\"inLanguage\":\"pt-PT\",\"potentialAction\":[{\"@type\":\"ReadAction\",\"target\":[\"https:\/\/portaltela.pt\/noticias\/2026\/04\/14\/jose-peseiro-vence-e-fica-a-5-pontos-da-subida-direta-ao-principal-escalao-arabe\/\"]}]},{\"@type\":\"ImageObject\",\"inLanguage\":\"pt-PT\",\"@id\":\"https:\/\/portaltela.pt\/noticias\/2026\/04\/14\/jose-peseiro-vence-e-fica-a-5-pontos-da-subida-direta-ao-principal-escalao-arabe\/#primaryimage\",\"url\":\"https:\/\/portaltela.pt\/s.01k8rhncp4jt1\/2026\/04\/img_920x518uu2026-04-14-18-26-09-2433004-im-639117880006226673.jpg\",\"contentUrl\":\"https:\/\/portaltela.pt\/s.01k8rhncp4jt1\/2026\/04\/img_920x518uu2026-04-14-18-26-09-2433004-im-639117880006226673.jpg\",\"width\":796,\"height\":448,\"caption\":\"Jos\u00e9 Peseiro no Al Ula\"},{\"@type\":\"BreadcrumbList\",\"@id\":\"https:\/\/portaltela.pt\/noticias\/2026\/04\/14\/jose-peseiro-vence-e-fica-a-5-pontos-da-subida-direta-ao-principal-escalao-arabe\/#breadcrumb\",\"itemListElement\":[{\"@type\":\"ListItem\",\"position\":1,\"name\":\"In\u00edcio\",\"item\":\"https:\/\/portaltela.pt\/\"},{\"@type\":\"ListItem\",\"position\":2,\"name\":\"Jos\u00e9 Peseiro vence e fica a 5 pontos da subida direta ao principal escal\u00e3o \u00e1rabe\"}]},{\"@type\":\"WebSite\",\"@id\":\"https:\/\/portaltela.pt\/#website\",\"url\":\"https:\/\/portaltela.pt\/\",\"name\":\"Portal Tela Portugal\",\"description\":\"\",\"potentialAction\":[{\"@type\":\"SearchAction\",\"target\":{\"@type\":\"EntryPoint\",\"urlTemplate\":\"https:\/\/portaltela.pt\/?s={search_term_string}\"},\"query-input\":{\"@type\":\"PropertyValueSpecification\",\"valueRequired\":true,\"valueName\":\"search_term_string\"}}],\"inLanguage\":\"pt-PT\"},{\"@type\":\"Person\",\"@id\":\"https:\/\/portaltela.pt\/#\/schema\/person\/c4278d4a6028830caff9ee44b42d32ed\",\"name\":\"Telinha\",\"image\":{\"@type\":\"ImageObject\",\"inLanguage\":\"pt-PT\",\"@id\":\"https:\/\/portaltela.pt\/s.01k8rhncp4jt1\/2025\/11\/talking-bot-125x125.png\",\"url\":\"https:\/\/portaltela.pt\/s.01k8rhncp4jt1\/2025\/11\/talking-bot-125x125.png\",\"contentUrl\":\"https:\/\/portaltela.pt\/s.01k8rhncp4jt1\/2025\/11\/talking-bot-125x125.png\",\"caption\":\"Telinha\"},\"sameAs\":[\"https:\/\/portaltela.pt\/\"],\"url\":\"https:\/\/portaltela.pt\/por\/367410592786\/\"}]}<\/script>\n<!-- \/ Yoast SEO plugin. -->","yoast_head_json":{"title":"Jos\u00e9 Peseiro vence e fica a 5 pontos da subida direta ao principal escal\u00e3o \u00e1rabe - Portal Tela Portugal","robots":{"index":"index","follow":"follow","max-snippet":"max-snippet:-1","max-image-preview":"max-image-preview:large","max-video-preview":"max-video-preview:-1"},"og_locale":"pt_PT","og_type":"article","og_title":"Jos\u00e9 Peseiro vence e fica a 5 pontos da subida direta ao principal escal\u00e3o \u00e1rabe - Portal Tela Portugal","og_description":"Jos\u00e9 Peseiro conduziu o Al Ula \u00e0 vit\u00f3ria fora de casa frente ao Al Jandal, por 2-1, na 29\u00aa jornada da segunda divis\u00e3o \u00e1rabe. Com o triunfo, o Al Ula mant\u00e9m o 3.\u00ba lugar, a 5 pontos da vice-lideran\u00e7a que d\u00e1 acesso direto ao escal\u00e3o principal. Do 3.\u00ba ao 6.\u00ba lugar disputam um playoff para chegar ao campeonato principal. Os golos do Al Ula foram marcados por Guanca aos 66 minutos e Koulouris aos 72 minutos. A competi\u00e7\u00e3o tem cinco jornadas por disputar.","og_url":"https:\/\/portaltela.pt\/noticias\/2026\/04\/14\/jose-peseiro-vence-e-fica-a-5-pontos-da-subida-direta-ao-principal-escalao-arabe\/","og_site_name":"Portal Tela Portugal","article_published_time":"2026-04-14T17:32:14+00:00","author":"Telinha","twitter_card":"summary_large_image","twitter_misc":{"Escrito por":"Telinha","Tempo estimado de leitura":"1 minuto"},"schema":{"@context":"https:\/\/schema.org","@graph":[{"@type":"Article","@id":"https:\/\/portaltela.pt\/noticias\/2026\/04\/14\/jose-peseiro-vence-e-fica-a-5-pontos-da-subida-direta-ao-principal-escalao-arabe\/#article","isPartOf":{"@id":"https:\/\/portaltela.pt\/noticias\/2026\/04\/14\/jose-peseiro-vence-e-fica-a-5-pontos-da-subida-direta-ao-principal-escalao-arabe\/"},"author":{"name":"Telinha","@id":"https:\/\/portaltela.pt\/#\/schema\/person\/c4278d4a6028830caff9ee44b42d32ed"},"headline":"Jos\u00e9 Peseiro vence e fica a 5 pontos da subida direta ao principal escal\u00e3o \u00e1rabe","datePublished":"2026-04-14T17:32:14+00:00","mainEntityOfPage":{"@id":"https:\/\/portaltela.pt\/noticias\/2026\/04\/14\/jose-peseiro-vence-e-fica-a-5-pontos-da-subida-direta-ao-principal-escalao-arabe\/"},"wordCount":173,"image":{"@id":"https:\/\/portaltela.pt\/noticias\/2026\/04\/14\/jose-peseiro-vence-e-fica-a-5-pontos-da-subida-direta-ao-principal-escalao-arabe\/#primaryimage"},"thumbnailUrl":"https:\/\/portaltela.pt\/s.01k8rhncp4jt1\/2026\/04\/img_920x518uu2026-04-14-18-26-09-2433004-im-639117880006226673.jpg","keywords":["_desporto","_futebol","_futebol internacional","2.\u00aa Divis\u00e3o","Portugal"],"articleSection":["Desporto","Futebol"],"inLanguage":"pt-PT"},{"@type":"WebPage","@id":"https:\/\/portaltela.pt\/noticias\/2026\/04\/14\/jose-peseiro-vence-e-fica-a-5-pontos-da-subida-direta-ao-principal-escalao-arabe\/","url":"https:\/\/portaltela.pt\/noticias\/2026\/04\/14\/jose-peseiro-vence-e-fica-a-5-pontos-da-subida-direta-ao-principal-escalao-arabe\/","name":"Jos\u00e9 Peseiro vence e fica a 5 pontos da subida direta ao principal escal\u00e3o \u00e1rabe - Portal Tela Portugal","isPartOf":{"@id":"https:\/\/portaltela.pt\/#website"},"primaryImageOfPage":{"@id":"https:\/\/portaltela.pt\/noticias\/2026\/04\/14\/jose-peseiro-vence-e-fica-a-5-pontos-da-subida-direta-ao-principal-escalao-arabe\/#primaryimage"},"image":{"@id":"https:\/\/portaltela.pt\/noticias\/2026\/04\/14\/jose-peseiro-vence-e-fica-a-5-pontos-da-subida-direta-ao-principal-escalao-arabe\/#primaryimage"},"thumbnailUrl":"https:\/\/portaltela.pt\/s.01k8rhncp4jt1\/2026\/04\/img_920x518uu2026-04-14-18-26-09-2433004-im-639117880006226673.jpg","datePublished":"2026-04-14T17:32:14+00:00","author":{"@id":"https:\/\/portaltela.pt\/#\/schema\/person\/c4278d4a6028830caff9ee44b42d32ed"},"breadcrumb":{"@id":"https:\/\/portaltela.pt\/noticias\/2026\/04\/14\/jose-peseiro-vence-e-fica-a-5-pontos-da-subida-direta-ao-principal-escalao-arabe\/#breadcrumb"},"inLanguage":"pt-PT","potentialAction":[{"@type":"ReadAction","target":["https:\/\/portaltela.pt\/noticias\/2026\/04\/14\/jose-peseiro-vence-e-fica-a-5-pontos-da-subida-direta-ao-principal-escalao-arabe\/"]}]},{"@type":"ImageObject","inLanguage":"pt-PT","@id":"https:\/\/portaltela.pt\/noticias\/2026\/04\/14\/jose-peseiro-vence-e-fica-a-5-pontos-da-subida-direta-ao-principal-escalao-arabe\/#primaryimage","url":"https:\/\/portaltela.pt\/s.01k8rhncp4jt1\/2026\/04\/img_920x518uu2026-04-14-18-26-09-2433004-im-639117880006226673.jpg","contentUrl":"https:\/\/portaltela.pt\/s.01k8rhncp4jt1\/2026\/04\/img_920x518uu2026-04-14-18-26-09-2433004-im-639117880006226673.jpg","width":796,"height":448,"caption":"Jos\u00e9 Peseiro no Al Ula"},{"@type":"BreadcrumbList","@id":"https:\/\/portaltela.pt\/noticias\/2026\/04\/14\/jose-peseiro-vence-e-fica-a-5-pontos-da-subida-direta-ao-principal-escalao-arabe\/#breadcrumb","itemListElement":[{"@type":"ListItem","position":1,"name":"In\u00edcio","item":"https:\/\/portaltela.pt\/"},{"@type":"ListItem","position":2,"name":"Jos\u00e9 Peseiro vence e fica a 5 pontos da subida direta ao principal escal\u00e3o \u00e1rabe"}]},{"@type":"WebSite","@id":"https:\/\/portaltela.pt\/#website","url":"https:\/\/portaltela.pt\/","name":"Portal Tela Portugal","description":"","potentialAction":[{"@type":"SearchAction","target":{"@type":"EntryPoint","urlTemplate":"https:\/\/portaltela.pt\/?s={search_term_string}"},"query-input":{"@type":"PropertyValueSpecification","valueRequired":true,"valueName":"search_term_string"}}],"inLanguage":"pt-PT"},{"@type":"Person","@id":"https:\/\/portaltela.pt\/#\/schema\/person\/c4278d4a6028830caff9ee44b42d32ed","name":"Telinha","image":{"@type":"ImageObject","inLanguage":"pt-PT","@id":"https:\/\/portaltela.pt\/s.01k8rhncp4jt1\/2025\/11\/talking-bot-125x125.png","url":"https:\/\/portaltela.pt\/s.01k8rhncp4jt1\/2025\/11\/talking-bot-125x125.png","contentUrl":"https:\/\/portaltela.pt\/s.01k8rhncp4jt1\/2025\/11\/talking-bot-125x125.png","caption":"Telinha"},"sameAs":["https:\/\/portaltela.pt\/"],"url":"https:\/\/portaltela.pt\/por\/367410592786\/"}]}},"_links":{"self":[{"href":"https:\/\/portaltela.pt\/api\/wp\/v2\/posts\/444094","targetHints":{"allow":["GET"]}}],"collection":[{"href":"https:\/\/portaltela.pt\/api\/wp\/v2\/posts"}],"about":[{"href":"https:\/\/portaltela.pt\/api\/wp\/v2\/types\/post"}],"author":[{"embeddable":true,"href":"https:\/\/portaltela.pt\/api\/wp\/v2\/users\/2"}],"replies":[{"embeddable":true,"href":"https:\/\/portaltela.pt\/api\/wp\/v2\/comments?post=444094"}],"version-history":[{"count":0,"href":"https:\/\/portaltela.pt\/api\/wp\/v2\/posts\/444094\/revisions"}],"wp:featuredmedia":[{"embeddable":true,"href":"https:\/\/portaltela.pt\/api\/wp\/v2\/media\/444098"}],"wp:attachment":[{"href":"https:\/\/portaltela.pt\/api\/wp\/v2\/media?parent=444094"}],"wp:term":[{"taxonomy":"category","embeddable":true,"href":"https:\/\/portaltela.pt\/api\/wp\/v2\/categories?post=444094"},{"taxonomy":"post_tag","embeddable":true,"href":"https:\/\/portaltela.pt\/api\/wp\/v2\/tags?post=444094"}],"curies":[{"name":"wp","href":"https:\/\/api.w.org\/{rel}","templated":true}]}}