{"id":444088,"date":"2026-04-14T14:32:11","date_gmt":"2026-04-14T17:32:11","guid":{"rendered":"https:\/\/portaltela.pt\/noticias\/2026\/04\/14\/joao-marques-apresenta-se-a-alvaro-pacheco\/"},"modified":"2026-04-14T14:32:11","modified_gmt":"2026-04-14T17:32:11","slug":"joao-marques-apresenta-se-a-alvaro-pacheco","status":"publish","type":"post","link":"https:\/\/portaltela.pt\/desporto\/futebol\/2026\/04\/14\/joao-marques-apresenta-se-a-alvaro-pacheco\/","title":{"rendered":"Jo\u00e3o Marques apresenta-se a \u00c1lvaro Pacheco"},"content":{"rendered":"<p>Jo\u00e3o Marques voltou a marcar e estreou-se a titular pelo Casa Pia, numa derrota por 3-1 frente ao Alverca, no \u00faltimo fim de semana. O m\u00e9dio de 24 anos abriu o marcador aos 39 segundos, com um remate de fora da \u00e1rea que n\u00e3o deu hip\u00f3teses ao guarda-redes Matheus Mendes. O lance ocorreu muito cedo no encontro.<\/p>\n<p>O jogador est\u00e1 ao servi\u00e7o do Casa Pia por empr\u00e9stimo do Sp. Braga, rumo ao objetivo de assegurar a continuidade no plantel. Marques j\u00e1 tinha sido cedido ao Gil Vicente na \u00e9poca anterior e n\u00e3o marcava desde 30 de dezembro de 2023, quando atuava pelo Estoril.<\/p>\n<p>Apesar do golo, o internacional sub-21 n\u00e3o conseguiu evitar a derrota. O t\u00e9cnico \u00c1lvaro Pacheco continua a contar com o atleta, que j\u00e1 soma oito partidas e 204 minutos pelo emblema de Pina Manique. O Casa Pia prepara a rece\u00e7\u00e3o ao Santa Clara, no domingo, \u00e0s 18h00.<\/p>\n<p>Emprestado pelo Sp. Braga, Marques tem como prioridade manter-se no Casa Pia. O jogador est\u00e1 avaliado em 1,5 milh\u00f5es de euros pelo Transfermarkt e tem contrato com o Sp. Braga at\u00e9 2029. A equipa joga com o objetivo de consolidar a posi\u00e7\u00e3o na liga.<\/p>\n","protected":false},"excerpt":{"rendered":"<ul>\n<li>Jo\u00e3o Marques, 24, estreou-se a titular pelo Casa Pia e marcou aos 39 segundos frente ao Alverca, numa derrota por 3-1.<\/li>\n<li>Foi o primeiro golo pelo Casa Pia e n\u00e3o marcava desde 30 de dezembro de 2023 pelo Estoril.<\/li>\n<li>Est\u00e1 emprestado pelo Sp. Braga, j\u00e1 tinha sido cedido ao Gil Vicente na \u00e9poca passada, e soma oito jogos e 204 minutos pelo Casa Pia.<\/li>\n<li>O jogador internacional sub-21 portugu\u00eas pretende manter-se em forma para reconquistar a confian\u00e7a de \u00c1lvaro Pacheco na rece\u00e7\u00e3o ao Santa Clara, domingo, \u00e0s 18h00.<\/li>\n<li>O valor de mercado \u00e9 de 1,5 milh\u00f5es de euros segundo o Transfermarkt, e o contrato com o Sp. Braga vai at\u00e9 2029.<\/li>\n<\/ul>\n","protected":false},"author":2,"featured_media":444092,"comment_status":"closed","ping_status":"closed","sticky":false,"template":"","format":"standard","meta":{"footnotes":""},"categories":[21,24],"tags":[1230,5176,2457,32,998,2070],"class_list":["post-444088","post","type-post","status-publish","format-standard","has-post-thumbnail","hentry","category-desporto","category-futebol","tag-alverca","tag-casa-pia","tag-emprestimos","tag-futebol","tag-santa-clara","tag-sp-braga"],"yoast_head":"<!-- This site is optimized with the Yoast SEO plugin v27.2 - https:\/\/yoast.com\/product\/yoast-seo-wordpress\/ -->\n<title>Jo\u00e3o Marques apresenta-se a \u00c1lvaro Pacheco - Portal Tela Portugal<\/title>\n<meta name=\"robots\" content=\"index, follow, max-snippet:-1, max-image-preview:large, max-video-preview:-1\" \/>\n<meta property=\"og:locale\" content=\"pt_PT\" \/>\n<meta property=\"og:type\" content=\"article\" \/>\n<meta property=\"og:title\" content=\"Jo\u00e3o Marques apresenta-se a \u00c1lvaro Pacheco - Portal Tela Portugal\" \/>\n<meta property=\"og:description\" content=\"Jo\u00e3o Marques, 24, estreou-se a titular pelo Casa Pia e marcou aos 39 segundos frente ao Alverca, numa derrota por 3-1. Foi o primeiro golo pelo Casa Pia e n\u00e3o marcava desde 30 de dezembro de 2023 pelo Estoril. Est\u00e1 emprestado pelo Sp. Braga, j\u00e1 tinha sido cedido ao Gil Vicente na \u00e9poca passada, e soma oito jogos e 204 minutos pelo Casa Pia. O jogador internacional sub-21 portugu\u00eas pretende manter-se em forma para reconquistar a confian\u00e7a de \u00c1lvaro Pacheco na rece\u00e7\u00e3o ao Santa Clara, domingo, \u00e0s 18h00. O valor de mercado \u00e9 de 1,5 milh\u00f5es de euros segundo o Transfermarkt, e o contrato com o Sp. Braga vai at\u00e9 2029.\" \/>\n<meta property=\"og:url\" content=\"https:\/\/portaltela.pt\/noticias\/2026\/04\/14\/joao-marques-apresenta-se-a-alvaro-pacheco\/\" \/>\n<meta property=\"og:site_name\" content=\"Portal Tela Portugal\" \/>\n<meta property=\"article:published_time\" content=\"2026-04-14T17:32:11+00:00\" \/>\n<meta name=\"author\" content=\"Telinha\" \/>\n<meta name=\"twitter:card\" content=\"summary_large_image\" \/>\n<meta name=\"twitter:label1\" content=\"Escrito por\" \/>\n\t<meta name=\"twitter:data1\" content=\"Telinha\" \/>\n\t<meta name=\"twitter:label2\" content=\"Tempo estimado de leitura\" \/>\n\t<meta name=\"twitter:data2\" content=\"1 minuto\" \/>\n<script type=\"application\/ld+json\" class=\"yoast-schema-graph\">{\"@context\":\"https:\/\/schema.org\",\"@graph\":[{\"@type\":\"Article\",\"@id\":\"https:\/\/portaltela.pt\/noticias\/2026\/04\/14\/joao-marques-apresenta-se-a-alvaro-pacheco\/#article\",\"isPartOf\":{\"@id\":\"https:\/\/portaltela.pt\/noticias\/2026\/04\/14\/joao-marques-apresenta-se-a-alvaro-pacheco\/\"},\"author\":{\"name\":\"Telinha\",\"@id\":\"https:\/\/portaltela.pt\/#\/schema\/person\/c4278d4a6028830caff9ee44b42d32ed\"},\"headline\":\"Jo\u00e3o Marques apresenta-se a \u00c1lvaro Pacheco\",\"datePublished\":\"2026-04-14T17:32:11+00:00\",\"mainEntityOfPage\":{\"@id\":\"https:\/\/portaltela.pt\/noticias\/2026\/04\/14\/joao-marques-apresenta-se-a-alvaro-pacheco\/\"},\"wordCount\":206,\"image\":{\"@id\":\"https:\/\/portaltela.pt\/noticias\/2026\/04\/14\/joao-marques-apresenta-se-a-alvaro-pacheco\/#primaryimage\"},\"thumbnailUrl\":\"https:\/\/portaltela.pt\/s.01k8rhncp4jt1\/2026\/04\/img_920x518uu2026-01-28-20-57-52-2418061-im-639117862518776934.jpg\",\"keywords\":[\"Alverca\",\"Casa Pia\",\"empr\u00e9stimos\",\"futebol\",\"Santa Clara\",\"Sp. Braga\"],\"articleSection\":[\"Desporto\",\"Futebol\"],\"inLanguage\":\"pt-PT\"},{\"@type\":\"WebPage\",\"@id\":\"https:\/\/portaltela.pt\/noticias\/2026\/04\/14\/joao-marques-apresenta-se-a-alvaro-pacheco\/\",\"url\":\"https:\/\/portaltela.pt\/noticias\/2026\/04\/14\/joao-marques-apresenta-se-a-alvaro-pacheco\/\",\"name\":\"Jo\u00e3o Marques apresenta-se a \u00c1lvaro Pacheco - Portal Tela Portugal\",\"isPartOf\":{\"@id\":\"https:\/\/portaltela.pt\/#website\"},\"primaryImageOfPage\":{\"@id\":\"https:\/\/portaltela.pt\/noticias\/2026\/04\/14\/joao-marques-apresenta-se-a-alvaro-pacheco\/#primaryimage\"},\"image\":{\"@id\":\"https:\/\/portaltela.pt\/noticias\/2026\/04\/14\/joao-marques-apresenta-se-a-alvaro-pacheco\/#primaryimage\"},\"thumbnailUrl\":\"https:\/\/portaltela.pt\/s.01k8rhncp4jt1\/2026\/04\/img_920x518uu2026-01-28-20-57-52-2418061-im-639117862518776934.jpg\",\"datePublished\":\"2026-04-14T17:32:11+00:00\",\"author\":{\"@id\":\"https:\/\/portaltela.pt\/#\/schema\/person\/c4278d4a6028830caff9ee44b42d32ed\"},\"breadcrumb\":{\"@id\":\"https:\/\/portaltela.pt\/noticias\/2026\/04\/14\/joao-marques-apresenta-se-a-alvaro-pacheco\/#breadcrumb\"},\"inLanguage\":\"pt-PT\",\"potentialAction\":[{\"@type\":\"ReadAction\",\"target\":[\"https:\/\/portaltela.pt\/noticias\/2026\/04\/14\/joao-marques-apresenta-se-a-alvaro-pacheco\/\"]}]},{\"@type\":\"ImageObject\",\"inLanguage\":\"pt-PT\",\"@id\":\"https:\/\/portaltela.pt\/noticias\/2026\/04\/14\/joao-marques-apresenta-se-a-alvaro-pacheco\/#primaryimage\",\"url\":\"https:\/\/portaltela.pt\/s.01k8rhncp4jt1\/2026\/04\/img_920x518uu2026-01-28-20-57-52-2418061-im-639117862518776934.jpg\",\"contentUrl\":\"https:\/\/portaltela.pt\/s.01k8rhncp4jt1\/2026\/04\/img_920x518uu2026-01-28-20-57-52-2418061-im-639117862518776934.jpg\",\"width\":796,\"height\":448,\"caption\":\"Jo\u00e3o Marques est\u00e1 emprestado pelo Sp. Braga\"},{\"@type\":\"BreadcrumbList\",\"@id\":\"https:\/\/portaltela.pt\/noticias\/2026\/04\/14\/joao-marques-apresenta-se-a-alvaro-pacheco\/#breadcrumb\",\"itemListElement\":[{\"@type\":\"ListItem\",\"position\":1,\"name\":\"In\u00edcio\",\"item\":\"https:\/\/portaltela.pt\/\"},{\"@type\":\"ListItem\",\"position\":2,\"name\":\"Jo\u00e3o Marques apresenta-se a \u00c1lvaro Pacheco\"}]},{\"@type\":\"WebSite\",\"@id\":\"https:\/\/portaltela.pt\/#website\",\"url\":\"https:\/\/portaltela.pt\/\",\"name\":\"Portal Tela Portugal\",\"description\":\"\",\"potentialAction\":[{\"@type\":\"SearchAction\",\"target\":{\"@type\":\"EntryPoint\",\"urlTemplate\":\"https:\/\/portaltela.pt\/?s={search_term_string}\"},\"query-input\":{\"@type\":\"PropertyValueSpecification\",\"valueRequired\":true,\"valueName\":\"search_term_string\"}}],\"inLanguage\":\"pt-PT\"},{\"@type\":\"Person\",\"@id\":\"https:\/\/portaltela.pt\/#\/schema\/person\/c4278d4a6028830caff9ee44b42d32ed\",\"name\":\"Telinha\",\"image\":{\"@type\":\"ImageObject\",\"inLanguage\":\"pt-PT\",\"@id\":\"https:\/\/portaltela.pt\/s.01k8rhncp4jt1\/2025\/11\/talking-bot-125x125.png\",\"url\":\"https:\/\/portaltela.pt\/s.01k8rhncp4jt1\/2025\/11\/talking-bot-125x125.png\",\"contentUrl\":\"https:\/\/portaltela.pt\/s.01k8rhncp4jt1\/2025\/11\/talking-bot-125x125.png\",\"caption\":\"Telinha\"},\"sameAs\":[\"https:\/\/portaltela.pt\/\"],\"url\":\"https:\/\/portaltela.pt\/por\/367410592786\/\"}]}<\/script>\n<!-- \/ Yoast SEO plugin. -->","yoast_head_json":{"title":"Jo\u00e3o Marques apresenta-se a \u00c1lvaro Pacheco - Portal Tela Portugal","robots":{"index":"index","follow":"follow","max-snippet":"max-snippet:-1","max-image-preview":"max-image-preview:large","max-video-preview":"max-video-preview:-1"},"og_locale":"pt_PT","og_type":"article","og_title":"Jo\u00e3o Marques apresenta-se a \u00c1lvaro Pacheco - Portal Tela Portugal","og_description":"Jo\u00e3o Marques, 24, estreou-se a titular pelo Casa Pia e marcou aos 39 segundos frente ao Alverca, numa derrota por 3-1. Foi o primeiro golo pelo Casa Pia e n\u00e3o marcava desde 30 de dezembro de 2023 pelo Estoril. Est\u00e1 emprestado pelo Sp. Braga, j\u00e1 tinha sido cedido ao Gil Vicente na \u00e9poca passada, e soma oito jogos e 204 minutos pelo Casa Pia. O jogador internacional sub-21 portugu\u00eas pretende manter-se em forma para reconquistar a confian\u00e7a de \u00c1lvaro Pacheco na rece\u00e7\u00e3o ao Santa Clara, domingo, \u00e0s 18h00. O valor de mercado \u00e9 de 1,5 milh\u00f5es de euros segundo o Transfermarkt, e o contrato com o Sp. Braga vai at\u00e9 2029.","og_url":"https:\/\/portaltela.pt\/noticias\/2026\/04\/14\/joao-marques-apresenta-se-a-alvaro-pacheco\/","og_site_name":"Portal Tela Portugal","article_published_time":"2026-04-14T17:32:11+00:00","author":"Telinha","twitter_card":"summary_large_image","twitter_misc":{"Escrito por":"Telinha","Tempo estimado de leitura":"1 minuto"},"schema":{"@context":"https:\/\/schema.org","@graph":[{"@type":"Article","@id":"https:\/\/portaltela.pt\/noticias\/2026\/04\/14\/joao-marques-apresenta-se-a-alvaro-pacheco\/#article","isPartOf":{"@id":"https:\/\/portaltela.pt\/noticias\/2026\/04\/14\/joao-marques-apresenta-se-a-alvaro-pacheco\/"},"author":{"name":"Telinha","@id":"https:\/\/portaltela.pt\/#\/schema\/person\/c4278d4a6028830caff9ee44b42d32ed"},"headline":"Jo\u00e3o Marques apresenta-se a \u00c1lvaro Pacheco","datePublished":"2026-04-14T17:32:11+00:00","mainEntityOfPage":{"@id":"https:\/\/portaltela.pt\/noticias\/2026\/04\/14\/joao-marques-apresenta-se-a-alvaro-pacheco\/"},"wordCount":206,"image":{"@id":"https:\/\/portaltela.pt\/noticias\/2026\/04\/14\/joao-marques-apresenta-se-a-alvaro-pacheco\/#primaryimage"},"thumbnailUrl":"https:\/\/portaltela.pt\/s.01k8rhncp4jt1\/2026\/04\/img_920x518uu2026-01-28-20-57-52-2418061-im-639117862518776934.jpg","keywords":["Alverca","Casa Pia","empr\u00e9stimos","futebol","Santa Clara","Sp. Braga"],"articleSection":["Desporto","Futebol"],"inLanguage":"pt-PT"},{"@type":"WebPage","@id":"https:\/\/portaltela.pt\/noticias\/2026\/04\/14\/joao-marques-apresenta-se-a-alvaro-pacheco\/","url":"https:\/\/portaltela.pt\/noticias\/2026\/04\/14\/joao-marques-apresenta-se-a-alvaro-pacheco\/","name":"Jo\u00e3o Marques apresenta-se a \u00c1lvaro Pacheco - Portal Tela Portugal","isPartOf":{"@id":"https:\/\/portaltela.pt\/#website"},"primaryImageOfPage":{"@id":"https:\/\/portaltela.pt\/noticias\/2026\/04\/14\/joao-marques-apresenta-se-a-alvaro-pacheco\/#primaryimage"},"image":{"@id":"https:\/\/portaltela.pt\/noticias\/2026\/04\/14\/joao-marques-apresenta-se-a-alvaro-pacheco\/#primaryimage"},"thumbnailUrl":"https:\/\/portaltela.pt\/s.01k8rhncp4jt1\/2026\/04\/img_920x518uu2026-01-28-20-57-52-2418061-im-639117862518776934.jpg","datePublished":"2026-04-14T17:32:11+00:00","author":{"@id":"https:\/\/portaltela.pt\/#\/schema\/person\/c4278d4a6028830caff9ee44b42d32ed"},"breadcrumb":{"@id":"https:\/\/portaltela.pt\/noticias\/2026\/04\/14\/joao-marques-apresenta-se-a-alvaro-pacheco\/#breadcrumb"},"inLanguage":"pt-PT","potentialAction":[{"@type":"ReadAction","target":["https:\/\/portaltela.pt\/noticias\/2026\/04\/14\/joao-marques-apresenta-se-a-alvaro-pacheco\/"]}]},{"@type":"ImageObject","inLanguage":"pt-PT","@id":"https:\/\/portaltela.pt\/noticias\/2026\/04\/14\/joao-marques-apresenta-se-a-alvaro-pacheco\/#primaryimage","url":"https:\/\/portaltela.pt\/s.01k8rhncp4jt1\/2026\/04\/img_920x518uu2026-01-28-20-57-52-2418061-im-639117862518776934.jpg","contentUrl":"https:\/\/portaltela.pt\/s.01k8rhncp4jt1\/2026\/04\/img_920x518uu2026-01-28-20-57-52-2418061-im-639117862518776934.jpg","width":796,"height":448,"caption":"Jo\u00e3o Marques est\u00e1 emprestado pelo Sp. Braga"},{"@type":"BreadcrumbList","@id":"https:\/\/portaltela.pt\/noticias\/2026\/04\/14\/joao-marques-apresenta-se-a-alvaro-pacheco\/#breadcrumb","itemListElement":[{"@type":"ListItem","position":1,"name":"In\u00edcio","item":"https:\/\/portaltela.pt\/"},{"@type":"ListItem","position":2,"name":"Jo\u00e3o Marques apresenta-se a \u00c1lvaro Pacheco"}]},{"@type":"WebSite","@id":"https:\/\/portaltela.pt\/#website","url":"https:\/\/portaltela.pt\/","name":"Portal Tela Portugal","description":"","potentialAction":[{"@type":"SearchAction","target":{"@type":"EntryPoint","urlTemplate":"https:\/\/portaltela.pt\/?s={search_term_string}"},"query-input":{"@type":"PropertyValueSpecification","valueRequired":true,"valueName":"search_term_string"}}],"inLanguage":"pt-PT"},{"@type":"Person","@id":"https:\/\/portaltela.pt\/#\/schema\/person\/c4278d4a6028830caff9ee44b42d32ed","name":"Telinha","image":{"@type":"ImageObject","inLanguage":"pt-PT","@id":"https:\/\/portaltela.pt\/s.01k8rhncp4jt1\/2025\/11\/talking-bot-125x125.png","url":"https:\/\/portaltela.pt\/s.01k8rhncp4jt1\/2025\/11\/talking-bot-125x125.png","contentUrl":"https:\/\/portaltela.pt\/s.01k8rhncp4jt1\/2025\/11\/talking-bot-125x125.png","caption":"Telinha"},"sameAs":["https:\/\/portaltela.pt\/"],"url":"https:\/\/portaltela.pt\/por\/367410592786\/"}]}},"_links":{"self":[{"href":"https:\/\/portaltela.pt\/api\/wp\/v2\/posts\/444088","targetHints":{"allow":["GET"]}}],"collection":[{"href":"https:\/\/portaltela.pt\/api\/wp\/v2\/posts"}],"about":[{"href":"https:\/\/portaltela.pt\/api\/wp\/v2\/types\/post"}],"author":[{"embeddable":true,"href":"https:\/\/portaltela.pt\/api\/wp\/v2\/users\/2"}],"replies":[{"embeddable":true,"href":"https:\/\/portaltela.pt\/api\/wp\/v2\/comments?post=444088"}],"version-history":[{"count":0,"href":"https:\/\/portaltela.pt\/api\/wp\/v2\/posts\/444088\/revisions"}],"wp:featuredmedia":[{"embeddable":true,"href":"https:\/\/portaltela.pt\/api\/wp\/v2\/media\/444092"}],"wp:attachment":[{"href":"https:\/\/portaltela.pt\/api\/wp\/v2\/media?parent=444088"}],"wp:term":[{"taxonomy":"category","embeddable":true,"href":"https:\/\/portaltela.pt\/api\/wp\/v2\/categories?post=444088"},{"taxonomy":"post_tag","embeddable":true,"href":"https:\/\/portaltela.pt\/api\/wp\/v2\/tags?post=444088"}],"curies":[{"name":"wp","href":"https:\/\/api.w.org\/{rel}","templated":true}]}}