{"id":444054,"date":"2026-04-14T14:02:33","date_gmt":"2026-04-14T17:02:33","guid":{"rendered":"https:\/\/portaltela.pt\/noticias\/2026\/04\/14\/presidente-da-mag-do-vitoria-exige-anuncio-das-eleicoes-com-45-dias-de-antecedencia\/"},"modified":"2026-04-14T14:02:33","modified_gmt":"2026-04-14T17:02:33","slug":"presidente-da-mag-do-vitoria-exige-anuncio-das-eleicoes-com-45-dias-de-antecedencia","status":"publish","type":"post","link":"https:\/\/portaltela.pt\/desporto\/futebol\/2026\/04\/14\/presidente-da-mag-do-vitoria-exige-anuncio-das-eleicoes-com-45-dias-de-antecedencia\/","title":{"rendered":"Presidente da MAG do Vit\u00f3ria exige an\u00fancio das elei\u00e7\u00f5es com 45 dias de anteced\u00eancia"},"content":{"rendered":"<p>Ant\u00f3nio Miguel Cardoso anunciou publicamente a inten\u00e7\u00e3o de se demitir da presid\u00eancia do Vit\u00f3ria, na manh\u00e3 desta ter\u00e7a-feira, mas ainda n\u00e3o apresentou a demiss\u00e3o formal ao presidente da Mesa da Assembleia Geral, Jo\u00e3o Henrique Faria. O passo seguinte, de marca\u00e7\u00e3o das elei\u00e7\u00f5es, depende dessa comunica\u00e7\u00e3o.<\/p>\n<p>Jo\u00e3o Henrique Faria explicou \u00e0 Record que o seguimento do processo s\u00f3 pode ocorrer depois de receber o pedido de demiss\u00e3o dos \u00f3rg\u00e3os sociais. O l\u00edder do \u00f3rg\u00e3o deliberativo recordou ainda que, estatutariamente, as elei\u00e7\u00f5es devem ser marcadas com 45 dias de anteced\u00eancia.<\/p>\n<p>Habitualmente, as elei\u00e7\u00f5es do Vit\u00f3ria decorrem em mar\u00e7o, mas Faria classifica a situa\u00e7\u00e3o como excecional e afirma que deve ser tratada de forma correspondente nos termos estatut\u00e1rios.<\/p>\n","protected":false},"excerpt":{"rendered":"<ul>\n<li>Ant\u00f3nio Miguel Cardoso comunicou publicamente a inten\u00e7\u00e3o de se demitir da presid\u00eancia do Vit\u00f3ria, na manh\u00e3 de ter\u00e7a-feira, mas ainda n\u00e3o o fez oficialmente junto da Mesa da Assembleia Geral.<\/li>\n<li>O passo seguinte, que passa pela marca\u00e7\u00e3o das elei\u00e7\u00f5es, s\u00f3 poder\u00e1 ser tomado depois de concretizada a entrega do pedido de demiss\u00e3o dos \u00f3rg\u00e3os sociais, conforme explicou \u00e0 Record o presidente da MAG, Jo\u00e3o Henrique Faria.<\/li>\n<li>Statutariamente, as elei\u00e7\u00f5es t\u00eam de ser marcadas com quarenta e cinco dias de anteced\u00eancia ap\u00f3s a comunica\u00e7\u00e3o de demiss\u00e3o.<\/li>\n<li>Normalmente as elei\u00e7\u00f5es do Vit\u00f3ria decorrem no m\u00eas de mar\u00e7o, mas neste caso \u00e9 uma circunst\u00e2ncia excecional, a ser tratada segundo os termos estatut\u00e1rios.<\/li>\n<\/ul>\n","protected":false},"author":2,"featured_media":444060,"comment_status":"closed","ping_status":"closed","sticky":false,"template":"","format":"standard","meta":{"footnotes":""},"categories":[21,24],"tags":[152,68,32,399,30,2229],"class_list":["post-444054","post","type-post","status-publish","format-standard","has-post-thumbnail","hentry","category-desporto","category-futebol","tag-desporto","tag-eleicoes","tag-futebol","tag-organizacao-desportiva","tag-presidente","tag-vitoria-sc"],"yoast_head":"<!-- This site is optimized with the Yoast SEO plugin v27.2 - https:\/\/yoast.com\/product\/yoast-seo-wordpress\/ -->\n<title>Presidente da MAG do Vit\u00f3ria exige an\u00fancio das elei\u00e7\u00f5es com 45 dias de anteced\u00eancia - Portal Tela Portugal<\/title>\n<meta name=\"robots\" content=\"index, follow, max-snippet:-1, max-image-preview:large, max-video-preview:-1\" \/>\n<meta property=\"og:locale\" content=\"pt_PT\" \/>\n<meta property=\"og:type\" content=\"article\" \/>\n<meta property=\"og:title\" content=\"Presidente da MAG do Vit\u00f3ria exige an\u00fancio das elei\u00e7\u00f5es com 45 dias de anteced\u00eancia - Portal Tela Portugal\" \/>\n<meta property=\"og:description\" content=\"Ant\u00f3nio Miguel Cardoso comunicou publicamente a inten\u00e7\u00e3o de se demitir da presid\u00eancia do Vit\u00f3ria, na manh\u00e3 de ter\u00e7a-feira, mas ainda n\u00e3o o fez oficialmente junto da Mesa da Assembleia Geral. O passo seguinte, que passa pela marca\u00e7\u00e3o das elei\u00e7\u00f5es, s\u00f3 poder\u00e1 ser tomado depois de concretizada a entrega do pedido de demiss\u00e3o dos \u00f3rg\u00e3os sociais, conforme explicou \u00e0 Record o presidente da MAG, Jo\u00e3o Henrique Faria. Statutariamente, as elei\u00e7\u00f5es t\u00eam de ser marcadas com quarenta e cinco dias de anteced\u00eancia ap\u00f3s a comunica\u00e7\u00e3o de demiss\u00e3o. Normalmente as elei\u00e7\u00f5es do Vit\u00f3ria decorrem no m\u00eas de mar\u00e7o, mas neste caso \u00e9 uma circunst\u00e2ncia excecional, a ser tratada segundo os termos estatut\u00e1rios.\" \/>\n<meta property=\"og:url\" content=\"https:\/\/portaltela.pt\/noticias\/2026\/04\/14\/presidente-da-mag-do-vitoria-exige-anuncio-das-eleicoes-com-45-dias-de-antecedencia\/\" \/>\n<meta property=\"og:site_name\" content=\"Portal Tela Portugal\" \/>\n<meta property=\"article:published_time\" content=\"2026-04-14T17:02:33+00:00\" \/>\n<meta name=\"author\" content=\"Telinha\" \/>\n<meta name=\"twitter:card\" content=\"summary_large_image\" \/>\n<meta name=\"twitter:label1\" content=\"Escrito por\" \/>\n\t<meta name=\"twitter:data1\" content=\"Telinha\" \/>\n\t<meta name=\"twitter:label2\" content=\"Tempo estimado de leitura\" \/>\n\t<meta name=\"twitter:data2\" content=\"1 minuto\" \/>\n<script type=\"application\/ld+json\" class=\"yoast-schema-graph\">{\"@context\":\"https:\/\/schema.org\",\"@graph\":[{\"@type\":\"Article\",\"@id\":\"https:\/\/portaltela.pt\/noticias\/2026\/04\/14\/presidente-da-mag-do-vitoria-exige-anuncio-das-eleicoes-com-45-dias-de-antecedencia\/#article\",\"isPartOf\":{\"@id\":\"https:\/\/portaltela.pt\/noticias\/2026\/04\/14\/presidente-da-mag-do-vitoria-exige-anuncio-das-eleicoes-com-45-dias-de-antecedencia\/\"},\"author\":{\"name\":\"Telinha\",\"@id\":\"https:\/\/portaltela.pt\/#\/schema\/person\/c4278d4a6028830caff9ee44b42d32ed\"},\"headline\":\"Presidente da MAG do Vit\u00f3ria exige an\u00fancio das elei\u00e7\u00f5es com 45 dias de anteced\u00eancia\",\"datePublished\":\"2026-04-14T17:02:33+00:00\",\"mainEntityOfPage\":{\"@id\":\"https:\/\/portaltela.pt\/noticias\/2026\/04\/14\/presidente-da-mag-do-vitoria-exige-anuncio-das-eleicoes-com-45-dias-de-antecedencia\/\"},\"wordCount\":153,\"image\":{\"@id\":\"https:\/\/portaltela.pt\/noticias\/2026\/04\/14\/presidente-da-mag-do-vitoria-exige-anuncio-das-eleicoes-com-45-dias-de-antecedencia\/#primaryimage\"},\"thumbnailUrl\":\"https:\/\/portaltela.pt\/s.01k8rhncp4jt1\/2026\/04\/img_920x518uu2026-04-14-17-57-07-2432993.jpg\",\"keywords\":[\"desporto\",\"elei\u00e7\u00f5es\",\"futebol\",\"organiza\u00e7\u00e3o desportiva\",\"presidente\",\"Vit\u00f3ria SC\"],\"articleSection\":[\"Desporto\",\"Futebol\"],\"inLanguage\":\"pt-PT\"},{\"@type\":\"WebPage\",\"@id\":\"https:\/\/portaltela.pt\/noticias\/2026\/04\/14\/presidente-da-mag-do-vitoria-exige-anuncio-das-eleicoes-com-45-dias-de-antecedencia\/\",\"url\":\"https:\/\/portaltela.pt\/noticias\/2026\/04\/14\/presidente-da-mag-do-vitoria-exige-anuncio-das-eleicoes-com-45-dias-de-antecedencia\/\",\"name\":\"Presidente da MAG do Vit\u00f3ria exige an\u00fancio das elei\u00e7\u00f5es com 45 dias de anteced\u00eancia - Portal Tela Portugal\",\"isPartOf\":{\"@id\":\"https:\/\/portaltela.pt\/#website\"},\"primaryImageOfPage\":{\"@id\":\"https:\/\/portaltela.pt\/noticias\/2026\/04\/14\/presidente-da-mag-do-vitoria-exige-anuncio-das-eleicoes-com-45-dias-de-antecedencia\/#primaryimage\"},\"image\":{\"@id\":\"https:\/\/portaltela.pt\/noticias\/2026\/04\/14\/presidente-da-mag-do-vitoria-exige-anuncio-das-eleicoes-com-45-dias-de-antecedencia\/#primaryimage\"},\"thumbnailUrl\":\"https:\/\/portaltela.pt\/s.01k8rhncp4jt1\/2026\/04\/img_920x518uu2026-04-14-17-57-07-2432993.jpg\",\"datePublished\":\"2026-04-14T17:02:33+00:00\",\"author\":{\"@id\":\"https:\/\/portaltela.pt\/#\/schema\/person\/c4278d4a6028830caff9ee44b42d32ed\"},\"breadcrumb\":{\"@id\":\"https:\/\/portaltela.pt\/noticias\/2026\/04\/14\/presidente-da-mag-do-vitoria-exige-anuncio-das-eleicoes-com-45-dias-de-antecedencia\/#breadcrumb\"},\"inLanguage\":\"pt-PT\",\"potentialAction\":[{\"@type\":\"ReadAction\",\"target\":[\"https:\/\/portaltela.pt\/noticias\/2026\/04\/14\/presidente-da-mag-do-vitoria-exige-anuncio-das-eleicoes-com-45-dias-de-antecedencia\/\"]}]},{\"@type\":\"ImageObject\",\"inLanguage\":\"pt-PT\",\"@id\":\"https:\/\/portaltela.pt\/noticias\/2026\/04\/14\/presidente-da-mag-do-vitoria-exige-anuncio-das-eleicoes-com-45-dias-de-antecedencia\/#primaryimage\",\"url\":\"https:\/\/portaltela.pt\/s.01k8rhncp4jt1\/2026\/04\/img_920x518uu2026-04-14-17-57-07-2432993.jpg\",\"contentUrl\":\"https:\/\/portaltela.pt\/s.01k8rhncp4jt1\/2026\/04\/img_920x518uu2026-04-14-17-57-07-2432993.jpg\",\"width\":796,\"height\":448,\"caption\":\"Jo\u00e3o Henrique Faria (\u00e0 esq.) ao lado de Ant\u00f3nio Miguel Cardoso\"},{\"@type\":\"BreadcrumbList\",\"@id\":\"https:\/\/portaltela.pt\/noticias\/2026\/04\/14\/presidente-da-mag-do-vitoria-exige-anuncio-das-eleicoes-com-45-dias-de-antecedencia\/#breadcrumb\",\"itemListElement\":[{\"@type\":\"ListItem\",\"position\":1,\"name\":\"In\u00edcio\",\"item\":\"https:\/\/portaltela.pt\/\"},{\"@type\":\"ListItem\",\"position\":2,\"name\":\"Presidente da MAG do Vit\u00f3ria exige an\u00fancio das elei\u00e7\u00f5es com 45 dias de anteced\u00eancia\"}]},{\"@type\":\"WebSite\",\"@id\":\"https:\/\/portaltela.pt\/#website\",\"url\":\"https:\/\/portaltela.pt\/\",\"name\":\"Portal Tela Portugal\",\"description\":\"\",\"potentialAction\":[{\"@type\":\"SearchAction\",\"target\":{\"@type\":\"EntryPoint\",\"urlTemplate\":\"https:\/\/portaltela.pt\/?s={search_term_string}\"},\"query-input\":{\"@type\":\"PropertyValueSpecification\",\"valueRequired\":true,\"valueName\":\"search_term_string\"}}],\"inLanguage\":\"pt-PT\"},{\"@type\":\"Person\",\"@id\":\"https:\/\/portaltela.pt\/#\/schema\/person\/c4278d4a6028830caff9ee44b42d32ed\",\"name\":\"Telinha\",\"image\":{\"@type\":\"ImageObject\",\"inLanguage\":\"pt-PT\",\"@id\":\"https:\/\/portaltela.pt\/s.01k8rhncp4jt1\/2025\/11\/talking-bot-125x125.png\",\"url\":\"https:\/\/portaltela.pt\/s.01k8rhncp4jt1\/2025\/11\/talking-bot-125x125.png\",\"contentUrl\":\"https:\/\/portaltela.pt\/s.01k8rhncp4jt1\/2025\/11\/talking-bot-125x125.png\",\"caption\":\"Telinha\"},\"sameAs\":[\"https:\/\/portaltela.pt\/\"],\"url\":\"https:\/\/portaltela.pt\/por\/367410592786\/\"}]}<\/script>\n<!-- \/ Yoast SEO plugin. -->","yoast_head_json":{"title":"Presidente da MAG do Vit\u00f3ria exige an\u00fancio das elei\u00e7\u00f5es com 45 dias de anteced\u00eancia - Portal Tela Portugal","robots":{"index":"index","follow":"follow","max-snippet":"max-snippet:-1","max-image-preview":"max-image-preview:large","max-video-preview":"max-video-preview:-1"},"og_locale":"pt_PT","og_type":"article","og_title":"Presidente da MAG do Vit\u00f3ria exige an\u00fancio das elei\u00e7\u00f5es com 45 dias de anteced\u00eancia - Portal Tela Portugal","og_description":"Ant\u00f3nio Miguel Cardoso comunicou publicamente a inten\u00e7\u00e3o de se demitir da presid\u00eancia do Vit\u00f3ria, na manh\u00e3 de ter\u00e7a-feira, mas ainda n\u00e3o o fez oficialmente junto da Mesa da Assembleia Geral. O passo seguinte, que passa pela marca\u00e7\u00e3o das elei\u00e7\u00f5es, s\u00f3 poder\u00e1 ser tomado depois de concretizada a entrega do pedido de demiss\u00e3o dos \u00f3rg\u00e3os sociais, conforme explicou \u00e0 Record o presidente da MAG, Jo\u00e3o Henrique Faria. Statutariamente, as elei\u00e7\u00f5es t\u00eam de ser marcadas com quarenta e cinco dias de anteced\u00eancia ap\u00f3s a comunica\u00e7\u00e3o de demiss\u00e3o. Normalmente as elei\u00e7\u00f5es do Vit\u00f3ria decorrem no m\u00eas de mar\u00e7o, mas neste caso \u00e9 uma circunst\u00e2ncia excecional, a ser tratada segundo os termos estatut\u00e1rios.","og_url":"https:\/\/portaltela.pt\/noticias\/2026\/04\/14\/presidente-da-mag-do-vitoria-exige-anuncio-das-eleicoes-com-45-dias-de-antecedencia\/","og_site_name":"Portal Tela Portugal","article_published_time":"2026-04-14T17:02:33+00:00","author":"Telinha","twitter_card":"summary_large_image","twitter_misc":{"Escrito por":"Telinha","Tempo estimado de leitura":"1 minuto"},"schema":{"@context":"https:\/\/schema.org","@graph":[{"@type":"Article","@id":"https:\/\/portaltela.pt\/noticias\/2026\/04\/14\/presidente-da-mag-do-vitoria-exige-anuncio-das-eleicoes-com-45-dias-de-antecedencia\/#article","isPartOf":{"@id":"https:\/\/portaltela.pt\/noticias\/2026\/04\/14\/presidente-da-mag-do-vitoria-exige-anuncio-das-eleicoes-com-45-dias-de-antecedencia\/"},"author":{"name":"Telinha","@id":"https:\/\/portaltela.pt\/#\/schema\/person\/c4278d4a6028830caff9ee44b42d32ed"},"headline":"Presidente da MAG do Vit\u00f3ria exige an\u00fancio das elei\u00e7\u00f5es com 45 dias de anteced\u00eancia","datePublished":"2026-04-14T17:02:33+00:00","mainEntityOfPage":{"@id":"https:\/\/portaltela.pt\/noticias\/2026\/04\/14\/presidente-da-mag-do-vitoria-exige-anuncio-das-eleicoes-com-45-dias-de-antecedencia\/"},"wordCount":153,"image":{"@id":"https:\/\/portaltela.pt\/noticias\/2026\/04\/14\/presidente-da-mag-do-vitoria-exige-anuncio-das-eleicoes-com-45-dias-de-antecedencia\/#primaryimage"},"thumbnailUrl":"https:\/\/portaltela.pt\/s.01k8rhncp4jt1\/2026\/04\/img_920x518uu2026-04-14-17-57-07-2432993.jpg","keywords":["desporto","elei\u00e7\u00f5es","futebol","organiza\u00e7\u00e3o desportiva","presidente","Vit\u00f3ria SC"],"articleSection":["Desporto","Futebol"],"inLanguage":"pt-PT"},{"@type":"WebPage","@id":"https:\/\/portaltela.pt\/noticias\/2026\/04\/14\/presidente-da-mag-do-vitoria-exige-anuncio-das-eleicoes-com-45-dias-de-antecedencia\/","url":"https:\/\/portaltela.pt\/noticias\/2026\/04\/14\/presidente-da-mag-do-vitoria-exige-anuncio-das-eleicoes-com-45-dias-de-antecedencia\/","name":"Presidente da MAG do Vit\u00f3ria exige an\u00fancio das elei\u00e7\u00f5es com 45 dias de anteced\u00eancia - Portal Tela Portugal","isPartOf":{"@id":"https:\/\/portaltela.pt\/#website"},"primaryImageOfPage":{"@id":"https:\/\/portaltela.pt\/noticias\/2026\/04\/14\/presidente-da-mag-do-vitoria-exige-anuncio-das-eleicoes-com-45-dias-de-antecedencia\/#primaryimage"},"image":{"@id":"https:\/\/portaltela.pt\/noticias\/2026\/04\/14\/presidente-da-mag-do-vitoria-exige-anuncio-das-eleicoes-com-45-dias-de-antecedencia\/#primaryimage"},"thumbnailUrl":"https:\/\/portaltela.pt\/s.01k8rhncp4jt1\/2026\/04\/img_920x518uu2026-04-14-17-57-07-2432993.jpg","datePublished":"2026-04-14T17:02:33+00:00","author":{"@id":"https:\/\/portaltela.pt\/#\/schema\/person\/c4278d4a6028830caff9ee44b42d32ed"},"breadcrumb":{"@id":"https:\/\/portaltela.pt\/noticias\/2026\/04\/14\/presidente-da-mag-do-vitoria-exige-anuncio-das-eleicoes-com-45-dias-de-antecedencia\/#breadcrumb"},"inLanguage":"pt-PT","potentialAction":[{"@type":"ReadAction","target":["https:\/\/portaltela.pt\/noticias\/2026\/04\/14\/presidente-da-mag-do-vitoria-exige-anuncio-das-eleicoes-com-45-dias-de-antecedencia\/"]}]},{"@type":"ImageObject","inLanguage":"pt-PT","@id":"https:\/\/portaltela.pt\/noticias\/2026\/04\/14\/presidente-da-mag-do-vitoria-exige-anuncio-das-eleicoes-com-45-dias-de-antecedencia\/#primaryimage","url":"https:\/\/portaltela.pt\/s.01k8rhncp4jt1\/2026\/04\/img_920x518uu2026-04-14-17-57-07-2432993.jpg","contentUrl":"https:\/\/portaltela.pt\/s.01k8rhncp4jt1\/2026\/04\/img_920x518uu2026-04-14-17-57-07-2432993.jpg","width":796,"height":448,"caption":"Jo\u00e3o Henrique Faria (\u00e0 esq.) ao lado de Ant\u00f3nio Miguel Cardoso"},{"@type":"BreadcrumbList","@id":"https:\/\/portaltela.pt\/noticias\/2026\/04\/14\/presidente-da-mag-do-vitoria-exige-anuncio-das-eleicoes-com-45-dias-de-antecedencia\/#breadcrumb","itemListElement":[{"@type":"ListItem","position":1,"name":"In\u00edcio","item":"https:\/\/portaltela.pt\/"},{"@type":"ListItem","position":2,"name":"Presidente da MAG do Vit\u00f3ria exige an\u00fancio das elei\u00e7\u00f5es com 45 dias de anteced\u00eancia"}]},{"@type":"WebSite","@id":"https:\/\/portaltela.pt\/#website","url":"https:\/\/portaltela.pt\/","name":"Portal Tela Portugal","description":"","potentialAction":[{"@type":"SearchAction","target":{"@type":"EntryPoint","urlTemplate":"https:\/\/portaltela.pt\/?s={search_term_string}"},"query-input":{"@type":"PropertyValueSpecification","valueRequired":true,"valueName":"search_term_string"}}],"inLanguage":"pt-PT"},{"@type":"Person","@id":"https:\/\/portaltela.pt\/#\/schema\/person\/c4278d4a6028830caff9ee44b42d32ed","name":"Telinha","image":{"@type":"ImageObject","inLanguage":"pt-PT","@id":"https:\/\/portaltela.pt\/s.01k8rhncp4jt1\/2025\/11\/talking-bot-125x125.png","url":"https:\/\/portaltela.pt\/s.01k8rhncp4jt1\/2025\/11\/talking-bot-125x125.png","contentUrl":"https:\/\/portaltela.pt\/s.01k8rhncp4jt1\/2025\/11\/talking-bot-125x125.png","caption":"Telinha"},"sameAs":["https:\/\/portaltela.pt\/"],"url":"https:\/\/portaltela.pt\/por\/367410592786\/"}]}},"_links":{"self":[{"href":"https:\/\/portaltela.pt\/api\/wp\/v2\/posts\/444054","targetHints":{"allow":["GET"]}}],"collection":[{"href":"https:\/\/portaltela.pt\/api\/wp\/v2\/posts"}],"about":[{"href":"https:\/\/portaltela.pt\/api\/wp\/v2\/types\/post"}],"author":[{"embeddable":true,"href":"https:\/\/portaltela.pt\/api\/wp\/v2\/users\/2"}],"replies":[{"embeddable":true,"href":"https:\/\/portaltela.pt\/api\/wp\/v2\/comments?post=444054"}],"version-history":[{"count":0,"href":"https:\/\/portaltela.pt\/api\/wp\/v2\/posts\/444054\/revisions"}],"wp:featuredmedia":[{"embeddable":true,"href":"https:\/\/portaltela.pt\/api\/wp\/v2\/media\/444060"}],"wp:attachment":[{"href":"https:\/\/portaltela.pt\/api\/wp\/v2\/media?parent=444054"}],"wp:term":[{"taxonomy":"category","embeddable":true,"href":"https:\/\/portaltela.pt\/api\/wp\/v2\/categories?post=444054"},{"taxonomy":"post_tag","embeddable":true,"href":"https:\/\/portaltela.pt\/api\/wp\/v2\/tags?post=444054"}],"curies":[{"name":"wp","href":"https:\/\/api.w.org\/{rel}","templated":true}]}}