{"id":444042,"date":"2026-04-14T13:47:42","date_gmt":"2026-04-14T16:47:42","guid":{"rendered":"https:\/\/portaltela.pt\/noticias\/2026\/04\/14\/proposta-para-curso-de-medicina-na-universidade-de-evora-foi-novamente-chumbada\/"},"modified":"2026-04-14T13:47:42","modified_gmt":"2026-04-14T16:47:42","slug":"proposta-para-curso-de-medicina-na-universidade-de-evora-foi-novamente-chumbada","status":"publish","type":"post","link":"https:\/\/portaltela.pt\/sociedade\/2026\/04\/14\/proposta-para-curso-de-medicina-na-universidade-de-evora-foi-novamente-chumbada\/","title":{"rendered":"Proposta para curso de Medicina na Universidade de \u00c9vora foi novamente chumbada"},"content":{"rendered":"<p>A proposta para criar um Mestrado Integrado em Medicina na Universidade de \u00c9vora foi chumbada pela A3ES. A decis\u00e3o, publicada em fevereiro, aponta que o curso n\u00e3o cumpre plenamente crit\u00e9rios essenciais. A reitora afirma que as obje\u00e7\u00f5es est\u00e3o a ser tratadas e que h\u00e1 condi\u00e7\u00f5es para apresentar uma proposta ganhadora no futuro.<\/p>\n<p>A A3ES detala quatro motivos centrais: sustentabilidade incerta do programa, falta de recursos humanos qualificados e de infraestruturas, e instala\u00e7\u00f5es de simula\u00e7\u00e3o cl\u00ednica inadequadas. Ao incluir parecer da Ordem dos M\u00e9dicos, a ag\u00eancia refor\u00e7a a avalia\u00e7\u00e3o desfavor\u00e1vel ao ciclo.<\/p>\n<h3>Contexto recente<\/h3>\n<p>Este \u00e9 o segundo chumbos do mesmo projeto, com uma primeira recusa ocorrida pouco menos de um ano antes. A nova delibera\u00e7\u00e3o, de 25 de Fevereiro, baseia-se em pareceres da Comiss\u00e3o de Avalia\u00e7\u00e3o Externa e na posi\u00e7\u00e3o da OM. A federa\u00e7\u00e3o mundial de educa\u00e7\u00e3o m\u00e9dica tamb\u00e9m \u00e9 mencionada pela A3ES.<\/p>\n<h3>Recurso e decis\u00e3o do Conselho de Revis\u00e3o<\/h3>\n<p>Ap\u00f3s o chumbo, a Universidade de \u00c9vora apresentou recurso ao Conselho de Revis\u00e3o da A3ES. O \u00f3rg\u00e3o manteve a decis\u00e3o de n\u00e3o acredita\u00e7\u00e3o, sustentando que a aus\u00eancia de qualquer requisito legal impede a aprova\u00e7\u00e3o do ciclo de estudos.<\/p>\n<h3>Rea\u00e7\u00e3o da institui\u00e7\u00e3o<\/h3>\n<p>A reitora Herm\u00ednia Vasconcelos Vilar anunciou que as maiores obje\u00e7\u00f5es j\u00e1 est\u00e3o a ser resolvidas e manteve a ideia de apresentar uma proposta vencedora futuramente. Garantiu que algumas objec\u00e7\u00f5es foram levantadas sem fundamenta\u00e7\u00e3o adequada e que o processo permanece em curso para corrigir o que for necess\u00e1rio.<\/p>\n<h3>Perspectiva e infraestruturas<\/h3>\n<p>Vilar reconheceu a import\u00e2ncia da conclus\u00e3o de obras no Hospital Central do Alentejo, em \u00c9vora, mas afirmou que n\u00e3o \u00e9 condi\u00e7\u00e3o indispens\u00e1vel para avan\u00e7ar. Acrescentou que as Unidades Locais de Sa\u00fade (ULS) j\u00e1 atuam em conjunto com a universidade e que a abertura do hospital poder\u00e1 refor\u00e7ar o processo.<\/p>\n<h3>Desdobramentos futuros<\/h3>\n<p>A academia planeia rever o projeto, consolidar bases pedag\u00f3gicas e estruturar governan\u00e7a que integre ensino e investiga\u00e7\u00e3o. O objetivo \u00e9 submeter uma nova proposta que cumpra as exig\u00eancias da A3ES e da Federa\u00e7\u00e3o Mundial para a Educa\u00e7\u00e3o M\u00e9dica.<\/p>\n","protected":false},"excerpt":{"rendered":"<ul>\n<li>A proposta de cria\u00e7\u00e3o do curso de Mestrado Integrado em Medicina na Universidade de \u00c9vora foi chumbada pela Ag\u00eancia de Avalia\u00e7\u00e3o e Acredita\u00e7\u00e3o do Ensino Superior (A3ES) por n\u00e3o cumprir plenamente crit\u00e9rios essenciais.<\/li>\n<li>A decis\u00e3o aponta quatro aspetos-chave: sustentabilidade do programa incerta a curto e longo prazo, falta de recursos humanos qualificados e de infraestruturas, e instala\u00e7\u00f5es de simula\u00e7\u00e3o cl\u00ednica inadequadas.<\/li>\n<li>A reitora da Universidade de \u00c9vora qualificou as objec\u00e7\u00f5es como trat\u00e1veis e disse que a institui\u00e7\u00e3o pode apresentar uma proposta ganhadora no futuro; o Conselho de Revis\u00e3o da A3ES manteve a decis\u00e3o de n\u00e3o acredita\u00e7\u00e3o.<\/li>\n<li>A institui\u00e7\u00e3o j\u00e1 apresentou recurso, que foi rejeitado pelo Conselho de Revis\u00e3o da A3ES, mantendo a n\u00e3o acredita\u00e7\u00e3o do ciclo de estudos.<\/li>\n<li>A reitora afirmou que algumas obje\u00e7\u00f5es j\u00e1 est\u00e3o a ser tratadas e real\u00e7ou que, embora desej\u00e1vel, a conclus\u00e3o do Hospital Central do Alentejo n\u00e3o \u00e9 imprescind\u00edvel para avan\u00e7ar com o curso.<\/li>\n<\/ul>\n","protected":false},"author":2,"featured_media":444046,"comment_status":"closed","ping_status":"closed","sticky":false,"template":"","format":"standard","meta":{"footnotes":""},"categories":[1,6871],"tags":[8077,7858,163,7211,698,58],"class_list":["post-444042","post","type-post","status-publish","format-standard","has-post-thumbnail","hentry","category-noticias","category-sociedade","tag-_evora","tag-a3es","tag-educacao","tag-medicina","tag-ordem-dos-medicos","tag-universidades"],"yoast_head":"<!-- This site is optimized with the Yoast SEO plugin v27.2 - https:\/\/yoast.com\/product\/yoast-seo-wordpress\/ -->\n<title>Proposta para curso de Medicina na Universidade de \u00c9vora foi novamente chumbada - Portal Tela Portugal<\/title>\n<meta name=\"robots\" content=\"index, follow, max-snippet:-1, max-image-preview:large, max-video-preview:-1\" \/>\n<meta property=\"og:locale\" content=\"pt_PT\" \/>\n<meta property=\"og:type\" content=\"article\" \/>\n<meta property=\"og:title\" content=\"Proposta para curso de Medicina na Universidade de \u00c9vora foi novamente chumbada - Portal Tela Portugal\" \/>\n<meta property=\"og:description\" content=\"A proposta de cria\u00e7\u00e3o do curso de Mestrado Integrado em Medicina na Universidade de \u00c9vora foi chumbada pela Ag\u00eancia de Avalia\u00e7\u00e3o e Acredita\u00e7\u00e3o do Ensino Superior (A3ES) por n\u00e3o cumprir plenamente crit\u00e9rios essenciais. A decis\u00e3o aponta quatro aspetos-chave: sustentabilidade do programa incerta a curto e longo prazo, falta de recursos humanos qualificados e de infraestruturas, e instala\u00e7\u00f5es de simula\u00e7\u00e3o cl\u00ednica inadequadas. A reitora da Universidade de \u00c9vora qualificou as objec\u00e7\u00f5es como trat\u00e1veis e disse que a institui\u00e7\u00e3o pode apresentar uma proposta ganhadora no futuro; o Conselho de Revis\u00e3o da A3ES manteve a decis\u00e3o de n\u00e3o acredita\u00e7\u00e3o. A institui\u00e7\u00e3o j\u00e1 apresentou recurso, que foi rejeitado pelo Conselho de Revis\u00e3o da A3ES, mantendo a n\u00e3o acredita\u00e7\u00e3o do ciclo de estudos. A reitora afirmou que algumas obje\u00e7\u00f5es j\u00e1 est\u00e3o a ser tratadas e real\u00e7ou que, embora desej\u00e1vel, a conclus\u00e3o do Hospital Central do Alentejo n\u00e3o \u00e9 imprescind\u00edvel para avan\u00e7ar com o curso.\" \/>\n<meta property=\"og:url\" content=\"https:\/\/portaltela.pt\/noticias\/2026\/04\/14\/proposta-para-curso-de-medicina-na-universidade-de-evora-foi-novamente-chumbada\/\" \/>\n<meta property=\"og:site_name\" content=\"Portal Tela Portugal\" \/>\n<meta property=\"article:published_time\" content=\"2026-04-14T16:47:42+00:00\" \/>\n<meta name=\"author\" content=\"Telinha\" \/>\n<meta name=\"twitter:card\" content=\"summary_large_image\" \/>\n<meta name=\"twitter:label1\" content=\"Escrito por\" \/>\n\t<meta name=\"twitter:data1\" content=\"Telinha\" \/>\n\t<meta name=\"twitter:label2\" content=\"Tempo estimado de leitura\" \/>\n\t<meta name=\"twitter:data2\" content=\"2 minutos\" \/>\n<script type=\"application\/ld+json\" class=\"yoast-schema-graph\">{\"@context\":\"https:\/\/schema.org\",\"@graph\":[{\"@type\":\"Article\",\"@id\":\"https:\/\/portaltela.pt\/noticias\/2026\/04\/14\/proposta-para-curso-de-medicina-na-universidade-de-evora-foi-novamente-chumbada\/#article\",\"isPartOf\":{\"@id\":\"https:\/\/portaltela.pt\/noticias\/2026\/04\/14\/proposta-para-curso-de-medicina-na-universidade-de-evora-foi-novamente-chumbada\/\"},\"author\":{\"name\":\"Telinha\",\"@id\":\"https:\/\/portaltela.pt\/#\/schema\/person\/c4278d4a6028830caff9ee44b42d32ed\"},\"headline\":\"Proposta para curso de Medicina na Universidade de \u00c9vora foi novamente chumbada\",\"datePublished\":\"2026-04-14T16:47:42+00:00\",\"mainEntityOfPage\":{\"@id\":\"https:\/\/portaltela.pt\/noticias\/2026\/04\/14\/proposta-para-curso-de-medicina-na-universidade-de-evora-foi-novamente-chumbada\/\"},\"wordCount\":397,\"image\":{\"@id\":\"https:\/\/portaltela.pt\/noticias\/2026\/04\/14\/proposta-para-curso-de-medicina-na-universidade-de-evora-foi-novamente-chumbada\/#primaryimage\"},\"thumbnailUrl\":\"https:\/\/portaltela.pt\/s.01k8rhncp4jt1\/2026\/04\/2081259.jpg\",\"keywords\":[\"_\u00c9vora\",\"A3ES\",\"educa\u00e7\u00e3o\",\"medicina\",\"Ordem dos M\u00e9dicos\",\"universidades\"],\"articleSection\":[\"Not\u00edcias\",\"Sociedade\"],\"inLanguage\":\"pt-PT\"},{\"@type\":\"WebPage\",\"@id\":\"https:\/\/portaltela.pt\/noticias\/2026\/04\/14\/proposta-para-curso-de-medicina-na-universidade-de-evora-foi-novamente-chumbada\/\",\"url\":\"https:\/\/portaltela.pt\/noticias\/2026\/04\/14\/proposta-para-curso-de-medicina-na-universidade-de-evora-foi-novamente-chumbada\/\",\"name\":\"Proposta para curso de Medicina na Universidade de \u00c9vora foi novamente chumbada - Portal Tela Portugal\",\"isPartOf\":{\"@id\":\"https:\/\/portaltela.pt\/#website\"},\"primaryImageOfPage\":{\"@id\":\"https:\/\/portaltela.pt\/noticias\/2026\/04\/14\/proposta-para-curso-de-medicina-na-universidade-de-evora-foi-novamente-chumbada\/#primaryimage\"},\"image\":{\"@id\":\"https:\/\/portaltela.pt\/noticias\/2026\/04\/14\/proposta-para-curso-de-medicina-na-universidade-de-evora-foi-novamente-chumbada\/#primaryimage\"},\"thumbnailUrl\":\"https:\/\/portaltela.pt\/s.01k8rhncp4jt1\/2026\/04\/2081259.jpg\",\"datePublished\":\"2026-04-14T16:47:42+00:00\",\"author\":{\"@id\":\"https:\/\/portaltela.pt\/#\/schema\/person\/c4278d4a6028830caff9ee44b42d32ed\"},\"breadcrumb\":{\"@id\":\"https:\/\/portaltela.pt\/noticias\/2026\/04\/14\/proposta-para-curso-de-medicina-na-universidade-de-evora-foi-novamente-chumbada\/#breadcrumb\"},\"inLanguage\":\"pt-PT\",\"potentialAction\":[{\"@type\":\"ReadAction\",\"target\":[\"https:\/\/portaltela.pt\/noticias\/2026\/04\/14\/proposta-para-curso-de-medicina-na-universidade-de-evora-foi-novamente-chumbada\/\"]}]},{\"@type\":\"ImageObject\",\"inLanguage\":\"pt-PT\",\"@id\":\"https:\/\/portaltela.pt\/noticias\/2026\/04\/14\/proposta-para-curso-de-medicina-na-universidade-de-evora-foi-novamente-chumbada\/#primaryimage\",\"url\":\"https:\/\/portaltela.pt\/s.01k8rhncp4jt1\/2026\/04\/2081259.jpg\",\"contentUrl\":\"https:\/\/portaltela.pt\/s.01k8rhncp4jt1\/2026\/04\/2081259.jpg\",\"width\":796,\"height\":448,\"caption\":\"A decis\u00e3o sobre este processo passar\u00e9 para a pr\u00f3xima reitoria da U\u00c9, que ser\u00e1 liderada por Ant\u00f3nio Candeias, cuja tomada de posse est\u00e1 prevista para 11 de Maio\"},{\"@type\":\"BreadcrumbList\",\"@id\":\"https:\/\/portaltela.pt\/noticias\/2026\/04\/14\/proposta-para-curso-de-medicina-na-universidade-de-evora-foi-novamente-chumbada\/#breadcrumb\",\"itemListElement\":[{\"@type\":\"ListItem\",\"position\":1,\"name\":\"In\u00edcio\",\"item\":\"https:\/\/portaltela.pt\/\"},{\"@type\":\"ListItem\",\"position\":2,\"name\":\"Proposta para curso de Medicina na Universidade de \u00c9vora foi novamente chumbada\"}]},{\"@type\":\"WebSite\",\"@id\":\"https:\/\/portaltela.pt\/#website\",\"url\":\"https:\/\/portaltela.pt\/\",\"name\":\"Portal Tela Portugal\",\"description\":\"\",\"potentialAction\":[{\"@type\":\"SearchAction\",\"target\":{\"@type\":\"EntryPoint\",\"urlTemplate\":\"https:\/\/portaltela.pt\/?s={search_term_string}\"},\"query-input\":{\"@type\":\"PropertyValueSpecification\",\"valueRequired\":true,\"valueName\":\"search_term_string\"}}],\"inLanguage\":\"pt-PT\"},{\"@type\":\"Person\",\"@id\":\"https:\/\/portaltela.pt\/#\/schema\/person\/c4278d4a6028830caff9ee44b42d32ed\",\"name\":\"Telinha\",\"image\":{\"@type\":\"ImageObject\",\"inLanguage\":\"pt-PT\",\"@id\":\"https:\/\/portaltela.pt\/s.01k8rhncp4jt1\/2025\/11\/talking-bot-125x125.png\",\"url\":\"https:\/\/portaltela.pt\/s.01k8rhncp4jt1\/2025\/11\/talking-bot-125x125.png\",\"contentUrl\":\"https:\/\/portaltela.pt\/s.01k8rhncp4jt1\/2025\/11\/talking-bot-125x125.png\",\"caption\":\"Telinha\"},\"sameAs\":[\"https:\/\/portaltela.pt\/\"],\"url\":\"https:\/\/portaltela.pt\/por\/367410592786\/\"}]}<\/script>\n<!-- \/ Yoast SEO plugin. -->","yoast_head_json":{"title":"Proposta para curso de Medicina na Universidade de \u00c9vora foi novamente chumbada - Portal Tela Portugal","robots":{"index":"index","follow":"follow","max-snippet":"max-snippet:-1","max-image-preview":"max-image-preview:large","max-video-preview":"max-video-preview:-1"},"og_locale":"pt_PT","og_type":"article","og_title":"Proposta para curso de Medicina na Universidade de \u00c9vora foi novamente chumbada - Portal Tela Portugal","og_description":"A proposta de cria\u00e7\u00e3o do curso de Mestrado Integrado em Medicina na Universidade de \u00c9vora foi chumbada pela Ag\u00eancia de Avalia\u00e7\u00e3o e Acredita\u00e7\u00e3o do Ensino Superior (A3ES) por n\u00e3o cumprir plenamente crit\u00e9rios essenciais. A decis\u00e3o aponta quatro aspetos-chave: sustentabilidade do programa incerta a curto e longo prazo, falta de recursos humanos qualificados e de infraestruturas, e instala\u00e7\u00f5es de simula\u00e7\u00e3o cl\u00ednica inadequadas. A reitora da Universidade de \u00c9vora qualificou as objec\u00e7\u00f5es como trat\u00e1veis e disse que a institui\u00e7\u00e3o pode apresentar uma proposta ganhadora no futuro; o Conselho de Revis\u00e3o da A3ES manteve a decis\u00e3o de n\u00e3o acredita\u00e7\u00e3o. A institui\u00e7\u00e3o j\u00e1 apresentou recurso, que foi rejeitado pelo Conselho de Revis\u00e3o da A3ES, mantendo a n\u00e3o acredita\u00e7\u00e3o do ciclo de estudos. A reitora afirmou que algumas obje\u00e7\u00f5es j\u00e1 est\u00e3o a ser tratadas e real\u00e7ou que, embora desej\u00e1vel, a conclus\u00e3o do Hospital Central do Alentejo n\u00e3o \u00e9 imprescind\u00edvel para avan\u00e7ar com o curso.","og_url":"https:\/\/portaltela.pt\/noticias\/2026\/04\/14\/proposta-para-curso-de-medicina-na-universidade-de-evora-foi-novamente-chumbada\/","og_site_name":"Portal Tela Portugal","article_published_time":"2026-04-14T16:47:42+00:00","author":"Telinha","twitter_card":"summary_large_image","twitter_misc":{"Escrito por":"Telinha","Tempo estimado de leitura":"2 minutos"},"schema":{"@context":"https:\/\/schema.org","@graph":[{"@type":"Article","@id":"https:\/\/portaltela.pt\/noticias\/2026\/04\/14\/proposta-para-curso-de-medicina-na-universidade-de-evora-foi-novamente-chumbada\/#article","isPartOf":{"@id":"https:\/\/portaltela.pt\/noticias\/2026\/04\/14\/proposta-para-curso-de-medicina-na-universidade-de-evora-foi-novamente-chumbada\/"},"author":{"name":"Telinha","@id":"https:\/\/portaltela.pt\/#\/schema\/person\/c4278d4a6028830caff9ee44b42d32ed"},"headline":"Proposta para curso de Medicina na Universidade de \u00c9vora foi novamente chumbada","datePublished":"2026-04-14T16:47:42+00:00","mainEntityOfPage":{"@id":"https:\/\/portaltela.pt\/noticias\/2026\/04\/14\/proposta-para-curso-de-medicina-na-universidade-de-evora-foi-novamente-chumbada\/"},"wordCount":397,"image":{"@id":"https:\/\/portaltela.pt\/noticias\/2026\/04\/14\/proposta-para-curso-de-medicina-na-universidade-de-evora-foi-novamente-chumbada\/#primaryimage"},"thumbnailUrl":"https:\/\/portaltela.pt\/s.01k8rhncp4jt1\/2026\/04\/2081259.jpg","keywords":["_\u00c9vora","A3ES","educa\u00e7\u00e3o","medicina","Ordem dos M\u00e9dicos","universidades"],"articleSection":["Not\u00edcias","Sociedade"],"inLanguage":"pt-PT"},{"@type":"WebPage","@id":"https:\/\/portaltela.pt\/noticias\/2026\/04\/14\/proposta-para-curso-de-medicina-na-universidade-de-evora-foi-novamente-chumbada\/","url":"https:\/\/portaltela.pt\/noticias\/2026\/04\/14\/proposta-para-curso-de-medicina-na-universidade-de-evora-foi-novamente-chumbada\/","name":"Proposta para curso de Medicina na Universidade de \u00c9vora foi novamente chumbada - Portal Tela Portugal","isPartOf":{"@id":"https:\/\/portaltela.pt\/#website"},"primaryImageOfPage":{"@id":"https:\/\/portaltela.pt\/noticias\/2026\/04\/14\/proposta-para-curso-de-medicina-na-universidade-de-evora-foi-novamente-chumbada\/#primaryimage"},"image":{"@id":"https:\/\/portaltela.pt\/noticias\/2026\/04\/14\/proposta-para-curso-de-medicina-na-universidade-de-evora-foi-novamente-chumbada\/#primaryimage"},"thumbnailUrl":"https:\/\/portaltela.pt\/s.01k8rhncp4jt1\/2026\/04\/2081259.jpg","datePublished":"2026-04-14T16:47:42+00:00","author":{"@id":"https:\/\/portaltela.pt\/#\/schema\/person\/c4278d4a6028830caff9ee44b42d32ed"},"breadcrumb":{"@id":"https:\/\/portaltela.pt\/noticias\/2026\/04\/14\/proposta-para-curso-de-medicina-na-universidade-de-evora-foi-novamente-chumbada\/#breadcrumb"},"inLanguage":"pt-PT","potentialAction":[{"@type":"ReadAction","target":["https:\/\/portaltela.pt\/noticias\/2026\/04\/14\/proposta-para-curso-de-medicina-na-universidade-de-evora-foi-novamente-chumbada\/"]}]},{"@type":"ImageObject","inLanguage":"pt-PT","@id":"https:\/\/portaltela.pt\/noticias\/2026\/04\/14\/proposta-para-curso-de-medicina-na-universidade-de-evora-foi-novamente-chumbada\/#primaryimage","url":"https:\/\/portaltela.pt\/s.01k8rhncp4jt1\/2026\/04\/2081259.jpg","contentUrl":"https:\/\/portaltela.pt\/s.01k8rhncp4jt1\/2026\/04\/2081259.jpg","width":796,"height":448,"caption":"A decis\u00e3o sobre este processo passar\u00e9 para a pr\u00f3xima reitoria da U\u00c9, que ser\u00e1 liderada por Ant\u00f3nio Candeias, cuja tomada de posse est\u00e1 prevista para 11 de Maio"},{"@type":"BreadcrumbList","@id":"https:\/\/portaltela.pt\/noticias\/2026\/04\/14\/proposta-para-curso-de-medicina-na-universidade-de-evora-foi-novamente-chumbada\/#breadcrumb","itemListElement":[{"@type":"ListItem","position":1,"name":"In\u00edcio","item":"https:\/\/portaltela.pt\/"},{"@type":"ListItem","position":2,"name":"Proposta para curso de Medicina na Universidade de \u00c9vora foi novamente chumbada"}]},{"@type":"WebSite","@id":"https:\/\/portaltela.pt\/#website","url":"https:\/\/portaltela.pt\/","name":"Portal Tela Portugal","description":"","potentialAction":[{"@type":"SearchAction","target":{"@type":"EntryPoint","urlTemplate":"https:\/\/portaltela.pt\/?s={search_term_string}"},"query-input":{"@type":"PropertyValueSpecification","valueRequired":true,"valueName":"search_term_string"}}],"inLanguage":"pt-PT"},{"@type":"Person","@id":"https:\/\/portaltela.pt\/#\/schema\/person\/c4278d4a6028830caff9ee44b42d32ed","name":"Telinha","image":{"@type":"ImageObject","inLanguage":"pt-PT","@id":"https:\/\/portaltela.pt\/s.01k8rhncp4jt1\/2025\/11\/talking-bot-125x125.png","url":"https:\/\/portaltela.pt\/s.01k8rhncp4jt1\/2025\/11\/talking-bot-125x125.png","contentUrl":"https:\/\/portaltela.pt\/s.01k8rhncp4jt1\/2025\/11\/talking-bot-125x125.png","caption":"Telinha"},"sameAs":["https:\/\/portaltela.pt\/"],"url":"https:\/\/portaltela.pt\/por\/367410592786\/"}]}},"_links":{"self":[{"href":"https:\/\/portaltela.pt\/api\/wp\/v2\/posts\/444042","targetHints":{"allow":["GET"]}}],"collection":[{"href":"https:\/\/portaltela.pt\/api\/wp\/v2\/posts"}],"about":[{"href":"https:\/\/portaltela.pt\/api\/wp\/v2\/types\/post"}],"author":[{"embeddable":true,"href":"https:\/\/portaltela.pt\/api\/wp\/v2\/users\/2"}],"replies":[{"embeddable":true,"href":"https:\/\/portaltela.pt\/api\/wp\/v2\/comments?post=444042"}],"version-history":[{"count":0,"href":"https:\/\/portaltela.pt\/api\/wp\/v2\/posts\/444042\/revisions"}],"wp:featuredmedia":[{"embeddable":true,"href":"https:\/\/portaltela.pt\/api\/wp\/v2\/media\/444046"}],"wp:attachment":[{"href":"https:\/\/portaltela.pt\/api\/wp\/v2\/media?parent=444042"}],"wp:term":[{"taxonomy":"category","embeddable":true,"href":"https:\/\/portaltela.pt\/api\/wp\/v2\/categories?post=444042"},{"taxonomy":"post_tag","embeddable":true,"href":"https:\/\/portaltela.pt\/api\/wp\/v2\/tags?post=444042"}],"curies":[{"name":"wp","href":"https:\/\/api.w.org\/{rel}","templated":true}]}}