{"id":444034,"date":"2026-04-14T13:47:30","date_gmt":"2026-04-14T16:47:30","guid":{"rendered":"https:\/\/portaltela.pt\/noticias\/2026\/04\/14\/max-scholze-da-3-a-divisao-ao-confronto-com-o-sporting\/"},"modified":"2026-04-14T13:47:30","modified_gmt":"2026-04-14T16:47:30","slug":"max-scholze-da-3-a-divisao-ao-confronto-com-o-sporting","status":"publish","type":"post","link":"https:\/\/portaltela.pt\/desporto\/futebol\/2026\/04\/14\/max-scholze-da-3-a-divisao-ao-confronto-com-o-sporting\/","title":{"rendered":"Max Scholze: da 3.\u00aa divis\u00e3o ao confronto com o Sporting"},"content":{"rendered":"<p>Max Scholze, defesa-direito alem\u00e3o de 20 anos, tem cinco meses de v\u00ednculo com o Estrela Amadora e soma sete jogos pela equipa. Em entrevista ao Transfermarkt, o jogador partilhou as diferen\u00e7as entre a terceira divis\u00e3o alem\u00e3 e a Primeira Liga portuguesa.<\/p>\n<p>O atleta, formado no Bayern, descreveu o treino no Estrela como mais intenso do que no seu passado. A prepara\u00e7\u00e3o f\u00edsica ganhou destaque, com mais work on gym e treinos de velocidade. A adapta\u00e7\u00e3o iniciou-se h\u00e1 cerca de duas semanas, e o rendimento ganhou consist\u00eancia desde ent\u00e3o.<\/p>\n<p>A mudan\u00e7a para a Reboleira aconteceu no mercado de janeiro, ap\u00f3s transfer\u00eancia do SSV Ulm 1846. Scholze explicou que foi uma decis\u00e3o tomada de forma r\u00e1pida, motivada pelo desafio e pela oportunidade de evoluir num campeonato competitivo.<\/p>\n<h3>Adapta\u00e7\u00e3o ao Estrela<\/h3>\n<p>O jogador afirmou que o processo de ajustamento foi r\u00e1pido ap\u00f3s as conversas positivas com o clube. Encarou o novo ciclo como uma fase de aprendizagem e mostrou-se confiante na capacidade da equipa para evoluir com o tempo.<\/p>\n<p>A estreia na Liga teve um momento marcante contra o Sporting, no d\u00e9rbi discutido. O Estrela acabou por perder por 1-0, com o lance decisivo a depender de um golo de Daniel Bragan\u00e7a, o que n\u00e3o retirou o entusiasmo do defesa sobre a experi\u00eancia.<\/p>\n<h3>Perspetivas e objetivos<\/h3>\n<p>Scholze destacou a ambi\u00e7\u00e3o de manter o Estrela na Primeira Liga, olhando cada jogo como uma final. Com jogos frente a FC Porto e Sp. Braga pela frente, o jogador sublinhou o esfor\u00e7o necess\u00e1rio para enfrentar equipas de topo.<\/p>\n<p>No plano pessoal, refor\u00e7ou o compromisso com o clube e ouviu o feedback positivo de adapta\u00e7\u00e3o. A viver em Lisboa, o jovem afirmou que a cidade tem sido uma experi\u00eancia fant\u00e1stica e que est\u00e1 a aprender portugu\u00eas.<\/p>\n","protected":false},"excerpt":{"rendered":"<ul>\n<li>Max Scholze, defesa-direito alem\u00e3o de 20 anos, joga pelo Estrela da Amadora e soma sete jogos na equipa.<\/li>\n<li>Transferiu-se em janeiro do SSV Ulm 1846, da terceira divis\u00e3o alem\u00e3, para o Estrela da Amadora; o v\u00ednculo tem sido marcado por adapta\u00e7\u00e3o a um treino mais intenso e foco f\u00edsico.<\/li>\n<li>Descreveu a experi\u00eancia de enfrentar o Sporting no d\u00e9rbi, em que a equipa venceu por 1-0, destacando a atmosfera e o impulso que o ambiente proporciona.<\/li>\n<li>Falou sobre a mudan\u00e7a para a Reboleira em janeiro, reconhecendo inicialmente a incerteza, mas mantendo entusiasmo pelo desafio e satisfa\u00e7\u00e3o com a transfer\u00eancia.<\/li>\n<li>Refor\u00e7ou o objetivo de manter o Estrela na Primeira Liga, dizendo que cada jogo \u00e9 uma final, e mencionou estar a aprender portugu\u00eas e a apreciar viver em Lisboa.<\/li>\n<\/ul>\n","protected":false},"author":2,"featured_media":444037,"comment_status":"closed","ping_status":"closed","sticky":false,"template":"","format":"standard","meta":{"footnotes":""},"categories":[21,24],"tags":[4059,6311,2304,32,1652,2050],"class_list":["post-444034","post","type-post","status-publish","format-standard","has-post-thumbnail","hentry","category-desporto","category-futebol","tag-1-a-liga","tag-alemaes","tag-estrela-amadora","tag-futebol","tag-sporting","tag-transferencias"],"yoast_head":"<!-- This site is optimized with the Yoast SEO plugin v27.2 - https:\/\/yoast.com\/product\/yoast-seo-wordpress\/ -->\n<title>Max Scholze: da 3.\u00aa divis\u00e3o ao confronto com o Sporting - Portal Tela Portugal<\/title>\n<meta name=\"robots\" content=\"index, follow, max-snippet:-1, max-image-preview:large, max-video-preview:-1\" \/>\n<meta property=\"og:locale\" content=\"pt_PT\" \/>\n<meta property=\"og:type\" content=\"article\" \/>\n<meta property=\"og:title\" content=\"Max Scholze: da 3.\u00aa divis\u00e3o ao confronto com o Sporting - Portal Tela Portugal\" \/>\n<meta property=\"og:description\" content=\"Max Scholze, defesa-direito alem\u00e3o de 20 anos, joga pelo Estrela da Amadora e soma sete jogos na equipa. Transferiu-se em janeiro do SSV Ulm 1846, da terceira divis\u00e3o alem\u00e3, para o Estrela da Amadora; o v\u00ednculo tem sido marcado por adapta\u00e7\u00e3o a um treino mais intenso e foco f\u00edsico. Descreveu a experi\u00eancia de enfrentar o Sporting no d\u00e9rbi, em que a equipa venceu por 1-0, destacando a atmosfera e o impulso que o ambiente proporciona. Falou sobre a mudan\u00e7a para a Reboleira em janeiro, reconhecendo inicialmente a incerteza, mas mantendo entusiasmo pelo desafio e satisfa\u00e7\u00e3o com a transfer\u00eancia. Refor\u00e7ou o objetivo de manter o Estrela na Primeira Liga, dizendo que cada jogo \u00e9 uma final, e mencionou estar a aprender portugu\u00eas e a apreciar viver em Lisboa.\" \/>\n<meta property=\"og:url\" content=\"https:\/\/portaltela.pt\/noticias\/2026\/04\/14\/max-scholze-da-3-a-divisao-ao-confronto-com-o-sporting\/\" \/>\n<meta property=\"og:site_name\" content=\"Portal Tela Portugal\" \/>\n<meta property=\"article:published_time\" content=\"2026-04-14T16:47:30+00:00\" \/>\n<meta name=\"author\" content=\"Telinha\" \/>\n<meta name=\"twitter:card\" content=\"summary_large_image\" \/>\n<meta name=\"twitter:label1\" content=\"Escrito por\" \/>\n\t<meta name=\"twitter:data1\" content=\"Telinha\" \/>\n\t<meta name=\"twitter:label2\" content=\"Tempo estimado de leitura\" \/>\n\t<meta name=\"twitter:data2\" content=\"2 minutos\" \/>\n<script type=\"application\/ld+json\" class=\"yoast-schema-graph\">{\"@context\":\"https:\/\/schema.org\",\"@graph\":[{\"@type\":\"Article\",\"@id\":\"https:\/\/portaltela.pt\/noticias\/2026\/04\/14\/max-scholze-da-3-a-divisao-ao-confronto-com-o-sporting\/#article\",\"isPartOf\":{\"@id\":\"https:\/\/portaltela.pt\/noticias\/2026\/04\/14\/max-scholze-da-3-a-divisao-ao-confronto-com-o-sporting\/\"},\"author\":{\"name\":\"Telinha\",\"@id\":\"https:\/\/portaltela.pt\/#\/schema\/person\/c4278d4a6028830caff9ee44b42d32ed\"},\"headline\":\"Max Scholze: da 3.\u00aa divis\u00e3o ao confronto com o Sporting\",\"datePublished\":\"2026-04-14T16:47:30+00:00\",\"mainEntityOfPage\":{\"@id\":\"https:\/\/portaltela.pt\/noticias\/2026\/04\/14\/max-scholze-da-3-a-divisao-ao-confronto-com-o-sporting\/\"},\"wordCount\":326,\"image\":{\"@id\":\"https:\/\/portaltela.pt\/noticias\/2026\/04\/14\/max-scholze-da-3-a-divisao-ao-confronto-com-o-sporting\/#primaryimage\"},\"thumbnailUrl\":\"https:\/\/portaltela.pt\/s.01k8rhncp4jt1\/2026\/04\/img_920x518uu2026-03-13-16-18-26-2426698-im-639117839949681375.jpg\",\"keywords\":[\"1.\u00aa Liga\",\"alem\u00e3es\",\"Estrela Amadora\",\"futebol\",\"Sporting\",\"transfer\u00eancias\"],\"articleSection\":[\"Desporto\",\"Futebol\"],\"inLanguage\":\"pt-PT\"},{\"@type\":\"WebPage\",\"@id\":\"https:\/\/portaltela.pt\/noticias\/2026\/04\/14\/max-scholze-da-3-a-divisao-ao-confronto-com-o-sporting\/\",\"url\":\"https:\/\/portaltela.pt\/noticias\/2026\/04\/14\/max-scholze-da-3-a-divisao-ao-confronto-com-o-sporting\/\",\"name\":\"Max Scholze: da 3.\u00aa divis\u00e3o ao confronto com o Sporting - Portal Tela Portugal\",\"isPartOf\":{\"@id\":\"https:\/\/portaltela.pt\/#website\"},\"primaryImageOfPage\":{\"@id\":\"https:\/\/portaltela.pt\/noticias\/2026\/04\/14\/max-scholze-da-3-a-divisao-ao-confronto-com-o-sporting\/#primaryimage\"},\"image\":{\"@id\":\"https:\/\/portaltela.pt\/noticias\/2026\/04\/14\/max-scholze-da-3-a-divisao-ao-confronto-com-o-sporting\/#primaryimage\"},\"thumbnailUrl\":\"https:\/\/portaltela.pt\/s.01k8rhncp4jt1\/2026\/04\/img_920x518uu2026-03-13-16-18-26-2426698-im-639117839949681375.jpg\",\"datePublished\":\"2026-04-14T16:47:30+00:00\",\"author\":{\"@id\":\"https:\/\/portaltela.pt\/#\/schema\/person\/c4278d4a6028830caff9ee44b42d32ed\"},\"breadcrumb\":{\"@id\":\"https:\/\/portaltela.pt\/noticias\/2026\/04\/14\/max-scholze-da-3-a-divisao-ao-confronto-com-o-sporting\/#breadcrumb\"},\"inLanguage\":\"pt-PT\",\"potentialAction\":[{\"@type\":\"ReadAction\",\"target\":[\"https:\/\/portaltela.pt\/noticias\/2026\/04\/14\/max-scholze-da-3-a-divisao-ao-confronto-com-o-sporting\/\"]}]},{\"@type\":\"ImageObject\",\"inLanguage\":\"pt-PT\",\"@id\":\"https:\/\/portaltela.pt\/noticias\/2026\/04\/14\/max-scholze-da-3-a-divisao-ao-confronto-com-o-sporting\/#primaryimage\",\"url\":\"https:\/\/portaltela.pt\/s.01k8rhncp4jt1\/2026\/04\/img_920x518uu2026-03-13-16-18-26-2426698-im-639117839949681375.jpg\",\"contentUrl\":\"https:\/\/portaltela.pt\/s.01k8rhncp4jt1\/2026\/04\/img_920x518uu2026-03-13-16-18-26-2426698-im-639117839949681375.jpg\",\"width\":796,\"height\":448,\"caption\":\"Max Scholze soma sete jogos pelo Estrela\"},{\"@type\":\"BreadcrumbList\",\"@id\":\"https:\/\/portaltela.pt\/noticias\/2026\/04\/14\/max-scholze-da-3-a-divisao-ao-confronto-com-o-sporting\/#breadcrumb\",\"itemListElement\":[{\"@type\":\"ListItem\",\"position\":1,\"name\":\"In\u00edcio\",\"item\":\"https:\/\/portaltela.pt\/\"},{\"@type\":\"ListItem\",\"position\":2,\"name\":\"Max Scholze: da 3.\u00aa divis\u00e3o ao confronto com o Sporting\"}]},{\"@type\":\"WebSite\",\"@id\":\"https:\/\/portaltela.pt\/#website\",\"url\":\"https:\/\/portaltela.pt\/\",\"name\":\"Portal Tela Portugal\",\"description\":\"\",\"potentialAction\":[{\"@type\":\"SearchAction\",\"target\":{\"@type\":\"EntryPoint\",\"urlTemplate\":\"https:\/\/portaltela.pt\/?s={search_term_string}\"},\"query-input\":{\"@type\":\"PropertyValueSpecification\",\"valueRequired\":true,\"valueName\":\"search_term_string\"}}],\"inLanguage\":\"pt-PT\"},{\"@type\":\"Person\",\"@id\":\"https:\/\/portaltela.pt\/#\/schema\/person\/c4278d4a6028830caff9ee44b42d32ed\",\"name\":\"Telinha\",\"image\":{\"@type\":\"ImageObject\",\"inLanguage\":\"pt-PT\",\"@id\":\"https:\/\/portaltela.pt\/s.01k8rhncp4jt1\/2025\/11\/talking-bot-125x125.png\",\"url\":\"https:\/\/portaltela.pt\/s.01k8rhncp4jt1\/2025\/11\/talking-bot-125x125.png\",\"contentUrl\":\"https:\/\/portaltela.pt\/s.01k8rhncp4jt1\/2025\/11\/talking-bot-125x125.png\",\"caption\":\"Telinha\"},\"sameAs\":[\"https:\/\/portaltela.pt\/\"],\"url\":\"https:\/\/portaltela.pt\/por\/367410592786\/\"}]}<\/script>\n<!-- \/ Yoast SEO plugin. -->","yoast_head_json":{"title":"Max Scholze: da 3.\u00aa divis\u00e3o ao confronto com o Sporting - Portal Tela Portugal","robots":{"index":"index","follow":"follow","max-snippet":"max-snippet:-1","max-image-preview":"max-image-preview:large","max-video-preview":"max-video-preview:-1"},"og_locale":"pt_PT","og_type":"article","og_title":"Max Scholze: da 3.\u00aa divis\u00e3o ao confronto com o Sporting - Portal Tela Portugal","og_description":"Max Scholze, defesa-direito alem\u00e3o de 20 anos, joga pelo Estrela da Amadora e soma sete jogos na equipa. Transferiu-se em janeiro do SSV Ulm 1846, da terceira divis\u00e3o alem\u00e3, para o Estrela da Amadora; o v\u00ednculo tem sido marcado por adapta\u00e7\u00e3o a um treino mais intenso e foco f\u00edsico. Descreveu a experi\u00eancia de enfrentar o Sporting no d\u00e9rbi, em que a equipa venceu por 1-0, destacando a atmosfera e o impulso que o ambiente proporciona. Falou sobre a mudan\u00e7a para a Reboleira em janeiro, reconhecendo inicialmente a incerteza, mas mantendo entusiasmo pelo desafio e satisfa\u00e7\u00e3o com a transfer\u00eancia. Refor\u00e7ou o objetivo de manter o Estrela na Primeira Liga, dizendo que cada jogo \u00e9 uma final, e mencionou estar a aprender portugu\u00eas e a apreciar viver em Lisboa.","og_url":"https:\/\/portaltela.pt\/noticias\/2026\/04\/14\/max-scholze-da-3-a-divisao-ao-confronto-com-o-sporting\/","og_site_name":"Portal Tela Portugal","article_published_time":"2026-04-14T16:47:30+00:00","author":"Telinha","twitter_card":"summary_large_image","twitter_misc":{"Escrito por":"Telinha","Tempo estimado de leitura":"2 minutos"},"schema":{"@context":"https:\/\/schema.org","@graph":[{"@type":"Article","@id":"https:\/\/portaltela.pt\/noticias\/2026\/04\/14\/max-scholze-da-3-a-divisao-ao-confronto-com-o-sporting\/#article","isPartOf":{"@id":"https:\/\/portaltela.pt\/noticias\/2026\/04\/14\/max-scholze-da-3-a-divisao-ao-confronto-com-o-sporting\/"},"author":{"name":"Telinha","@id":"https:\/\/portaltela.pt\/#\/schema\/person\/c4278d4a6028830caff9ee44b42d32ed"},"headline":"Max Scholze: da 3.\u00aa divis\u00e3o ao confronto com o Sporting","datePublished":"2026-04-14T16:47:30+00:00","mainEntityOfPage":{"@id":"https:\/\/portaltela.pt\/noticias\/2026\/04\/14\/max-scholze-da-3-a-divisao-ao-confronto-com-o-sporting\/"},"wordCount":326,"image":{"@id":"https:\/\/portaltela.pt\/noticias\/2026\/04\/14\/max-scholze-da-3-a-divisao-ao-confronto-com-o-sporting\/#primaryimage"},"thumbnailUrl":"https:\/\/portaltela.pt\/s.01k8rhncp4jt1\/2026\/04\/img_920x518uu2026-03-13-16-18-26-2426698-im-639117839949681375.jpg","keywords":["1.\u00aa Liga","alem\u00e3es","Estrela Amadora","futebol","Sporting","transfer\u00eancias"],"articleSection":["Desporto","Futebol"],"inLanguage":"pt-PT"},{"@type":"WebPage","@id":"https:\/\/portaltela.pt\/noticias\/2026\/04\/14\/max-scholze-da-3-a-divisao-ao-confronto-com-o-sporting\/","url":"https:\/\/portaltela.pt\/noticias\/2026\/04\/14\/max-scholze-da-3-a-divisao-ao-confronto-com-o-sporting\/","name":"Max Scholze: da 3.\u00aa divis\u00e3o ao confronto com o Sporting - Portal Tela Portugal","isPartOf":{"@id":"https:\/\/portaltela.pt\/#website"},"primaryImageOfPage":{"@id":"https:\/\/portaltela.pt\/noticias\/2026\/04\/14\/max-scholze-da-3-a-divisao-ao-confronto-com-o-sporting\/#primaryimage"},"image":{"@id":"https:\/\/portaltela.pt\/noticias\/2026\/04\/14\/max-scholze-da-3-a-divisao-ao-confronto-com-o-sporting\/#primaryimage"},"thumbnailUrl":"https:\/\/portaltela.pt\/s.01k8rhncp4jt1\/2026\/04\/img_920x518uu2026-03-13-16-18-26-2426698-im-639117839949681375.jpg","datePublished":"2026-04-14T16:47:30+00:00","author":{"@id":"https:\/\/portaltela.pt\/#\/schema\/person\/c4278d4a6028830caff9ee44b42d32ed"},"breadcrumb":{"@id":"https:\/\/portaltela.pt\/noticias\/2026\/04\/14\/max-scholze-da-3-a-divisao-ao-confronto-com-o-sporting\/#breadcrumb"},"inLanguage":"pt-PT","potentialAction":[{"@type":"ReadAction","target":["https:\/\/portaltela.pt\/noticias\/2026\/04\/14\/max-scholze-da-3-a-divisao-ao-confronto-com-o-sporting\/"]}]},{"@type":"ImageObject","inLanguage":"pt-PT","@id":"https:\/\/portaltela.pt\/noticias\/2026\/04\/14\/max-scholze-da-3-a-divisao-ao-confronto-com-o-sporting\/#primaryimage","url":"https:\/\/portaltela.pt\/s.01k8rhncp4jt1\/2026\/04\/img_920x518uu2026-03-13-16-18-26-2426698-im-639117839949681375.jpg","contentUrl":"https:\/\/portaltela.pt\/s.01k8rhncp4jt1\/2026\/04\/img_920x518uu2026-03-13-16-18-26-2426698-im-639117839949681375.jpg","width":796,"height":448,"caption":"Max Scholze soma sete jogos pelo Estrela"},{"@type":"BreadcrumbList","@id":"https:\/\/portaltela.pt\/noticias\/2026\/04\/14\/max-scholze-da-3-a-divisao-ao-confronto-com-o-sporting\/#breadcrumb","itemListElement":[{"@type":"ListItem","position":1,"name":"In\u00edcio","item":"https:\/\/portaltela.pt\/"},{"@type":"ListItem","position":2,"name":"Max Scholze: da 3.\u00aa divis\u00e3o ao confronto com o Sporting"}]},{"@type":"WebSite","@id":"https:\/\/portaltela.pt\/#website","url":"https:\/\/portaltela.pt\/","name":"Portal Tela Portugal","description":"","potentialAction":[{"@type":"SearchAction","target":{"@type":"EntryPoint","urlTemplate":"https:\/\/portaltela.pt\/?s={search_term_string}"},"query-input":{"@type":"PropertyValueSpecification","valueRequired":true,"valueName":"search_term_string"}}],"inLanguage":"pt-PT"},{"@type":"Person","@id":"https:\/\/portaltela.pt\/#\/schema\/person\/c4278d4a6028830caff9ee44b42d32ed","name":"Telinha","image":{"@type":"ImageObject","inLanguage":"pt-PT","@id":"https:\/\/portaltela.pt\/s.01k8rhncp4jt1\/2025\/11\/talking-bot-125x125.png","url":"https:\/\/portaltela.pt\/s.01k8rhncp4jt1\/2025\/11\/talking-bot-125x125.png","contentUrl":"https:\/\/portaltela.pt\/s.01k8rhncp4jt1\/2025\/11\/talking-bot-125x125.png","caption":"Telinha"},"sameAs":["https:\/\/portaltela.pt\/"],"url":"https:\/\/portaltela.pt\/por\/367410592786\/"}]}},"_links":{"self":[{"href":"https:\/\/portaltela.pt\/api\/wp\/v2\/posts\/444034","targetHints":{"allow":["GET"]}}],"collection":[{"href":"https:\/\/portaltela.pt\/api\/wp\/v2\/posts"}],"about":[{"href":"https:\/\/portaltela.pt\/api\/wp\/v2\/types\/post"}],"author":[{"embeddable":true,"href":"https:\/\/portaltela.pt\/api\/wp\/v2\/users\/2"}],"replies":[{"embeddable":true,"href":"https:\/\/portaltela.pt\/api\/wp\/v2\/comments?post=444034"}],"version-history":[{"count":0,"href":"https:\/\/portaltela.pt\/api\/wp\/v2\/posts\/444034\/revisions"}],"wp:featuredmedia":[{"embeddable":true,"href":"https:\/\/portaltela.pt\/api\/wp\/v2\/media\/444037"}],"wp:attachment":[{"href":"https:\/\/portaltela.pt\/api\/wp\/v2\/media?parent=444034"}],"wp:term":[{"taxonomy":"category","embeddable":true,"href":"https:\/\/portaltela.pt\/api\/wp\/v2\/categories?post=444034"},{"taxonomy":"post_tag","embeddable":true,"href":"https:\/\/portaltela.pt\/api\/wp\/v2\/tags?post=444034"}],"curies":[{"name":"wp","href":"https:\/\/api.w.org\/{rel}","templated":true}]}}