{"id":444015,"date":"2026-04-14T13:32:08","date_gmt":"2026-04-14T16:32:08","guid":{"rendered":"https:\/\/portaltela.pt\/noticias\/2026\/04\/14\/lula-defende-o-papa-e-critica-trump-por-uso-de-retrato-de-jesus\/"},"modified":"2026-04-14T13:32:08","modified_gmt":"2026-04-14T16:32:08","slug":"lula-defende-o-papa-e-critica-trump-por-uso-de-retrato-de-jesus","status":"publish","type":"post","link":"https:\/\/portaltela.pt\/noticias\/internacional\/2026\/04\/14\/lula-defende-o-papa-e-critica-trump-por-uso-de-retrato-de-jesus\/","title":{"rendered":"Lula defende o Papa e critica Trump por uso de retrato de Jesus"},"content":{"rendered":"<p>N\u00e3o tenho acesso ao conte\u00fado completo da not\u00edcia, apenas o t\u00edtulo fornecido. Para produzir um texto jornal\u00edstico fiel, preciso do conte\u00fado verificado ou de fontes confi\u00e1veis que confirmem os fatos.<\/p>\n<p>Posso fazer uma vers\u00e3o baseada apenas no t\u00edtulo, por\u00e9m seria meramente interpretativa e n\u00e3o refletiria detalhes verific\u00e1veis. Se desejar, posso:<\/p>\n<ul>\n<li>1) escrever uma pe\u00e7a provis\u00f3ria com base no t\u00edtulo, indicando claramente que \u00e9 uma s\u00edntese hipot\u00e9tica;<\/li>\n<li>2) aguardar que me envie o texto completo ou links de fontes confi\u00e1veis para transformar em not\u00edcia objetiva em pt-PT.<\/li>\n<\/ul>\n<p>Diga qual op\u00e7\u00e3o prefere, ou forne\u00e7a o conte\u00fado completo para eu redigir o artigo com neutralidade, precis\u00e3o e estilo hard news.<\/p>\n","protected":false},"excerpt":{"rendered":"<ul>\n<li>Lula defende o papa.<\/li>\n<li>Lula critica o ex-presidente Donald Trump por usar um autorretrato de Jesus.<\/li>\n<\/ul>\n","protected":false},"author":2,"featured_media":444017,"comment_status":"closed","ping_status":"closed","sticky":false,"template":"","format":"standard","meta":{"footnotes":""},"categories":[4,7127],"tags":[103,1600,102,2832,27,104],"class_list":["post-444015","post","type-post","status-publish","format-standard","has-post-thumbnail","hentry","category-internacional","category-politica-internacional","tag-catolicismo","tag-estados-unidos","tag-igreja","tag-politica","tag-relacoes-internacionais","tag-religiao"],"yoast_head":"<!-- This site is optimized with the Yoast SEO plugin v27.2 - https:\/\/yoast.com\/product\/yoast-seo-wordpress\/ -->\n<title>Lula defende o Papa e critica Trump por uso de retrato de Jesus - Portal Tela Portugal<\/title>\n<meta name=\"robots\" content=\"index, follow, max-snippet:-1, max-image-preview:large, max-video-preview:-1\" \/>\n<meta property=\"og:locale\" content=\"pt_PT\" \/>\n<meta property=\"og:type\" content=\"article\" \/>\n<meta property=\"og:title\" content=\"Lula defende o Papa e critica Trump por uso de retrato de Jesus - Portal Tela Portugal\" \/>\n<meta property=\"og:description\" content=\"Lula defende o papa. Lula critica o ex-presidente Donald Trump por usar um autorretrato de Jesus.\" \/>\n<meta property=\"og:url\" content=\"https:\/\/portaltela.pt\/noticias\/2026\/04\/14\/lula-defende-o-papa-e-critica-trump-por-uso-de-retrato-de-jesus\/\" \/>\n<meta property=\"og:site_name\" content=\"Portal Tela Portugal\" \/>\n<meta property=\"article:published_time\" content=\"2026-04-14T16:32:08+00:00\" \/>\n<meta name=\"author\" content=\"Telinha\" \/>\n<meta name=\"twitter:card\" content=\"summary_large_image\" \/>\n<meta name=\"twitter:label1\" content=\"Escrito por\" \/>\n\t<meta name=\"twitter:data1\" content=\"Telinha\" \/>\n\t<meta name=\"twitter:label2\" content=\"Tempo estimado de leitura\" \/>\n\t<meta name=\"twitter:data2\" content=\"1 minuto\" \/>\n<script type=\"application\/ld+json\" class=\"yoast-schema-graph\">{\"@context\":\"https:\/\/schema.org\",\"@graph\":[{\"@type\":\"Article\",\"@id\":\"https:\/\/portaltela.pt\/noticias\/2026\/04\/14\/lula-defende-o-papa-e-critica-trump-por-uso-de-retrato-de-jesus\/#article\",\"isPartOf\":{\"@id\":\"https:\/\/portaltela.pt\/noticias\/2026\/04\/14\/lula-defende-o-papa-e-critica-trump-por-uso-de-retrato-de-jesus\/\"},\"author\":{\"name\":\"Telinha\",\"@id\":\"https:\/\/portaltela.pt\/#\/schema\/person\/c4278d4a6028830caff9ee44b42d32ed\"},\"headline\":\"Lula defende o Papa e critica Trump por uso de retrato de Jesus\",\"datePublished\":\"2026-04-14T16:32:08+00:00\",\"mainEntityOfPage\":{\"@id\":\"https:\/\/portaltela.pt\/noticias\/2026\/04\/14\/lula-defende-o-papa-e-critica-trump-por-uso-de-retrato-de-jesus\/\"},\"wordCount\":140,\"image\":{\"@id\":\"https:\/\/portaltela.pt\/noticias\/2026\/04\/14\/lula-defende-o-papa-e-critica-trump-por-uso-de-retrato-de-jesus\/#primaryimage\"},\"thumbnailUrl\":\"https:\/\/portaltela.pt\/s.01k8rhncp4jt1\/2026\/04\/CACHE_780X1200_ANALOG_WATERMARKED_46903990_4673444_14042026052234.jpg\",\"keywords\":[\"catolicismo\",\"Estados Unidos\",\"igreja\",\"pol\u00edtica\",\"rela\u00e7\u00f5es internacionais\",\"religi\u00e3o\"],\"articleSection\":[\"Internacional\",\"Pol\u00edtica Internacional\"],\"inLanguage\":\"pt-PT\"},{\"@type\":\"WebPage\",\"@id\":\"https:\/\/portaltela.pt\/noticias\/2026\/04\/14\/lula-defende-o-papa-e-critica-trump-por-uso-de-retrato-de-jesus\/\",\"url\":\"https:\/\/portaltela.pt\/noticias\/2026\/04\/14\/lula-defende-o-papa-e-critica-trump-por-uso-de-retrato-de-jesus\/\",\"name\":\"Lula defende o Papa e critica Trump por uso de retrato de Jesus - Portal Tela Portugal\",\"isPartOf\":{\"@id\":\"https:\/\/portaltela.pt\/#website\"},\"primaryImageOfPage\":{\"@id\":\"https:\/\/portaltela.pt\/noticias\/2026\/04\/14\/lula-defende-o-papa-e-critica-trump-por-uso-de-retrato-de-jesus\/#primaryimage\"},\"image\":{\"@id\":\"https:\/\/portaltela.pt\/noticias\/2026\/04\/14\/lula-defende-o-papa-e-critica-trump-por-uso-de-retrato-de-jesus\/#primaryimage\"},\"thumbnailUrl\":\"https:\/\/portaltela.pt\/s.01k8rhncp4jt1\/2026\/04\/CACHE_780X1200_ANALOG_WATERMARKED_46903990_4673444_14042026052234.jpg\",\"datePublished\":\"2026-04-14T16:32:08+00:00\",\"author\":{\"@id\":\"https:\/\/portaltela.pt\/#\/schema\/person\/c4278d4a6028830caff9ee44b42d32ed\"},\"breadcrumb\":{\"@id\":\"https:\/\/portaltela.pt\/noticias\/2026\/04\/14\/lula-defende-o-papa-e-critica-trump-por-uso-de-retrato-de-jesus\/#breadcrumb\"},\"inLanguage\":\"pt-PT\",\"potentialAction\":[{\"@type\":\"ReadAction\",\"target\":[\"https:\/\/portaltela.pt\/noticias\/2026\/04\/14\/lula-defende-o-papa-e-critica-trump-por-uso-de-retrato-de-jesus\/\"]}]},{\"@type\":\"ImageObject\",\"inLanguage\":\"pt-PT\",\"@id\":\"https:\/\/portaltela.pt\/noticias\/2026\/04\/14\/lula-defende-o-papa-e-critica-trump-por-uso-de-retrato-de-jesus\/#primaryimage\",\"url\":\"https:\/\/portaltela.pt\/s.01k8rhncp4jt1\/2026\/04\/CACHE_780X1200_ANALOG_WATERMARKED_46903990_4673444_14042026052234.jpg\",\"contentUrl\":\"https:\/\/portaltela.pt\/s.01k8rhncp4jt1\/2026\/04\/CACHE_780X1200_ANALOG_WATERMARKED_46903990_4673444_14042026052234.jpg\",\"width\":796,\"height\":448,\"caption\":\"Photo\"},{\"@type\":\"BreadcrumbList\",\"@id\":\"https:\/\/portaltela.pt\/noticias\/2026\/04\/14\/lula-defende-o-papa-e-critica-trump-por-uso-de-retrato-de-jesus\/#breadcrumb\",\"itemListElement\":[{\"@type\":\"ListItem\",\"position\":1,\"name\":\"In\u00edcio\",\"item\":\"https:\/\/portaltela.pt\/\"},{\"@type\":\"ListItem\",\"position\":2,\"name\":\"Lula defende o Papa e critica Trump por uso de retrato de Jesus\"}]},{\"@type\":\"WebSite\",\"@id\":\"https:\/\/portaltela.pt\/#website\",\"url\":\"https:\/\/portaltela.pt\/\",\"name\":\"Portal Tela Portugal\",\"description\":\"\",\"potentialAction\":[{\"@type\":\"SearchAction\",\"target\":{\"@type\":\"EntryPoint\",\"urlTemplate\":\"https:\/\/portaltela.pt\/?s={search_term_string}\"},\"query-input\":{\"@type\":\"PropertyValueSpecification\",\"valueRequired\":true,\"valueName\":\"search_term_string\"}}],\"inLanguage\":\"pt-PT\"},{\"@type\":\"Person\",\"@id\":\"https:\/\/portaltela.pt\/#\/schema\/person\/c4278d4a6028830caff9ee44b42d32ed\",\"name\":\"Telinha\",\"image\":{\"@type\":\"ImageObject\",\"inLanguage\":\"pt-PT\",\"@id\":\"https:\/\/portaltela.pt\/s.01k8rhncp4jt1\/2025\/11\/talking-bot-125x125.png\",\"url\":\"https:\/\/portaltela.pt\/s.01k8rhncp4jt1\/2025\/11\/talking-bot-125x125.png\",\"contentUrl\":\"https:\/\/portaltela.pt\/s.01k8rhncp4jt1\/2025\/11\/talking-bot-125x125.png\",\"caption\":\"Telinha\"},\"sameAs\":[\"https:\/\/portaltela.pt\/\"],\"url\":\"https:\/\/portaltela.pt\/por\/367410592786\/\"}]}<\/script>\n<!-- \/ Yoast SEO plugin. -->","yoast_head_json":{"title":"Lula defende o Papa e critica Trump por uso de retrato de Jesus - Portal Tela Portugal","robots":{"index":"index","follow":"follow","max-snippet":"max-snippet:-1","max-image-preview":"max-image-preview:large","max-video-preview":"max-video-preview:-1"},"og_locale":"pt_PT","og_type":"article","og_title":"Lula defende o Papa e critica Trump por uso de retrato de Jesus - Portal Tela Portugal","og_description":"Lula defende o papa. Lula critica o ex-presidente Donald Trump por usar um autorretrato de Jesus.","og_url":"https:\/\/portaltela.pt\/noticias\/2026\/04\/14\/lula-defende-o-papa-e-critica-trump-por-uso-de-retrato-de-jesus\/","og_site_name":"Portal Tela Portugal","article_published_time":"2026-04-14T16:32:08+00:00","author":"Telinha","twitter_card":"summary_large_image","twitter_misc":{"Escrito por":"Telinha","Tempo estimado de leitura":"1 minuto"},"schema":{"@context":"https:\/\/schema.org","@graph":[{"@type":"Article","@id":"https:\/\/portaltela.pt\/noticias\/2026\/04\/14\/lula-defende-o-papa-e-critica-trump-por-uso-de-retrato-de-jesus\/#article","isPartOf":{"@id":"https:\/\/portaltela.pt\/noticias\/2026\/04\/14\/lula-defende-o-papa-e-critica-trump-por-uso-de-retrato-de-jesus\/"},"author":{"name":"Telinha","@id":"https:\/\/portaltela.pt\/#\/schema\/person\/c4278d4a6028830caff9ee44b42d32ed"},"headline":"Lula defende o Papa e critica Trump por uso de retrato de Jesus","datePublished":"2026-04-14T16:32:08+00:00","mainEntityOfPage":{"@id":"https:\/\/portaltela.pt\/noticias\/2026\/04\/14\/lula-defende-o-papa-e-critica-trump-por-uso-de-retrato-de-jesus\/"},"wordCount":140,"image":{"@id":"https:\/\/portaltela.pt\/noticias\/2026\/04\/14\/lula-defende-o-papa-e-critica-trump-por-uso-de-retrato-de-jesus\/#primaryimage"},"thumbnailUrl":"https:\/\/portaltela.pt\/s.01k8rhncp4jt1\/2026\/04\/CACHE_780X1200_ANALOG_WATERMARKED_46903990_4673444_14042026052234.jpg","keywords":["catolicismo","Estados Unidos","igreja","pol\u00edtica","rela\u00e7\u00f5es internacionais","religi\u00e3o"],"articleSection":["Internacional","Pol\u00edtica Internacional"],"inLanguage":"pt-PT"},{"@type":"WebPage","@id":"https:\/\/portaltela.pt\/noticias\/2026\/04\/14\/lula-defende-o-papa-e-critica-trump-por-uso-de-retrato-de-jesus\/","url":"https:\/\/portaltela.pt\/noticias\/2026\/04\/14\/lula-defende-o-papa-e-critica-trump-por-uso-de-retrato-de-jesus\/","name":"Lula defende o Papa e critica Trump por uso de retrato de Jesus - Portal Tela Portugal","isPartOf":{"@id":"https:\/\/portaltela.pt\/#website"},"primaryImageOfPage":{"@id":"https:\/\/portaltela.pt\/noticias\/2026\/04\/14\/lula-defende-o-papa-e-critica-trump-por-uso-de-retrato-de-jesus\/#primaryimage"},"image":{"@id":"https:\/\/portaltela.pt\/noticias\/2026\/04\/14\/lula-defende-o-papa-e-critica-trump-por-uso-de-retrato-de-jesus\/#primaryimage"},"thumbnailUrl":"https:\/\/portaltela.pt\/s.01k8rhncp4jt1\/2026\/04\/CACHE_780X1200_ANALOG_WATERMARKED_46903990_4673444_14042026052234.jpg","datePublished":"2026-04-14T16:32:08+00:00","author":{"@id":"https:\/\/portaltela.pt\/#\/schema\/person\/c4278d4a6028830caff9ee44b42d32ed"},"breadcrumb":{"@id":"https:\/\/portaltela.pt\/noticias\/2026\/04\/14\/lula-defende-o-papa-e-critica-trump-por-uso-de-retrato-de-jesus\/#breadcrumb"},"inLanguage":"pt-PT","potentialAction":[{"@type":"ReadAction","target":["https:\/\/portaltela.pt\/noticias\/2026\/04\/14\/lula-defende-o-papa-e-critica-trump-por-uso-de-retrato-de-jesus\/"]}]},{"@type":"ImageObject","inLanguage":"pt-PT","@id":"https:\/\/portaltela.pt\/noticias\/2026\/04\/14\/lula-defende-o-papa-e-critica-trump-por-uso-de-retrato-de-jesus\/#primaryimage","url":"https:\/\/portaltela.pt\/s.01k8rhncp4jt1\/2026\/04\/CACHE_780X1200_ANALOG_WATERMARKED_46903990_4673444_14042026052234.jpg","contentUrl":"https:\/\/portaltela.pt\/s.01k8rhncp4jt1\/2026\/04\/CACHE_780X1200_ANALOG_WATERMARKED_46903990_4673444_14042026052234.jpg","width":796,"height":448,"caption":"Photo"},{"@type":"BreadcrumbList","@id":"https:\/\/portaltela.pt\/noticias\/2026\/04\/14\/lula-defende-o-papa-e-critica-trump-por-uso-de-retrato-de-jesus\/#breadcrumb","itemListElement":[{"@type":"ListItem","position":1,"name":"In\u00edcio","item":"https:\/\/portaltela.pt\/"},{"@type":"ListItem","position":2,"name":"Lula defende o Papa e critica Trump por uso de retrato de Jesus"}]},{"@type":"WebSite","@id":"https:\/\/portaltela.pt\/#website","url":"https:\/\/portaltela.pt\/","name":"Portal Tela Portugal","description":"","potentialAction":[{"@type":"SearchAction","target":{"@type":"EntryPoint","urlTemplate":"https:\/\/portaltela.pt\/?s={search_term_string}"},"query-input":{"@type":"PropertyValueSpecification","valueRequired":true,"valueName":"search_term_string"}}],"inLanguage":"pt-PT"},{"@type":"Person","@id":"https:\/\/portaltela.pt\/#\/schema\/person\/c4278d4a6028830caff9ee44b42d32ed","name":"Telinha","image":{"@type":"ImageObject","inLanguage":"pt-PT","@id":"https:\/\/portaltela.pt\/s.01k8rhncp4jt1\/2025\/11\/talking-bot-125x125.png","url":"https:\/\/portaltela.pt\/s.01k8rhncp4jt1\/2025\/11\/talking-bot-125x125.png","contentUrl":"https:\/\/portaltela.pt\/s.01k8rhncp4jt1\/2025\/11\/talking-bot-125x125.png","caption":"Telinha"},"sameAs":["https:\/\/portaltela.pt\/"],"url":"https:\/\/portaltela.pt\/por\/367410592786\/"}]}},"_links":{"self":[{"href":"https:\/\/portaltela.pt\/api\/wp\/v2\/posts\/444015","targetHints":{"allow":["GET"]}}],"collection":[{"href":"https:\/\/portaltela.pt\/api\/wp\/v2\/posts"}],"about":[{"href":"https:\/\/portaltela.pt\/api\/wp\/v2\/types\/post"}],"author":[{"embeddable":true,"href":"https:\/\/portaltela.pt\/api\/wp\/v2\/users\/2"}],"replies":[{"embeddable":true,"href":"https:\/\/portaltela.pt\/api\/wp\/v2\/comments?post=444015"}],"version-history":[{"count":0,"href":"https:\/\/portaltela.pt\/api\/wp\/v2\/posts\/444015\/revisions"}],"wp:featuredmedia":[{"embeddable":true,"href":"https:\/\/portaltela.pt\/api\/wp\/v2\/media\/444017"}],"wp:attachment":[{"href":"https:\/\/portaltela.pt\/api\/wp\/v2\/media?parent=444015"}],"wp:term":[{"taxonomy":"category","embeddable":true,"href":"https:\/\/portaltela.pt\/api\/wp\/v2\/categories?post=444015"},{"taxonomy":"post_tag","embeddable":true,"href":"https:\/\/portaltela.pt\/api\/wp\/v2\/tags?post=444015"}],"curies":[{"name":"wp","href":"https:\/\/api.w.org\/{rel}","templated":true}]}}