{"id":444005,"date":"2026-04-14T13:17:38","date_gmt":"2026-04-14T16:17:38","guid":{"rendered":"https:\/\/portaltela.pt\/noticias\/2026\/04\/14\/pedro-carvalho-aponta-ao-onze-para-travar-a-pior-serie\/"},"modified":"2026-04-14T13:17:38","modified_gmt":"2026-04-14T16:17:38","slug":"pedro-carvalho-aponta-ao-onze-para-travar-a-pior-serie","status":"publish","type":"post","link":"https:\/\/portaltela.pt\/desporto\/futebol\/2026\/04\/14\/pedro-carvalho-aponta-ao-onze-para-travar-a-pior-serie\/","title":{"rendered":"Pedro Carvalho aponta ao onze para travar a pior s\u00e9rie"},"content":{"rendered":"<p>Pedro Carvalho volta ao onze do Estoril na visita ao Moreirense, ocupando a lateral direita, com Ricard S\u00e1nchez suspenso ap\u00f3s o 9.\u00ba amarelo frente ao FC Porto.<\/p>\n<p>O Ala de 23 anos tem sido utilizado em 24 dos 31 jogos da temporada e retoma a posi\u00e7\u00e3o que perdeu com a suspens\u00e3o de S\u00e1nchez.<\/p>\n<p>A equipa de Ian Cathro enfrenta a pior s\u00e9rie de resultados da \u00e9poca, com derrotas frente a Rio Ave (1-2), em Arouca (3-2) e contra o FC Porto (1-3).<\/p>\n<p>O objetivo \u00e9 recuperar pontos na sequ\u00eancia da desloca\u00e7\u00e3o aos amarelos, impedindo que a m\u00e1 fase se prolongue e mantendo as aspira\u00e7\u00f5es no campeonato.<\/p>\n","protected":false},"excerpt":{"rendered":"<ul>\n<li>Pedro Carvalho deve regressar ao onze do Moreirense frente ao Estoril, ocupando a lateral-direita.<\/li>\n<li>Ricard S\u00e1nchez cumpre um jogo de suspens\u00e3o ap\u00f3s o 9.\u00ba cart\u00e3o amarelo frente ao FC Porto.<\/li>\n<li>O ala de 23 anos j\u00e1 foi utilizado em 24 dos 31 jogos da \u00e9poca pelos canarinhos.<\/li>\n<li>A equipa procura travar a pior s\u00e9rie de resultados: derrotas com Rio Ave (1-2), em Arouca (3-2) e com o FC Porto (1-3).<\/li>\n<\/ul>\n","protected":false},"author":2,"featured_media":444010,"comment_status":"closed","ping_status":"closed","sticky":false,"template":"","format":"standard","meta":{"footnotes":""},"categories":[21,24],"tags":[5339,152,999,32,242,5579],"class_list":["post-444005","post","type-post","status-publish","format-standard","has-post-thumbnail","hentry","category-desporto","category-futebol","tag-derrotas","tag-desporto","tag-estoril","tag-futebol","tag-jogadores","tag-moreirense"],"yoast_head":"<!-- This site is optimized with the Yoast SEO plugin v27.2 - https:\/\/yoast.com\/product\/yoast-seo-wordpress\/ -->\n<title>Pedro Carvalho aponta ao onze para travar a pior s\u00e9rie - Portal Tela Portugal<\/title>\n<meta name=\"robots\" content=\"index, follow, max-snippet:-1, max-image-preview:large, max-video-preview:-1\" \/>\n<meta property=\"og:locale\" content=\"pt_PT\" \/>\n<meta property=\"og:type\" content=\"article\" \/>\n<meta property=\"og:title\" content=\"Pedro Carvalho aponta ao onze para travar a pior s\u00e9rie - Portal Tela Portugal\" \/>\n<meta property=\"og:description\" content=\"Pedro Carvalho deve regressar ao onze do Moreirense frente ao Estoril, ocupando a lateral-direita. Ricard S\u00e1nchez cumpre um jogo de suspens\u00e3o ap\u00f3s o 9.\u00ba cart\u00e3o amarelo frente ao FC Porto. O ala de 23 anos j\u00e1 foi utilizado em 24 dos 31 jogos da \u00e9poca pelos canarinhos. A equipa procura travar a pior s\u00e9rie de resultados: derrotas com Rio Ave (1-2), em Arouca (3-2) e com o FC Porto (1-3).\" \/>\n<meta property=\"og:url\" content=\"https:\/\/portaltela.pt\/noticias\/2026\/04\/14\/pedro-carvalho-aponta-ao-onze-para-travar-a-pior-serie\/\" \/>\n<meta property=\"og:site_name\" content=\"Portal Tela Portugal\" \/>\n<meta property=\"article:published_time\" content=\"2026-04-14T16:17:38+00:00\" \/>\n<meta name=\"author\" content=\"Telinha\" \/>\n<meta name=\"twitter:card\" content=\"summary_large_image\" \/>\n<meta name=\"twitter:label1\" content=\"Escrito por\" \/>\n\t<meta name=\"twitter:data1\" content=\"Telinha\" \/>\n\t<meta name=\"twitter:label2\" content=\"Tempo estimado de leitura\" \/>\n\t<meta name=\"twitter:data2\" content=\"1 minuto\" \/>\n<script type=\"application\/ld+json\" class=\"yoast-schema-graph\">{\"@context\":\"https:\/\/schema.org\",\"@graph\":[{\"@type\":\"Article\",\"@id\":\"https:\/\/portaltela.pt\/noticias\/2026\/04\/14\/pedro-carvalho-aponta-ao-onze-para-travar-a-pior-serie\/#article\",\"isPartOf\":{\"@id\":\"https:\/\/portaltela.pt\/noticias\/2026\/04\/14\/pedro-carvalho-aponta-ao-onze-para-travar-a-pior-serie\/\"},\"author\":{\"name\":\"Telinha\",\"@id\":\"https:\/\/portaltela.pt\/#\/schema\/person\/c4278d4a6028830caff9ee44b42d32ed\"},\"headline\":\"Pedro Carvalho aponta ao onze para travar a pior s\u00e9rie\",\"datePublished\":\"2026-04-14T16:17:38+00:00\",\"mainEntityOfPage\":{\"@id\":\"https:\/\/portaltela.pt\/noticias\/2026\/04\/14\/pedro-carvalho-aponta-ao-onze-para-travar-a-pior-serie\/\"},\"wordCount\":121,\"image\":{\"@id\":\"https:\/\/portaltela.pt\/noticias\/2026\/04\/14\/pedro-carvalho-aponta-ao-onze-para-travar-a-pior-serie\/#primaryimage\"},\"thumbnailUrl\":\"https:\/\/portaltela.pt\/s.01k8rhncp4jt1\/2026\/04\/img_920x518uu2025-07-30-20-57-12-2380458-im-638895058510312221.jpg\",\"keywords\":[\"derrotas\",\"desporto\",\"Estoril\",\"futebol\",\"jogadores\",\"Moreirense\"],\"articleSection\":[\"Desporto\",\"Futebol\"],\"inLanguage\":\"pt-PT\"},{\"@type\":\"WebPage\",\"@id\":\"https:\/\/portaltela.pt\/noticias\/2026\/04\/14\/pedro-carvalho-aponta-ao-onze-para-travar-a-pior-serie\/\",\"url\":\"https:\/\/portaltela.pt\/noticias\/2026\/04\/14\/pedro-carvalho-aponta-ao-onze-para-travar-a-pior-serie\/\",\"name\":\"Pedro Carvalho aponta ao onze para travar a pior s\u00e9rie - Portal Tela Portugal\",\"isPartOf\":{\"@id\":\"https:\/\/portaltela.pt\/#website\"},\"primaryImageOfPage\":{\"@id\":\"https:\/\/portaltela.pt\/noticias\/2026\/04\/14\/pedro-carvalho-aponta-ao-onze-para-travar-a-pior-serie\/#primaryimage\"},\"image\":{\"@id\":\"https:\/\/portaltela.pt\/noticias\/2026\/04\/14\/pedro-carvalho-aponta-ao-onze-para-travar-a-pior-serie\/#primaryimage\"},\"thumbnailUrl\":\"https:\/\/portaltela.pt\/s.01k8rhncp4jt1\/2026\/04\/img_920x518uu2025-07-30-20-57-12-2380458-im-638895058510312221.jpg\",\"datePublished\":\"2026-04-14T16:17:38+00:00\",\"author\":{\"@id\":\"https:\/\/portaltela.pt\/#\/schema\/person\/c4278d4a6028830caff9ee44b42d32ed\"},\"breadcrumb\":{\"@id\":\"https:\/\/portaltela.pt\/noticias\/2026\/04\/14\/pedro-carvalho-aponta-ao-onze-para-travar-a-pior-serie\/#breadcrumb\"},\"inLanguage\":\"pt-PT\",\"potentialAction\":[{\"@type\":\"ReadAction\",\"target\":[\"https:\/\/portaltela.pt\/noticias\/2026\/04\/14\/pedro-carvalho-aponta-ao-onze-para-travar-a-pior-serie\/\"]}]},{\"@type\":\"ImageObject\",\"inLanguage\":\"pt-PT\",\"@id\":\"https:\/\/portaltela.pt\/noticias\/2026\/04\/14\/pedro-carvalho-aponta-ao-onze-para-travar-a-pior-serie\/#primaryimage\",\"url\":\"https:\/\/portaltela.pt\/s.01k8rhncp4jt1\/2026\/04\/img_920x518uu2025-07-30-20-57-12-2380458-im-638895058510312221.jpg\",\"contentUrl\":\"https:\/\/portaltela.pt\/s.01k8rhncp4jt1\/2026\/04\/img_920x518uu2025-07-30-20-57-12-2380458-im-638895058510312221.jpg\",\"width\":796,\"height\":448,\"caption\":\"Pedro Carvalho tenta travar Neco Williams\"},{\"@type\":\"BreadcrumbList\",\"@id\":\"https:\/\/portaltela.pt\/noticias\/2026\/04\/14\/pedro-carvalho-aponta-ao-onze-para-travar-a-pior-serie\/#breadcrumb\",\"itemListElement\":[{\"@type\":\"ListItem\",\"position\":1,\"name\":\"In\u00edcio\",\"item\":\"https:\/\/portaltela.pt\/\"},{\"@type\":\"ListItem\",\"position\":2,\"name\":\"Pedro Carvalho aponta ao onze para travar a pior s\u00e9rie\"}]},{\"@type\":\"WebSite\",\"@id\":\"https:\/\/portaltela.pt\/#website\",\"url\":\"https:\/\/portaltela.pt\/\",\"name\":\"Portal Tela Portugal\",\"description\":\"\",\"potentialAction\":[{\"@type\":\"SearchAction\",\"target\":{\"@type\":\"EntryPoint\",\"urlTemplate\":\"https:\/\/portaltela.pt\/?s={search_term_string}\"},\"query-input\":{\"@type\":\"PropertyValueSpecification\",\"valueRequired\":true,\"valueName\":\"search_term_string\"}}],\"inLanguage\":\"pt-PT\"},{\"@type\":\"Person\",\"@id\":\"https:\/\/portaltela.pt\/#\/schema\/person\/c4278d4a6028830caff9ee44b42d32ed\",\"name\":\"Telinha\",\"image\":{\"@type\":\"ImageObject\",\"inLanguage\":\"pt-PT\",\"@id\":\"https:\/\/portaltela.pt\/s.01k8rhncp4jt1\/2025\/11\/talking-bot-125x125.png\",\"url\":\"https:\/\/portaltela.pt\/s.01k8rhncp4jt1\/2025\/11\/talking-bot-125x125.png\",\"contentUrl\":\"https:\/\/portaltela.pt\/s.01k8rhncp4jt1\/2025\/11\/talking-bot-125x125.png\",\"caption\":\"Telinha\"},\"sameAs\":[\"https:\/\/portaltela.pt\/\"],\"url\":\"https:\/\/portaltela.pt\/por\/367410592786\/\"}]}<\/script>\n<!-- \/ Yoast SEO plugin. -->","yoast_head_json":{"title":"Pedro Carvalho aponta ao onze para travar a pior s\u00e9rie - Portal Tela Portugal","robots":{"index":"index","follow":"follow","max-snippet":"max-snippet:-1","max-image-preview":"max-image-preview:large","max-video-preview":"max-video-preview:-1"},"og_locale":"pt_PT","og_type":"article","og_title":"Pedro Carvalho aponta ao onze para travar a pior s\u00e9rie - Portal Tela Portugal","og_description":"Pedro Carvalho deve regressar ao onze do Moreirense frente ao Estoril, ocupando a lateral-direita. Ricard S\u00e1nchez cumpre um jogo de suspens\u00e3o ap\u00f3s o 9.\u00ba cart\u00e3o amarelo frente ao FC Porto. O ala de 23 anos j\u00e1 foi utilizado em 24 dos 31 jogos da \u00e9poca pelos canarinhos. A equipa procura travar a pior s\u00e9rie de resultados: derrotas com Rio Ave (1-2), em Arouca (3-2) e com o FC Porto (1-3).","og_url":"https:\/\/portaltela.pt\/noticias\/2026\/04\/14\/pedro-carvalho-aponta-ao-onze-para-travar-a-pior-serie\/","og_site_name":"Portal Tela Portugal","article_published_time":"2026-04-14T16:17:38+00:00","author":"Telinha","twitter_card":"summary_large_image","twitter_misc":{"Escrito por":"Telinha","Tempo estimado de leitura":"1 minuto"},"schema":{"@context":"https:\/\/schema.org","@graph":[{"@type":"Article","@id":"https:\/\/portaltela.pt\/noticias\/2026\/04\/14\/pedro-carvalho-aponta-ao-onze-para-travar-a-pior-serie\/#article","isPartOf":{"@id":"https:\/\/portaltela.pt\/noticias\/2026\/04\/14\/pedro-carvalho-aponta-ao-onze-para-travar-a-pior-serie\/"},"author":{"name":"Telinha","@id":"https:\/\/portaltela.pt\/#\/schema\/person\/c4278d4a6028830caff9ee44b42d32ed"},"headline":"Pedro Carvalho aponta ao onze para travar a pior s\u00e9rie","datePublished":"2026-04-14T16:17:38+00:00","mainEntityOfPage":{"@id":"https:\/\/portaltela.pt\/noticias\/2026\/04\/14\/pedro-carvalho-aponta-ao-onze-para-travar-a-pior-serie\/"},"wordCount":121,"image":{"@id":"https:\/\/portaltela.pt\/noticias\/2026\/04\/14\/pedro-carvalho-aponta-ao-onze-para-travar-a-pior-serie\/#primaryimage"},"thumbnailUrl":"https:\/\/portaltela.pt\/s.01k8rhncp4jt1\/2026\/04\/img_920x518uu2025-07-30-20-57-12-2380458-im-638895058510312221.jpg","keywords":["derrotas","desporto","Estoril","futebol","jogadores","Moreirense"],"articleSection":["Desporto","Futebol"],"inLanguage":"pt-PT"},{"@type":"WebPage","@id":"https:\/\/portaltela.pt\/noticias\/2026\/04\/14\/pedro-carvalho-aponta-ao-onze-para-travar-a-pior-serie\/","url":"https:\/\/portaltela.pt\/noticias\/2026\/04\/14\/pedro-carvalho-aponta-ao-onze-para-travar-a-pior-serie\/","name":"Pedro Carvalho aponta ao onze para travar a pior s\u00e9rie - Portal Tela Portugal","isPartOf":{"@id":"https:\/\/portaltela.pt\/#website"},"primaryImageOfPage":{"@id":"https:\/\/portaltela.pt\/noticias\/2026\/04\/14\/pedro-carvalho-aponta-ao-onze-para-travar-a-pior-serie\/#primaryimage"},"image":{"@id":"https:\/\/portaltela.pt\/noticias\/2026\/04\/14\/pedro-carvalho-aponta-ao-onze-para-travar-a-pior-serie\/#primaryimage"},"thumbnailUrl":"https:\/\/portaltela.pt\/s.01k8rhncp4jt1\/2026\/04\/img_920x518uu2025-07-30-20-57-12-2380458-im-638895058510312221.jpg","datePublished":"2026-04-14T16:17:38+00:00","author":{"@id":"https:\/\/portaltela.pt\/#\/schema\/person\/c4278d4a6028830caff9ee44b42d32ed"},"breadcrumb":{"@id":"https:\/\/portaltela.pt\/noticias\/2026\/04\/14\/pedro-carvalho-aponta-ao-onze-para-travar-a-pior-serie\/#breadcrumb"},"inLanguage":"pt-PT","potentialAction":[{"@type":"ReadAction","target":["https:\/\/portaltela.pt\/noticias\/2026\/04\/14\/pedro-carvalho-aponta-ao-onze-para-travar-a-pior-serie\/"]}]},{"@type":"ImageObject","inLanguage":"pt-PT","@id":"https:\/\/portaltela.pt\/noticias\/2026\/04\/14\/pedro-carvalho-aponta-ao-onze-para-travar-a-pior-serie\/#primaryimage","url":"https:\/\/portaltela.pt\/s.01k8rhncp4jt1\/2026\/04\/img_920x518uu2025-07-30-20-57-12-2380458-im-638895058510312221.jpg","contentUrl":"https:\/\/portaltela.pt\/s.01k8rhncp4jt1\/2026\/04\/img_920x518uu2025-07-30-20-57-12-2380458-im-638895058510312221.jpg","width":796,"height":448,"caption":"Pedro Carvalho tenta travar Neco Williams"},{"@type":"BreadcrumbList","@id":"https:\/\/portaltela.pt\/noticias\/2026\/04\/14\/pedro-carvalho-aponta-ao-onze-para-travar-a-pior-serie\/#breadcrumb","itemListElement":[{"@type":"ListItem","position":1,"name":"In\u00edcio","item":"https:\/\/portaltela.pt\/"},{"@type":"ListItem","position":2,"name":"Pedro Carvalho aponta ao onze para travar a pior s\u00e9rie"}]},{"@type":"WebSite","@id":"https:\/\/portaltela.pt\/#website","url":"https:\/\/portaltela.pt\/","name":"Portal Tela Portugal","description":"","potentialAction":[{"@type":"SearchAction","target":{"@type":"EntryPoint","urlTemplate":"https:\/\/portaltela.pt\/?s={search_term_string}"},"query-input":{"@type":"PropertyValueSpecification","valueRequired":true,"valueName":"search_term_string"}}],"inLanguage":"pt-PT"},{"@type":"Person","@id":"https:\/\/portaltela.pt\/#\/schema\/person\/c4278d4a6028830caff9ee44b42d32ed","name":"Telinha","image":{"@type":"ImageObject","inLanguage":"pt-PT","@id":"https:\/\/portaltela.pt\/s.01k8rhncp4jt1\/2025\/11\/talking-bot-125x125.png","url":"https:\/\/portaltela.pt\/s.01k8rhncp4jt1\/2025\/11\/talking-bot-125x125.png","contentUrl":"https:\/\/portaltela.pt\/s.01k8rhncp4jt1\/2025\/11\/talking-bot-125x125.png","caption":"Telinha"},"sameAs":["https:\/\/portaltela.pt\/"],"url":"https:\/\/portaltela.pt\/por\/367410592786\/"}]}},"_links":{"self":[{"href":"https:\/\/portaltela.pt\/api\/wp\/v2\/posts\/444005","targetHints":{"allow":["GET"]}}],"collection":[{"href":"https:\/\/portaltela.pt\/api\/wp\/v2\/posts"}],"about":[{"href":"https:\/\/portaltela.pt\/api\/wp\/v2\/types\/post"}],"author":[{"embeddable":true,"href":"https:\/\/portaltela.pt\/api\/wp\/v2\/users\/2"}],"replies":[{"embeddable":true,"href":"https:\/\/portaltela.pt\/api\/wp\/v2\/comments?post=444005"}],"version-history":[{"count":0,"href":"https:\/\/portaltela.pt\/api\/wp\/v2\/posts\/444005\/revisions"}],"wp:featuredmedia":[{"embeddable":true,"href":"https:\/\/portaltela.pt\/api\/wp\/v2\/media\/444010"}],"wp:attachment":[{"href":"https:\/\/portaltela.pt\/api\/wp\/v2\/media?parent=444005"}],"wp:term":[{"taxonomy":"category","embeddable":true,"href":"https:\/\/portaltela.pt\/api\/wp\/v2\/categories?post=444005"},{"taxonomy":"post_tag","embeddable":true,"href":"https:\/\/portaltela.pt\/api\/wp\/v2\/tags?post=444005"}],"curies":[{"name":"wp","href":"https:\/\/api.w.org\/{rel}","templated":true}]}}