{"id":443983,"date":"2026-04-14T13:03:00","date_gmt":"2026-04-14T16:03:00","guid":{"rendered":"https:\/\/portaltela.pt\/noticias\/2026\/04\/14\/carlos-andre-gomes-confiante-nao-vamos-deixar-escapar-a-subida\/"},"modified":"2026-04-14T13:03:00","modified_gmt":"2026-04-14T16:03:00","slug":"carlos-andre-gomes-confiante-nao-vamos-deixar-escapar-a-subida","status":"publish","type":"post","link":"https:\/\/portaltela.pt\/desporto\/futebol\/2026\/04\/14\/carlos-andre-gomes-confiante-nao-vamos-deixar-escapar-a-subida\/","title":{"rendered":"Carlos Andr\u00e9 Gomes confiante: n\u00e3o vamos deixar escapar a subida"},"content":{"rendered":"<p>Mar\u00edtimo est\u00e1 a apenas cinco jornadas do fim da Liga Portugal 2 e pretende carimbar j\u00e1 no pr\u00f3ximo s\u00e1bado o regresso \u00e0 Primeira Liga. A equipa madeirense venceu por 1-0 o Portimonense e refor\u00e7ou a dist\u00e2ncia para o quarto classificado, mantendo-se no topo da classifica\u00e7\u00e3o.<\/p>\n<p>O presidente Carlos Andr\u00e9 Gomes assumiu o orgulho no momento vivido pelo clube e confirmou a ambi\u00e7\u00e3o de confirmar a subida no contacto com a equipa. O clube chega a Torres Vedras com uma vantagem de dois pontos sobre o terceiro classificado e com o l\u00edder a somar 60 pontos, face aos 46 pontos do Torreense.<\/p>\n<p>A pr\u00f3xima ronda Veste-se de decis\u00e3o, com o Mar\u00edtimo a visitar o Torreense, em Torres Vedras, para cumprir a partida frente ao terceiro classificado. A equipa madeirense entra no encontro com o objetivo de assegurar a subida sem depender de outros resultados.<\/p>\n<p>Na classifica\u00e7\u00e3o atual da Liga Portugal 2 Meu Super, o Torreense soma 46 pontos, enquanto o Mar\u00edtimo segue na lideran\u00e7a, com vantagem que pode aumentar caso confirme a vit\u00f3ria no s\u00e1bado. O desfecho do campeonato permanece na fase decisiva da competi\u00e7\u00e3o.<\/p>\n","protected":false},"excerpt":{"rendered":"<ul>\n<li>O Mar\u00edtimo est\u00e1 a dois pontos de regressar \u00e0 Primeira Liga, faltando cinco jornadas para o final da Liga Portugal 2.<\/li>\n<li>Os adeptos trocaram cumprimentos pelo Caldeir\u00e3o com o grito: \u201c\u00c9 para a Primeira!\u201d<\/li>\n<li>O presidente do clube, Carlos Andr\u00e9 Gomes, mostrou orgulho no momento que a equipa vive.<\/li>\n<li>O regresso pode acontecer j\u00e1 este s\u00e1bado, em Torres Vedras, frente ao Torreense, terceiro classificado com 46 pontos.<\/li>\n<li>O Torreense fica a 14 pontos do l\u00edder Mar\u00edtimo.<\/li>\n<\/ul>\n","protected":false},"author":2,"featured_media":443984,"comment_status":"closed","ping_status":"closed","sticky":false,"template":"","format":"standard","meta":{"footnotes":""},"categories":[21,24],"tags":[4059,32,457,859,3097,1835],"class_list":["post-443983","post","type-post","status-publish","format-standard","has-post-thumbnail","hentry","category-desporto","category-futebol","tag-1-a-liga","tag-futebol","tag-liga-portugal","tag-madeira","tag-maritimo","tag-torres-vedras"],"yoast_head":"<!-- This site is optimized with the Yoast SEO plugin v27.2 - https:\/\/yoast.com\/product\/yoast-seo-wordpress\/ -->\n<title>Carlos Andr\u00e9 Gomes confiante: n\u00e3o vamos deixar escapar a subida - Portal Tela Portugal<\/title>\n<meta name=\"robots\" content=\"index, follow, max-snippet:-1, max-image-preview:large, max-video-preview:-1\" \/>\n<meta property=\"og:locale\" content=\"pt_PT\" \/>\n<meta property=\"og:type\" content=\"article\" \/>\n<meta property=\"og:title\" content=\"Carlos Andr\u00e9 Gomes confiante: n\u00e3o vamos deixar escapar a subida - Portal Tela Portugal\" \/>\n<meta property=\"og:description\" content=\"O Mar\u00edtimo est\u00e1 a dois pontos de regressar \u00e0 Primeira Liga, faltando cinco jornadas para o final da Liga Portugal 2. Os adeptos trocaram cumprimentos pelo Caldeir\u00e3o com o grito: \u201c\u00c9 para a Primeira!\u201d O presidente do clube, Carlos Andr\u00e9 Gomes, mostrou orgulho no momento que a equipa vive. O regresso pode acontecer j\u00e1 este s\u00e1bado, em Torres Vedras, frente ao Torreense, terceiro classificado com 46 pontos. O Torreense fica a 14 pontos do l\u00edder Mar\u00edtimo.\" \/>\n<meta property=\"og:url\" content=\"https:\/\/portaltela.pt\/noticias\/2026\/04\/14\/carlos-andre-gomes-confiante-nao-vamos-deixar-escapar-a-subida\/\" \/>\n<meta property=\"og:site_name\" content=\"Portal Tela Portugal\" \/>\n<meta property=\"article:published_time\" content=\"2026-04-14T16:03:00+00:00\" \/>\n<meta name=\"author\" content=\"Telinha\" \/>\n<meta name=\"twitter:card\" content=\"summary_large_image\" \/>\n<meta name=\"twitter:label1\" content=\"Escrito por\" \/>\n\t<meta name=\"twitter:data1\" content=\"Telinha\" \/>\n\t<meta name=\"twitter:label2\" content=\"Tempo estimado de leitura\" \/>\n\t<meta name=\"twitter:data2\" content=\"1 minuto\" \/>\n<script type=\"application\/ld+json\" class=\"yoast-schema-graph\">{\"@context\":\"https:\/\/schema.org\",\"@graph\":[{\"@type\":\"Article\",\"@id\":\"https:\/\/portaltela.pt\/noticias\/2026\/04\/14\/carlos-andre-gomes-confiante-nao-vamos-deixar-escapar-a-subida\/#article\",\"isPartOf\":{\"@id\":\"https:\/\/portaltela.pt\/noticias\/2026\/04\/14\/carlos-andre-gomes-confiante-nao-vamos-deixar-escapar-a-subida\/\"},\"author\":{\"name\":\"Telinha\",\"@id\":\"https:\/\/portaltela.pt\/#\/schema\/person\/c4278d4a6028830caff9ee44b42d32ed\"},\"headline\":\"Carlos Andr\u00e9 Gomes confiante: n\u00e3o vamos deixar escapar a subida\",\"datePublished\":\"2026-04-14T16:03:00+00:00\",\"mainEntityOfPage\":{\"@id\":\"https:\/\/portaltela.pt\/noticias\/2026\/04\/14\/carlos-andre-gomes-confiante-nao-vamos-deixar-escapar-a-subida\/\"},\"wordCount\":206,\"image\":{\"@id\":\"https:\/\/portaltela.pt\/noticias\/2026\/04\/14\/carlos-andre-gomes-confiante-nao-vamos-deixar-escapar-a-subida\/#primaryimage\"},\"thumbnailUrl\":\"https:\/\/portaltela.pt\/s.01k8rhncp4jt1\/2026\/04\/img_920x518uu2026-04-14-16-58-48-2432985.jpg\",\"keywords\":[\"1.\u00aa Liga\",\"futebol\",\"Liga Portugal\",\"Madeira\",\"Mar\u00edtimo\",\"Torres Vedras\"],\"articleSection\":[\"Desporto\",\"Futebol\"],\"inLanguage\":\"pt-PT\"},{\"@type\":\"WebPage\",\"@id\":\"https:\/\/portaltela.pt\/noticias\/2026\/04\/14\/carlos-andre-gomes-confiante-nao-vamos-deixar-escapar-a-subida\/\",\"url\":\"https:\/\/portaltela.pt\/noticias\/2026\/04\/14\/carlos-andre-gomes-confiante-nao-vamos-deixar-escapar-a-subida\/\",\"name\":\"Carlos Andr\u00e9 Gomes confiante: n\u00e3o vamos deixar escapar a subida - Portal Tela Portugal\",\"isPartOf\":{\"@id\":\"https:\/\/portaltela.pt\/#website\"},\"primaryImageOfPage\":{\"@id\":\"https:\/\/portaltela.pt\/noticias\/2026\/04\/14\/carlos-andre-gomes-confiante-nao-vamos-deixar-escapar-a-subida\/#primaryimage\"},\"image\":{\"@id\":\"https:\/\/portaltela.pt\/noticias\/2026\/04\/14\/carlos-andre-gomes-confiante-nao-vamos-deixar-escapar-a-subida\/#primaryimage\"},\"thumbnailUrl\":\"https:\/\/portaltela.pt\/s.01k8rhncp4jt1\/2026\/04\/img_920x518uu2026-04-14-16-58-48-2432985.jpg\",\"datePublished\":\"2026-04-14T16:03:00+00:00\",\"author\":{\"@id\":\"https:\/\/portaltela.pt\/#\/schema\/person\/c4278d4a6028830caff9ee44b42d32ed\"},\"breadcrumb\":{\"@id\":\"https:\/\/portaltela.pt\/noticias\/2026\/04\/14\/carlos-andre-gomes-confiante-nao-vamos-deixar-escapar-a-subida\/#breadcrumb\"},\"inLanguage\":\"pt-PT\",\"potentialAction\":[{\"@type\":\"ReadAction\",\"target\":[\"https:\/\/portaltela.pt\/noticias\/2026\/04\/14\/carlos-andre-gomes-confiante-nao-vamos-deixar-escapar-a-subida\/\"]}]},{\"@type\":\"ImageObject\",\"inLanguage\":\"pt-PT\",\"@id\":\"https:\/\/portaltela.pt\/noticias\/2026\/04\/14\/carlos-andre-gomes-confiante-nao-vamos-deixar-escapar-a-subida\/#primaryimage\",\"url\":\"https:\/\/portaltela.pt\/s.01k8rhncp4jt1\/2026\/04\/img_920x518uu2026-04-14-16-58-48-2432985.jpg\",\"contentUrl\":\"https:\/\/portaltela.pt\/s.01k8rhncp4jt1\/2026\/04\/img_920x518uu2026-04-14-16-58-48-2432985.jpg\",\"width\":796,\"height\":448,\"caption\":\"Carlos Andr\u00e9 Gomes e o treinador Miguel Moita\"},{\"@type\":\"BreadcrumbList\",\"@id\":\"https:\/\/portaltela.pt\/noticias\/2026\/04\/14\/carlos-andre-gomes-confiante-nao-vamos-deixar-escapar-a-subida\/#breadcrumb\",\"itemListElement\":[{\"@type\":\"ListItem\",\"position\":1,\"name\":\"In\u00edcio\",\"item\":\"https:\/\/portaltela.pt\/\"},{\"@type\":\"ListItem\",\"position\":2,\"name\":\"Carlos Andr\u00e9 Gomes confiante: n\u00e3o vamos deixar escapar a subida\"}]},{\"@type\":\"WebSite\",\"@id\":\"https:\/\/portaltela.pt\/#website\",\"url\":\"https:\/\/portaltela.pt\/\",\"name\":\"Portal Tela Portugal\",\"description\":\"\",\"potentialAction\":[{\"@type\":\"SearchAction\",\"target\":{\"@type\":\"EntryPoint\",\"urlTemplate\":\"https:\/\/portaltela.pt\/?s={search_term_string}\"},\"query-input\":{\"@type\":\"PropertyValueSpecification\",\"valueRequired\":true,\"valueName\":\"search_term_string\"}}],\"inLanguage\":\"pt-PT\"},{\"@type\":\"Person\",\"@id\":\"https:\/\/portaltela.pt\/#\/schema\/person\/c4278d4a6028830caff9ee44b42d32ed\",\"name\":\"Telinha\",\"image\":{\"@type\":\"ImageObject\",\"inLanguage\":\"pt-PT\",\"@id\":\"https:\/\/portaltela.pt\/s.01k8rhncp4jt1\/2025\/11\/talking-bot-125x125.png\",\"url\":\"https:\/\/portaltela.pt\/s.01k8rhncp4jt1\/2025\/11\/talking-bot-125x125.png\",\"contentUrl\":\"https:\/\/portaltela.pt\/s.01k8rhncp4jt1\/2025\/11\/talking-bot-125x125.png\",\"caption\":\"Telinha\"},\"sameAs\":[\"https:\/\/portaltela.pt\/\"],\"url\":\"https:\/\/portaltela.pt\/por\/367410592786\/\"}]}<\/script>\n<!-- \/ Yoast SEO plugin. -->","yoast_head_json":{"title":"Carlos Andr\u00e9 Gomes confiante: n\u00e3o vamos deixar escapar a subida - Portal Tela Portugal","robots":{"index":"index","follow":"follow","max-snippet":"max-snippet:-1","max-image-preview":"max-image-preview:large","max-video-preview":"max-video-preview:-1"},"og_locale":"pt_PT","og_type":"article","og_title":"Carlos Andr\u00e9 Gomes confiante: n\u00e3o vamos deixar escapar a subida - Portal Tela Portugal","og_description":"O Mar\u00edtimo est\u00e1 a dois pontos de regressar \u00e0 Primeira Liga, faltando cinco jornadas para o final da Liga Portugal 2. Os adeptos trocaram cumprimentos pelo Caldeir\u00e3o com o grito: \u201c\u00c9 para a Primeira!\u201d O presidente do clube, Carlos Andr\u00e9 Gomes, mostrou orgulho no momento que a equipa vive. O regresso pode acontecer j\u00e1 este s\u00e1bado, em Torres Vedras, frente ao Torreense, terceiro classificado com 46 pontos. O Torreense fica a 14 pontos do l\u00edder Mar\u00edtimo.","og_url":"https:\/\/portaltela.pt\/noticias\/2026\/04\/14\/carlos-andre-gomes-confiante-nao-vamos-deixar-escapar-a-subida\/","og_site_name":"Portal Tela Portugal","article_published_time":"2026-04-14T16:03:00+00:00","author":"Telinha","twitter_card":"summary_large_image","twitter_misc":{"Escrito por":"Telinha","Tempo estimado de leitura":"1 minuto"},"schema":{"@context":"https:\/\/schema.org","@graph":[{"@type":"Article","@id":"https:\/\/portaltela.pt\/noticias\/2026\/04\/14\/carlos-andre-gomes-confiante-nao-vamos-deixar-escapar-a-subida\/#article","isPartOf":{"@id":"https:\/\/portaltela.pt\/noticias\/2026\/04\/14\/carlos-andre-gomes-confiante-nao-vamos-deixar-escapar-a-subida\/"},"author":{"name":"Telinha","@id":"https:\/\/portaltela.pt\/#\/schema\/person\/c4278d4a6028830caff9ee44b42d32ed"},"headline":"Carlos Andr\u00e9 Gomes confiante: n\u00e3o vamos deixar escapar a subida","datePublished":"2026-04-14T16:03:00+00:00","mainEntityOfPage":{"@id":"https:\/\/portaltela.pt\/noticias\/2026\/04\/14\/carlos-andre-gomes-confiante-nao-vamos-deixar-escapar-a-subida\/"},"wordCount":206,"image":{"@id":"https:\/\/portaltela.pt\/noticias\/2026\/04\/14\/carlos-andre-gomes-confiante-nao-vamos-deixar-escapar-a-subida\/#primaryimage"},"thumbnailUrl":"https:\/\/portaltela.pt\/s.01k8rhncp4jt1\/2026\/04\/img_920x518uu2026-04-14-16-58-48-2432985.jpg","keywords":["1.\u00aa Liga","futebol","Liga Portugal","Madeira","Mar\u00edtimo","Torres Vedras"],"articleSection":["Desporto","Futebol"],"inLanguage":"pt-PT"},{"@type":"WebPage","@id":"https:\/\/portaltela.pt\/noticias\/2026\/04\/14\/carlos-andre-gomes-confiante-nao-vamos-deixar-escapar-a-subida\/","url":"https:\/\/portaltela.pt\/noticias\/2026\/04\/14\/carlos-andre-gomes-confiante-nao-vamos-deixar-escapar-a-subida\/","name":"Carlos Andr\u00e9 Gomes confiante: n\u00e3o vamos deixar escapar a subida - Portal Tela Portugal","isPartOf":{"@id":"https:\/\/portaltela.pt\/#website"},"primaryImageOfPage":{"@id":"https:\/\/portaltela.pt\/noticias\/2026\/04\/14\/carlos-andre-gomes-confiante-nao-vamos-deixar-escapar-a-subida\/#primaryimage"},"image":{"@id":"https:\/\/portaltela.pt\/noticias\/2026\/04\/14\/carlos-andre-gomes-confiante-nao-vamos-deixar-escapar-a-subida\/#primaryimage"},"thumbnailUrl":"https:\/\/portaltela.pt\/s.01k8rhncp4jt1\/2026\/04\/img_920x518uu2026-04-14-16-58-48-2432985.jpg","datePublished":"2026-04-14T16:03:00+00:00","author":{"@id":"https:\/\/portaltela.pt\/#\/schema\/person\/c4278d4a6028830caff9ee44b42d32ed"},"breadcrumb":{"@id":"https:\/\/portaltela.pt\/noticias\/2026\/04\/14\/carlos-andre-gomes-confiante-nao-vamos-deixar-escapar-a-subida\/#breadcrumb"},"inLanguage":"pt-PT","potentialAction":[{"@type":"ReadAction","target":["https:\/\/portaltela.pt\/noticias\/2026\/04\/14\/carlos-andre-gomes-confiante-nao-vamos-deixar-escapar-a-subida\/"]}]},{"@type":"ImageObject","inLanguage":"pt-PT","@id":"https:\/\/portaltela.pt\/noticias\/2026\/04\/14\/carlos-andre-gomes-confiante-nao-vamos-deixar-escapar-a-subida\/#primaryimage","url":"https:\/\/portaltela.pt\/s.01k8rhncp4jt1\/2026\/04\/img_920x518uu2026-04-14-16-58-48-2432985.jpg","contentUrl":"https:\/\/portaltela.pt\/s.01k8rhncp4jt1\/2026\/04\/img_920x518uu2026-04-14-16-58-48-2432985.jpg","width":796,"height":448,"caption":"Carlos Andr\u00e9 Gomes e o treinador Miguel Moita"},{"@type":"BreadcrumbList","@id":"https:\/\/portaltela.pt\/noticias\/2026\/04\/14\/carlos-andre-gomes-confiante-nao-vamos-deixar-escapar-a-subida\/#breadcrumb","itemListElement":[{"@type":"ListItem","position":1,"name":"In\u00edcio","item":"https:\/\/portaltela.pt\/"},{"@type":"ListItem","position":2,"name":"Carlos Andr\u00e9 Gomes confiante: n\u00e3o vamos deixar escapar a subida"}]},{"@type":"WebSite","@id":"https:\/\/portaltela.pt\/#website","url":"https:\/\/portaltela.pt\/","name":"Portal Tela Portugal","description":"","potentialAction":[{"@type":"SearchAction","target":{"@type":"EntryPoint","urlTemplate":"https:\/\/portaltela.pt\/?s={search_term_string}"},"query-input":{"@type":"PropertyValueSpecification","valueRequired":true,"valueName":"search_term_string"}}],"inLanguage":"pt-PT"},{"@type":"Person","@id":"https:\/\/portaltela.pt\/#\/schema\/person\/c4278d4a6028830caff9ee44b42d32ed","name":"Telinha","image":{"@type":"ImageObject","inLanguage":"pt-PT","@id":"https:\/\/portaltela.pt\/s.01k8rhncp4jt1\/2025\/11\/talking-bot-125x125.png","url":"https:\/\/portaltela.pt\/s.01k8rhncp4jt1\/2025\/11\/talking-bot-125x125.png","contentUrl":"https:\/\/portaltela.pt\/s.01k8rhncp4jt1\/2025\/11\/talking-bot-125x125.png","caption":"Telinha"},"sameAs":["https:\/\/portaltela.pt\/"],"url":"https:\/\/portaltela.pt\/por\/367410592786\/"}]}},"_links":{"self":[{"href":"https:\/\/portaltela.pt\/api\/wp\/v2\/posts\/443983","targetHints":{"allow":["GET"]}}],"collection":[{"href":"https:\/\/portaltela.pt\/api\/wp\/v2\/posts"}],"about":[{"href":"https:\/\/portaltela.pt\/api\/wp\/v2\/types\/post"}],"author":[{"embeddable":true,"href":"https:\/\/portaltela.pt\/api\/wp\/v2\/users\/2"}],"replies":[{"embeddable":true,"href":"https:\/\/portaltela.pt\/api\/wp\/v2\/comments?post=443983"}],"version-history":[{"count":0,"href":"https:\/\/portaltela.pt\/api\/wp\/v2\/posts\/443983\/revisions"}],"wp:featuredmedia":[{"embeddable":true,"href":"https:\/\/portaltela.pt\/api\/wp\/v2\/media\/443984"}],"wp:attachment":[{"href":"https:\/\/portaltela.pt\/api\/wp\/v2\/media?parent=443983"}],"wp:term":[{"taxonomy":"category","embeddable":true,"href":"https:\/\/portaltela.pt\/api\/wp\/v2\/categories?post=443983"},{"taxonomy":"post_tag","embeddable":true,"href":"https:\/\/portaltela.pt\/api\/wp\/v2\/tags?post=443983"}],"curies":[{"name":"wp","href":"https:\/\/api.w.org\/{rel}","templated":true}]}}