{"id":443965,"date":"2026-04-14T12:47:24","date_gmt":"2026-04-14T15:47:24","guid":{"rendered":"https:\/\/portaltela.pt\/noticias\/2026\/04\/14\/ex-chefe-das-secretas-brasileiras-aliado-de-bolsonaro-detido-nos-eua\/"},"modified":"2026-04-14T12:47:24","modified_gmt":"2026-04-14T15:47:24","slug":"ex-chefe-das-secretas-brasileiras-aliado-de-bolsonaro-detido-nos-eua","status":"publish","type":"post","link":"https:\/\/portaltela.pt\/justica\/2026\/04\/14\/ex-chefe-das-secretas-brasileiras-aliado-de-bolsonaro-detido-nos-eua\/","title":{"rendered":"Ex-chefe das secretas brasileiras, aliado de Bolsonaro, detido nos EUA"},"content":{"rendered":"<p>O ex-chefe da Ag\u00eancia Brasileira de Intelig\u00eancia (ABIN) Alexandre Ramagem foi detido pelo servi\u00e7o de imigra\u00e7\u00e3o dos EUA (ICE) em Orlando, Fl\u00f3rida. A Pol\u00edcia Federal brasileira informou que Ramagem est\u00e1 em \u201csitua\u00e7\u00e3o migrat\u00f3ria irregular\u201d e que h\u00e1 coopera\u00e7\u00e3o com autoridades norte-americanas.<\/p>\n<p>Segundo o ICE, o nome de Ramagem consta na base de dados de detidos, mas o local exato para onde foi levado n\u00e3o foi divulgado. A imprensa menciona que ele pode ter sido encaminhado para um centro de deten\u00e7\u00e3o na cidade de Orlando.<\/p>\n<p>Ramagem fugiu para os EUA em setembro, ap\u00f3s ter sido condenado a 16 anos de pris\u00e3o e \u00e0 perda do mandato de deputado por tentativa de golpe de Estado. O caso envolve conspira\u00e7\u00f5es para impedir a transi\u00e7\u00e3o de poder ap\u00f3s a vit\u00f3ria de Lula em 2022.<\/p>\n<p>A investiga\u00e7\u00e3o aponta liga\u00e7\u00f5es com aliados de Jair Bolsonaro, incluindo elementos das For\u00e7as Armadas e do governo anterior, conforme a Justi\u00e7a brasileira. O objetivo alegado era obstar a posse de Lula da Silva.<\/p>\n<p>Relatos de imprensa apontam que Ramagem viveu num condom\u00ednio de luxo na Fl\u00f3rida, gravava v\u00eddeos e votava \u00e0 dist\u00e2ncia na C\u00e2mara. A Folha de S.Paulo diz que havia autoriza\u00e7\u00e3o m\u00e9dica para permanecer nos EUA at\u00e9 10 de mar\u00e7o.<\/p>\n<p>O Supremo Tribunal Federal (STF) requereu a extradi\u00e7\u00e3o de Ramagem em dezembro. Em janeiro de 2026, o Minist\u00e9rio da Justi\u00e7a informou que o pedido foi encaminhado aos EUA. A medida facilitou a deten\u00e7\u00e3o por autoridades estrangeiras ao incluir Ramagem na lista da Interpol.<\/p>\n<p>Aliados de Ramagem anunciaram a inten\u00e7\u00e3o de pedir asilo pol\u00edtico aos Estados Unidos, segundo informa\u00e7\u00f5es de ve\u00edculos brasileiros. O caso segue sob jurisdi\u00e7\u00e3o de autoridades brasileiras e norte-americanas.<\/p>\n","protected":false},"excerpt":{"rendered":"<ul>\n<li>Alexandre Ramagem, ex-chefe da Abin e aliado de Jair Bolsonaro, foi detido pelo servi\u00e7o de imigra\u00e7\u00e3o dos EUA (ICE) em Orlando, Fl\u00f3rida.<\/li>\n<li>A Pol\u00edcia Federal brasileira informou que Ramagem est\u00e1 em situa\u00e7\u00e3o migrat\u00f3ria irregular e \u00e9 foragido da justi\u00e7a, ap\u00f3s ter sido condenado a 16 anos de pris\u00e3o por tentativa de golpe de Estado.<\/li>\n<li>Ramagem fugiu para os EUA em setembro pela fronteira com a Guiana e, segundo a imprensa, pode estar num condom\u00ednio de luxo na Fl\u00f3rida, gravando v\u00eddeos e votando \u00e0 dist\u00e2ncia com base num atestado m\u00e9dico.<\/li>\n<li>O Supremo Tribunal Federal requereu a extradi\u00e7\u00e3o em dezembro; em janeiro de 2026 o pedido foi encaminhado ao governo dos EUA e o nome dele passou a constar na lista da Interpol.<\/li>\n<li>Aliados anunciam a inten\u00e7\u00e3o de apresentar nos EUA um pedido de asilo pol\u00edtico para Ramagem.<\/li>\n<\/ul>\n","protected":false},"author":2,"featured_media":443968,"comment_status":"closed","ping_status":"closed","sticky":false,"template":"","format":"standard","meta":{"footnotes":""},"categories":[7374,6815],"tags":[2547,5550,1600,5833,2460,2832],"class_list":["post-443965","post","type-post","status-publish","format-standard","has-post-thumbnail","hentry","category-criminalidade","category-justica","tag-brasil","tag-crime-internacional","tag-estados-unidos","tag-extradicoes","tag-interferencia-internacional","tag-politica"],"yoast_head":"<!-- This site is optimized with the Yoast SEO plugin v27.2 - https:\/\/yoast.com\/product\/yoast-seo-wordpress\/ -->\n<title>Ex-chefe das secretas brasileiras, aliado de Bolsonaro, detido nos EUA - Portal Tela Portugal<\/title>\n<meta name=\"robots\" content=\"index, follow, max-snippet:-1, max-image-preview:large, max-video-preview:-1\" \/>\n<meta property=\"og:locale\" content=\"pt_PT\" \/>\n<meta property=\"og:type\" content=\"article\" \/>\n<meta property=\"og:title\" content=\"Ex-chefe das secretas brasileiras, aliado de Bolsonaro, detido nos EUA - Portal Tela Portugal\" \/>\n<meta property=\"og:description\" content=\"Alexandre Ramagem, ex-chefe da Abin e aliado de Jair Bolsonaro, foi detido pelo servi\u00e7o de imigra\u00e7\u00e3o dos EUA (ICE) em Orlando, Fl\u00f3rida. A Pol\u00edcia Federal brasileira informou que Ramagem est\u00e1 em situa\u00e7\u00e3o migrat\u00f3ria irregular e \u00e9 foragido da justi\u00e7a, ap\u00f3s ter sido condenado a 16 anos de pris\u00e3o por tentativa de golpe de Estado. Ramagem fugiu para os EUA em setembro pela fronteira com a Guiana e, segundo a imprensa, pode estar num condom\u00ednio de luxo na Fl\u00f3rida, gravando v\u00eddeos e votando \u00e0 dist\u00e2ncia com base num atestado m\u00e9dico. O Supremo Tribunal Federal requereu a extradi\u00e7\u00e3o em dezembro; em janeiro de 2026 o pedido foi encaminhado ao governo dos EUA e o nome dele passou a constar na lista da Interpol. Aliados anunciam a inten\u00e7\u00e3o de apresentar nos EUA um pedido de asilo pol\u00edtico para Ramagem.\" \/>\n<meta property=\"og:url\" content=\"https:\/\/portaltela.pt\/noticias\/2026\/04\/14\/ex-chefe-das-secretas-brasileiras-aliado-de-bolsonaro-detido-nos-eua\/\" \/>\n<meta property=\"og:site_name\" content=\"Portal Tela Portugal\" \/>\n<meta property=\"article:published_time\" content=\"2026-04-14T15:47:24+00:00\" \/>\n<meta name=\"author\" content=\"Telinha\" \/>\n<meta name=\"twitter:card\" content=\"summary_large_image\" \/>\n<meta name=\"twitter:label1\" content=\"Escrito por\" \/>\n\t<meta name=\"twitter:data1\" content=\"Telinha\" \/>\n\t<meta name=\"twitter:label2\" content=\"Tempo estimado de leitura\" \/>\n\t<meta name=\"twitter:data2\" content=\"2 minutos\" \/>\n<script type=\"application\/ld+json\" class=\"yoast-schema-graph\">{\"@context\":\"https:\/\/schema.org\",\"@graph\":[{\"@type\":\"Article\",\"@id\":\"https:\/\/portaltela.pt\/noticias\/2026\/04\/14\/ex-chefe-das-secretas-brasileiras-aliado-de-bolsonaro-detido-nos-eua\/#article\",\"isPartOf\":{\"@id\":\"https:\/\/portaltela.pt\/noticias\/2026\/04\/14\/ex-chefe-das-secretas-brasileiras-aliado-de-bolsonaro-detido-nos-eua\/\"},\"author\":{\"name\":\"Telinha\",\"@id\":\"https:\/\/portaltela.pt\/#\/schema\/person\/c4278d4a6028830caff9ee44b42d32ed\"},\"headline\":\"Ex-chefe das secretas brasileiras, aliado de Bolsonaro, detido nos EUA\",\"datePublished\":\"2026-04-14T15:47:24+00:00\",\"mainEntityOfPage\":{\"@id\":\"https:\/\/portaltela.pt\/noticias\/2026\/04\/14\/ex-chefe-das-secretas-brasileiras-aliado-de-bolsonaro-detido-nos-eua\/\"},\"wordCount\":315,\"image\":{\"@id\":\"https:\/\/portaltela.pt\/noticias\/2026\/04\/14\/ex-chefe-das-secretas-brasileiras-aliado-de-bolsonaro-detido-nos-eua\/#primaryimage\"},\"thumbnailUrl\":\"https:\/\/portaltela.pt\/s.01k8rhncp4jt1\/2026\/04\/1536x864_cmsv2_4a74e5a7-e91d-5019-9fed-56df327aaa37-9721792.jpg\",\"keywords\":[\"Brasil\",\"crime internacional\",\"Estados Unidos\",\"extradi\u00e7\u00f5es\",\"interfer\u00eancia internacional\",\"pol\u00edtica\"],\"articleSection\":[\"Criminalidade\",\"Justi\u00e7a\"],\"inLanguage\":\"pt-PT\"},{\"@type\":\"WebPage\",\"@id\":\"https:\/\/portaltela.pt\/noticias\/2026\/04\/14\/ex-chefe-das-secretas-brasileiras-aliado-de-bolsonaro-detido-nos-eua\/\",\"url\":\"https:\/\/portaltela.pt\/noticias\/2026\/04\/14\/ex-chefe-das-secretas-brasileiras-aliado-de-bolsonaro-detido-nos-eua\/\",\"name\":\"Ex-chefe das secretas brasileiras, aliado de Bolsonaro, detido nos EUA - Portal Tela Portugal\",\"isPartOf\":{\"@id\":\"https:\/\/portaltela.pt\/#website\"},\"primaryImageOfPage\":{\"@id\":\"https:\/\/portaltela.pt\/noticias\/2026\/04\/14\/ex-chefe-das-secretas-brasileiras-aliado-de-bolsonaro-detido-nos-eua\/#primaryimage\"},\"image\":{\"@id\":\"https:\/\/portaltela.pt\/noticias\/2026\/04\/14\/ex-chefe-das-secretas-brasileiras-aliado-de-bolsonaro-detido-nos-eua\/#primaryimage\"},\"thumbnailUrl\":\"https:\/\/portaltela.pt\/s.01k8rhncp4jt1\/2026\/04\/1536x864_cmsv2_4a74e5a7-e91d-5019-9fed-56df327aaa37-9721792.jpg\",\"datePublished\":\"2026-04-14T15:47:24+00:00\",\"author\":{\"@id\":\"https:\/\/portaltela.pt\/#\/schema\/person\/c4278d4a6028830caff9ee44b42d32ed\"},\"breadcrumb\":{\"@id\":\"https:\/\/portaltela.pt\/noticias\/2026\/04\/14\/ex-chefe-das-secretas-brasileiras-aliado-de-bolsonaro-detido-nos-eua\/#breadcrumb\"},\"inLanguage\":\"pt-PT\",\"potentialAction\":[{\"@type\":\"ReadAction\",\"target\":[\"https:\/\/portaltela.pt\/noticias\/2026\/04\/14\/ex-chefe-das-secretas-brasileiras-aliado-de-bolsonaro-detido-nos-eua\/\"]}]},{\"@type\":\"ImageObject\",\"inLanguage\":\"pt-PT\",\"@id\":\"https:\/\/portaltela.pt\/noticias\/2026\/04\/14\/ex-chefe-das-secretas-brasileiras-aliado-de-bolsonaro-detido-nos-eua\/#primaryimage\",\"url\":\"https:\/\/portaltela.pt\/s.01k8rhncp4jt1\/2026\/04\/1536x864_cmsv2_4a74e5a7-e91d-5019-9fed-56df327aaa37-9721792.jpg\",\"contentUrl\":\"https:\/\/portaltela.pt\/s.01k8rhncp4jt1\/2026\/04\/1536x864_cmsv2_4a74e5a7-e91d-5019-9fed-56df327aaa37-9721792.jpg\",\"width\":1536,\"height\":864,\"caption\":\"Alexandre Ramagem (\u00e0 direita), ex-chefe dos servi\u00e7os secretos do Brasil, 18 de julho de 2024\"},{\"@type\":\"BreadcrumbList\",\"@id\":\"https:\/\/portaltela.pt\/noticias\/2026\/04\/14\/ex-chefe-das-secretas-brasileiras-aliado-de-bolsonaro-detido-nos-eua\/#breadcrumb\",\"itemListElement\":[{\"@type\":\"ListItem\",\"position\":1,\"name\":\"In\u00edcio\",\"item\":\"https:\/\/portaltela.pt\/\"},{\"@type\":\"ListItem\",\"position\":2,\"name\":\"Ex-chefe das secretas brasileiras, aliado de Bolsonaro, detido nos EUA\"}]},{\"@type\":\"WebSite\",\"@id\":\"https:\/\/portaltela.pt\/#website\",\"url\":\"https:\/\/portaltela.pt\/\",\"name\":\"Portal Tela Portugal\",\"description\":\"\",\"potentialAction\":[{\"@type\":\"SearchAction\",\"target\":{\"@type\":\"EntryPoint\",\"urlTemplate\":\"https:\/\/portaltela.pt\/?s={search_term_string}\"},\"query-input\":{\"@type\":\"PropertyValueSpecification\",\"valueRequired\":true,\"valueName\":\"search_term_string\"}}],\"inLanguage\":\"pt-PT\"},{\"@type\":\"Person\",\"@id\":\"https:\/\/portaltela.pt\/#\/schema\/person\/c4278d4a6028830caff9ee44b42d32ed\",\"name\":\"Telinha\",\"image\":{\"@type\":\"ImageObject\",\"inLanguage\":\"pt-PT\",\"@id\":\"https:\/\/portaltela.pt\/s.01k8rhncp4jt1\/2025\/11\/talking-bot-125x125.png\",\"url\":\"https:\/\/portaltela.pt\/s.01k8rhncp4jt1\/2025\/11\/talking-bot-125x125.png\",\"contentUrl\":\"https:\/\/portaltela.pt\/s.01k8rhncp4jt1\/2025\/11\/talking-bot-125x125.png\",\"caption\":\"Telinha\"},\"sameAs\":[\"https:\/\/portaltela.pt\/\"],\"url\":\"https:\/\/portaltela.pt\/por\/367410592786\/\"}]}<\/script>\n<!-- \/ Yoast SEO plugin. -->","yoast_head_json":{"title":"Ex-chefe das secretas brasileiras, aliado de Bolsonaro, detido nos EUA - Portal Tela Portugal","robots":{"index":"index","follow":"follow","max-snippet":"max-snippet:-1","max-image-preview":"max-image-preview:large","max-video-preview":"max-video-preview:-1"},"og_locale":"pt_PT","og_type":"article","og_title":"Ex-chefe das secretas brasileiras, aliado de Bolsonaro, detido nos EUA - Portal Tela Portugal","og_description":"Alexandre Ramagem, ex-chefe da Abin e aliado de Jair Bolsonaro, foi detido pelo servi\u00e7o de imigra\u00e7\u00e3o dos EUA (ICE) em Orlando, Fl\u00f3rida. A Pol\u00edcia Federal brasileira informou que Ramagem est\u00e1 em situa\u00e7\u00e3o migrat\u00f3ria irregular e \u00e9 foragido da justi\u00e7a, ap\u00f3s ter sido condenado a 16 anos de pris\u00e3o por tentativa de golpe de Estado. Ramagem fugiu para os EUA em setembro pela fronteira com a Guiana e, segundo a imprensa, pode estar num condom\u00ednio de luxo na Fl\u00f3rida, gravando v\u00eddeos e votando \u00e0 dist\u00e2ncia com base num atestado m\u00e9dico. O Supremo Tribunal Federal requereu a extradi\u00e7\u00e3o em dezembro; em janeiro de 2026 o pedido foi encaminhado ao governo dos EUA e o nome dele passou a constar na lista da Interpol. Aliados anunciam a inten\u00e7\u00e3o de apresentar nos EUA um pedido de asilo pol\u00edtico para Ramagem.","og_url":"https:\/\/portaltela.pt\/noticias\/2026\/04\/14\/ex-chefe-das-secretas-brasileiras-aliado-de-bolsonaro-detido-nos-eua\/","og_site_name":"Portal Tela Portugal","article_published_time":"2026-04-14T15:47:24+00:00","author":"Telinha","twitter_card":"summary_large_image","twitter_misc":{"Escrito por":"Telinha","Tempo estimado de leitura":"2 minutos"},"schema":{"@context":"https:\/\/schema.org","@graph":[{"@type":"Article","@id":"https:\/\/portaltela.pt\/noticias\/2026\/04\/14\/ex-chefe-das-secretas-brasileiras-aliado-de-bolsonaro-detido-nos-eua\/#article","isPartOf":{"@id":"https:\/\/portaltela.pt\/noticias\/2026\/04\/14\/ex-chefe-das-secretas-brasileiras-aliado-de-bolsonaro-detido-nos-eua\/"},"author":{"name":"Telinha","@id":"https:\/\/portaltela.pt\/#\/schema\/person\/c4278d4a6028830caff9ee44b42d32ed"},"headline":"Ex-chefe das secretas brasileiras, aliado de Bolsonaro, detido nos EUA","datePublished":"2026-04-14T15:47:24+00:00","mainEntityOfPage":{"@id":"https:\/\/portaltela.pt\/noticias\/2026\/04\/14\/ex-chefe-das-secretas-brasileiras-aliado-de-bolsonaro-detido-nos-eua\/"},"wordCount":315,"image":{"@id":"https:\/\/portaltela.pt\/noticias\/2026\/04\/14\/ex-chefe-das-secretas-brasileiras-aliado-de-bolsonaro-detido-nos-eua\/#primaryimage"},"thumbnailUrl":"https:\/\/portaltela.pt\/s.01k8rhncp4jt1\/2026\/04\/1536x864_cmsv2_4a74e5a7-e91d-5019-9fed-56df327aaa37-9721792.jpg","keywords":["Brasil","crime internacional","Estados Unidos","extradi\u00e7\u00f5es","interfer\u00eancia internacional","pol\u00edtica"],"articleSection":["Criminalidade","Justi\u00e7a"],"inLanguage":"pt-PT"},{"@type":"WebPage","@id":"https:\/\/portaltela.pt\/noticias\/2026\/04\/14\/ex-chefe-das-secretas-brasileiras-aliado-de-bolsonaro-detido-nos-eua\/","url":"https:\/\/portaltela.pt\/noticias\/2026\/04\/14\/ex-chefe-das-secretas-brasileiras-aliado-de-bolsonaro-detido-nos-eua\/","name":"Ex-chefe das secretas brasileiras, aliado de Bolsonaro, detido nos EUA - Portal Tela Portugal","isPartOf":{"@id":"https:\/\/portaltela.pt\/#website"},"primaryImageOfPage":{"@id":"https:\/\/portaltela.pt\/noticias\/2026\/04\/14\/ex-chefe-das-secretas-brasileiras-aliado-de-bolsonaro-detido-nos-eua\/#primaryimage"},"image":{"@id":"https:\/\/portaltela.pt\/noticias\/2026\/04\/14\/ex-chefe-das-secretas-brasileiras-aliado-de-bolsonaro-detido-nos-eua\/#primaryimage"},"thumbnailUrl":"https:\/\/portaltela.pt\/s.01k8rhncp4jt1\/2026\/04\/1536x864_cmsv2_4a74e5a7-e91d-5019-9fed-56df327aaa37-9721792.jpg","datePublished":"2026-04-14T15:47:24+00:00","author":{"@id":"https:\/\/portaltela.pt\/#\/schema\/person\/c4278d4a6028830caff9ee44b42d32ed"},"breadcrumb":{"@id":"https:\/\/portaltela.pt\/noticias\/2026\/04\/14\/ex-chefe-das-secretas-brasileiras-aliado-de-bolsonaro-detido-nos-eua\/#breadcrumb"},"inLanguage":"pt-PT","potentialAction":[{"@type":"ReadAction","target":["https:\/\/portaltela.pt\/noticias\/2026\/04\/14\/ex-chefe-das-secretas-brasileiras-aliado-de-bolsonaro-detido-nos-eua\/"]}]},{"@type":"ImageObject","inLanguage":"pt-PT","@id":"https:\/\/portaltela.pt\/noticias\/2026\/04\/14\/ex-chefe-das-secretas-brasileiras-aliado-de-bolsonaro-detido-nos-eua\/#primaryimage","url":"https:\/\/portaltela.pt\/s.01k8rhncp4jt1\/2026\/04\/1536x864_cmsv2_4a74e5a7-e91d-5019-9fed-56df327aaa37-9721792.jpg","contentUrl":"https:\/\/portaltela.pt\/s.01k8rhncp4jt1\/2026\/04\/1536x864_cmsv2_4a74e5a7-e91d-5019-9fed-56df327aaa37-9721792.jpg","width":1536,"height":864,"caption":"Alexandre Ramagem (\u00e0 direita), ex-chefe dos servi\u00e7os secretos do Brasil, 18 de julho de 2024"},{"@type":"BreadcrumbList","@id":"https:\/\/portaltela.pt\/noticias\/2026\/04\/14\/ex-chefe-das-secretas-brasileiras-aliado-de-bolsonaro-detido-nos-eua\/#breadcrumb","itemListElement":[{"@type":"ListItem","position":1,"name":"In\u00edcio","item":"https:\/\/portaltela.pt\/"},{"@type":"ListItem","position":2,"name":"Ex-chefe das secretas brasileiras, aliado de Bolsonaro, detido nos EUA"}]},{"@type":"WebSite","@id":"https:\/\/portaltela.pt\/#website","url":"https:\/\/portaltela.pt\/","name":"Portal Tela Portugal","description":"","potentialAction":[{"@type":"SearchAction","target":{"@type":"EntryPoint","urlTemplate":"https:\/\/portaltela.pt\/?s={search_term_string}"},"query-input":{"@type":"PropertyValueSpecification","valueRequired":true,"valueName":"search_term_string"}}],"inLanguage":"pt-PT"},{"@type":"Person","@id":"https:\/\/portaltela.pt\/#\/schema\/person\/c4278d4a6028830caff9ee44b42d32ed","name":"Telinha","image":{"@type":"ImageObject","inLanguage":"pt-PT","@id":"https:\/\/portaltela.pt\/s.01k8rhncp4jt1\/2025\/11\/talking-bot-125x125.png","url":"https:\/\/portaltela.pt\/s.01k8rhncp4jt1\/2025\/11\/talking-bot-125x125.png","contentUrl":"https:\/\/portaltela.pt\/s.01k8rhncp4jt1\/2025\/11\/talking-bot-125x125.png","caption":"Telinha"},"sameAs":["https:\/\/portaltela.pt\/"],"url":"https:\/\/portaltela.pt\/por\/367410592786\/"}]}},"_links":{"self":[{"href":"https:\/\/portaltela.pt\/api\/wp\/v2\/posts\/443965","targetHints":{"allow":["GET"]}}],"collection":[{"href":"https:\/\/portaltela.pt\/api\/wp\/v2\/posts"}],"about":[{"href":"https:\/\/portaltela.pt\/api\/wp\/v2\/types\/post"}],"author":[{"embeddable":true,"href":"https:\/\/portaltela.pt\/api\/wp\/v2\/users\/2"}],"replies":[{"embeddable":true,"href":"https:\/\/portaltela.pt\/api\/wp\/v2\/comments?post=443965"}],"version-history":[{"count":0,"href":"https:\/\/portaltela.pt\/api\/wp\/v2\/posts\/443965\/revisions"}],"wp:featuredmedia":[{"embeddable":true,"href":"https:\/\/portaltela.pt\/api\/wp\/v2\/media\/443968"}],"wp:attachment":[{"href":"https:\/\/portaltela.pt\/api\/wp\/v2\/media?parent=443965"}],"wp:term":[{"taxonomy":"category","embeddable":true,"href":"https:\/\/portaltela.pt\/api\/wp\/v2\/categories?post=443965"},{"taxonomy":"post_tag","embeddable":true,"href":"https:\/\/portaltela.pt\/api\/wp\/v2\/tags?post=443965"}],"curies":[{"name":"wp","href":"https:\/\/api.w.org\/{rel}","templated":true}]}}