{"id":443951,"date":"2026-04-14T12:47:03","date_gmt":"2026-04-14T15:47:03","guid":{"rendered":"https:\/\/portaltela.pt\/noticias\/2026\/04\/14\/mais-de-um-milhao-pedem-a-ue-que-suspenda-acordo-com-israel\/"},"modified":"2026-04-14T12:47:03","modified_gmt":"2026-04-14T15:47:03","slug":"mais-de-um-milhao-pedem-a-ue-que-suspenda-acordo-com-israel","status":"publish","type":"post","link":"https:\/\/portaltela.pt\/noticias\/internacional\/2026\/04\/14\/mais-de-um-milhao-pedem-a-ue-que-suspenda-acordo-com-israel\/","title":{"rendered":"Mais de um milh\u00e3o pedem \u00e0 UE que suspenda acordo com Israel"},"content":{"rendered":"<p>Mais de um milh\u00e3o de pessoas est\u00e3o a pedir \u00e0 Uni\u00e3o Europeia que suspenda o acordo de associa\u00e7\u00e3o com Israel. O texto dispon\u00edvel indica a exist\u00eancia de esta press\u00e3o p\u00fablica significativa, mas n\u00e3o detalha quem organizou a iniciativa nem quais os mecanismos de participa\u00e7\u00e3o.<\/p>\n<p>Segundo o conte\u00fado fornecido, a informa\u00e7\u00e3o completa permanece inacess\u00edvel sem subscri\u00e7\u00e3o, o que impede a confirma\u00e7\u00e3o de datas, locais ou planos de mobiliza\u00e7\u00e3o. A not\u00edcia n\u00e3o apresenta declara\u00e7\u00f5es de representantes oficiais nem outras perspetivas independentes.<\/p>\n<p>N\u00e3o h\u00e1 conte\u00fado adicional dispon\u00edvel no texto fornecido para confirmar n\u00fameros exatos, identidades dos signat\u00e1rios ou as perguntas que motivaram o pedido de suspens\u00e3o.<\/p>\n","protected":false},"excerpt":{"rendered":"<ul>\n<li>Mais de um milh\u00e3o de pessoas pedem \u00e0 Uni\u00e3o Europeia que suspenda o acordo de associa\u00e7\u00e3o com Israel.<\/li>\n<li>A informa\u00e7\u00e3o inicial \u00e9 divulgada pela ag\u00eancia Lusa.<\/li>\n<li>O conte\u00fado completo continua dispon\u00edvel apenas para subscritores (paywall).<\/li>\n<li>N\u00e3o foram apresentados detalhes adicionais no texto fornecido.<\/li>\n<\/ul>\n","protected":false},"author":2,"featured_media":443954,"comment_status":"closed","ping_status":"closed","sticky":false,"template":"","format":"standard","meta":{"footnotes":""},"categories":[4,5],"tags":[2198,3708,6014,7439,27,2055],"class_list":["post-443951","post","type-post","status-publish","format-standard","has-post-thumbnail","hentry","category-internacional","category-politica","tag-conflitos-internacionais","tag-israel","tag-noticias-internacionais","tag-politica-externa","tag-relacoes-internacionais","tag-uniao-europeia"],"yoast_head":"<!-- This site is optimized with the Yoast SEO plugin v27.2 - https:\/\/yoast.com\/product\/yoast-seo-wordpress\/ -->\n<title>Mais de um milh\u00e3o pedem \u00e0 UE que suspenda acordo com Israel - Portal Tela Portugal<\/title>\n<meta name=\"robots\" content=\"index, follow, max-snippet:-1, max-image-preview:large, max-video-preview:-1\" \/>\n<meta property=\"og:locale\" content=\"pt_PT\" \/>\n<meta property=\"og:type\" content=\"article\" \/>\n<meta property=\"og:title\" content=\"Mais de um milh\u00e3o pedem \u00e0 UE que suspenda acordo com Israel - Portal Tela Portugal\" \/>\n<meta property=\"og:description\" content=\"Mais de um milh\u00e3o de pessoas pedem \u00e0 Uni\u00e3o Europeia que suspenda o acordo de associa\u00e7\u00e3o com Israel. A informa\u00e7\u00e3o inicial \u00e9 divulgada pela ag\u00eancia Lusa. O conte\u00fado completo continua dispon\u00edvel apenas para subscritores (paywall). N\u00e3o foram apresentados detalhes adicionais no texto fornecido.\" \/>\n<meta property=\"og:url\" content=\"https:\/\/portaltela.pt\/noticias\/2026\/04\/14\/mais-de-um-milhao-pedem-a-ue-que-suspenda-acordo-com-israel\/\" \/>\n<meta property=\"og:site_name\" content=\"Portal Tela Portugal\" \/>\n<meta property=\"article:published_time\" content=\"2026-04-14T15:47:03+00:00\" \/>\n<meta name=\"author\" content=\"Telinha\" \/>\n<meta name=\"twitter:card\" content=\"summary_large_image\" \/>\n<meta name=\"twitter:label1\" content=\"Escrito por\" \/>\n\t<meta name=\"twitter:data1\" content=\"Telinha\" \/>\n\t<meta name=\"twitter:label2\" content=\"Tempo estimado de leitura\" \/>\n\t<meta name=\"twitter:data2\" content=\"1 minuto\" \/>\n<script type=\"application\/ld+json\" class=\"yoast-schema-graph\">{\"@context\":\"https:\/\/schema.org\",\"@graph\":[{\"@type\":\"Article\",\"@id\":\"https:\/\/portaltela.pt\/noticias\/2026\/04\/14\/mais-de-um-milhao-pedem-a-ue-que-suspenda-acordo-com-israel\/#article\",\"isPartOf\":{\"@id\":\"https:\/\/portaltela.pt\/noticias\/2026\/04\/14\/mais-de-um-milhao-pedem-a-ue-que-suspenda-acordo-com-israel\/\"},\"author\":{\"name\":\"Telinha\",\"@id\":\"https:\/\/portaltela.pt\/#\/schema\/person\/c4278d4a6028830caff9ee44b42d32ed\"},\"headline\":\"Mais de um milh\u00e3o pedem \u00e0 UE que suspenda acordo com Israel\",\"datePublished\":\"2026-04-14T15:47:03+00:00\",\"mainEntityOfPage\":{\"@id\":\"https:\/\/portaltela.pt\/noticias\/2026\/04\/14\/mais-de-um-milhao-pedem-a-ue-que-suspenda-acordo-com-israel\/\"},\"wordCount\":139,\"image\":{\"@id\":\"https:\/\/portaltela.pt\/noticias\/2026\/04\/14\/mais-de-um-milhao-pedem-a-ue-que-suspenda-acordo-com-israel\/#primaryimage\"},\"thumbnailUrl\":\"https:\/\/portaltela.pt\/s.01k8rhncp4jt1\/2026\/04\/CACHE_780X1200_ANALOG_WATERMARKED_28826848_1356446725958477.jpg\",\"keywords\":[\"conflitos internacionais\",\"Israel\",\"not\u00edcias internacionais\",\"pol\u00edtica externa\",\"rela\u00e7\u00f5es internacionais\",\"Uni\u00e3o Europeia\"],\"articleSection\":[\"Internacional\",\"Pol\u00edtica\"],\"inLanguage\":\"pt-PT\"},{\"@type\":\"WebPage\",\"@id\":\"https:\/\/portaltela.pt\/noticias\/2026\/04\/14\/mais-de-um-milhao-pedem-a-ue-que-suspenda-acordo-com-israel\/\",\"url\":\"https:\/\/portaltela.pt\/noticias\/2026\/04\/14\/mais-de-um-milhao-pedem-a-ue-que-suspenda-acordo-com-israel\/\",\"name\":\"Mais de um milh\u00e3o pedem \u00e0 UE que suspenda acordo com Israel - Portal Tela Portugal\",\"isPartOf\":{\"@id\":\"https:\/\/portaltela.pt\/#website\"},\"primaryImageOfPage\":{\"@id\":\"https:\/\/portaltela.pt\/noticias\/2026\/04\/14\/mais-de-um-milhao-pedem-a-ue-que-suspenda-acordo-com-israel\/#primaryimage\"},\"image\":{\"@id\":\"https:\/\/portaltela.pt\/noticias\/2026\/04\/14\/mais-de-um-milhao-pedem-a-ue-que-suspenda-acordo-com-israel\/#primaryimage\"},\"thumbnailUrl\":\"https:\/\/portaltela.pt\/s.01k8rhncp4jt1\/2026\/04\/CACHE_780X1200_ANALOG_WATERMARKED_28826848_1356446725958477.jpg\",\"datePublished\":\"2026-04-14T15:47:03+00:00\",\"author\":{\"@id\":\"https:\/\/portaltela.pt\/#\/schema\/person\/c4278d4a6028830caff9ee44b42d32ed\"},\"breadcrumb\":{\"@id\":\"https:\/\/portaltela.pt\/noticias\/2026\/04\/14\/mais-de-um-milhao-pedem-a-ue-que-suspenda-acordo-com-israel\/#breadcrumb\"},\"inLanguage\":\"pt-PT\",\"potentialAction\":[{\"@type\":\"ReadAction\",\"target\":[\"https:\/\/portaltela.pt\/noticias\/2026\/04\/14\/mais-de-um-milhao-pedem-a-ue-que-suspenda-acordo-com-israel\/\"]}]},{\"@type\":\"ImageObject\",\"inLanguage\":\"pt-PT\",\"@id\":\"https:\/\/portaltela.pt\/noticias\/2026\/04\/14\/mais-de-um-milhao-pedem-a-ue-que-suspenda-acordo-com-israel\/#primaryimage\",\"url\":\"https:\/\/portaltela.pt\/s.01k8rhncp4jt1\/2026\/04\/CACHE_780X1200_ANALOG_WATERMARKED_28826848_1356446725958477.jpg\",\"contentUrl\":\"https:\/\/portaltela.pt\/s.01k8rhncp4jt1\/2026\/04\/CACHE_780X1200_ANALOG_WATERMARKED_28826848_1356446725958477.jpg\",\"width\":796,\"height\":448,\"caption\":\"Photo\"},{\"@type\":\"BreadcrumbList\",\"@id\":\"https:\/\/portaltela.pt\/noticias\/2026\/04\/14\/mais-de-um-milhao-pedem-a-ue-que-suspenda-acordo-com-israel\/#breadcrumb\",\"itemListElement\":[{\"@type\":\"ListItem\",\"position\":1,\"name\":\"In\u00edcio\",\"item\":\"https:\/\/portaltela.pt\/\"},{\"@type\":\"ListItem\",\"position\":2,\"name\":\"Mais de um milh\u00e3o pedem \u00e0 UE que suspenda acordo com Israel\"}]},{\"@type\":\"WebSite\",\"@id\":\"https:\/\/portaltela.pt\/#website\",\"url\":\"https:\/\/portaltela.pt\/\",\"name\":\"Portal Tela Portugal\",\"description\":\"\",\"potentialAction\":[{\"@type\":\"SearchAction\",\"target\":{\"@type\":\"EntryPoint\",\"urlTemplate\":\"https:\/\/portaltela.pt\/?s={search_term_string}\"},\"query-input\":{\"@type\":\"PropertyValueSpecification\",\"valueRequired\":true,\"valueName\":\"search_term_string\"}}],\"inLanguage\":\"pt-PT\"},{\"@type\":\"Person\",\"@id\":\"https:\/\/portaltela.pt\/#\/schema\/person\/c4278d4a6028830caff9ee44b42d32ed\",\"name\":\"Telinha\",\"image\":{\"@type\":\"ImageObject\",\"inLanguage\":\"pt-PT\",\"@id\":\"https:\/\/portaltela.pt\/s.01k8rhncp4jt1\/2025\/11\/talking-bot-125x125.png\",\"url\":\"https:\/\/portaltela.pt\/s.01k8rhncp4jt1\/2025\/11\/talking-bot-125x125.png\",\"contentUrl\":\"https:\/\/portaltela.pt\/s.01k8rhncp4jt1\/2025\/11\/talking-bot-125x125.png\",\"caption\":\"Telinha\"},\"sameAs\":[\"https:\/\/portaltela.pt\/\"],\"url\":\"https:\/\/portaltela.pt\/por\/367410592786\/\"}]}<\/script>\n<!-- \/ Yoast SEO plugin. -->","yoast_head_json":{"title":"Mais de um milh\u00e3o pedem \u00e0 UE que suspenda acordo com Israel - Portal Tela Portugal","robots":{"index":"index","follow":"follow","max-snippet":"max-snippet:-1","max-image-preview":"max-image-preview:large","max-video-preview":"max-video-preview:-1"},"og_locale":"pt_PT","og_type":"article","og_title":"Mais de um milh\u00e3o pedem \u00e0 UE que suspenda acordo com Israel - Portal Tela Portugal","og_description":"Mais de um milh\u00e3o de pessoas pedem \u00e0 Uni\u00e3o Europeia que suspenda o acordo de associa\u00e7\u00e3o com Israel. A informa\u00e7\u00e3o inicial \u00e9 divulgada pela ag\u00eancia Lusa. O conte\u00fado completo continua dispon\u00edvel apenas para subscritores (paywall). N\u00e3o foram apresentados detalhes adicionais no texto fornecido.","og_url":"https:\/\/portaltela.pt\/noticias\/2026\/04\/14\/mais-de-um-milhao-pedem-a-ue-que-suspenda-acordo-com-israel\/","og_site_name":"Portal Tela Portugal","article_published_time":"2026-04-14T15:47:03+00:00","author":"Telinha","twitter_card":"summary_large_image","twitter_misc":{"Escrito por":"Telinha","Tempo estimado de leitura":"1 minuto"},"schema":{"@context":"https:\/\/schema.org","@graph":[{"@type":"Article","@id":"https:\/\/portaltela.pt\/noticias\/2026\/04\/14\/mais-de-um-milhao-pedem-a-ue-que-suspenda-acordo-com-israel\/#article","isPartOf":{"@id":"https:\/\/portaltela.pt\/noticias\/2026\/04\/14\/mais-de-um-milhao-pedem-a-ue-que-suspenda-acordo-com-israel\/"},"author":{"name":"Telinha","@id":"https:\/\/portaltela.pt\/#\/schema\/person\/c4278d4a6028830caff9ee44b42d32ed"},"headline":"Mais de um milh\u00e3o pedem \u00e0 UE que suspenda acordo com Israel","datePublished":"2026-04-14T15:47:03+00:00","mainEntityOfPage":{"@id":"https:\/\/portaltela.pt\/noticias\/2026\/04\/14\/mais-de-um-milhao-pedem-a-ue-que-suspenda-acordo-com-israel\/"},"wordCount":139,"image":{"@id":"https:\/\/portaltela.pt\/noticias\/2026\/04\/14\/mais-de-um-milhao-pedem-a-ue-que-suspenda-acordo-com-israel\/#primaryimage"},"thumbnailUrl":"https:\/\/portaltela.pt\/s.01k8rhncp4jt1\/2026\/04\/CACHE_780X1200_ANALOG_WATERMARKED_28826848_1356446725958477.jpg","keywords":["conflitos internacionais","Israel","not\u00edcias internacionais","pol\u00edtica externa","rela\u00e7\u00f5es internacionais","Uni\u00e3o Europeia"],"articleSection":["Internacional","Pol\u00edtica"],"inLanguage":"pt-PT"},{"@type":"WebPage","@id":"https:\/\/portaltela.pt\/noticias\/2026\/04\/14\/mais-de-um-milhao-pedem-a-ue-que-suspenda-acordo-com-israel\/","url":"https:\/\/portaltela.pt\/noticias\/2026\/04\/14\/mais-de-um-milhao-pedem-a-ue-que-suspenda-acordo-com-israel\/","name":"Mais de um milh\u00e3o pedem \u00e0 UE que suspenda acordo com Israel - Portal Tela Portugal","isPartOf":{"@id":"https:\/\/portaltela.pt\/#website"},"primaryImageOfPage":{"@id":"https:\/\/portaltela.pt\/noticias\/2026\/04\/14\/mais-de-um-milhao-pedem-a-ue-que-suspenda-acordo-com-israel\/#primaryimage"},"image":{"@id":"https:\/\/portaltela.pt\/noticias\/2026\/04\/14\/mais-de-um-milhao-pedem-a-ue-que-suspenda-acordo-com-israel\/#primaryimage"},"thumbnailUrl":"https:\/\/portaltela.pt\/s.01k8rhncp4jt1\/2026\/04\/CACHE_780X1200_ANALOG_WATERMARKED_28826848_1356446725958477.jpg","datePublished":"2026-04-14T15:47:03+00:00","author":{"@id":"https:\/\/portaltela.pt\/#\/schema\/person\/c4278d4a6028830caff9ee44b42d32ed"},"breadcrumb":{"@id":"https:\/\/portaltela.pt\/noticias\/2026\/04\/14\/mais-de-um-milhao-pedem-a-ue-que-suspenda-acordo-com-israel\/#breadcrumb"},"inLanguage":"pt-PT","potentialAction":[{"@type":"ReadAction","target":["https:\/\/portaltela.pt\/noticias\/2026\/04\/14\/mais-de-um-milhao-pedem-a-ue-que-suspenda-acordo-com-israel\/"]}]},{"@type":"ImageObject","inLanguage":"pt-PT","@id":"https:\/\/portaltela.pt\/noticias\/2026\/04\/14\/mais-de-um-milhao-pedem-a-ue-que-suspenda-acordo-com-israel\/#primaryimage","url":"https:\/\/portaltela.pt\/s.01k8rhncp4jt1\/2026\/04\/CACHE_780X1200_ANALOG_WATERMARKED_28826848_1356446725958477.jpg","contentUrl":"https:\/\/portaltela.pt\/s.01k8rhncp4jt1\/2026\/04\/CACHE_780X1200_ANALOG_WATERMARKED_28826848_1356446725958477.jpg","width":796,"height":448,"caption":"Photo"},{"@type":"BreadcrumbList","@id":"https:\/\/portaltela.pt\/noticias\/2026\/04\/14\/mais-de-um-milhao-pedem-a-ue-que-suspenda-acordo-com-israel\/#breadcrumb","itemListElement":[{"@type":"ListItem","position":1,"name":"In\u00edcio","item":"https:\/\/portaltela.pt\/"},{"@type":"ListItem","position":2,"name":"Mais de um milh\u00e3o pedem \u00e0 UE que suspenda acordo com Israel"}]},{"@type":"WebSite","@id":"https:\/\/portaltela.pt\/#website","url":"https:\/\/portaltela.pt\/","name":"Portal Tela Portugal","description":"","potentialAction":[{"@type":"SearchAction","target":{"@type":"EntryPoint","urlTemplate":"https:\/\/portaltela.pt\/?s={search_term_string}"},"query-input":{"@type":"PropertyValueSpecification","valueRequired":true,"valueName":"search_term_string"}}],"inLanguage":"pt-PT"},{"@type":"Person","@id":"https:\/\/portaltela.pt\/#\/schema\/person\/c4278d4a6028830caff9ee44b42d32ed","name":"Telinha","image":{"@type":"ImageObject","inLanguage":"pt-PT","@id":"https:\/\/portaltela.pt\/s.01k8rhncp4jt1\/2025\/11\/talking-bot-125x125.png","url":"https:\/\/portaltela.pt\/s.01k8rhncp4jt1\/2025\/11\/talking-bot-125x125.png","contentUrl":"https:\/\/portaltela.pt\/s.01k8rhncp4jt1\/2025\/11\/talking-bot-125x125.png","caption":"Telinha"},"sameAs":["https:\/\/portaltela.pt\/"],"url":"https:\/\/portaltela.pt\/por\/367410592786\/"}]}},"_links":{"self":[{"href":"https:\/\/portaltela.pt\/api\/wp\/v2\/posts\/443951","targetHints":{"allow":["GET"]}}],"collection":[{"href":"https:\/\/portaltela.pt\/api\/wp\/v2\/posts"}],"about":[{"href":"https:\/\/portaltela.pt\/api\/wp\/v2\/types\/post"}],"author":[{"embeddable":true,"href":"https:\/\/portaltela.pt\/api\/wp\/v2\/users\/2"}],"replies":[{"embeddable":true,"href":"https:\/\/portaltela.pt\/api\/wp\/v2\/comments?post=443951"}],"version-history":[{"count":0,"href":"https:\/\/portaltela.pt\/api\/wp\/v2\/posts\/443951\/revisions"}],"wp:featuredmedia":[{"embeddable":true,"href":"https:\/\/portaltela.pt\/api\/wp\/v2\/media\/443954"}],"wp:attachment":[{"href":"https:\/\/portaltela.pt\/api\/wp\/v2\/media?parent=443951"}],"wp:term":[{"taxonomy":"category","embeddable":true,"href":"https:\/\/portaltela.pt\/api\/wp\/v2\/categories?post=443951"},{"taxonomy":"post_tag","embeddable":true,"href":"https:\/\/portaltela.pt\/api\/wp\/v2\/tags?post=443951"}],"curies":[{"name":"wp","href":"https:\/\/api.w.org\/{rel}","templated":true}]}}