{"id":443937,"date":"2026-04-14T12:32:18","date_gmt":"2026-04-14T15:32:18","guid":{"rendered":"https:\/\/portaltela.pt\/noticias\/2026\/04\/14\/slimani-rescinde-contrato-com-cfr-cluj\/"},"modified":"2026-04-14T12:32:18","modified_gmt":"2026-04-14T15:32:18","slug":"slimani-rescinde-contrato-com-cfr-cluj","status":"publish","type":"post","link":"https:\/\/portaltela.pt\/desporto\/futebol\/2026\/04\/14\/slimani-rescinde-contrato-com-cfr-cluj\/","title":{"rendered":"Slimani rescinde contrato com CFR Cluj"},"content":{"rendered":"<p>Slimani rescindiu por m\u00fatuo acordo o contrato com o CFR Cluj, v\u00e1lido at\u00e9 30 de junho. O avan\u00e7ado argelino, de 37 anos, chegou ao clube em 11 de setembro e n\u00e3o encontrou espa\u00e7o no plantel romeno.<\/p>\n<p>Ao todo, disputou 15 jogos e apontou um golo com duas assist\u00eancias. O tento foi marcado a 16 de outubro, no empate 2-2 frente ao Csikszereda Ciuc, pela quinta jornada do campeonato.<\/p>\n<p>A sa\u00edda do clube romeno encerra a sua passagem em Cluj, onde Slimani n\u00e3o conseguiu impor o seu desempenho. O jogador destacou-se no Sporting antes de chegar \u00e0 Rom\u00e9nia.<\/p>\n","protected":false},"excerpt":{"rendered":"<ul>\n<li>Slimani rescindiu por m\u00fatuo acordo o contracto com o CFR Cluj, que devia vigorar at\u00e9 30 de junho.<\/li>\n<li>O avan\u00e7ado argelino tinha sido contratado a 11 de setembro e ficou em atividade no clube romeno por meses.<\/li>\n<li>O jogador, hoje com 37 anos, n\u00e3o conseguiu impor o seu rendimiento em Rom\u00e9nia.<\/li>\n<li>Registou um golo e duas assist\u00eancias em 15 jogos pelo CFR Cluj.<\/li>\n<li>O golo aconteceu a 16 de outubro, no empate a 2-2 com o Csikszereda Ciuc, na jornada cinco do campeonato.<\/li>\n<\/ul>\n","protected":false},"author":2,"featured_media":443941,"comment_status":"closed","ping_status":"closed","sticky":false,"template":"","format":"standard","meta":{"footnotes":""},"categories":[21,24],"tags":[32,3338,242,6959,1486,1652],"class_list":["post-443937","post","type-post","status-publish","format-standard","has-post-thumbnail","hentry","category-desporto","category-futebol","tag-futebol","tag-futebol-internacional","tag-jogadores","tag-jogadores-internacionais","tag-romenia","tag-sporting"],"yoast_head":"<!-- This site is optimized with the Yoast SEO plugin v27.2 - https:\/\/yoast.com\/product\/yoast-seo-wordpress\/ -->\n<title>Slimani rescinde contrato com CFR Cluj - Portal Tela Portugal<\/title>\n<meta name=\"robots\" content=\"index, follow, max-snippet:-1, max-image-preview:large, max-video-preview:-1\" \/>\n<meta property=\"og:locale\" content=\"pt_PT\" \/>\n<meta property=\"og:type\" content=\"article\" \/>\n<meta property=\"og:title\" content=\"Slimani rescinde contrato com CFR Cluj - Portal Tela Portugal\" \/>\n<meta property=\"og:description\" content=\"Slimani rescindiu por m\u00fatuo acordo o contracto com o CFR Cluj, que devia vigorar at\u00e9 30 de junho. O avan\u00e7ado argelino tinha sido contratado a 11 de setembro e ficou em atividade no clube romeno por meses. O jogador, hoje com 37 anos, n\u00e3o conseguiu impor o seu rendimiento em Rom\u00e9nia. Registou um golo e duas assist\u00eancias em 15 jogos pelo CFR Cluj. O golo aconteceu a 16 de outubro, no empate a 2-2 com o Csikszereda Ciuc, na jornada cinco do campeonato.\" \/>\n<meta property=\"og:url\" content=\"https:\/\/portaltela.pt\/noticias\/2026\/04\/14\/slimani-rescinde-contrato-com-cfr-cluj\/\" \/>\n<meta property=\"og:site_name\" content=\"Portal Tela Portugal\" \/>\n<meta property=\"article:published_time\" content=\"2026-04-14T15:32:18+00:00\" \/>\n<meta name=\"author\" content=\"Telinha\" \/>\n<meta name=\"twitter:card\" content=\"summary_large_image\" \/>\n<meta name=\"twitter:label1\" content=\"Escrito por\" \/>\n\t<meta name=\"twitter:data1\" content=\"Telinha\" \/>\n\t<meta name=\"twitter:label2\" content=\"Tempo estimado de leitura\" \/>\n\t<meta name=\"twitter:data2\" content=\"1 minuto\" \/>\n<script type=\"application\/ld+json\" class=\"yoast-schema-graph\">{\"@context\":\"https:\/\/schema.org\",\"@graph\":[{\"@type\":\"Article\",\"@id\":\"https:\/\/portaltela.pt\/noticias\/2026\/04\/14\/slimani-rescinde-contrato-com-cfr-cluj\/#article\",\"isPartOf\":{\"@id\":\"https:\/\/portaltela.pt\/noticias\/2026\/04\/14\/slimani-rescinde-contrato-com-cfr-cluj\/\"},\"author\":{\"name\":\"Telinha\",\"@id\":\"https:\/\/portaltela.pt\/#\/schema\/person\/c4278d4a6028830caff9ee44b42d32ed\"},\"headline\":\"Slimani rescinde contrato com CFR Cluj\",\"datePublished\":\"2026-04-14T15:32:18+00:00\",\"mainEntityOfPage\":{\"@id\":\"https:\/\/portaltela.pt\/noticias\/2026\/04\/14\/slimani-rescinde-contrato-com-cfr-cluj\/\"},\"wordCount\":106,\"image\":{\"@id\":\"https:\/\/portaltela.pt\/noticias\/2026\/04\/14\/slimani-rescinde-contrato-com-cfr-cluj\/#primaryimage\"},\"thumbnailUrl\":\"https:\/\/portaltela.pt\/s.01k8rhncp4jt1\/2026\/04\/img_920x518uu2026-04-14-16-23-15-2432977-im-639117808753849537.jpg\",\"keywords\":[\"futebol\",\"futebol internacional\",\"jogadores\",\"jogadores internacionais\",\"Rom\u00e9nia\",\"Sporting\"],\"articleSection\":[\"Desporto\",\"Futebol\"],\"inLanguage\":\"pt-PT\"},{\"@type\":\"WebPage\",\"@id\":\"https:\/\/portaltela.pt\/noticias\/2026\/04\/14\/slimani-rescinde-contrato-com-cfr-cluj\/\",\"url\":\"https:\/\/portaltela.pt\/noticias\/2026\/04\/14\/slimani-rescinde-contrato-com-cfr-cluj\/\",\"name\":\"Slimani rescinde contrato com CFR Cluj - Portal Tela Portugal\",\"isPartOf\":{\"@id\":\"https:\/\/portaltela.pt\/#website\"},\"primaryImageOfPage\":{\"@id\":\"https:\/\/portaltela.pt\/noticias\/2026\/04\/14\/slimani-rescinde-contrato-com-cfr-cluj\/#primaryimage\"},\"image\":{\"@id\":\"https:\/\/portaltela.pt\/noticias\/2026\/04\/14\/slimani-rescinde-contrato-com-cfr-cluj\/#primaryimage\"},\"thumbnailUrl\":\"https:\/\/portaltela.pt\/s.01k8rhncp4jt1\/2026\/04\/img_920x518uu2026-04-14-16-23-15-2432977-im-639117808753849537.jpg\",\"datePublished\":\"2026-04-14T15:32:18+00:00\",\"author\":{\"@id\":\"https:\/\/portaltela.pt\/#\/schema\/person\/c4278d4a6028830caff9ee44b42d32ed\"},\"breadcrumb\":{\"@id\":\"https:\/\/portaltela.pt\/noticias\/2026\/04\/14\/slimani-rescinde-contrato-com-cfr-cluj\/#breadcrumb\"},\"inLanguage\":\"pt-PT\",\"potentialAction\":[{\"@type\":\"ReadAction\",\"target\":[\"https:\/\/portaltela.pt\/noticias\/2026\/04\/14\/slimani-rescinde-contrato-com-cfr-cluj\/\"]}]},{\"@type\":\"ImageObject\",\"inLanguage\":\"pt-PT\",\"@id\":\"https:\/\/portaltela.pt\/noticias\/2026\/04\/14\/slimani-rescinde-contrato-com-cfr-cluj\/#primaryimage\",\"url\":\"https:\/\/portaltela.pt\/s.01k8rhncp4jt1\/2026\/04\/img_920x518uu2026-04-14-16-23-15-2432977-im-639117808753849537.jpg\",\"contentUrl\":\"https:\/\/portaltela.pt\/s.01k8rhncp4jt1\/2026\/04\/img_920x518uu2026-04-14-16-23-15-2432977-im-639117808753849537.jpg\",\"width\":796,\"height\":448,\"caption\":\"Slimani n\u00e3o teve grande sucesso no CFR Cluj\"},{\"@type\":\"BreadcrumbList\",\"@id\":\"https:\/\/portaltela.pt\/noticias\/2026\/04\/14\/slimani-rescinde-contrato-com-cfr-cluj\/#breadcrumb\",\"itemListElement\":[{\"@type\":\"ListItem\",\"position\":1,\"name\":\"In\u00edcio\",\"item\":\"https:\/\/portaltela.pt\/\"},{\"@type\":\"ListItem\",\"position\":2,\"name\":\"Slimani rescinde contrato com CFR Cluj\"}]},{\"@type\":\"WebSite\",\"@id\":\"https:\/\/portaltela.pt\/#website\",\"url\":\"https:\/\/portaltela.pt\/\",\"name\":\"Portal Tela Portugal\",\"description\":\"\",\"potentialAction\":[{\"@type\":\"SearchAction\",\"target\":{\"@type\":\"EntryPoint\",\"urlTemplate\":\"https:\/\/portaltela.pt\/?s={search_term_string}\"},\"query-input\":{\"@type\":\"PropertyValueSpecification\",\"valueRequired\":true,\"valueName\":\"search_term_string\"}}],\"inLanguage\":\"pt-PT\"},{\"@type\":\"Person\",\"@id\":\"https:\/\/portaltela.pt\/#\/schema\/person\/c4278d4a6028830caff9ee44b42d32ed\",\"name\":\"Telinha\",\"image\":{\"@type\":\"ImageObject\",\"inLanguage\":\"pt-PT\",\"@id\":\"https:\/\/portaltela.pt\/s.01k8rhncp4jt1\/2025\/11\/talking-bot-125x125.png\",\"url\":\"https:\/\/portaltela.pt\/s.01k8rhncp4jt1\/2025\/11\/talking-bot-125x125.png\",\"contentUrl\":\"https:\/\/portaltela.pt\/s.01k8rhncp4jt1\/2025\/11\/talking-bot-125x125.png\",\"caption\":\"Telinha\"},\"sameAs\":[\"https:\/\/portaltela.pt\/\"],\"url\":\"https:\/\/portaltela.pt\/por\/367410592786\/\"}]}<\/script>\n<!-- \/ Yoast SEO plugin. -->","yoast_head_json":{"title":"Slimani rescinde contrato com CFR Cluj - Portal Tela Portugal","robots":{"index":"index","follow":"follow","max-snippet":"max-snippet:-1","max-image-preview":"max-image-preview:large","max-video-preview":"max-video-preview:-1"},"og_locale":"pt_PT","og_type":"article","og_title":"Slimani rescinde contrato com CFR Cluj - Portal Tela Portugal","og_description":"Slimani rescindiu por m\u00fatuo acordo o contracto com o CFR Cluj, que devia vigorar at\u00e9 30 de junho. O avan\u00e7ado argelino tinha sido contratado a 11 de setembro e ficou em atividade no clube romeno por meses. O jogador, hoje com 37 anos, n\u00e3o conseguiu impor o seu rendimiento em Rom\u00e9nia. Registou um golo e duas assist\u00eancias em 15 jogos pelo CFR Cluj. O golo aconteceu a 16 de outubro, no empate a 2-2 com o Csikszereda Ciuc, na jornada cinco do campeonato.","og_url":"https:\/\/portaltela.pt\/noticias\/2026\/04\/14\/slimani-rescinde-contrato-com-cfr-cluj\/","og_site_name":"Portal Tela Portugal","article_published_time":"2026-04-14T15:32:18+00:00","author":"Telinha","twitter_card":"summary_large_image","twitter_misc":{"Escrito por":"Telinha","Tempo estimado de leitura":"1 minuto"},"schema":{"@context":"https:\/\/schema.org","@graph":[{"@type":"Article","@id":"https:\/\/portaltela.pt\/noticias\/2026\/04\/14\/slimani-rescinde-contrato-com-cfr-cluj\/#article","isPartOf":{"@id":"https:\/\/portaltela.pt\/noticias\/2026\/04\/14\/slimani-rescinde-contrato-com-cfr-cluj\/"},"author":{"name":"Telinha","@id":"https:\/\/portaltela.pt\/#\/schema\/person\/c4278d4a6028830caff9ee44b42d32ed"},"headline":"Slimani rescinde contrato com CFR Cluj","datePublished":"2026-04-14T15:32:18+00:00","mainEntityOfPage":{"@id":"https:\/\/portaltela.pt\/noticias\/2026\/04\/14\/slimani-rescinde-contrato-com-cfr-cluj\/"},"wordCount":106,"image":{"@id":"https:\/\/portaltela.pt\/noticias\/2026\/04\/14\/slimani-rescinde-contrato-com-cfr-cluj\/#primaryimage"},"thumbnailUrl":"https:\/\/portaltela.pt\/s.01k8rhncp4jt1\/2026\/04\/img_920x518uu2026-04-14-16-23-15-2432977-im-639117808753849537.jpg","keywords":["futebol","futebol internacional","jogadores","jogadores internacionais","Rom\u00e9nia","Sporting"],"articleSection":["Desporto","Futebol"],"inLanguage":"pt-PT"},{"@type":"WebPage","@id":"https:\/\/portaltela.pt\/noticias\/2026\/04\/14\/slimani-rescinde-contrato-com-cfr-cluj\/","url":"https:\/\/portaltela.pt\/noticias\/2026\/04\/14\/slimani-rescinde-contrato-com-cfr-cluj\/","name":"Slimani rescinde contrato com CFR Cluj - Portal Tela Portugal","isPartOf":{"@id":"https:\/\/portaltela.pt\/#website"},"primaryImageOfPage":{"@id":"https:\/\/portaltela.pt\/noticias\/2026\/04\/14\/slimani-rescinde-contrato-com-cfr-cluj\/#primaryimage"},"image":{"@id":"https:\/\/portaltela.pt\/noticias\/2026\/04\/14\/slimani-rescinde-contrato-com-cfr-cluj\/#primaryimage"},"thumbnailUrl":"https:\/\/portaltela.pt\/s.01k8rhncp4jt1\/2026\/04\/img_920x518uu2026-04-14-16-23-15-2432977-im-639117808753849537.jpg","datePublished":"2026-04-14T15:32:18+00:00","author":{"@id":"https:\/\/portaltela.pt\/#\/schema\/person\/c4278d4a6028830caff9ee44b42d32ed"},"breadcrumb":{"@id":"https:\/\/portaltela.pt\/noticias\/2026\/04\/14\/slimani-rescinde-contrato-com-cfr-cluj\/#breadcrumb"},"inLanguage":"pt-PT","potentialAction":[{"@type":"ReadAction","target":["https:\/\/portaltela.pt\/noticias\/2026\/04\/14\/slimani-rescinde-contrato-com-cfr-cluj\/"]}]},{"@type":"ImageObject","inLanguage":"pt-PT","@id":"https:\/\/portaltela.pt\/noticias\/2026\/04\/14\/slimani-rescinde-contrato-com-cfr-cluj\/#primaryimage","url":"https:\/\/portaltela.pt\/s.01k8rhncp4jt1\/2026\/04\/img_920x518uu2026-04-14-16-23-15-2432977-im-639117808753849537.jpg","contentUrl":"https:\/\/portaltela.pt\/s.01k8rhncp4jt1\/2026\/04\/img_920x518uu2026-04-14-16-23-15-2432977-im-639117808753849537.jpg","width":796,"height":448,"caption":"Slimani n\u00e3o teve grande sucesso no CFR Cluj"},{"@type":"BreadcrumbList","@id":"https:\/\/portaltela.pt\/noticias\/2026\/04\/14\/slimani-rescinde-contrato-com-cfr-cluj\/#breadcrumb","itemListElement":[{"@type":"ListItem","position":1,"name":"In\u00edcio","item":"https:\/\/portaltela.pt\/"},{"@type":"ListItem","position":2,"name":"Slimani rescinde contrato com CFR Cluj"}]},{"@type":"WebSite","@id":"https:\/\/portaltela.pt\/#website","url":"https:\/\/portaltela.pt\/","name":"Portal Tela Portugal","description":"","potentialAction":[{"@type":"SearchAction","target":{"@type":"EntryPoint","urlTemplate":"https:\/\/portaltela.pt\/?s={search_term_string}"},"query-input":{"@type":"PropertyValueSpecification","valueRequired":true,"valueName":"search_term_string"}}],"inLanguage":"pt-PT"},{"@type":"Person","@id":"https:\/\/portaltela.pt\/#\/schema\/person\/c4278d4a6028830caff9ee44b42d32ed","name":"Telinha","image":{"@type":"ImageObject","inLanguage":"pt-PT","@id":"https:\/\/portaltela.pt\/s.01k8rhncp4jt1\/2025\/11\/talking-bot-125x125.png","url":"https:\/\/portaltela.pt\/s.01k8rhncp4jt1\/2025\/11\/talking-bot-125x125.png","contentUrl":"https:\/\/portaltela.pt\/s.01k8rhncp4jt1\/2025\/11\/talking-bot-125x125.png","caption":"Telinha"},"sameAs":["https:\/\/portaltela.pt\/"],"url":"https:\/\/portaltela.pt\/por\/367410592786\/"}]}},"_links":{"self":[{"href":"https:\/\/portaltela.pt\/api\/wp\/v2\/posts\/443937","targetHints":{"allow":["GET"]}}],"collection":[{"href":"https:\/\/portaltela.pt\/api\/wp\/v2\/posts"}],"about":[{"href":"https:\/\/portaltela.pt\/api\/wp\/v2\/types\/post"}],"author":[{"embeddable":true,"href":"https:\/\/portaltela.pt\/api\/wp\/v2\/users\/2"}],"replies":[{"embeddable":true,"href":"https:\/\/portaltela.pt\/api\/wp\/v2\/comments?post=443937"}],"version-history":[{"count":0,"href":"https:\/\/portaltela.pt\/api\/wp\/v2\/posts\/443937\/revisions"}],"wp:featuredmedia":[{"embeddable":true,"href":"https:\/\/portaltela.pt\/api\/wp\/v2\/media\/443941"}],"wp:attachment":[{"href":"https:\/\/portaltela.pt\/api\/wp\/v2\/media?parent=443937"}],"wp:term":[{"taxonomy":"category","embeddable":true,"href":"https:\/\/portaltela.pt\/api\/wp\/v2\/categories?post=443937"},{"taxonomy":"post_tag","embeddable":true,"href":"https:\/\/portaltela.pt\/api\/wp\/v2\/tags?post=443937"}],"curies":[{"name":"wp","href":"https:\/\/api.w.org\/{rel}","templated":true}]}}