{"id":443890,"date":"2026-04-14T12:17:02","date_gmt":"2026-04-14T15:17:02","guid":{"rendered":"https:\/\/portaltela.pt\/noticias\/2026\/04\/14\/lula-discute-imigracao-xenofobia-e-aeronautica-com-seguro-e-montenegro\/"},"modified":"2026-04-14T12:17:02","modified_gmt":"2026-04-14T15:17:02","slug":"lula-discute-imigracao-xenofobia-e-aeronautica-com-seguro-e-montenegro","status":"publish","type":"post","link":"https:\/\/portaltela.pt\/noticias\/politica\/2026\/04\/14\/lula-discute-imigracao-xenofobia-e-aeronautica-com-seguro-e-montenegro\/","title":{"rendered":"Lula discute imigra\u00e7\u00e3o, xenofobia e aeron\u00e1utica com Seguro e Montenegro"},"content":{"rendered":"<p>N\u00e3o tenho acesso ao conte\u00fado completo da not\u00edcia, pois est\u00e1 behind paywall. Para reescrever de forma coesa, clara e imparcial, preciso do texto integral ou de trechos suficientes que permitam identificar o que aconteceu, quem est\u00e1 envolvido, quando, onde e porqu\u00ea.<\/p>\n<p>Pode enviar o conte\u00fado completo ou fornecer trechos relevantes? Assim eu sigo as suas orienta\u00e7\u00f5es (voz ativa, par\u00e1grafos curtos, neutralidade, sem opini\u00f5es, em pt-PT) e entrego o artigo reescrito segundo as regras do Guia do Redator.<\/p>\n","protected":false},"excerpt":{"rendered":"<ul>\n<li>Lula da Silva inclui imigra\u00e7\u00e3o, xenofobia e avia\u00e7\u00e3o na sua agenda, com encontros marcados com Seguro e Montenegro.<\/li>\n<li>O conte\u00fado completo da not\u00edcia est\u00e1 dispon\u00edvel apenas para subscritores.<\/li>\n<li>A reuni\u00e3o visa analisar pol\u00edticas migrat\u00f3rias, quest\u00f5es de discrimina\u00e7\u00e3o e o setor aeron\u00e1utico.<\/li>\n<li>N\u00e3o h\u00e1 dados adicionais sobre decis\u00f5es ou desdobramentos apresentados no excerto.<\/li>\n<\/ul>\n","protected":false},"author":2,"featured_media":443894,"comment_status":"closed","ping_status":"closed","sticky":false,"template":"","format":"standard","meta":{"footnotes":""},"categories":[6912,5],"tags":[2625,2547,712,2832,7439,3700],"class_list":["post-443890","post","type-post","status-publish","format-standard","has-post-thumbnail","hentry","category-internacionais","category-politica","tag-aeronautica","tag-brasil","tag-imigracao","tag-politica","tag-politica-externa","tag-xenofobos"],"yoast_head":"<!-- This site is optimized with the Yoast SEO plugin v27.2 - https:\/\/yoast.com\/product\/yoast-seo-wordpress\/ -->\n<title>Lula discute imigra\u00e7\u00e3o, xenofobia e aeron\u00e1utica com Seguro e Montenegro - Portal Tela Portugal<\/title>\n<meta name=\"robots\" content=\"index, follow, max-snippet:-1, max-image-preview:large, max-video-preview:-1\" \/>\n<meta property=\"og:locale\" content=\"pt_PT\" \/>\n<meta property=\"og:type\" content=\"article\" \/>\n<meta property=\"og:title\" content=\"Lula discute imigra\u00e7\u00e3o, xenofobia e aeron\u00e1utica com Seguro e Montenegro - Portal Tela Portugal\" \/>\n<meta property=\"og:description\" content=\"Lula da Silva inclui imigra\u00e7\u00e3o, xenofobia e avia\u00e7\u00e3o na sua agenda, com encontros marcados com Seguro e Montenegro. O conte\u00fado completo da not\u00edcia est\u00e1 dispon\u00edvel apenas para subscritores. A reuni\u00e3o visa analisar pol\u00edticas migrat\u00f3rias, quest\u00f5es de discrimina\u00e7\u00e3o e o setor aeron\u00e1utico. N\u00e3o h\u00e1 dados adicionais sobre decis\u00f5es ou desdobramentos apresentados no excerto.\" \/>\n<meta property=\"og:url\" content=\"https:\/\/portaltela.pt\/noticias\/2026\/04\/14\/lula-discute-imigracao-xenofobia-e-aeronautica-com-seguro-e-montenegro\/\" \/>\n<meta property=\"og:site_name\" content=\"Portal Tela Portugal\" \/>\n<meta property=\"article:published_time\" content=\"2026-04-14T15:17:02+00:00\" \/>\n<meta name=\"author\" content=\"Telinha\" \/>\n<meta name=\"twitter:card\" content=\"summary_large_image\" \/>\n<meta name=\"twitter:label1\" content=\"Escrito por\" \/>\n\t<meta name=\"twitter:data1\" content=\"Telinha\" \/>\n<script type=\"application\/ld+json\" class=\"yoast-schema-graph\">{\"@context\":\"https:\/\/schema.org\",\"@graph\":[{\"@type\":\"Article\",\"@id\":\"https:\/\/portaltela.pt\/noticias\/2026\/04\/14\/lula-discute-imigracao-xenofobia-e-aeronautica-com-seguro-e-montenegro\/#article\",\"isPartOf\":{\"@id\":\"https:\/\/portaltela.pt\/noticias\/2026\/04\/14\/lula-discute-imigracao-xenofobia-e-aeronautica-com-seguro-e-montenegro\/\"},\"author\":{\"name\":\"Telinha\",\"@id\":\"https:\/\/portaltela.pt\/#\/schema\/person\/c4278d4a6028830caff9ee44b42d32ed\"},\"headline\":\"Lula discute imigra\u00e7\u00e3o, xenofobia e aeron\u00e1utica com Seguro e Montenegro\",\"datePublished\":\"2026-04-14T15:17:02+00:00\",\"mainEntityOfPage\":{\"@id\":\"https:\/\/portaltela.pt\/noticias\/2026\/04\/14\/lula-discute-imigracao-xenofobia-e-aeronautica-com-seguro-e-montenegro\/\"},\"wordCount\":96,\"image\":{\"@id\":\"https:\/\/portaltela.pt\/noticias\/2026\/04\/14\/lula-discute-imigracao-xenofobia-e-aeronautica-com-seguro-e-montenegro\/#primaryimage\"},\"thumbnailUrl\":\"https:\/\/portaltela.pt\/s.01k8rhncp4jt1\/2026\/04\/CACHE_780X1200_ANALOG_WATERMARKED_44442051_704975_19022025061836.jpg\",\"keywords\":[\"aeron\u00e1utica\",\"Brasil\",\"imigra\u00e7\u00e3o\",\"pol\u00edtica\",\"pol\u00edtica externa\",\"xen\u00f3fobos\"],\"articleSection\":[\"Internacionais\",\"Pol\u00edtica\"],\"inLanguage\":\"pt-PT\"},{\"@type\":\"WebPage\",\"@id\":\"https:\/\/portaltela.pt\/noticias\/2026\/04\/14\/lula-discute-imigracao-xenofobia-e-aeronautica-com-seguro-e-montenegro\/\",\"url\":\"https:\/\/portaltela.pt\/noticias\/2026\/04\/14\/lula-discute-imigracao-xenofobia-e-aeronautica-com-seguro-e-montenegro\/\",\"name\":\"Lula discute imigra\u00e7\u00e3o, xenofobia e aeron\u00e1utica com Seguro e Montenegro - Portal Tela Portugal\",\"isPartOf\":{\"@id\":\"https:\/\/portaltela.pt\/#website\"},\"primaryImageOfPage\":{\"@id\":\"https:\/\/portaltela.pt\/noticias\/2026\/04\/14\/lula-discute-imigracao-xenofobia-e-aeronautica-com-seguro-e-montenegro\/#primaryimage\"},\"image\":{\"@id\":\"https:\/\/portaltela.pt\/noticias\/2026\/04\/14\/lula-discute-imigracao-xenofobia-e-aeronautica-com-seguro-e-montenegro\/#primaryimage\"},\"thumbnailUrl\":\"https:\/\/portaltela.pt\/s.01k8rhncp4jt1\/2026\/04\/CACHE_780X1200_ANALOG_WATERMARKED_44442051_704975_19022025061836.jpg\",\"datePublished\":\"2026-04-14T15:17:02+00:00\",\"author\":{\"@id\":\"https:\/\/portaltela.pt\/#\/schema\/person\/c4278d4a6028830caff9ee44b42d32ed\"},\"breadcrumb\":{\"@id\":\"https:\/\/portaltela.pt\/noticias\/2026\/04\/14\/lula-discute-imigracao-xenofobia-e-aeronautica-com-seguro-e-montenegro\/#breadcrumb\"},\"inLanguage\":\"pt-PT\",\"potentialAction\":[{\"@type\":\"ReadAction\",\"target\":[\"https:\/\/portaltela.pt\/noticias\/2026\/04\/14\/lula-discute-imigracao-xenofobia-e-aeronautica-com-seguro-e-montenegro\/\"]}]},{\"@type\":\"ImageObject\",\"inLanguage\":\"pt-PT\",\"@id\":\"https:\/\/portaltela.pt\/noticias\/2026\/04\/14\/lula-discute-imigracao-xenofobia-e-aeronautica-com-seguro-e-montenegro\/#primaryimage\",\"url\":\"https:\/\/portaltela.pt\/s.01k8rhncp4jt1\/2026\/04\/CACHE_780X1200_ANALOG_WATERMARKED_44442051_704975_19022025061836.jpg\",\"contentUrl\":\"https:\/\/portaltela.pt\/s.01k8rhncp4jt1\/2026\/04\/CACHE_780X1200_ANALOG_WATERMARKED_44442051_704975_19022025061836.jpg\",\"width\":796,\"height\":448,\"caption\":\"Imigra\u00e7\u00e3o, xenofobia e aeron\u00e1utica na agenda de Lula com Seguro e Montenegro\"},{\"@type\":\"BreadcrumbList\",\"@id\":\"https:\/\/portaltela.pt\/noticias\/2026\/04\/14\/lula-discute-imigracao-xenofobia-e-aeronautica-com-seguro-e-montenegro\/#breadcrumb\",\"itemListElement\":[{\"@type\":\"ListItem\",\"position\":1,\"name\":\"In\u00edcio\",\"item\":\"https:\/\/portaltela.pt\/\"},{\"@type\":\"ListItem\",\"position\":2,\"name\":\"Lula discute imigra\u00e7\u00e3o, xenofobia e aeron\u00e1utica com Seguro e Montenegro\"}]},{\"@type\":\"WebSite\",\"@id\":\"https:\/\/portaltela.pt\/#website\",\"url\":\"https:\/\/portaltela.pt\/\",\"name\":\"Portal Tela Portugal\",\"description\":\"\",\"potentialAction\":[{\"@type\":\"SearchAction\",\"target\":{\"@type\":\"EntryPoint\",\"urlTemplate\":\"https:\/\/portaltela.pt\/?s={search_term_string}\"},\"query-input\":{\"@type\":\"PropertyValueSpecification\",\"valueRequired\":true,\"valueName\":\"search_term_string\"}}],\"inLanguage\":\"pt-PT\"},{\"@type\":\"Person\",\"@id\":\"https:\/\/portaltela.pt\/#\/schema\/person\/c4278d4a6028830caff9ee44b42d32ed\",\"name\":\"Telinha\",\"image\":{\"@type\":\"ImageObject\",\"inLanguage\":\"pt-PT\",\"@id\":\"https:\/\/portaltela.pt\/s.01k8rhncp4jt1\/2025\/11\/talking-bot-125x125.png\",\"url\":\"https:\/\/portaltela.pt\/s.01k8rhncp4jt1\/2025\/11\/talking-bot-125x125.png\",\"contentUrl\":\"https:\/\/portaltela.pt\/s.01k8rhncp4jt1\/2025\/11\/talking-bot-125x125.png\",\"caption\":\"Telinha\"},\"sameAs\":[\"https:\/\/portaltela.pt\/\"],\"url\":\"https:\/\/portaltela.pt\/por\/367410592786\/\"}]}<\/script>\n<!-- \/ Yoast SEO plugin. -->","yoast_head_json":{"title":"Lula discute imigra\u00e7\u00e3o, xenofobia e aeron\u00e1utica com Seguro e Montenegro - Portal Tela Portugal","robots":{"index":"index","follow":"follow","max-snippet":"max-snippet:-1","max-image-preview":"max-image-preview:large","max-video-preview":"max-video-preview:-1"},"og_locale":"pt_PT","og_type":"article","og_title":"Lula discute imigra\u00e7\u00e3o, xenofobia e aeron\u00e1utica com Seguro e Montenegro - Portal Tela Portugal","og_description":"Lula da Silva inclui imigra\u00e7\u00e3o, xenofobia e avia\u00e7\u00e3o na sua agenda, com encontros marcados com Seguro e Montenegro. O conte\u00fado completo da not\u00edcia est\u00e1 dispon\u00edvel apenas para subscritores. A reuni\u00e3o visa analisar pol\u00edticas migrat\u00f3rias, quest\u00f5es de discrimina\u00e7\u00e3o e o setor aeron\u00e1utico. N\u00e3o h\u00e1 dados adicionais sobre decis\u00f5es ou desdobramentos apresentados no excerto.","og_url":"https:\/\/portaltela.pt\/noticias\/2026\/04\/14\/lula-discute-imigracao-xenofobia-e-aeronautica-com-seguro-e-montenegro\/","og_site_name":"Portal Tela Portugal","article_published_time":"2026-04-14T15:17:02+00:00","author":"Telinha","twitter_card":"summary_large_image","twitter_misc":{"Escrito por":"Telinha"},"schema":{"@context":"https:\/\/schema.org","@graph":[{"@type":"Article","@id":"https:\/\/portaltela.pt\/noticias\/2026\/04\/14\/lula-discute-imigracao-xenofobia-e-aeronautica-com-seguro-e-montenegro\/#article","isPartOf":{"@id":"https:\/\/portaltela.pt\/noticias\/2026\/04\/14\/lula-discute-imigracao-xenofobia-e-aeronautica-com-seguro-e-montenegro\/"},"author":{"name":"Telinha","@id":"https:\/\/portaltela.pt\/#\/schema\/person\/c4278d4a6028830caff9ee44b42d32ed"},"headline":"Lula discute imigra\u00e7\u00e3o, xenofobia e aeron\u00e1utica com Seguro e Montenegro","datePublished":"2026-04-14T15:17:02+00:00","mainEntityOfPage":{"@id":"https:\/\/portaltela.pt\/noticias\/2026\/04\/14\/lula-discute-imigracao-xenofobia-e-aeronautica-com-seguro-e-montenegro\/"},"wordCount":96,"image":{"@id":"https:\/\/portaltela.pt\/noticias\/2026\/04\/14\/lula-discute-imigracao-xenofobia-e-aeronautica-com-seguro-e-montenegro\/#primaryimage"},"thumbnailUrl":"https:\/\/portaltela.pt\/s.01k8rhncp4jt1\/2026\/04\/CACHE_780X1200_ANALOG_WATERMARKED_44442051_704975_19022025061836.jpg","keywords":["aeron\u00e1utica","Brasil","imigra\u00e7\u00e3o","pol\u00edtica","pol\u00edtica externa","xen\u00f3fobos"],"articleSection":["Internacionais","Pol\u00edtica"],"inLanguage":"pt-PT"},{"@type":"WebPage","@id":"https:\/\/portaltela.pt\/noticias\/2026\/04\/14\/lula-discute-imigracao-xenofobia-e-aeronautica-com-seguro-e-montenegro\/","url":"https:\/\/portaltela.pt\/noticias\/2026\/04\/14\/lula-discute-imigracao-xenofobia-e-aeronautica-com-seguro-e-montenegro\/","name":"Lula discute imigra\u00e7\u00e3o, xenofobia e aeron\u00e1utica com Seguro e Montenegro - Portal Tela Portugal","isPartOf":{"@id":"https:\/\/portaltela.pt\/#website"},"primaryImageOfPage":{"@id":"https:\/\/portaltela.pt\/noticias\/2026\/04\/14\/lula-discute-imigracao-xenofobia-e-aeronautica-com-seguro-e-montenegro\/#primaryimage"},"image":{"@id":"https:\/\/portaltela.pt\/noticias\/2026\/04\/14\/lula-discute-imigracao-xenofobia-e-aeronautica-com-seguro-e-montenegro\/#primaryimage"},"thumbnailUrl":"https:\/\/portaltela.pt\/s.01k8rhncp4jt1\/2026\/04\/CACHE_780X1200_ANALOG_WATERMARKED_44442051_704975_19022025061836.jpg","datePublished":"2026-04-14T15:17:02+00:00","author":{"@id":"https:\/\/portaltela.pt\/#\/schema\/person\/c4278d4a6028830caff9ee44b42d32ed"},"breadcrumb":{"@id":"https:\/\/portaltela.pt\/noticias\/2026\/04\/14\/lula-discute-imigracao-xenofobia-e-aeronautica-com-seguro-e-montenegro\/#breadcrumb"},"inLanguage":"pt-PT","potentialAction":[{"@type":"ReadAction","target":["https:\/\/portaltela.pt\/noticias\/2026\/04\/14\/lula-discute-imigracao-xenofobia-e-aeronautica-com-seguro-e-montenegro\/"]}]},{"@type":"ImageObject","inLanguage":"pt-PT","@id":"https:\/\/portaltela.pt\/noticias\/2026\/04\/14\/lula-discute-imigracao-xenofobia-e-aeronautica-com-seguro-e-montenegro\/#primaryimage","url":"https:\/\/portaltela.pt\/s.01k8rhncp4jt1\/2026\/04\/CACHE_780X1200_ANALOG_WATERMARKED_44442051_704975_19022025061836.jpg","contentUrl":"https:\/\/portaltela.pt\/s.01k8rhncp4jt1\/2026\/04\/CACHE_780X1200_ANALOG_WATERMARKED_44442051_704975_19022025061836.jpg","width":796,"height":448,"caption":"Imigra\u00e7\u00e3o, xenofobia e aeron\u00e1utica na agenda de Lula com Seguro e Montenegro"},{"@type":"BreadcrumbList","@id":"https:\/\/portaltela.pt\/noticias\/2026\/04\/14\/lula-discute-imigracao-xenofobia-e-aeronautica-com-seguro-e-montenegro\/#breadcrumb","itemListElement":[{"@type":"ListItem","position":1,"name":"In\u00edcio","item":"https:\/\/portaltela.pt\/"},{"@type":"ListItem","position":2,"name":"Lula discute imigra\u00e7\u00e3o, xenofobia e aeron\u00e1utica com Seguro e Montenegro"}]},{"@type":"WebSite","@id":"https:\/\/portaltela.pt\/#website","url":"https:\/\/portaltela.pt\/","name":"Portal Tela Portugal","description":"","potentialAction":[{"@type":"SearchAction","target":{"@type":"EntryPoint","urlTemplate":"https:\/\/portaltela.pt\/?s={search_term_string}"},"query-input":{"@type":"PropertyValueSpecification","valueRequired":true,"valueName":"search_term_string"}}],"inLanguage":"pt-PT"},{"@type":"Person","@id":"https:\/\/portaltela.pt\/#\/schema\/person\/c4278d4a6028830caff9ee44b42d32ed","name":"Telinha","image":{"@type":"ImageObject","inLanguage":"pt-PT","@id":"https:\/\/portaltela.pt\/s.01k8rhncp4jt1\/2025\/11\/talking-bot-125x125.png","url":"https:\/\/portaltela.pt\/s.01k8rhncp4jt1\/2025\/11\/talking-bot-125x125.png","contentUrl":"https:\/\/portaltela.pt\/s.01k8rhncp4jt1\/2025\/11\/talking-bot-125x125.png","caption":"Telinha"},"sameAs":["https:\/\/portaltela.pt\/"],"url":"https:\/\/portaltela.pt\/por\/367410592786\/"}]}},"_links":{"self":[{"href":"https:\/\/portaltela.pt\/api\/wp\/v2\/posts\/443890","targetHints":{"allow":["GET"]}}],"collection":[{"href":"https:\/\/portaltela.pt\/api\/wp\/v2\/posts"}],"about":[{"href":"https:\/\/portaltela.pt\/api\/wp\/v2\/types\/post"}],"author":[{"embeddable":true,"href":"https:\/\/portaltela.pt\/api\/wp\/v2\/users\/2"}],"replies":[{"embeddable":true,"href":"https:\/\/portaltela.pt\/api\/wp\/v2\/comments?post=443890"}],"version-history":[{"count":0,"href":"https:\/\/portaltela.pt\/api\/wp\/v2\/posts\/443890\/revisions"}],"wp:featuredmedia":[{"embeddable":true,"href":"https:\/\/portaltela.pt\/api\/wp\/v2\/media\/443894"}],"wp:attachment":[{"href":"https:\/\/portaltela.pt\/api\/wp\/v2\/media?parent=443890"}],"wp:term":[{"taxonomy":"category","embeddable":true,"href":"https:\/\/portaltela.pt\/api\/wp\/v2\/categories?post=443890"},{"taxonomy":"post_tag","embeddable":true,"href":"https:\/\/portaltela.pt\/api\/wp\/v2\/tags?post=443890"}],"curies":[{"name":"wp","href":"https:\/\/api.w.org\/{rel}","templated":true}]}}