{"id":443889,"date":"2026-04-14T12:17:01","date_gmt":"2026-04-14T15:17:01","guid":{"rendered":"https:\/\/portaltela.pt\/noticias\/2026\/04\/14\/trabalhadores-de-limpeza-da-lucena-e-lucena-em-greve-por-salarios-em-atraso\/"},"modified":"2026-04-14T12:17:01","modified_gmt":"2026-04-14T15:17:01","slug":"trabalhadores-de-limpeza-da-lucena-e-lucena-em-greve-por-salarios-em-atraso","status":"publish","type":"post","link":"https:\/\/portaltela.pt\/sociedade\/2026\/04\/14\/trabalhadores-de-limpeza-da-lucena-e-lucena-em-greve-por-salarios-em-atraso\/","title":{"rendered":"Trabalhadores de limpeza da Lucena e Lucena em greve por sal\u00e1rios em atraso"},"content":{"rendered":"<p>Antes de prosseguir, preciso de mais detalhes para escrever a not\u00edcia de forma precisa e neutra. O material original n\u00e3o fornece informa\u00e7\u00f5es suficientes (quando, onde, quem exatamente, termos da greve, resposta da empresa, dura\u00e7\u00e3o prevista, etc.). Pode facultar:<\/p>\n<ul>\n<li>Local da greve (cidade\/ilha\/pa\u00eds)<\/li>\n<li>Data de in\u00edcio da greve e previs\u00f5es<\/li>\n<li>N\u00famero aproximado de trabalhadores envolvidos<\/li>\n<li>Confirma\u00e7\u00e3o da empresa: Lucena &amp; Lucena, setor, contactos<\/li>\n<li>Motivo espec\u00edfico (sal\u00e1rios em atraso) e eventuais pagamentos j\u00e1 efetuados<\/li>\n<li>Rea\u00e7\u00e3o de sindicatos, trabalhadores e da empresa<\/li>\n<li>Eventuais impactos (servi\u00e7os afetados, hor\u00e1rios, atendimento)<\/li>\n<li>Fontes oficiais (sindicatos, administra\u00e7\u00e3o p\u00fablica, sindicato dos trabalhadores) para creditar<\/li>\n<\/ul>\n<p>Com essas informa\u00e7\u00f5es, entrego um artigo em formato hard news, com par\u00e1grafos curtos, sem opini\u00f5es, usando voz ativa e obedecendo as diretrizes de estrutura e subt\u00edtulos quando relevantes. Caso n\u00e3o tenha os detalhes, posso criar uma vers\u00e3o preliminar com informa\u00e7\u00f5es gerais, indicativas de que faltam dados e solicitando confirma\u00e7\u00e3o. Quer que eu siga por esse caminho?<\/p>\n","protected":false},"excerpt":{"rendered":"<ul>\n<li>Trabalhadores de limpeza da Lucena &amp; Lucena est\u00e3o em greve.<\/li>\n<li>O motivo da paralisa\u00e7\u00e3o s\u00e3o sal\u00e1rios em atraso.<\/li>\n<li>A greve est\u00e1 a decorrer com impacto nas atividades da empresa.<\/li>\n<li>O conte\u00fado completo da not\u00edcia est\u00e1 dispon\u00edvel apenas para subscritores.<\/li>\n<\/ul>\n","protected":false},"author":2,"featured_media":443892,"comment_status":"closed","ping_status":"closed","sticky":false,"template":"","format":"standard","meta":{"footnotes":""},"categories":[6871],"tags":[2697,1164,1014,6645,2841,2201],"class_list":["post-443889","post","type-post","status-publish","format-standard","has-post-thumbnail","hentry","category-sociedade","tag-empresas","tag-greve","tag-portugal","tag-salarios","tag-trabalhadores","tag-trabalho"],"yoast_head":"<!-- This site is optimized with the Yoast SEO plugin v27.2 - https:\/\/yoast.com\/product\/yoast-seo-wordpress\/ -->\n<title>Trabalhadores de limpeza da Lucena e Lucena em greve por sal\u00e1rios em atraso - Portal Tela Portugal<\/title>\n<meta name=\"robots\" content=\"index, follow, max-snippet:-1, max-image-preview:large, max-video-preview:-1\" \/>\n<meta property=\"og:locale\" content=\"pt_PT\" \/>\n<meta property=\"og:type\" content=\"article\" \/>\n<meta property=\"og:title\" content=\"Trabalhadores de limpeza da Lucena e Lucena em greve por sal\u00e1rios em atraso - Portal Tela Portugal\" \/>\n<meta property=\"og:description\" content=\"Trabalhadores de limpeza da Lucena &amp; Lucena est\u00e3o em greve. O motivo da paralisa\u00e7\u00e3o s\u00e3o sal\u00e1rios em atraso. A greve est\u00e1 a decorrer com impacto nas atividades da empresa. O conte\u00fado completo da not\u00edcia est\u00e1 dispon\u00edvel apenas para subscritores.\" \/>\n<meta property=\"og:url\" content=\"https:\/\/portaltela.pt\/noticias\/2026\/04\/14\/trabalhadores-de-limpeza-da-lucena-e-lucena-em-greve-por-salarios-em-atraso\/\" \/>\n<meta property=\"og:site_name\" content=\"Portal Tela Portugal\" \/>\n<meta property=\"article:published_time\" content=\"2026-04-14T15:17:01+00:00\" \/>\n<meta name=\"author\" content=\"Telinha\" \/>\n<meta name=\"twitter:card\" content=\"summary_large_image\" \/>\n<meta name=\"twitter:label1\" content=\"Escrito por\" \/>\n\t<meta name=\"twitter:data1\" content=\"Telinha\" \/>\n\t<meta name=\"twitter:label2\" content=\"Tempo estimado de leitura\" \/>\n\t<meta name=\"twitter:data2\" content=\"1 minuto\" \/>\n<script type=\"application\/ld+json\" class=\"yoast-schema-graph\">{\"@context\":\"https:\/\/schema.org\",\"@graph\":[{\"@type\":\"Article\",\"@id\":\"https:\/\/portaltela.pt\/noticias\/2026\/04\/14\/trabalhadores-de-limpeza-da-lucena-e-lucena-em-greve-por-salarios-em-atraso\/#article\",\"isPartOf\":{\"@id\":\"https:\/\/portaltela.pt\/noticias\/2026\/04\/14\/trabalhadores-de-limpeza-da-lucena-e-lucena-em-greve-por-salarios-em-atraso\/\"},\"author\":{\"name\":\"Telinha\",\"@id\":\"https:\/\/portaltela.pt\/#\/schema\/person\/c4278d4a6028830caff9ee44b42d32ed\"},\"headline\":\"Trabalhadores de limpeza da Lucena e Lucena em greve por sal\u00e1rios em atraso\",\"datePublished\":\"2026-04-14T15:17:01+00:00\",\"mainEntityOfPage\":{\"@id\":\"https:\/\/portaltela.pt\/noticias\/2026\/04\/14\/trabalhadores-de-limpeza-da-lucena-e-lucena-em-greve-por-salarios-em-atraso\/\"},\"wordCount\":191,\"image\":{\"@id\":\"https:\/\/portaltela.pt\/noticias\/2026\/04\/14\/trabalhadores-de-limpeza-da-lucena-e-lucena-em-greve-por-salarios-em-atraso\/#primaryimage\"},\"thumbnailUrl\":\"https:\/\/portaltela.pt\/s.01k8rhncp4jt1\/2026\/04\/CACHE_780X1200_ANALOG_WATERMARKED_46927486_3932786_14042026120525.jpg\",\"keywords\":[\"empresas\",\"greve\",\"Portugal\",\"sal\u00e1rios\",\"trabalhadores\",\"trabalho\"],\"articleSection\":[\"Sociedade\"],\"inLanguage\":\"pt-PT\"},{\"@type\":\"WebPage\",\"@id\":\"https:\/\/portaltela.pt\/noticias\/2026\/04\/14\/trabalhadores-de-limpeza-da-lucena-e-lucena-em-greve-por-salarios-em-atraso\/\",\"url\":\"https:\/\/portaltela.pt\/noticias\/2026\/04\/14\/trabalhadores-de-limpeza-da-lucena-e-lucena-em-greve-por-salarios-em-atraso\/\",\"name\":\"Trabalhadores de limpeza da Lucena e Lucena em greve por sal\u00e1rios em atraso - Portal Tela Portugal\",\"isPartOf\":{\"@id\":\"https:\/\/portaltela.pt\/#website\"},\"primaryImageOfPage\":{\"@id\":\"https:\/\/portaltela.pt\/noticias\/2026\/04\/14\/trabalhadores-de-limpeza-da-lucena-e-lucena-em-greve-por-salarios-em-atraso\/#primaryimage\"},\"image\":{\"@id\":\"https:\/\/portaltela.pt\/noticias\/2026\/04\/14\/trabalhadores-de-limpeza-da-lucena-e-lucena-em-greve-por-salarios-em-atraso\/#primaryimage\"},\"thumbnailUrl\":\"https:\/\/portaltela.pt\/s.01k8rhncp4jt1\/2026\/04\/CACHE_780X1200_ANALOG_WATERMARKED_46927486_3932786_14042026120525.jpg\",\"datePublished\":\"2026-04-14T15:17:01+00:00\",\"author\":{\"@id\":\"https:\/\/portaltela.pt\/#\/schema\/person\/c4278d4a6028830caff9ee44b42d32ed\"},\"breadcrumb\":{\"@id\":\"https:\/\/portaltela.pt\/noticias\/2026\/04\/14\/trabalhadores-de-limpeza-da-lucena-e-lucena-em-greve-por-salarios-em-atraso\/#breadcrumb\"},\"inLanguage\":\"pt-PT\",\"potentialAction\":[{\"@type\":\"ReadAction\",\"target\":[\"https:\/\/portaltela.pt\/noticias\/2026\/04\/14\/trabalhadores-de-limpeza-da-lucena-e-lucena-em-greve-por-salarios-em-atraso\/\"]}]},{\"@type\":\"ImageObject\",\"inLanguage\":\"pt-PT\",\"@id\":\"https:\/\/portaltela.pt\/noticias\/2026\/04\/14\/trabalhadores-de-limpeza-da-lucena-e-lucena-em-greve-por-salarios-em-atraso\/#primaryimage\",\"url\":\"https:\/\/portaltela.pt\/s.01k8rhncp4jt1\/2026\/04\/CACHE_780X1200_ANALOG_WATERMARKED_46927486_3932786_14042026120525.jpg\",\"contentUrl\":\"https:\/\/portaltela.pt\/s.01k8rhncp4jt1\/2026\/04\/CACHE_780X1200_ANALOG_WATERMARKED_46927486_3932786_14042026120525.jpg\",\"width\":796,\"height\":448,\"caption\":\"Trabalhadores de limpeza da Lucena & Lucena em greve contra sal\u00e1rios em atraso\"},{\"@type\":\"BreadcrumbList\",\"@id\":\"https:\/\/portaltela.pt\/noticias\/2026\/04\/14\/trabalhadores-de-limpeza-da-lucena-e-lucena-em-greve-por-salarios-em-atraso\/#breadcrumb\",\"itemListElement\":[{\"@type\":\"ListItem\",\"position\":1,\"name\":\"In\u00edcio\",\"item\":\"https:\/\/portaltela.pt\/\"},{\"@type\":\"ListItem\",\"position\":2,\"name\":\"Trabalhadores de limpeza da Lucena e Lucena em greve por sal\u00e1rios em atraso\"}]},{\"@type\":\"WebSite\",\"@id\":\"https:\/\/portaltela.pt\/#website\",\"url\":\"https:\/\/portaltela.pt\/\",\"name\":\"Portal Tela Portugal\",\"description\":\"\",\"potentialAction\":[{\"@type\":\"SearchAction\",\"target\":{\"@type\":\"EntryPoint\",\"urlTemplate\":\"https:\/\/portaltela.pt\/?s={search_term_string}\"},\"query-input\":{\"@type\":\"PropertyValueSpecification\",\"valueRequired\":true,\"valueName\":\"search_term_string\"}}],\"inLanguage\":\"pt-PT\"},{\"@type\":\"Person\",\"@id\":\"https:\/\/portaltela.pt\/#\/schema\/person\/c4278d4a6028830caff9ee44b42d32ed\",\"name\":\"Telinha\",\"image\":{\"@type\":\"ImageObject\",\"inLanguage\":\"pt-PT\",\"@id\":\"https:\/\/portaltela.pt\/s.01k8rhncp4jt1\/2025\/11\/talking-bot-125x125.png\",\"url\":\"https:\/\/portaltela.pt\/s.01k8rhncp4jt1\/2025\/11\/talking-bot-125x125.png\",\"contentUrl\":\"https:\/\/portaltela.pt\/s.01k8rhncp4jt1\/2025\/11\/talking-bot-125x125.png\",\"caption\":\"Telinha\"},\"sameAs\":[\"https:\/\/portaltela.pt\/\"],\"url\":\"https:\/\/portaltela.pt\/por\/367410592786\/\"}]}<\/script>\n<!-- \/ Yoast SEO plugin. -->","yoast_head_json":{"title":"Trabalhadores de limpeza da Lucena e Lucena em greve por sal\u00e1rios em atraso - Portal Tela Portugal","robots":{"index":"index","follow":"follow","max-snippet":"max-snippet:-1","max-image-preview":"max-image-preview:large","max-video-preview":"max-video-preview:-1"},"og_locale":"pt_PT","og_type":"article","og_title":"Trabalhadores de limpeza da Lucena e Lucena em greve por sal\u00e1rios em atraso - Portal Tela Portugal","og_description":"Trabalhadores de limpeza da Lucena &amp; Lucena est\u00e3o em greve. O motivo da paralisa\u00e7\u00e3o s\u00e3o sal\u00e1rios em atraso. A greve est\u00e1 a decorrer com impacto nas atividades da empresa. O conte\u00fado completo da not\u00edcia est\u00e1 dispon\u00edvel apenas para subscritores.","og_url":"https:\/\/portaltela.pt\/noticias\/2026\/04\/14\/trabalhadores-de-limpeza-da-lucena-e-lucena-em-greve-por-salarios-em-atraso\/","og_site_name":"Portal Tela Portugal","article_published_time":"2026-04-14T15:17:01+00:00","author":"Telinha","twitter_card":"summary_large_image","twitter_misc":{"Escrito por":"Telinha","Tempo estimado de leitura":"1 minuto"},"schema":{"@context":"https:\/\/schema.org","@graph":[{"@type":"Article","@id":"https:\/\/portaltela.pt\/noticias\/2026\/04\/14\/trabalhadores-de-limpeza-da-lucena-e-lucena-em-greve-por-salarios-em-atraso\/#article","isPartOf":{"@id":"https:\/\/portaltela.pt\/noticias\/2026\/04\/14\/trabalhadores-de-limpeza-da-lucena-e-lucena-em-greve-por-salarios-em-atraso\/"},"author":{"name":"Telinha","@id":"https:\/\/portaltela.pt\/#\/schema\/person\/c4278d4a6028830caff9ee44b42d32ed"},"headline":"Trabalhadores de limpeza da Lucena e Lucena em greve por sal\u00e1rios em atraso","datePublished":"2026-04-14T15:17:01+00:00","mainEntityOfPage":{"@id":"https:\/\/portaltela.pt\/noticias\/2026\/04\/14\/trabalhadores-de-limpeza-da-lucena-e-lucena-em-greve-por-salarios-em-atraso\/"},"wordCount":191,"image":{"@id":"https:\/\/portaltela.pt\/noticias\/2026\/04\/14\/trabalhadores-de-limpeza-da-lucena-e-lucena-em-greve-por-salarios-em-atraso\/#primaryimage"},"thumbnailUrl":"https:\/\/portaltela.pt\/s.01k8rhncp4jt1\/2026\/04\/CACHE_780X1200_ANALOG_WATERMARKED_46927486_3932786_14042026120525.jpg","keywords":["empresas","greve","Portugal","sal\u00e1rios","trabalhadores","trabalho"],"articleSection":["Sociedade"],"inLanguage":"pt-PT"},{"@type":"WebPage","@id":"https:\/\/portaltela.pt\/noticias\/2026\/04\/14\/trabalhadores-de-limpeza-da-lucena-e-lucena-em-greve-por-salarios-em-atraso\/","url":"https:\/\/portaltela.pt\/noticias\/2026\/04\/14\/trabalhadores-de-limpeza-da-lucena-e-lucena-em-greve-por-salarios-em-atraso\/","name":"Trabalhadores de limpeza da Lucena e Lucena em greve por sal\u00e1rios em atraso - Portal Tela Portugal","isPartOf":{"@id":"https:\/\/portaltela.pt\/#website"},"primaryImageOfPage":{"@id":"https:\/\/portaltela.pt\/noticias\/2026\/04\/14\/trabalhadores-de-limpeza-da-lucena-e-lucena-em-greve-por-salarios-em-atraso\/#primaryimage"},"image":{"@id":"https:\/\/portaltela.pt\/noticias\/2026\/04\/14\/trabalhadores-de-limpeza-da-lucena-e-lucena-em-greve-por-salarios-em-atraso\/#primaryimage"},"thumbnailUrl":"https:\/\/portaltela.pt\/s.01k8rhncp4jt1\/2026\/04\/CACHE_780X1200_ANALOG_WATERMARKED_46927486_3932786_14042026120525.jpg","datePublished":"2026-04-14T15:17:01+00:00","author":{"@id":"https:\/\/portaltela.pt\/#\/schema\/person\/c4278d4a6028830caff9ee44b42d32ed"},"breadcrumb":{"@id":"https:\/\/portaltela.pt\/noticias\/2026\/04\/14\/trabalhadores-de-limpeza-da-lucena-e-lucena-em-greve-por-salarios-em-atraso\/#breadcrumb"},"inLanguage":"pt-PT","potentialAction":[{"@type":"ReadAction","target":["https:\/\/portaltela.pt\/noticias\/2026\/04\/14\/trabalhadores-de-limpeza-da-lucena-e-lucena-em-greve-por-salarios-em-atraso\/"]}]},{"@type":"ImageObject","inLanguage":"pt-PT","@id":"https:\/\/portaltela.pt\/noticias\/2026\/04\/14\/trabalhadores-de-limpeza-da-lucena-e-lucena-em-greve-por-salarios-em-atraso\/#primaryimage","url":"https:\/\/portaltela.pt\/s.01k8rhncp4jt1\/2026\/04\/CACHE_780X1200_ANALOG_WATERMARKED_46927486_3932786_14042026120525.jpg","contentUrl":"https:\/\/portaltela.pt\/s.01k8rhncp4jt1\/2026\/04\/CACHE_780X1200_ANALOG_WATERMARKED_46927486_3932786_14042026120525.jpg","width":796,"height":448,"caption":"Trabalhadores de limpeza da Lucena & Lucena em greve contra sal\u00e1rios em atraso"},{"@type":"BreadcrumbList","@id":"https:\/\/portaltela.pt\/noticias\/2026\/04\/14\/trabalhadores-de-limpeza-da-lucena-e-lucena-em-greve-por-salarios-em-atraso\/#breadcrumb","itemListElement":[{"@type":"ListItem","position":1,"name":"In\u00edcio","item":"https:\/\/portaltela.pt\/"},{"@type":"ListItem","position":2,"name":"Trabalhadores de limpeza da Lucena e Lucena em greve por sal\u00e1rios em atraso"}]},{"@type":"WebSite","@id":"https:\/\/portaltela.pt\/#website","url":"https:\/\/portaltela.pt\/","name":"Portal Tela Portugal","description":"","potentialAction":[{"@type":"SearchAction","target":{"@type":"EntryPoint","urlTemplate":"https:\/\/portaltela.pt\/?s={search_term_string}"},"query-input":{"@type":"PropertyValueSpecification","valueRequired":true,"valueName":"search_term_string"}}],"inLanguage":"pt-PT"},{"@type":"Person","@id":"https:\/\/portaltela.pt\/#\/schema\/person\/c4278d4a6028830caff9ee44b42d32ed","name":"Telinha","image":{"@type":"ImageObject","inLanguage":"pt-PT","@id":"https:\/\/portaltela.pt\/s.01k8rhncp4jt1\/2025\/11\/talking-bot-125x125.png","url":"https:\/\/portaltela.pt\/s.01k8rhncp4jt1\/2025\/11\/talking-bot-125x125.png","contentUrl":"https:\/\/portaltela.pt\/s.01k8rhncp4jt1\/2025\/11\/talking-bot-125x125.png","caption":"Telinha"},"sameAs":["https:\/\/portaltela.pt\/"],"url":"https:\/\/portaltela.pt\/por\/367410592786\/"}]}},"_links":{"self":[{"href":"https:\/\/portaltela.pt\/api\/wp\/v2\/posts\/443889","targetHints":{"allow":["GET"]}}],"collection":[{"href":"https:\/\/portaltela.pt\/api\/wp\/v2\/posts"}],"about":[{"href":"https:\/\/portaltela.pt\/api\/wp\/v2\/types\/post"}],"author":[{"embeddable":true,"href":"https:\/\/portaltela.pt\/api\/wp\/v2\/users\/2"}],"replies":[{"embeddable":true,"href":"https:\/\/portaltela.pt\/api\/wp\/v2\/comments?post=443889"}],"version-history":[{"count":0,"href":"https:\/\/portaltela.pt\/api\/wp\/v2\/posts\/443889\/revisions"}],"wp:featuredmedia":[{"embeddable":true,"href":"https:\/\/portaltela.pt\/api\/wp\/v2\/media\/443892"}],"wp:attachment":[{"href":"https:\/\/portaltela.pt\/api\/wp\/v2\/media?parent=443889"}],"wp:term":[{"taxonomy":"category","embeddable":true,"href":"https:\/\/portaltela.pt\/api\/wp\/v2\/categories?post=443889"},{"taxonomy":"post_tag","embeddable":true,"href":"https:\/\/portaltela.pt\/api\/wp\/v2\/tags?post=443889"}],"curies":[{"name":"wp","href":"https:\/\/api.w.org\/{rel}","templated":true}]}}