{"id":443864,"date":"2026-04-14T11:47:10","date_gmt":"2026-04-14T14:47:10","guid":{"rendered":"https:\/\/portaltela.pt\/noticias\/2026\/04\/14\/sporting-divulga-lista-de-convocados-para-o-jogo-com-arsenal\/"},"modified":"2026-04-14T11:47:10","modified_gmt":"2026-04-14T14:47:10","slug":"sporting-divulga-lista-de-convocados-para-o-jogo-com-arsenal","status":"publish","type":"post","link":"https:\/\/portaltela.pt\/desporto\/futebol\/2026\/04\/14\/sporting-divulga-lista-de-convocados-para-o-jogo-com-arsenal\/","title":{"rendered":"Sporting divulga lista de convocados para o jogo com Arsenal"},"content":{"rendered":"<p>O Sporting seguiu nesta ter\u00e7a-feira para Londres, visando o segundo jogo dos quartos de final da Liga dos Campe\u00f5es frente ao Arsenal. A comitiva, liderada por Rui Borges, parte com o objetivo de manter a vantagem trazida da primeira m\u00e3o.<\/p>\n<p>Fresneda \u00e9 a grande baixa anunciada, enquanto Debast aparece entre os presentes ap\u00f3s ter falhado o treino matinal. O defesa-esquerdo j\u00e1 integra a lista de convocados para o encontro.<\/p>\n<h3>Convocados<\/h3>\n<p>Guarda-redes: Rui Silva, Jo\u00e3o Virg\u00ednia, Diego Callai<\/p>\n<p>Defesas: Vagiannidis, Ricardo Mangas, Maxi Ara\u00fajo, Debast, Gon\u00e7alo In\u00e1cio, Diomande, Eduardo Quaresma<\/p>\n<p>M\u00e9dios: Kochorasvhili, Jo\u00e3o Sim\u00f5es, Hjulmand, Morita, Daniel Bragan\u00e7a<\/p>\n<p>Avan\u00e7ados: Quenda, Fl\u00e1vio Gon\u00e7alves, Salvador Blopa, Faye, Rafael Nel, Geny Catamo, Trinc\u00e3o, Luis Su\u00e1rez, Pote<\/p>\n","protected":false},"excerpt":{"rendered":"<ul>\n<li>O Sporting viajou para Londres na ter\u00e7a-feira, com vista \u00e0 segunda m\u00e3o dos quartos de final da Liga dos Campe\u00f5es frente ao Arsenal.<\/li>\n<li>Fresneda \u00e9 a grande baixa da comitiva verde e branca para o embate.<\/li>\n<li>Debast, que tinha falhado o treino matinal, est\u00e1 integrado na lista de convocados.<\/li>\n<li>A lista de jogadores inclui Rui Silva, Jo\u00e3o Virg\u00ednia e Diego Callai entre os guardas-redes.<\/li>\n<li>Entre os Defesa, M\u00ea Edu, meio-campo e ataque constam nomes como Morita, Bragan\u00e7a, Trinc\u00e3o, Luis Su\u00e1rez e Pote.<\/li>\n<\/ul>\n","protected":false},"author":2,"featured_media":443867,"comment_status":"closed","ping_status":"closed","sticky":false,"template":"","format":"standard","meta":{"footnotes":""},"categories":[21,24],"tags":[3577,262,32,3272,1652,3374],"class_list":["post-443864","post","type-post","status-publish","format-standard","has-post-thumbnail","hentry","category-desporto","category-futebol","tag-champions-league","tag-convocados","tag-futebol","tag-luis-suarez","tag-sporting","tag-trincao"],"yoast_head":"<!-- This site is optimized with the Yoast SEO plugin v27.2 - https:\/\/yoast.com\/product\/yoast-seo-wordpress\/ -->\n<title>Sporting divulga lista de convocados para o jogo com Arsenal - Portal Tela Portugal<\/title>\n<meta name=\"robots\" content=\"index, follow, max-snippet:-1, max-image-preview:large, max-video-preview:-1\" \/>\n<meta property=\"og:locale\" content=\"pt_PT\" \/>\n<meta property=\"og:type\" content=\"article\" \/>\n<meta property=\"og:title\" content=\"Sporting divulga lista de convocados para o jogo com Arsenal - Portal Tela Portugal\" \/>\n<meta property=\"og:description\" content=\"O Sporting viajou para Londres na ter\u00e7a-feira, com vista \u00e0 segunda m\u00e3o dos quartos de final da Liga dos Campe\u00f5es frente ao Arsenal. Fresneda \u00e9 a grande baixa da comitiva verde e branca para o embate. Debast, que tinha falhado o treino matinal, est\u00e1 integrado na lista de convocados. A lista de jogadores inclui Rui Silva, Jo\u00e3o Virg\u00ednia e Diego Callai entre os guardas-redes. Entre os Defesa, M\u00ea Edu, meio-campo e ataque constam nomes como Morita, Bragan\u00e7a, Trinc\u00e3o, Luis Su\u00e1rez e Pote.\" \/>\n<meta property=\"og:url\" content=\"https:\/\/portaltela.pt\/noticias\/2026\/04\/14\/sporting-divulga-lista-de-convocados-para-o-jogo-com-arsenal\/\" \/>\n<meta property=\"og:site_name\" content=\"Portal Tela Portugal\" \/>\n<meta property=\"article:published_time\" content=\"2026-04-14T14:47:10+00:00\" \/>\n<meta name=\"author\" content=\"Telinha\" \/>\n<meta name=\"twitter:card\" content=\"summary_large_image\" \/>\n<meta name=\"twitter:label1\" content=\"Escrito por\" \/>\n\t<meta name=\"twitter:data1\" content=\"Telinha\" \/>\n\t<meta name=\"twitter:label2\" content=\"Tempo estimado de leitura\" \/>\n\t<meta name=\"twitter:data2\" content=\"1 minuto\" \/>\n<script type=\"application\/ld+json\" class=\"yoast-schema-graph\">{\"@context\":\"https:\/\/schema.org\",\"@graph\":[{\"@type\":\"Article\",\"@id\":\"https:\/\/portaltela.pt\/noticias\/2026\/04\/14\/sporting-divulga-lista-de-convocados-para-o-jogo-com-arsenal\/#article\",\"isPartOf\":{\"@id\":\"https:\/\/portaltela.pt\/noticias\/2026\/04\/14\/sporting-divulga-lista-de-convocados-para-o-jogo-com-arsenal\/\"},\"author\":{\"name\":\"Telinha\",\"@id\":\"https:\/\/portaltela.pt\/#\/schema\/person\/c4278d4a6028830caff9ee44b42d32ed\"},\"headline\":\"Sporting divulga lista de convocados para o jogo com Arsenal\",\"datePublished\":\"2026-04-14T14:47:10+00:00\",\"mainEntityOfPage\":{\"@id\":\"https:\/\/portaltela.pt\/noticias\/2026\/04\/14\/sporting-divulga-lista-de-convocados-para-o-jogo-com-arsenal\/\"},\"wordCount\":139,\"image\":{\"@id\":\"https:\/\/portaltela.pt\/noticias\/2026\/04\/14\/sporting-divulga-lista-de-convocados-para-o-jogo-com-arsenal\/#primaryimage\"},\"thumbnailUrl\":\"https:\/\/portaltela.pt\/s.01k8rhncp4jt1\/2026\/04\/img_1200x721uu2026-04-14-15-43-25-2432971.jpg\",\"keywords\":[\"Champions League\",\"convocados\",\"futebol\",\"Luis Su\u00e1rez\",\"Sporting\",\"Trinc\u00e3o\"],\"articleSection\":[\"Desporto\",\"Futebol\"],\"inLanguage\":\"pt-PT\"},{\"@type\":\"WebPage\",\"@id\":\"https:\/\/portaltela.pt\/noticias\/2026\/04\/14\/sporting-divulga-lista-de-convocados-para-o-jogo-com-arsenal\/\",\"url\":\"https:\/\/portaltela.pt\/noticias\/2026\/04\/14\/sporting-divulga-lista-de-convocados-para-o-jogo-com-arsenal\/\",\"name\":\"Sporting divulga lista de convocados para o jogo com Arsenal - Portal Tela Portugal\",\"isPartOf\":{\"@id\":\"https:\/\/portaltela.pt\/#website\"},\"primaryImageOfPage\":{\"@id\":\"https:\/\/portaltela.pt\/noticias\/2026\/04\/14\/sporting-divulga-lista-de-convocados-para-o-jogo-com-arsenal\/#primaryimage\"},\"image\":{\"@id\":\"https:\/\/portaltela.pt\/noticias\/2026\/04\/14\/sporting-divulga-lista-de-convocados-para-o-jogo-com-arsenal\/#primaryimage\"},\"thumbnailUrl\":\"https:\/\/portaltela.pt\/s.01k8rhncp4jt1\/2026\/04\/img_1200x721uu2026-04-14-15-43-25-2432971.jpg\",\"datePublished\":\"2026-04-14T14:47:10+00:00\",\"author\":{\"@id\":\"https:\/\/portaltela.pt\/#\/schema\/person\/c4278d4a6028830caff9ee44b42d32ed\"},\"breadcrumb\":{\"@id\":\"https:\/\/portaltela.pt\/noticias\/2026\/04\/14\/sporting-divulga-lista-de-convocados-para-o-jogo-com-arsenal\/#breadcrumb\"},\"inLanguage\":\"pt-PT\",\"potentialAction\":[{\"@type\":\"ReadAction\",\"target\":[\"https:\/\/portaltela.pt\/noticias\/2026\/04\/14\/sporting-divulga-lista-de-convocados-para-o-jogo-com-arsenal\/\"]}]},{\"@type\":\"ImageObject\",\"inLanguage\":\"pt-PT\",\"@id\":\"https:\/\/portaltela.pt\/noticias\/2026\/04\/14\/sporting-divulga-lista-de-convocados-para-o-jogo-com-arsenal\/#primaryimage\",\"url\":\"https:\/\/portaltela.pt\/s.01k8rhncp4jt1\/2026\/04\/img_1200x721uu2026-04-14-15-43-25-2432971.jpg\",\"contentUrl\":\"https:\/\/portaltela.pt\/s.01k8rhncp4jt1\/2026\/04\/img_1200x721uu2026-04-14-15-43-25-2432971.jpg\",\"width\":796,\"height\":448,\"caption\":\"A lista convocados do Sporting para o duelo frente ao Arsenal\"},{\"@type\":\"BreadcrumbList\",\"@id\":\"https:\/\/portaltela.pt\/noticias\/2026\/04\/14\/sporting-divulga-lista-de-convocados-para-o-jogo-com-arsenal\/#breadcrumb\",\"itemListElement\":[{\"@type\":\"ListItem\",\"position\":1,\"name\":\"In\u00edcio\",\"item\":\"https:\/\/portaltela.pt\/\"},{\"@type\":\"ListItem\",\"position\":2,\"name\":\"Sporting divulga lista de convocados para o jogo com Arsenal\"}]},{\"@type\":\"WebSite\",\"@id\":\"https:\/\/portaltela.pt\/#website\",\"url\":\"https:\/\/portaltela.pt\/\",\"name\":\"Portal Tela Portugal\",\"description\":\"\",\"potentialAction\":[{\"@type\":\"SearchAction\",\"target\":{\"@type\":\"EntryPoint\",\"urlTemplate\":\"https:\/\/portaltela.pt\/?s={search_term_string}\"},\"query-input\":{\"@type\":\"PropertyValueSpecification\",\"valueRequired\":true,\"valueName\":\"search_term_string\"}}],\"inLanguage\":\"pt-PT\"},{\"@type\":\"Person\",\"@id\":\"https:\/\/portaltela.pt\/#\/schema\/person\/c4278d4a6028830caff9ee44b42d32ed\",\"name\":\"Telinha\",\"image\":{\"@type\":\"ImageObject\",\"inLanguage\":\"pt-PT\",\"@id\":\"https:\/\/portaltela.pt\/s.01k8rhncp4jt1\/2025\/11\/talking-bot-125x125.png\",\"url\":\"https:\/\/portaltela.pt\/s.01k8rhncp4jt1\/2025\/11\/talking-bot-125x125.png\",\"contentUrl\":\"https:\/\/portaltela.pt\/s.01k8rhncp4jt1\/2025\/11\/talking-bot-125x125.png\",\"caption\":\"Telinha\"},\"sameAs\":[\"https:\/\/portaltela.pt\/\"],\"url\":\"https:\/\/portaltela.pt\/por\/367410592786\/\"}]}<\/script>\n<!-- \/ Yoast SEO plugin. -->","yoast_head_json":{"title":"Sporting divulga lista de convocados para o jogo com Arsenal - Portal Tela Portugal","robots":{"index":"index","follow":"follow","max-snippet":"max-snippet:-1","max-image-preview":"max-image-preview:large","max-video-preview":"max-video-preview:-1"},"og_locale":"pt_PT","og_type":"article","og_title":"Sporting divulga lista de convocados para o jogo com Arsenal - Portal Tela Portugal","og_description":"O Sporting viajou para Londres na ter\u00e7a-feira, com vista \u00e0 segunda m\u00e3o dos quartos de final da Liga dos Campe\u00f5es frente ao Arsenal. Fresneda \u00e9 a grande baixa da comitiva verde e branca para o embate. Debast, que tinha falhado o treino matinal, est\u00e1 integrado na lista de convocados. A lista de jogadores inclui Rui Silva, Jo\u00e3o Virg\u00ednia e Diego Callai entre os guardas-redes. Entre os Defesa, M\u00ea Edu, meio-campo e ataque constam nomes como Morita, Bragan\u00e7a, Trinc\u00e3o, Luis Su\u00e1rez e Pote.","og_url":"https:\/\/portaltela.pt\/noticias\/2026\/04\/14\/sporting-divulga-lista-de-convocados-para-o-jogo-com-arsenal\/","og_site_name":"Portal Tela Portugal","article_published_time":"2026-04-14T14:47:10+00:00","author":"Telinha","twitter_card":"summary_large_image","twitter_misc":{"Escrito por":"Telinha","Tempo estimado de leitura":"1 minuto"},"schema":{"@context":"https:\/\/schema.org","@graph":[{"@type":"Article","@id":"https:\/\/portaltela.pt\/noticias\/2026\/04\/14\/sporting-divulga-lista-de-convocados-para-o-jogo-com-arsenal\/#article","isPartOf":{"@id":"https:\/\/portaltela.pt\/noticias\/2026\/04\/14\/sporting-divulga-lista-de-convocados-para-o-jogo-com-arsenal\/"},"author":{"name":"Telinha","@id":"https:\/\/portaltela.pt\/#\/schema\/person\/c4278d4a6028830caff9ee44b42d32ed"},"headline":"Sporting divulga lista de convocados para o jogo com Arsenal","datePublished":"2026-04-14T14:47:10+00:00","mainEntityOfPage":{"@id":"https:\/\/portaltela.pt\/noticias\/2026\/04\/14\/sporting-divulga-lista-de-convocados-para-o-jogo-com-arsenal\/"},"wordCount":139,"image":{"@id":"https:\/\/portaltela.pt\/noticias\/2026\/04\/14\/sporting-divulga-lista-de-convocados-para-o-jogo-com-arsenal\/#primaryimage"},"thumbnailUrl":"https:\/\/portaltela.pt\/s.01k8rhncp4jt1\/2026\/04\/img_1200x721uu2026-04-14-15-43-25-2432971.jpg","keywords":["Champions League","convocados","futebol","Luis Su\u00e1rez","Sporting","Trinc\u00e3o"],"articleSection":["Desporto","Futebol"],"inLanguage":"pt-PT"},{"@type":"WebPage","@id":"https:\/\/portaltela.pt\/noticias\/2026\/04\/14\/sporting-divulga-lista-de-convocados-para-o-jogo-com-arsenal\/","url":"https:\/\/portaltela.pt\/noticias\/2026\/04\/14\/sporting-divulga-lista-de-convocados-para-o-jogo-com-arsenal\/","name":"Sporting divulga lista de convocados para o jogo com Arsenal - Portal Tela Portugal","isPartOf":{"@id":"https:\/\/portaltela.pt\/#website"},"primaryImageOfPage":{"@id":"https:\/\/portaltela.pt\/noticias\/2026\/04\/14\/sporting-divulga-lista-de-convocados-para-o-jogo-com-arsenal\/#primaryimage"},"image":{"@id":"https:\/\/portaltela.pt\/noticias\/2026\/04\/14\/sporting-divulga-lista-de-convocados-para-o-jogo-com-arsenal\/#primaryimage"},"thumbnailUrl":"https:\/\/portaltela.pt\/s.01k8rhncp4jt1\/2026\/04\/img_1200x721uu2026-04-14-15-43-25-2432971.jpg","datePublished":"2026-04-14T14:47:10+00:00","author":{"@id":"https:\/\/portaltela.pt\/#\/schema\/person\/c4278d4a6028830caff9ee44b42d32ed"},"breadcrumb":{"@id":"https:\/\/portaltela.pt\/noticias\/2026\/04\/14\/sporting-divulga-lista-de-convocados-para-o-jogo-com-arsenal\/#breadcrumb"},"inLanguage":"pt-PT","potentialAction":[{"@type":"ReadAction","target":["https:\/\/portaltela.pt\/noticias\/2026\/04\/14\/sporting-divulga-lista-de-convocados-para-o-jogo-com-arsenal\/"]}]},{"@type":"ImageObject","inLanguage":"pt-PT","@id":"https:\/\/portaltela.pt\/noticias\/2026\/04\/14\/sporting-divulga-lista-de-convocados-para-o-jogo-com-arsenal\/#primaryimage","url":"https:\/\/portaltela.pt\/s.01k8rhncp4jt1\/2026\/04\/img_1200x721uu2026-04-14-15-43-25-2432971.jpg","contentUrl":"https:\/\/portaltela.pt\/s.01k8rhncp4jt1\/2026\/04\/img_1200x721uu2026-04-14-15-43-25-2432971.jpg","width":796,"height":448,"caption":"A lista convocados do Sporting para o duelo frente ao Arsenal"},{"@type":"BreadcrumbList","@id":"https:\/\/portaltela.pt\/noticias\/2026\/04\/14\/sporting-divulga-lista-de-convocados-para-o-jogo-com-arsenal\/#breadcrumb","itemListElement":[{"@type":"ListItem","position":1,"name":"In\u00edcio","item":"https:\/\/portaltela.pt\/"},{"@type":"ListItem","position":2,"name":"Sporting divulga lista de convocados para o jogo com Arsenal"}]},{"@type":"WebSite","@id":"https:\/\/portaltela.pt\/#website","url":"https:\/\/portaltela.pt\/","name":"Portal Tela Portugal","description":"","potentialAction":[{"@type":"SearchAction","target":{"@type":"EntryPoint","urlTemplate":"https:\/\/portaltela.pt\/?s={search_term_string}"},"query-input":{"@type":"PropertyValueSpecification","valueRequired":true,"valueName":"search_term_string"}}],"inLanguage":"pt-PT"},{"@type":"Person","@id":"https:\/\/portaltela.pt\/#\/schema\/person\/c4278d4a6028830caff9ee44b42d32ed","name":"Telinha","image":{"@type":"ImageObject","inLanguage":"pt-PT","@id":"https:\/\/portaltela.pt\/s.01k8rhncp4jt1\/2025\/11\/talking-bot-125x125.png","url":"https:\/\/portaltela.pt\/s.01k8rhncp4jt1\/2025\/11\/talking-bot-125x125.png","contentUrl":"https:\/\/portaltela.pt\/s.01k8rhncp4jt1\/2025\/11\/talking-bot-125x125.png","caption":"Telinha"},"sameAs":["https:\/\/portaltela.pt\/"],"url":"https:\/\/portaltela.pt\/por\/367410592786\/"}]}},"_links":{"self":[{"href":"https:\/\/portaltela.pt\/api\/wp\/v2\/posts\/443864","targetHints":{"allow":["GET"]}}],"collection":[{"href":"https:\/\/portaltela.pt\/api\/wp\/v2\/posts"}],"about":[{"href":"https:\/\/portaltela.pt\/api\/wp\/v2\/types\/post"}],"author":[{"embeddable":true,"href":"https:\/\/portaltela.pt\/api\/wp\/v2\/users\/2"}],"replies":[{"embeddable":true,"href":"https:\/\/portaltela.pt\/api\/wp\/v2\/comments?post=443864"}],"version-history":[{"count":0,"href":"https:\/\/portaltela.pt\/api\/wp\/v2\/posts\/443864\/revisions"}],"wp:featuredmedia":[{"embeddable":true,"href":"https:\/\/portaltela.pt\/api\/wp\/v2\/media\/443867"}],"wp:attachment":[{"href":"https:\/\/portaltela.pt\/api\/wp\/v2\/media?parent=443864"}],"wp:term":[{"taxonomy":"category","embeddable":true,"href":"https:\/\/portaltela.pt\/api\/wp\/v2\/categories?post=443864"},{"taxonomy":"post_tag","embeddable":true,"href":"https:\/\/portaltela.pt\/api\/wp\/v2\/tags?post=443864"}],"curies":[{"name":"wp","href":"https:\/\/api.w.org\/{rel}","templated":true}]}}