{"id":443857,"date":"2026-04-14T11:46:32","date_gmt":"2026-04-14T14:46:32","guid":{"rendered":"https:\/\/portaltela.pt\/noticias\/2026\/04\/14\/brasil-preve-colheita-de-graos-recorde-de-3484-milhoes-de-toneladas-neste-ano\/"},"modified":"2026-04-14T11:46:32","modified_gmt":"2026-04-14T14:46:32","slug":"brasil-preve-colheita-de-graos-recorde-de-3484-milhoes-de-toneladas-neste-ano","status":"publish","type":"post","link":"https:\/\/portaltela.pt\/meio-ambiente\/2026\/04\/14\/brasil-preve-colheita-de-graos-recorde-de-3484-milhoes-de-toneladas-neste-ano\/","title":{"rendered":"Brasil prev\u00ea colheita de gr\u00e3os recorde de 348,4 milh\u00f5es de toneladas neste ano"},"content":{"rendered":"<p>O Brasil prev\u00ea uma colheita recorde de gr\u00e3os de 348,4 milh\u00f5es de toneladas neste ano, revelou o Governo. A estimativa aponta para o maior volume j\u00e1 registrado no pa\u00eds, um dos maiores produtores mundiais de alimentos.<\/p>\n<p>A proje\u00e7\u00e3o foi divulgada hoje \u00e0 imprensa, abrangendo safras como soja, milho e arroz. As autoridades destacam que o valor final pode depender de condi\u00e7\u00f5es clim\u00e1ticas e de fatores operacionais ao longo da temporada.<\/p>\n<p>O an\u00fancio insere-se no contexto de estrat\u00e9gias para sustentar a oferta interna e atender aos mercados externo, com foco na estabilidade de exporta\u00e7\u00f5es e no equil\u00edbrio entre produ\u00e7\u00e3o e consumo.<\/p>\n","protected":false},"excerpt":{"rendered":"<ul>\n<li>O Brasil prev\u00ea uma colheita recorde de gr\u00e3os de 348,4 milh\u00f5es de toneladas neste ano.<\/li>\n<li>A estimativa foi anunciada pelo Governo.<\/li>\n<li>O pa\u00eds \u00e9 apontado como um dos maiores produtores de alimentos do mundo.<\/li>\n<li>A proje\u00e7\u00e3o refor\u00e7a a posi\u00e7\u00e3o brasileira no mercado global de gr\u00e3os.<\/li>\n<\/ul>\n","protected":false},"author":2,"featured_media":443858,"comment_status":"closed","ping_status":"closed","sticky":false,"template":"","format":"standard","meta":{"footnotes":""},"categories":[6725],"tags":[7883,7979,2547,28,3861,3892],"class_list":["post-443857","post","type-post","status-publish","format-standard","has-post-thumbnail","hentry","category-meio-ambiente","tag-_agricultura","tag-_agroalimentar","tag-brasil","tag-economia","tag-economia-internacional","tag-exportacoes-internacionais"],"yoast_head":"<!-- This site is optimized with the Yoast SEO plugin v27.2 - https:\/\/yoast.com\/product\/yoast-seo-wordpress\/ -->\n<title>Brasil prev\u00ea colheita de gr\u00e3os recorde de 348,4 milh\u00f5es de toneladas neste ano - Portal Tela Portugal<\/title>\n<meta name=\"robots\" content=\"index, follow, max-snippet:-1, max-image-preview:large, max-video-preview:-1\" \/>\n<meta property=\"og:locale\" content=\"pt_PT\" \/>\n<meta property=\"og:type\" content=\"article\" \/>\n<meta property=\"og:title\" content=\"Brasil prev\u00ea colheita de gr\u00e3os recorde de 348,4 milh\u00f5es de toneladas neste ano - Portal Tela Portugal\" \/>\n<meta property=\"og:description\" content=\"O Brasil prev\u00ea uma colheita recorde de gr\u00e3os de 348,4 milh\u00f5es de toneladas neste ano. A estimativa foi anunciada pelo Governo. O pa\u00eds \u00e9 apontado como um dos maiores produtores de alimentos do mundo. A proje\u00e7\u00e3o refor\u00e7a a posi\u00e7\u00e3o brasileira no mercado global de gr\u00e3os.\" \/>\n<meta property=\"og:url\" content=\"https:\/\/portaltela.pt\/noticias\/2026\/04\/14\/brasil-preve-colheita-de-graos-recorde-de-3484-milhoes-de-toneladas-neste-ano\/\" \/>\n<meta property=\"og:site_name\" content=\"Portal Tela Portugal\" \/>\n<meta property=\"article:published_time\" content=\"2026-04-14T14:46:32+00:00\" \/>\n<meta name=\"author\" content=\"Telinha\" \/>\n<meta name=\"twitter:card\" content=\"summary_large_image\" \/>\n<meta name=\"twitter:label1\" content=\"Escrito por\" \/>\n\t<meta name=\"twitter:data1\" content=\"Telinha\" \/>\n\t<meta name=\"twitter:label2\" content=\"Tempo estimado de leitura\" \/>\n\t<meta name=\"twitter:data2\" content=\"1 minuto\" \/>\n<script type=\"application\/ld+json\" class=\"yoast-schema-graph\">{\"@context\":\"https:\/\/schema.org\",\"@graph\":[{\"@type\":\"Article\",\"@id\":\"https:\/\/portaltela.pt\/noticias\/2026\/04\/14\/brasil-preve-colheita-de-graos-recorde-de-3484-milhoes-de-toneladas-neste-ano\/#article\",\"isPartOf\":{\"@id\":\"https:\/\/portaltela.pt\/noticias\/2026\/04\/14\/brasil-preve-colheita-de-graos-recorde-de-3484-milhoes-de-toneladas-neste-ano\/\"},\"author\":{\"name\":\"Telinha\",\"@id\":\"https:\/\/portaltela.pt\/#\/schema\/person\/c4278d4a6028830caff9ee44b42d32ed\"},\"headline\":\"Brasil prev\u00ea colheita de gr\u00e3os recorde de 348,4 milh\u00f5es de toneladas neste ano\",\"datePublished\":\"2026-04-14T14:46:32+00:00\",\"mainEntityOfPage\":{\"@id\":\"https:\/\/portaltela.pt\/noticias\/2026\/04\/14\/brasil-preve-colheita-de-graos-recorde-de-3484-milhoes-de-toneladas-neste-ano\/\"},\"wordCount\":123,\"image\":{\"@id\":\"https:\/\/portaltela.pt\/noticias\/2026\/04\/14\/brasil-preve-colheita-de-graos-recorde-de-3484-milhoes-de-toneladas-neste-ano\/#primaryimage\"},\"thumbnailUrl\":\"https:\/\/portaltela.pt\/s.01k8rhncp4jt1\/2026\/04\/CACHE_780X1200_ANALOG_WATERMARKED_20569134_1481956_17032019012026.jpg\",\"keywords\":[\"_agricultura\",\"_agroalimentar\",\"Brasil\",\"economia\",\"economia internacional\",\"exporta\u00e7\u00f5es internacionais\"],\"articleSection\":[\"Meio Ambiente\"],\"inLanguage\":\"pt-PT\"},{\"@type\":\"WebPage\",\"@id\":\"https:\/\/portaltela.pt\/noticias\/2026\/04\/14\/brasil-preve-colheita-de-graos-recorde-de-3484-milhoes-de-toneladas-neste-ano\/\",\"url\":\"https:\/\/portaltela.pt\/noticias\/2026\/04\/14\/brasil-preve-colheita-de-graos-recorde-de-3484-milhoes-de-toneladas-neste-ano\/\",\"name\":\"Brasil prev\u00ea colheita de gr\u00e3os recorde de 348,4 milh\u00f5es de toneladas neste ano - Portal Tela Portugal\",\"isPartOf\":{\"@id\":\"https:\/\/portaltela.pt\/#website\"},\"primaryImageOfPage\":{\"@id\":\"https:\/\/portaltela.pt\/noticias\/2026\/04\/14\/brasil-preve-colheita-de-graos-recorde-de-3484-milhoes-de-toneladas-neste-ano\/#primaryimage\"},\"image\":{\"@id\":\"https:\/\/portaltela.pt\/noticias\/2026\/04\/14\/brasil-preve-colheita-de-graos-recorde-de-3484-milhoes-de-toneladas-neste-ano\/#primaryimage\"},\"thumbnailUrl\":\"https:\/\/portaltela.pt\/s.01k8rhncp4jt1\/2026\/04\/CACHE_780X1200_ANALOG_WATERMARKED_20569134_1481956_17032019012026.jpg\",\"datePublished\":\"2026-04-14T14:46:32+00:00\",\"author\":{\"@id\":\"https:\/\/portaltela.pt\/#\/schema\/person\/c4278d4a6028830caff9ee44b42d32ed\"},\"breadcrumb\":{\"@id\":\"https:\/\/portaltela.pt\/noticias\/2026\/04\/14\/brasil-preve-colheita-de-graos-recorde-de-3484-milhoes-de-toneladas-neste-ano\/#breadcrumb\"},\"inLanguage\":\"pt-PT\",\"potentialAction\":[{\"@type\":\"ReadAction\",\"target\":[\"https:\/\/portaltela.pt\/noticias\/2026\/04\/14\/brasil-preve-colheita-de-graos-recorde-de-3484-milhoes-de-toneladas-neste-ano\/\"]}]},{\"@type\":\"ImageObject\",\"inLanguage\":\"pt-PT\",\"@id\":\"https:\/\/portaltela.pt\/noticias\/2026\/04\/14\/brasil-preve-colheita-de-graos-recorde-de-3484-milhoes-de-toneladas-neste-ano\/#primaryimage\",\"url\":\"https:\/\/portaltela.pt\/s.01k8rhncp4jt1\/2026\/04\/CACHE_780X1200_ANALOG_WATERMARKED_20569134_1481956_17032019012026.jpg\",\"contentUrl\":\"https:\/\/portaltela.pt\/s.01k8rhncp4jt1\/2026\/04\/CACHE_780X1200_ANALOG_WATERMARKED_20569134_1481956_17032019012026.jpg\",\"width\":796,\"height\":448,\"caption\":\"Brasil prev\u00ea colheita recorde de gr\u00e3os de 348,4 milh\u00f5es de toneladas este ano\"},{\"@type\":\"BreadcrumbList\",\"@id\":\"https:\/\/portaltela.pt\/noticias\/2026\/04\/14\/brasil-preve-colheita-de-graos-recorde-de-3484-milhoes-de-toneladas-neste-ano\/#breadcrumb\",\"itemListElement\":[{\"@type\":\"ListItem\",\"position\":1,\"name\":\"In\u00edcio\",\"item\":\"https:\/\/portaltela.pt\/\"},{\"@type\":\"ListItem\",\"position\":2,\"name\":\"Brasil prev\u00ea colheita de gr\u00e3os recorde de 348,4 milh\u00f5es de toneladas neste ano\"}]},{\"@type\":\"WebSite\",\"@id\":\"https:\/\/portaltela.pt\/#website\",\"url\":\"https:\/\/portaltela.pt\/\",\"name\":\"Portal Tela Portugal\",\"description\":\"\",\"potentialAction\":[{\"@type\":\"SearchAction\",\"target\":{\"@type\":\"EntryPoint\",\"urlTemplate\":\"https:\/\/portaltela.pt\/?s={search_term_string}\"},\"query-input\":{\"@type\":\"PropertyValueSpecification\",\"valueRequired\":true,\"valueName\":\"search_term_string\"}}],\"inLanguage\":\"pt-PT\"},{\"@type\":\"Person\",\"@id\":\"https:\/\/portaltela.pt\/#\/schema\/person\/c4278d4a6028830caff9ee44b42d32ed\",\"name\":\"Telinha\",\"image\":{\"@type\":\"ImageObject\",\"inLanguage\":\"pt-PT\",\"@id\":\"https:\/\/portaltela.pt\/s.01k8rhncp4jt1\/2025\/11\/talking-bot-125x125.png\",\"url\":\"https:\/\/portaltela.pt\/s.01k8rhncp4jt1\/2025\/11\/talking-bot-125x125.png\",\"contentUrl\":\"https:\/\/portaltela.pt\/s.01k8rhncp4jt1\/2025\/11\/talking-bot-125x125.png\",\"caption\":\"Telinha\"},\"sameAs\":[\"https:\/\/portaltela.pt\/\"],\"url\":\"https:\/\/portaltela.pt\/por\/367410592786\/\"}]}<\/script>\n<!-- \/ Yoast SEO plugin. -->","yoast_head_json":{"title":"Brasil prev\u00ea colheita de gr\u00e3os recorde de 348,4 milh\u00f5es de toneladas neste ano - Portal Tela Portugal","robots":{"index":"index","follow":"follow","max-snippet":"max-snippet:-1","max-image-preview":"max-image-preview:large","max-video-preview":"max-video-preview:-1"},"og_locale":"pt_PT","og_type":"article","og_title":"Brasil prev\u00ea colheita de gr\u00e3os recorde de 348,4 milh\u00f5es de toneladas neste ano - Portal Tela Portugal","og_description":"O Brasil prev\u00ea uma colheita recorde de gr\u00e3os de 348,4 milh\u00f5es de toneladas neste ano. A estimativa foi anunciada pelo Governo. O pa\u00eds \u00e9 apontado como um dos maiores produtores de alimentos do mundo. A proje\u00e7\u00e3o refor\u00e7a a posi\u00e7\u00e3o brasileira no mercado global de gr\u00e3os.","og_url":"https:\/\/portaltela.pt\/noticias\/2026\/04\/14\/brasil-preve-colheita-de-graos-recorde-de-3484-milhoes-de-toneladas-neste-ano\/","og_site_name":"Portal Tela Portugal","article_published_time":"2026-04-14T14:46:32+00:00","author":"Telinha","twitter_card":"summary_large_image","twitter_misc":{"Escrito por":"Telinha","Tempo estimado de leitura":"1 minuto"},"schema":{"@context":"https:\/\/schema.org","@graph":[{"@type":"Article","@id":"https:\/\/portaltela.pt\/noticias\/2026\/04\/14\/brasil-preve-colheita-de-graos-recorde-de-3484-milhoes-de-toneladas-neste-ano\/#article","isPartOf":{"@id":"https:\/\/portaltela.pt\/noticias\/2026\/04\/14\/brasil-preve-colheita-de-graos-recorde-de-3484-milhoes-de-toneladas-neste-ano\/"},"author":{"name":"Telinha","@id":"https:\/\/portaltela.pt\/#\/schema\/person\/c4278d4a6028830caff9ee44b42d32ed"},"headline":"Brasil prev\u00ea colheita de gr\u00e3os recorde de 348,4 milh\u00f5es de toneladas neste ano","datePublished":"2026-04-14T14:46:32+00:00","mainEntityOfPage":{"@id":"https:\/\/portaltela.pt\/noticias\/2026\/04\/14\/brasil-preve-colheita-de-graos-recorde-de-3484-milhoes-de-toneladas-neste-ano\/"},"wordCount":123,"image":{"@id":"https:\/\/portaltela.pt\/noticias\/2026\/04\/14\/brasil-preve-colheita-de-graos-recorde-de-3484-milhoes-de-toneladas-neste-ano\/#primaryimage"},"thumbnailUrl":"https:\/\/portaltela.pt\/s.01k8rhncp4jt1\/2026\/04\/CACHE_780X1200_ANALOG_WATERMARKED_20569134_1481956_17032019012026.jpg","keywords":["_agricultura","_agroalimentar","Brasil","economia","economia internacional","exporta\u00e7\u00f5es internacionais"],"articleSection":["Meio Ambiente"],"inLanguage":"pt-PT"},{"@type":"WebPage","@id":"https:\/\/portaltela.pt\/noticias\/2026\/04\/14\/brasil-preve-colheita-de-graos-recorde-de-3484-milhoes-de-toneladas-neste-ano\/","url":"https:\/\/portaltela.pt\/noticias\/2026\/04\/14\/brasil-preve-colheita-de-graos-recorde-de-3484-milhoes-de-toneladas-neste-ano\/","name":"Brasil prev\u00ea colheita de gr\u00e3os recorde de 348,4 milh\u00f5es de toneladas neste ano - Portal Tela Portugal","isPartOf":{"@id":"https:\/\/portaltela.pt\/#website"},"primaryImageOfPage":{"@id":"https:\/\/portaltela.pt\/noticias\/2026\/04\/14\/brasil-preve-colheita-de-graos-recorde-de-3484-milhoes-de-toneladas-neste-ano\/#primaryimage"},"image":{"@id":"https:\/\/portaltela.pt\/noticias\/2026\/04\/14\/brasil-preve-colheita-de-graos-recorde-de-3484-milhoes-de-toneladas-neste-ano\/#primaryimage"},"thumbnailUrl":"https:\/\/portaltela.pt\/s.01k8rhncp4jt1\/2026\/04\/CACHE_780X1200_ANALOG_WATERMARKED_20569134_1481956_17032019012026.jpg","datePublished":"2026-04-14T14:46:32+00:00","author":{"@id":"https:\/\/portaltela.pt\/#\/schema\/person\/c4278d4a6028830caff9ee44b42d32ed"},"breadcrumb":{"@id":"https:\/\/portaltela.pt\/noticias\/2026\/04\/14\/brasil-preve-colheita-de-graos-recorde-de-3484-milhoes-de-toneladas-neste-ano\/#breadcrumb"},"inLanguage":"pt-PT","potentialAction":[{"@type":"ReadAction","target":["https:\/\/portaltela.pt\/noticias\/2026\/04\/14\/brasil-preve-colheita-de-graos-recorde-de-3484-milhoes-de-toneladas-neste-ano\/"]}]},{"@type":"ImageObject","inLanguage":"pt-PT","@id":"https:\/\/portaltela.pt\/noticias\/2026\/04\/14\/brasil-preve-colheita-de-graos-recorde-de-3484-milhoes-de-toneladas-neste-ano\/#primaryimage","url":"https:\/\/portaltela.pt\/s.01k8rhncp4jt1\/2026\/04\/CACHE_780X1200_ANALOG_WATERMARKED_20569134_1481956_17032019012026.jpg","contentUrl":"https:\/\/portaltela.pt\/s.01k8rhncp4jt1\/2026\/04\/CACHE_780X1200_ANALOG_WATERMARKED_20569134_1481956_17032019012026.jpg","width":796,"height":448,"caption":"Brasil prev\u00ea colheita recorde de gr\u00e3os de 348,4 milh\u00f5es de toneladas este ano"},{"@type":"BreadcrumbList","@id":"https:\/\/portaltela.pt\/noticias\/2026\/04\/14\/brasil-preve-colheita-de-graos-recorde-de-3484-milhoes-de-toneladas-neste-ano\/#breadcrumb","itemListElement":[{"@type":"ListItem","position":1,"name":"In\u00edcio","item":"https:\/\/portaltela.pt\/"},{"@type":"ListItem","position":2,"name":"Brasil prev\u00ea colheita de gr\u00e3os recorde de 348,4 milh\u00f5es de toneladas neste ano"}]},{"@type":"WebSite","@id":"https:\/\/portaltela.pt\/#website","url":"https:\/\/portaltela.pt\/","name":"Portal Tela Portugal","description":"","potentialAction":[{"@type":"SearchAction","target":{"@type":"EntryPoint","urlTemplate":"https:\/\/portaltela.pt\/?s={search_term_string}"},"query-input":{"@type":"PropertyValueSpecification","valueRequired":true,"valueName":"search_term_string"}}],"inLanguage":"pt-PT"},{"@type":"Person","@id":"https:\/\/portaltela.pt\/#\/schema\/person\/c4278d4a6028830caff9ee44b42d32ed","name":"Telinha","image":{"@type":"ImageObject","inLanguage":"pt-PT","@id":"https:\/\/portaltela.pt\/s.01k8rhncp4jt1\/2025\/11\/talking-bot-125x125.png","url":"https:\/\/portaltela.pt\/s.01k8rhncp4jt1\/2025\/11\/talking-bot-125x125.png","contentUrl":"https:\/\/portaltela.pt\/s.01k8rhncp4jt1\/2025\/11\/talking-bot-125x125.png","caption":"Telinha"},"sameAs":["https:\/\/portaltela.pt\/"],"url":"https:\/\/portaltela.pt\/por\/367410592786\/"}]}},"_links":{"self":[{"href":"https:\/\/portaltela.pt\/api\/wp\/v2\/posts\/443857","targetHints":{"allow":["GET"]}}],"collection":[{"href":"https:\/\/portaltela.pt\/api\/wp\/v2\/posts"}],"about":[{"href":"https:\/\/portaltela.pt\/api\/wp\/v2\/types\/post"}],"author":[{"embeddable":true,"href":"https:\/\/portaltela.pt\/api\/wp\/v2\/users\/2"}],"replies":[{"embeddable":true,"href":"https:\/\/portaltela.pt\/api\/wp\/v2\/comments?post=443857"}],"version-history":[{"count":0,"href":"https:\/\/portaltela.pt\/api\/wp\/v2\/posts\/443857\/revisions"}],"wp:featuredmedia":[{"embeddable":true,"href":"https:\/\/portaltela.pt\/api\/wp\/v2\/media\/443858"}],"wp:attachment":[{"href":"https:\/\/portaltela.pt\/api\/wp\/v2\/media?parent=443857"}],"wp:term":[{"taxonomy":"category","embeddable":true,"href":"https:\/\/portaltela.pt\/api\/wp\/v2\/categories?post=443857"},{"taxonomy":"post_tag","embeddable":true,"href":"https:\/\/portaltela.pt\/api\/wp\/v2\/tags?post=443857"}],"curies":[{"name":"wp","href":"https:\/\/api.w.org\/{rel}","templated":true}]}}