{"id":443851,"date":"2026-04-14T11:32:41","date_gmt":"2026-04-14T14:32:41","guid":{"rendered":"https:\/\/portaltela.pt\/noticias\/2026\/04\/14\/alan-nunez-confia-na-continuidade-do-nacional-e-quer-vencer-todos-os-jogos\/"},"modified":"2026-04-14T11:32:41","modified_gmt":"2026-04-14T14:32:41","slug":"alan-nunez-confia-na-continuidade-do-nacional-e-quer-vencer-todos-os-jogos","status":"publish","type":"post","link":"https:\/\/portaltela.pt\/desporto\/futebol\/2026\/04\/14\/alan-nunez-confia-na-continuidade-do-nacional-e-quer-vencer-todos-os-jogos\/","title":{"rendered":"Alan Nu\u00f1ez confia na continuidade do Nacional e quer vencer todos os jogos"},"content":{"rendered":"<p>Alan Nu\u00f1ez, lateral direito do Nacional, 21 anos, est\u00e1 feliz na Madeira e no clube. A sua primeira experi\u00eancia fora do Paraguai j\u00e1 o levou a afirmar a titularidade ap\u00f3s adapta\u00e7\u00e3o ao futebol europeu, com o objetivo de ajudar a manter o Nacional na Liga Portugal Betclic.<\/p>\n<p>O jogador destaca que o grupo est\u00e1 preparado para disputar cinco finais, com o foco a vencer todos os jogos. A ideia \u00e9 entrar em campo com determina\u00e7\u00e3o para somar pontos e avan\u00e7ar na competi\u00e7\u00e3o.<\/p>\n<p>O jovem internacional paraguaio admite que ainda n\u00e3o foram estudadas as estrat\u00e9gias do advers\u00e1rio, visto que os treinos come\u00e7aram recentemente. A prioridade passa por dominar desde o in\u00edcio e procurar manter o ritmo para obter um resultado positivo.<\/p>\n<p>Na vis\u00e3o de Nu\u00f1ez, uma entrada forte nos minutos iniciais \u00e9 crucial, tal como repeti\u00e7\u00f5es do desempenho frente ao Estrela da Amadora. O objetivo \u00e9 conquistar vantagem cedo para controlar o jogo.<\/p>\n<p>Sobre o momento na Madeira e na Choupana, o jogador real\u00e7a a felicidade por jogar regularmente e a confian\u00e7a que isso traz. Acredita que esse estado pode ser decisivo para os cinco jogos que restam.<\/p>\n<p>Para Nu\u00f1ez, manter o seu desempenho ao mais alto n\u00edvel \u00e9 essencial para apoiar a equipa. O foco est\u00e1 nos pr\u00f3ximos confrontos para garantir a continuidade da presen\u00e7a do Nacional na prova.<\/p>\n","protected":false},"excerpt":{"rendered":"<ul>\n<li>Alan Nu\u00f1ez, 21 anos, est\u00e1 feliz na Madeira e j\u00e1 \u00e9 titular no Nacional, ap\u00f3s adapta\u00e7\u00e3o ao futebol europeu.<\/li>\n<li>O lateral direito paraguaio veio do Cerro Porte\u00f1o e diz que o grupo est\u00e1 preparado para cinco finais e que v\u00e3o tentar ganhar todos os jogos.<\/li>\n<li>Sobre o duelo com o Alverca, afirma que ainda estudam o advers\u00e1rio, mas v\u00e3o entrar com tudo para obter a vit\u00f3ria.<\/li>\n<li>Quer iniciar o jogo com vantagem nos minutos iniciais, repetindo a jogada de marca\u00e7\u00e3o cedo do encontro frente ao Estrela da Amadora.<\/li>\n<li>Acredita que a confian\u00e7a em campo \u00e9 decisiva e que manter o n\u00edvel m\u00e1ximo nos cinco jogos restantes \u00e9 fundamental para ajudar a equipa.<\/li>\n<\/ul>\n","protected":false},"author":2,"featured_media":443854,"comment_status":"closed","ping_status":"closed","sticky":false,"template":"","format":"standard","meta":{"footnotes":""},"categories":[21,24],"tags":[152,32,242,2245,859,1014],"class_list":["post-443851","post","type-post","status-publish","format-standard","has-post-thumbnail","hentry","category-desporto","category-futebol","tag-desporto","tag-futebol","tag-jogadores","tag-liga-betclic","tag-madeira","tag-portugal"],"yoast_head":"<!-- This site is optimized with the Yoast SEO plugin v27.2 - https:\/\/yoast.com\/product\/yoast-seo-wordpress\/ -->\n<title>Alan Nu\u00f1ez confia na continuidade do Nacional e quer vencer todos os jogos - Portal Tela Portugal<\/title>\n<meta name=\"robots\" content=\"index, follow, max-snippet:-1, max-image-preview:large, max-video-preview:-1\" \/>\n<meta property=\"og:locale\" content=\"pt_PT\" \/>\n<meta property=\"og:type\" content=\"article\" \/>\n<meta property=\"og:title\" content=\"Alan Nu\u00f1ez confia na continuidade do Nacional e quer vencer todos os jogos - Portal Tela Portugal\" \/>\n<meta property=\"og:description\" content=\"Alan Nu\u00f1ez, 21 anos, est\u00e1 feliz na Madeira e j\u00e1 \u00e9 titular no Nacional, ap\u00f3s adapta\u00e7\u00e3o ao futebol europeu. O lateral direito paraguaio veio do Cerro Porte\u00f1o e diz que o grupo est\u00e1 preparado para cinco finais e que v\u00e3o tentar ganhar todos os jogos. Sobre o duelo com o Alverca, afirma que ainda estudam o advers\u00e1rio, mas v\u00e3o entrar com tudo para obter a vit\u00f3ria. Quer iniciar o jogo com vantagem nos minutos iniciais, repetindo a jogada de marca\u00e7\u00e3o cedo do encontro frente ao Estrela da Amadora. Acredita que a confian\u00e7a em campo \u00e9 decisiva e que manter o n\u00edvel m\u00e1ximo nos cinco jogos restantes \u00e9 fundamental para ajudar a equipa.\" \/>\n<meta property=\"og:url\" content=\"https:\/\/portaltela.pt\/noticias\/2026\/04\/14\/alan-nunez-confia-na-continuidade-do-nacional-e-quer-vencer-todos-os-jogos\/\" \/>\n<meta property=\"og:site_name\" content=\"Portal Tela Portugal\" \/>\n<meta property=\"article:published_time\" content=\"2026-04-14T14:32:41+00:00\" \/>\n<meta name=\"author\" content=\"Telinha\" \/>\n<meta name=\"twitter:card\" content=\"summary_large_image\" \/>\n<meta name=\"twitter:label1\" content=\"Escrito por\" \/>\n\t<meta name=\"twitter:data1\" content=\"Telinha\" \/>\n\t<meta name=\"twitter:label2\" content=\"Tempo estimado de leitura\" \/>\n\t<meta name=\"twitter:data2\" content=\"1 minuto\" \/>\n<script type=\"application\/ld+json\" class=\"yoast-schema-graph\">{\"@context\":\"https:\/\/schema.org\",\"@graph\":[{\"@type\":\"Article\",\"@id\":\"https:\/\/portaltela.pt\/noticias\/2026\/04\/14\/alan-nunez-confia-na-continuidade-do-nacional-e-quer-vencer-todos-os-jogos\/#article\",\"isPartOf\":{\"@id\":\"https:\/\/portaltela.pt\/noticias\/2026\/04\/14\/alan-nunez-confia-na-continuidade-do-nacional-e-quer-vencer-todos-os-jogos\/\"},\"author\":{\"name\":\"Telinha\",\"@id\":\"https:\/\/portaltela.pt\/#\/schema\/person\/c4278d4a6028830caff9ee44b42d32ed\"},\"headline\":\"Alan Nu\u00f1ez confia na continuidade do Nacional e quer vencer todos os jogos\",\"datePublished\":\"2026-04-14T14:32:41+00:00\",\"mainEntityOfPage\":{\"@id\":\"https:\/\/portaltela.pt\/noticias\/2026\/04\/14\/alan-nunez-confia-na-continuidade-do-nacional-e-quer-vencer-todos-os-jogos\/\"},\"wordCount\":249,\"image\":{\"@id\":\"https:\/\/portaltela.pt\/noticias\/2026\/04\/14\/alan-nunez-confia-na-continuidade-do-nacional-e-quer-vencer-todos-os-jogos\/#primaryimage\"},\"thumbnailUrl\":\"https:\/\/portaltela.pt\/s.01k8rhncp4jt1\/2026\/04\/img_920x518uu2026-04-14-15-26-09-2432970.jpg\",\"keywords\":[\"desporto\",\"futebol\",\"jogadores\",\"Liga Betclic\",\"Madeira\",\"Portugal\"],\"articleSection\":[\"Desporto\",\"Futebol\"],\"inLanguage\":\"pt-PT\"},{\"@type\":\"WebPage\",\"@id\":\"https:\/\/portaltela.pt\/noticias\/2026\/04\/14\/alan-nunez-confia-na-continuidade-do-nacional-e-quer-vencer-todos-os-jogos\/\",\"url\":\"https:\/\/portaltela.pt\/noticias\/2026\/04\/14\/alan-nunez-confia-na-continuidade-do-nacional-e-quer-vencer-todos-os-jogos\/\",\"name\":\"Alan Nu\u00f1ez confia na continuidade do Nacional e quer vencer todos os jogos - Portal Tela Portugal\",\"isPartOf\":{\"@id\":\"https:\/\/portaltela.pt\/#website\"},\"primaryImageOfPage\":{\"@id\":\"https:\/\/portaltela.pt\/noticias\/2026\/04\/14\/alan-nunez-confia-na-continuidade-do-nacional-e-quer-vencer-todos-os-jogos\/#primaryimage\"},\"image\":{\"@id\":\"https:\/\/portaltela.pt\/noticias\/2026\/04\/14\/alan-nunez-confia-na-continuidade-do-nacional-e-quer-vencer-todos-os-jogos\/#primaryimage\"},\"thumbnailUrl\":\"https:\/\/portaltela.pt\/s.01k8rhncp4jt1\/2026\/04\/img_920x518uu2026-04-14-15-26-09-2432970.jpg\",\"datePublished\":\"2026-04-14T14:32:41+00:00\",\"author\":{\"@id\":\"https:\/\/portaltela.pt\/#\/schema\/person\/c4278d4a6028830caff9ee44b42d32ed\"},\"breadcrumb\":{\"@id\":\"https:\/\/portaltela.pt\/noticias\/2026\/04\/14\/alan-nunez-confia-na-continuidade-do-nacional-e-quer-vencer-todos-os-jogos\/#breadcrumb\"},\"inLanguage\":\"pt-PT\",\"potentialAction\":[{\"@type\":\"ReadAction\",\"target\":[\"https:\/\/portaltela.pt\/noticias\/2026\/04\/14\/alan-nunez-confia-na-continuidade-do-nacional-e-quer-vencer-todos-os-jogos\/\"]}]},{\"@type\":\"ImageObject\",\"inLanguage\":\"pt-PT\",\"@id\":\"https:\/\/portaltela.pt\/noticias\/2026\/04\/14\/alan-nunez-confia-na-continuidade-do-nacional-e-quer-vencer-todos-os-jogos\/#primaryimage\",\"url\":\"https:\/\/portaltela.pt\/s.01k8rhncp4jt1\/2026\/04\/img_920x518uu2026-04-14-15-26-09-2432970.jpg\",\"contentUrl\":\"https:\/\/portaltela.pt\/s.01k8rhncp4jt1\/2026\/04\/img_920x518uu2026-04-14-15-26-09-2432970.jpg\",\"width\":796,\"height\":448,\"caption\":\"Alan Nu\u00f1ez disputa lance com Rafa Silva durante o Benfica-Nacional no Est\u00e1dio da Luz\"},{\"@type\":\"BreadcrumbList\",\"@id\":\"https:\/\/portaltela.pt\/noticias\/2026\/04\/14\/alan-nunez-confia-na-continuidade-do-nacional-e-quer-vencer-todos-os-jogos\/#breadcrumb\",\"itemListElement\":[{\"@type\":\"ListItem\",\"position\":1,\"name\":\"In\u00edcio\",\"item\":\"https:\/\/portaltela.pt\/\"},{\"@type\":\"ListItem\",\"position\":2,\"name\":\"Alan Nu\u00f1ez confia na continuidade do Nacional e quer vencer todos os jogos\"}]},{\"@type\":\"WebSite\",\"@id\":\"https:\/\/portaltela.pt\/#website\",\"url\":\"https:\/\/portaltela.pt\/\",\"name\":\"Portal Tela Portugal\",\"description\":\"\",\"potentialAction\":[{\"@type\":\"SearchAction\",\"target\":{\"@type\":\"EntryPoint\",\"urlTemplate\":\"https:\/\/portaltela.pt\/?s={search_term_string}\"},\"query-input\":{\"@type\":\"PropertyValueSpecification\",\"valueRequired\":true,\"valueName\":\"search_term_string\"}}],\"inLanguage\":\"pt-PT\"},{\"@type\":\"Person\",\"@id\":\"https:\/\/portaltela.pt\/#\/schema\/person\/c4278d4a6028830caff9ee44b42d32ed\",\"name\":\"Telinha\",\"image\":{\"@type\":\"ImageObject\",\"inLanguage\":\"pt-PT\",\"@id\":\"https:\/\/portaltela.pt\/s.01k8rhncp4jt1\/2025\/11\/talking-bot-125x125.png\",\"url\":\"https:\/\/portaltela.pt\/s.01k8rhncp4jt1\/2025\/11\/talking-bot-125x125.png\",\"contentUrl\":\"https:\/\/portaltela.pt\/s.01k8rhncp4jt1\/2025\/11\/talking-bot-125x125.png\",\"caption\":\"Telinha\"},\"sameAs\":[\"https:\/\/portaltela.pt\/\"],\"url\":\"https:\/\/portaltela.pt\/por\/367410592786\/\"}]}<\/script>\n<!-- \/ Yoast SEO plugin. -->","yoast_head_json":{"title":"Alan Nu\u00f1ez confia na continuidade do Nacional e quer vencer todos os jogos - Portal Tela Portugal","robots":{"index":"index","follow":"follow","max-snippet":"max-snippet:-1","max-image-preview":"max-image-preview:large","max-video-preview":"max-video-preview:-1"},"og_locale":"pt_PT","og_type":"article","og_title":"Alan Nu\u00f1ez confia na continuidade do Nacional e quer vencer todos os jogos - Portal Tela Portugal","og_description":"Alan Nu\u00f1ez, 21 anos, est\u00e1 feliz na Madeira e j\u00e1 \u00e9 titular no Nacional, ap\u00f3s adapta\u00e7\u00e3o ao futebol europeu. O lateral direito paraguaio veio do Cerro Porte\u00f1o e diz que o grupo est\u00e1 preparado para cinco finais e que v\u00e3o tentar ganhar todos os jogos. Sobre o duelo com o Alverca, afirma que ainda estudam o advers\u00e1rio, mas v\u00e3o entrar com tudo para obter a vit\u00f3ria. Quer iniciar o jogo com vantagem nos minutos iniciais, repetindo a jogada de marca\u00e7\u00e3o cedo do encontro frente ao Estrela da Amadora. Acredita que a confian\u00e7a em campo \u00e9 decisiva e que manter o n\u00edvel m\u00e1ximo nos cinco jogos restantes \u00e9 fundamental para ajudar a equipa.","og_url":"https:\/\/portaltela.pt\/noticias\/2026\/04\/14\/alan-nunez-confia-na-continuidade-do-nacional-e-quer-vencer-todos-os-jogos\/","og_site_name":"Portal Tela Portugal","article_published_time":"2026-04-14T14:32:41+00:00","author":"Telinha","twitter_card":"summary_large_image","twitter_misc":{"Escrito por":"Telinha","Tempo estimado de leitura":"1 minuto"},"schema":{"@context":"https:\/\/schema.org","@graph":[{"@type":"Article","@id":"https:\/\/portaltela.pt\/noticias\/2026\/04\/14\/alan-nunez-confia-na-continuidade-do-nacional-e-quer-vencer-todos-os-jogos\/#article","isPartOf":{"@id":"https:\/\/portaltela.pt\/noticias\/2026\/04\/14\/alan-nunez-confia-na-continuidade-do-nacional-e-quer-vencer-todos-os-jogos\/"},"author":{"name":"Telinha","@id":"https:\/\/portaltela.pt\/#\/schema\/person\/c4278d4a6028830caff9ee44b42d32ed"},"headline":"Alan Nu\u00f1ez confia na continuidade do Nacional e quer vencer todos os jogos","datePublished":"2026-04-14T14:32:41+00:00","mainEntityOfPage":{"@id":"https:\/\/portaltela.pt\/noticias\/2026\/04\/14\/alan-nunez-confia-na-continuidade-do-nacional-e-quer-vencer-todos-os-jogos\/"},"wordCount":249,"image":{"@id":"https:\/\/portaltela.pt\/noticias\/2026\/04\/14\/alan-nunez-confia-na-continuidade-do-nacional-e-quer-vencer-todos-os-jogos\/#primaryimage"},"thumbnailUrl":"https:\/\/portaltela.pt\/s.01k8rhncp4jt1\/2026\/04\/img_920x518uu2026-04-14-15-26-09-2432970.jpg","keywords":["desporto","futebol","jogadores","Liga Betclic","Madeira","Portugal"],"articleSection":["Desporto","Futebol"],"inLanguage":"pt-PT"},{"@type":"WebPage","@id":"https:\/\/portaltela.pt\/noticias\/2026\/04\/14\/alan-nunez-confia-na-continuidade-do-nacional-e-quer-vencer-todos-os-jogos\/","url":"https:\/\/portaltela.pt\/noticias\/2026\/04\/14\/alan-nunez-confia-na-continuidade-do-nacional-e-quer-vencer-todos-os-jogos\/","name":"Alan Nu\u00f1ez confia na continuidade do Nacional e quer vencer todos os jogos - Portal Tela Portugal","isPartOf":{"@id":"https:\/\/portaltela.pt\/#website"},"primaryImageOfPage":{"@id":"https:\/\/portaltela.pt\/noticias\/2026\/04\/14\/alan-nunez-confia-na-continuidade-do-nacional-e-quer-vencer-todos-os-jogos\/#primaryimage"},"image":{"@id":"https:\/\/portaltela.pt\/noticias\/2026\/04\/14\/alan-nunez-confia-na-continuidade-do-nacional-e-quer-vencer-todos-os-jogos\/#primaryimage"},"thumbnailUrl":"https:\/\/portaltela.pt\/s.01k8rhncp4jt1\/2026\/04\/img_920x518uu2026-04-14-15-26-09-2432970.jpg","datePublished":"2026-04-14T14:32:41+00:00","author":{"@id":"https:\/\/portaltela.pt\/#\/schema\/person\/c4278d4a6028830caff9ee44b42d32ed"},"breadcrumb":{"@id":"https:\/\/portaltela.pt\/noticias\/2026\/04\/14\/alan-nunez-confia-na-continuidade-do-nacional-e-quer-vencer-todos-os-jogos\/#breadcrumb"},"inLanguage":"pt-PT","potentialAction":[{"@type":"ReadAction","target":["https:\/\/portaltela.pt\/noticias\/2026\/04\/14\/alan-nunez-confia-na-continuidade-do-nacional-e-quer-vencer-todos-os-jogos\/"]}]},{"@type":"ImageObject","inLanguage":"pt-PT","@id":"https:\/\/portaltela.pt\/noticias\/2026\/04\/14\/alan-nunez-confia-na-continuidade-do-nacional-e-quer-vencer-todos-os-jogos\/#primaryimage","url":"https:\/\/portaltela.pt\/s.01k8rhncp4jt1\/2026\/04\/img_920x518uu2026-04-14-15-26-09-2432970.jpg","contentUrl":"https:\/\/portaltela.pt\/s.01k8rhncp4jt1\/2026\/04\/img_920x518uu2026-04-14-15-26-09-2432970.jpg","width":796,"height":448,"caption":"Alan Nu\u00f1ez disputa lance com Rafa Silva durante o Benfica-Nacional no Est\u00e1dio da Luz"},{"@type":"BreadcrumbList","@id":"https:\/\/portaltela.pt\/noticias\/2026\/04\/14\/alan-nunez-confia-na-continuidade-do-nacional-e-quer-vencer-todos-os-jogos\/#breadcrumb","itemListElement":[{"@type":"ListItem","position":1,"name":"In\u00edcio","item":"https:\/\/portaltela.pt\/"},{"@type":"ListItem","position":2,"name":"Alan Nu\u00f1ez confia na continuidade do Nacional e quer vencer todos os jogos"}]},{"@type":"WebSite","@id":"https:\/\/portaltela.pt\/#website","url":"https:\/\/portaltela.pt\/","name":"Portal Tela Portugal","description":"","potentialAction":[{"@type":"SearchAction","target":{"@type":"EntryPoint","urlTemplate":"https:\/\/portaltela.pt\/?s={search_term_string}"},"query-input":{"@type":"PropertyValueSpecification","valueRequired":true,"valueName":"search_term_string"}}],"inLanguage":"pt-PT"},{"@type":"Person","@id":"https:\/\/portaltela.pt\/#\/schema\/person\/c4278d4a6028830caff9ee44b42d32ed","name":"Telinha","image":{"@type":"ImageObject","inLanguage":"pt-PT","@id":"https:\/\/portaltela.pt\/s.01k8rhncp4jt1\/2025\/11\/talking-bot-125x125.png","url":"https:\/\/portaltela.pt\/s.01k8rhncp4jt1\/2025\/11\/talking-bot-125x125.png","contentUrl":"https:\/\/portaltela.pt\/s.01k8rhncp4jt1\/2025\/11\/talking-bot-125x125.png","caption":"Telinha"},"sameAs":["https:\/\/portaltela.pt\/"],"url":"https:\/\/portaltela.pt\/por\/367410592786\/"}]}},"_links":{"self":[{"href":"https:\/\/portaltela.pt\/api\/wp\/v2\/posts\/443851","targetHints":{"allow":["GET"]}}],"collection":[{"href":"https:\/\/portaltela.pt\/api\/wp\/v2\/posts"}],"about":[{"href":"https:\/\/portaltela.pt\/api\/wp\/v2\/types\/post"}],"author":[{"embeddable":true,"href":"https:\/\/portaltela.pt\/api\/wp\/v2\/users\/2"}],"replies":[{"embeddable":true,"href":"https:\/\/portaltela.pt\/api\/wp\/v2\/comments?post=443851"}],"version-history":[{"count":0,"href":"https:\/\/portaltela.pt\/api\/wp\/v2\/posts\/443851\/revisions"}],"wp:featuredmedia":[{"embeddable":true,"href":"https:\/\/portaltela.pt\/api\/wp\/v2\/media\/443854"}],"wp:attachment":[{"href":"https:\/\/portaltela.pt\/api\/wp\/v2\/media?parent=443851"}],"wp:term":[{"taxonomy":"category","embeddable":true,"href":"https:\/\/portaltela.pt\/api\/wp\/v2\/categories?post=443851"},{"taxonomy":"post_tag","embeddable":true,"href":"https:\/\/portaltela.pt\/api\/wp\/v2\/tags?post=443851"}],"curies":[{"name":"wp","href":"https:\/\/api.w.org\/{rel}","templated":true}]}}