{"id":443831,"date":"2026-04-14T11:32:17","date_gmt":"2026-04-14T14:32:17","guid":{"rendered":"https:\/\/portaltela.pt\/noticias\/2026\/04\/14\/antonio-miguel-cardoso-demite-se-da-presidencia-do-v-guimaraes\/"},"modified":"2026-04-14T11:32:17","modified_gmt":"2026-04-14T14:32:17","slug":"antonio-miguel-cardoso-demite-se-da-presidencia-do-v-guimaraes","status":"publish","type":"post","link":"https:\/\/portaltela.pt\/desporto\/futebol\/2026\/04\/14\/antonio-miguel-cardoso-demite-se-da-presidencia-do-v-guimaraes\/","title":{"rendered":"Ant\u00f3nio Miguel Cardoso demite-se da presid\u00eancia do V. Guimar\u00e3es"},"content":{"rendered":"<p>Ant\u00f3nio Miguel Cardoso anunciou a demiss\u00e3o da presid\u00eancia do Vit\u00f3ria de Guimar\u00e3es, clube que lidera desde Mar\u00e7o de 2022. A apresenta\u00e7\u00e3o ocorreu numa confer\u00eancia no Est\u00e1dio D. Afonso Henriques, Guimar\u00e3es, onde afirmou que n\u00e3o se recandidatar\u00e1.<\/p>\n<p>O presidente eleito pela primeira vez a 5 de Mar\u00e7o de 2022, e reeleito a 1 de Mar\u00e7o de 2025 com mais de 89% dos votos, disse que entrega a carta de demiss\u00e3o ao presidente da Mesa da Assembleia Geral. A decis\u00e3o decorre das hip\u00f3teses reduzidas de qualifica\u00e7\u00e3o europeia.<\/p>\n<p>No entanto, n\u00e3o houve recandidatura \u00e0s pr\u00f3ximas elei\u00e7\u00f5es, mantendo-se at\u00e9 \u00e0 transi\u00e7\u00e3o diretiva. Cardoso garantiu trabalhar at\u00e9 esse momento, num contexto financeiro desafiante, e afirmou manter-se como s\u00f3cio a apoiar o emblema vimaranense.<\/p>\n<h3>Contexto e retrospectiva<\/h3>\n<p>Durante a entrevista, o ainda presidente elogiou a \u00e9poca 2023\/24, com o melhor desempenho da I Liga (63 pontos), e destacou o feito hist\u00f3rico de nove vit\u00f3rias seguidas na UEFA na edi\u00e7\u00e3o 2024\/25. Foi ainda apontada a conquista da Ta\u00e7a da Liga.<\/p>\n<p>O dirigente relembrou a aposta na forma\u00e7\u00e3o, com ascens\u00e3o de jogadores da B \u00e0 principal, e o sucesso de Zeega e Santiago Verdi a n\u00edvel mundial. Destacou o recorde de 34 jogadores convocados \u00e0s sele\u00e7\u00f5es jovens de Portugal na presente temporada.<\/p>\n<p>Cardoso disse que o clube, sob a sua lideran\u00e7a, consolidou estruturas para o futuro e que a equipa t\u00e9cnica de Gil Lameiras ter\u00e1 impacto positivo. Enalteceu tamb\u00e9m a lealdade de Miguel Maga e o crescimento da equipa feminina.<\/p>\n","protected":false},"excerpt":{"rendered":"<ul>\n<li>Ant\u00f3nio Miguel Cardoso demitiu-se da presid\u00eancia do Vit\u00f3ria de Guimar\u00e3es, declarando que n\u00e3o se recandidatar\u00e1 \u00e0s pr\u00f3ximas elei\u00e7\u00f5es do clube.<\/li>\n<li>O an\u00fancio foi feito numa confer\u00eancia de imprensa no Est\u00e1dio D. Afonso Henriques, ap\u00f3s liderar o clube desde mar\u00e7o de 2022.<\/li>\n<li>O Vit\u00f3ria encontra-se atualmente no nono lugar da I Liga, com 36 pontos, a 11 do quinto classificado, restando cinco jornadas.<\/li>\n<li>Entre os feitos durante a presid\u00eancia destacam-se a melhor pontua\u00e7\u00e3o de sempre na I Liga (63 pontos, 2023\/24), nove vit\u00f3rias consecutivas na Liga Confer\u00eancia e a Ta\u00e7a da Liga conquistada na \u00e9poca atual.<\/li>\n<li>Cardoso afirmou que continuar\u00e1 a trabalhar at\u00e9 \u00e0 transi\u00e7\u00e3o diretiva, defendeu o equil\u00edbrio desportivo e financeiro e destacou o papel da forma\u00e7\u00e3o, incluindo ascens\u00e3o de jogadores da equipa B e recordes da sele\u00e7\u00e3o de jovens.<\/li>\n<\/ul>\n","protected":false},"author":2,"featured_media":443834,"comment_status":"closed","ping_status":"closed","sticky":false,"template":"","format":"standard","meta":{"footnotes":""},"categories":[21,24],"tags":[4143,5757,32,2415,6802,30],"class_list":["post-443831","post","type-post","status-publish","format-standard","has-post-thumbnail","hentry","category-desporto","category-futebol","tag-1-liga","tag-demissao","tag-futebol","tag-gestao","tag-lideranca","tag-presidente"],"yoast_head":"<!-- This site is optimized with the Yoast SEO plugin v27.2 - https:\/\/yoast.com\/product\/yoast-seo-wordpress\/ -->\n<title>Ant\u00f3nio Miguel Cardoso demite-se da presid\u00eancia do V. Guimar\u00e3es - Portal Tela Portugal<\/title>\n<meta name=\"robots\" content=\"index, follow, max-snippet:-1, max-image-preview:large, max-video-preview:-1\" \/>\n<meta property=\"og:locale\" content=\"pt_PT\" \/>\n<meta property=\"og:type\" content=\"article\" \/>\n<meta property=\"og:title\" content=\"Ant\u00f3nio Miguel Cardoso demite-se da presid\u00eancia do V. Guimar\u00e3es - Portal Tela Portugal\" \/>\n<meta property=\"og:description\" content=\"Ant\u00f3nio Miguel Cardoso demitiu-se da presid\u00eancia do Vit\u00f3ria de Guimar\u00e3es, declarando que n\u00e3o se recandidatar\u00e1 \u00e0s pr\u00f3ximas elei\u00e7\u00f5es do clube. O an\u00fancio foi feito numa confer\u00eancia de imprensa no Est\u00e1dio D. Afonso Henriques, ap\u00f3s liderar o clube desde mar\u00e7o de 2022. O Vit\u00f3ria encontra-se atualmente no nono lugar da I Liga, com 36 pontos, a 11 do quinto classificado, restando cinco jornadas. Entre os feitos durante a presid\u00eancia destacam-se a melhor pontua\u00e7\u00e3o de sempre na I Liga (63 pontos, 2023\/24), nove vit\u00f3rias consecutivas na Liga Confer\u00eancia e a Ta\u00e7a da Liga conquistada na \u00e9poca atual. Cardoso afirmou que continuar\u00e1 a trabalhar at\u00e9 \u00e0 transi\u00e7\u00e3o diretiva, defendeu o equil\u00edbrio desportivo e financeiro e destacou o papel da forma\u00e7\u00e3o, incluindo ascens\u00e3o de jogadores da equipa B e recordes da sele\u00e7\u00e3o de jovens.\" \/>\n<meta property=\"og:url\" content=\"https:\/\/portaltela.pt\/noticias\/2026\/04\/14\/antonio-miguel-cardoso-demite-se-da-presidencia-do-v-guimaraes\/\" \/>\n<meta property=\"og:site_name\" content=\"Portal Tela Portugal\" \/>\n<meta property=\"article:published_time\" content=\"2026-04-14T14:32:17+00:00\" \/>\n<meta name=\"author\" content=\"Telinha\" \/>\n<meta name=\"twitter:card\" content=\"summary_large_image\" \/>\n<meta name=\"twitter:label1\" content=\"Escrito por\" \/>\n\t<meta name=\"twitter:data1\" content=\"Telinha\" \/>\n\t<meta name=\"twitter:label2\" content=\"Tempo estimado de leitura\" \/>\n\t<meta name=\"twitter:data2\" content=\"1 minuto\" \/>\n<script type=\"application\/ld+json\" class=\"yoast-schema-graph\">{\"@context\":\"https:\/\/schema.org\",\"@graph\":[{\"@type\":\"Article\",\"@id\":\"https:\/\/portaltela.pt\/noticias\/2026\/04\/14\/antonio-miguel-cardoso-demite-se-da-presidencia-do-v-guimaraes\/#article\",\"isPartOf\":{\"@id\":\"https:\/\/portaltela.pt\/noticias\/2026\/04\/14\/antonio-miguel-cardoso-demite-se-da-presidencia-do-v-guimaraes\/\"},\"author\":{\"name\":\"Telinha\",\"@id\":\"https:\/\/portaltela.pt\/#\/schema\/person\/c4278d4a6028830caff9ee44b42d32ed\"},\"headline\":\"Ant\u00f3nio Miguel Cardoso demite-se da presid\u00eancia do V. Guimar\u00e3es\",\"datePublished\":\"2026-04-14T14:32:17+00:00\",\"mainEntityOfPage\":{\"@id\":\"https:\/\/portaltela.pt\/noticias\/2026\/04\/14\/antonio-miguel-cardoso-demite-se-da-presidencia-do-v-guimaraes\/\"},\"wordCount\":275,\"image\":{\"@id\":\"https:\/\/portaltela.pt\/noticias\/2026\/04\/14\/antonio-miguel-cardoso-demite-se-da-presidencia-do-v-guimaraes\/#primaryimage\"},\"thumbnailUrl\":\"https:\/\/portaltela.pt\/s.01k8rhncp4jt1\/2026\/04\/2081215.jpg\",\"keywords\":[\"1. Liga\",\"demiss\u00e3o\",\"futebol\",\"gest\u00e3o\",\"lideran\u00e7a\",\"presidente\"],\"articleSection\":[\"Desporto\",\"Futebol\"],\"inLanguage\":\"pt-PT\"},{\"@type\":\"WebPage\",\"@id\":\"https:\/\/portaltela.pt\/noticias\/2026\/04\/14\/antonio-miguel-cardoso-demite-se-da-presidencia-do-v-guimaraes\/\",\"url\":\"https:\/\/portaltela.pt\/noticias\/2026\/04\/14\/antonio-miguel-cardoso-demite-se-da-presidencia-do-v-guimaraes\/\",\"name\":\"Ant\u00f3nio Miguel Cardoso demite-se da presid\u00eancia do V. Guimar\u00e3es - Portal Tela Portugal\",\"isPartOf\":{\"@id\":\"https:\/\/portaltela.pt\/#website\"},\"primaryImageOfPage\":{\"@id\":\"https:\/\/portaltela.pt\/noticias\/2026\/04\/14\/antonio-miguel-cardoso-demite-se-da-presidencia-do-v-guimaraes\/#primaryimage\"},\"image\":{\"@id\":\"https:\/\/portaltela.pt\/noticias\/2026\/04\/14\/antonio-miguel-cardoso-demite-se-da-presidencia-do-v-guimaraes\/#primaryimage\"},\"thumbnailUrl\":\"https:\/\/portaltela.pt\/s.01k8rhncp4jt1\/2026\/04\/2081215.jpg\",\"datePublished\":\"2026-04-14T14:32:17+00:00\",\"author\":{\"@id\":\"https:\/\/portaltela.pt\/#\/schema\/person\/c4278d4a6028830caff9ee44b42d32ed\"},\"breadcrumb\":{\"@id\":\"https:\/\/portaltela.pt\/noticias\/2026\/04\/14\/antonio-miguel-cardoso-demite-se-da-presidencia-do-v-guimaraes\/#breadcrumb\"},\"inLanguage\":\"pt-PT\",\"potentialAction\":[{\"@type\":\"ReadAction\",\"target\":[\"https:\/\/portaltela.pt\/noticias\/2026\/04\/14\/antonio-miguel-cardoso-demite-se-da-presidencia-do-v-guimaraes\/\"]}]},{\"@type\":\"ImageObject\",\"inLanguage\":\"pt-PT\",\"@id\":\"https:\/\/portaltela.pt\/noticias\/2026\/04\/14\/antonio-miguel-cardoso-demite-se-da-presidencia-do-v-guimaraes\/#primaryimage\",\"url\":\"https:\/\/portaltela.pt\/s.01k8rhncp4jt1\/2026\/04\/2081215.jpg\",\"contentUrl\":\"https:\/\/portaltela.pt\/s.01k8rhncp4jt1\/2026\/04\/2081215.jpg\",\"width\":796,\"height\":448,\"caption\":\"Ant\u00f3nio Miguel Cardoso, presidente do Vit\u00f3ria de Guimar\u00e3es\"},{\"@type\":\"BreadcrumbList\",\"@id\":\"https:\/\/portaltela.pt\/noticias\/2026\/04\/14\/antonio-miguel-cardoso-demite-se-da-presidencia-do-v-guimaraes\/#breadcrumb\",\"itemListElement\":[{\"@type\":\"ListItem\",\"position\":1,\"name\":\"In\u00edcio\",\"item\":\"https:\/\/portaltela.pt\/\"},{\"@type\":\"ListItem\",\"position\":2,\"name\":\"Ant\u00f3nio Miguel Cardoso demite-se da presid\u00eancia do V. Guimar\u00e3es\"}]},{\"@type\":\"WebSite\",\"@id\":\"https:\/\/portaltela.pt\/#website\",\"url\":\"https:\/\/portaltela.pt\/\",\"name\":\"Portal Tela Portugal\",\"description\":\"\",\"potentialAction\":[{\"@type\":\"SearchAction\",\"target\":{\"@type\":\"EntryPoint\",\"urlTemplate\":\"https:\/\/portaltela.pt\/?s={search_term_string}\"},\"query-input\":{\"@type\":\"PropertyValueSpecification\",\"valueRequired\":true,\"valueName\":\"search_term_string\"}}],\"inLanguage\":\"pt-PT\"},{\"@type\":\"Person\",\"@id\":\"https:\/\/portaltela.pt\/#\/schema\/person\/c4278d4a6028830caff9ee44b42d32ed\",\"name\":\"Telinha\",\"image\":{\"@type\":\"ImageObject\",\"inLanguage\":\"pt-PT\",\"@id\":\"https:\/\/portaltela.pt\/s.01k8rhncp4jt1\/2025\/11\/talking-bot-125x125.png\",\"url\":\"https:\/\/portaltela.pt\/s.01k8rhncp4jt1\/2025\/11\/talking-bot-125x125.png\",\"contentUrl\":\"https:\/\/portaltela.pt\/s.01k8rhncp4jt1\/2025\/11\/talking-bot-125x125.png\",\"caption\":\"Telinha\"},\"sameAs\":[\"https:\/\/portaltela.pt\/\"],\"url\":\"https:\/\/portaltela.pt\/por\/367410592786\/\"}]}<\/script>\n<!-- \/ Yoast SEO plugin. -->","yoast_head_json":{"title":"Ant\u00f3nio Miguel Cardoso demite-se da presid\u00eancia do V. Guimar\u00e3es - Portal Tela Portugal","robots":{"index":"index","follow":"follow","max-snippet":"max-snippet:-1","max-image-preview":"max-image-preview:large","max-video-preview":"max-video-preview:-1"},"og_locale":"pt_PT","og_type":"article","og_title":"Ant\u00f3nio Miguel Cardoso demite-se da presid\u00eancia do V. Guimar\u00e3es - Portal Tela Portugal","og_description":"Ant\u00f3nio Miguel Cardoso demitiu-se da presid\u00eancia do Vit\u00f3ria de Guimar\u00e3es, declarando que n\u00e3o se recandidatar\u00e1 \u00e0s pr\u00f3ximas elei\u00e7\u00f5es do clube. O an\u00fancio foi feito numa confer\u00eancia de imprensa no Est\u00e1dio D. Afonso Henriques, ap\u00f3s liderar o clube desde mar\u00e7o de 2022. O Vit\u00f3ria encontra-se atualmente no nono lugar da I Liga, com 36 pontos, a 11 do quinto classificado, restando cinco jornadas. Entre os feitos durante a presid\u00eancia destacam-se a melhor pontua\u00e7\u00e3o de sempre na I Liga (63 pontos, 2023\/24), nove vit\u00f3rias consecutivas na Liga Confer\u00eancia e a Ta\u00e7a da Liga conquistada na \u00e9poca atual. Cardoso afirmou que continuar\u00e1 a trabalhar at\u00e9 \u00e0 transi\u00e7\u00e3o diretiva, defendeu o equil\u00edbrio desportivo e financeiro e destacou o papel da forma\u00e7\u00e3o, incluindo ascens\u00e3o de jogadores da equipa B e recordes da sele\u00e7\u00e3o de jovens.","og_url":"https:\/\/portaltela.pt\/noticias\/2026\/04\/14\/antonio-miguel-cardoso-demite-se-da-presidencia-do-v-guimaraes\/","og_site_name":"Portal Tela Portugal","article_published_time":"2026-04-14T14:32:17+00:00","author":"Telinha","twitter_card":"summary_large_image","twitter_misc":{"Escrito por":"Telinha","Tempo estimado de leitura":"1 minuto"},"schema":{"@context":"https:\/\/schema.org","@graph":[{"@type":"Article","@id":"https:\/\/portaltela.pt\/noticias\/2026\/04\/14\/antonio-miguel-cardoso-demite-se-da-presidencia-do-v-guimaraes\/#article","isPartOf":{"@id":"https:\/\/portaltela.pt\/noticias\/2026\/04\/14\/antonio-miguel-cardoso-demite-se-da-presidencia-do-v-guimaraes\/"},"author":{"name":"Telinha","@id":"https:\/\/portaltela.pt\/#\/schema\/person\/c4278d4a6028830caff9ee44b42d32ed"},"headline":"Ant\u00f3nio Miguel Cardoso demite-se da presid\u00eancia do V. Guimar\u00e3es","datePublished":"2026-04-14T14:32:17+00:00","mainEntityOfPage":{"@id":"https:\/\/portaltela.pt\/noticias\/2026\/04\/14\/antonio-miguel-cardoso-demite-se-da-presidencia-do-v-guimaraes\/"},"wordCount":275,"image":{"@id":"https:\/\/portaltela.pt\/noticias\/2026\/04\/14\/antonio-miguel-cardoso-demite-se-da-presidencia-do-v-guimaraes\/#primaryimage"},"thumbnailUrl":"https:\/\/portaltela.pt\/s.01k8rhncp4jt1\/2026\/04\/2081215.jpg","keywords":["1. Liga","demiss\u00e3o","futebol","gest\u00e3o","lideran\u00e7a","presidente"],"articleSection":["Desporto","Futebol"],"inLanguage":"pt-PT"},{"@type":"WebPage","@id":"https:\/\/portaltela.pt\/noticias\/2026\/04\/14\/antonio-miguel-cardoso-demite-se-da-presidencia-do-v-guimaraes\/","url":"https:\/\/portaltela.pt\/noticias\/2026\/04\/14\/antonio-miguel-cardoso-demite-se-da-presidencia-do-v-guimaraes\/","name":"Ant\u00f3nio Miguel Cardoso demite-se da presid\u00eancia do V. Guimar\u00e3es - Portal Tela Portugal","isPartOf":{"@id":"https:\/\/portaltela.pt\/#website"},"primaryImageOfPage":{"@id":"https:\/\/portaltela.pt\/noticias\/2026\/04\/14\/antonio-miguel-cardoso-demite-se-da-presidencia-do-v-guimaraes\/#primaryimage"},"image":{"@id":"https:\/\/portaltela.pt\/noticias\/2026\/04\/14\/antonio-miguel-cardoso-demite-se-da-presidencia-do-v-guimaraes\/#primaryimage"},"thumbnailUrl":"https:\/\/portaltela.pt\/s.01k8rhncp4jt1\/2026\/04\/2081215.jpg","datePublished":"2026-04-14T14:32:17+00:00","author":{"@id":"https:\/\/portaltela.pt\/#\/schema\/person\/c4278d4a6028830caff9ee44b42d32ed"},"breadcrumb":{"@id":"https:\/\/portaltela.pt\/noticias\/2026\/04\/14\/antonio-miguel-cardoso-demite-se-da-presidencia-do-v-guimaraes\/#breadcrumb"},"inLanguage":"pt-PT","potentialAction":[{"@type":"ReadAction","target":["https:\/\/portaltela.pt\/noticias\/2026\/04\/14\/antonio-miguel-cardoso-demite-se-da-presidencia-do-v-guimaraes\/"]}]},{"@type":"ImageObject","inLanguage":"pt-PT","@id":"https:\/\/portaltela.pt\/noticias\/2026\/04\/14\/antonio-miguel-cardoso-demite-se-da-presidencia-do-v-guimaraes\/#primaryimage","url":"https:\/\/portaltela.pt\/s.01k8rhncp4jt1\/2026\/04\/2081215.jpg","contentUrl":"https:\/\/portaltela.pt\/s.01k8rhncp4jt1\/2026\/04\/2081215.jpg","width":796,"height":448,"caption":"Ant\u00f3nio Miguel Cardoso, presidente do Vit\u00f3ria de Guimar\u00e3es"},{"@type":"BreadcrumbList","@id":"https:\/\/portaltela.pt\/noticias\/2026\/04\/14\/antonio-miguel-cardoso-demite-se-da-presidencia-do-v-guimaraes\/#breadcrumb","itemListElement":[{"@type":"ListItem","position":1,"name":"In\u00edcio","item":"https:\/\/portaltela.pt\/"},{"@type":"ListItem","position":2,"name":"Ant\u00f3nio Miguel Cardoso demite-se da presid\u00eancia do V. Guimar\u00e3es"}]},{"@type":"WebSite","@id":"https:\/\/portaltela.pt\/#website","url":"https:\/\/portaltela.pt\/","name":"Portal Tela Portugal","description":"","potentialAction":[{"@type":"SearchAction","target":{"@type":"EntryPoint","urlTemplate":"https:\/\/portaltela.pt\/?s={search_term_string}"},"query-input":{"@type":"PropertyValueSpecification","valueRequired":true,"valueName":"search_term_string"}}],"inLanguage":"pt-PT"},{"@type":"Person","@id":"https:\/\/portaltela.pt\/#\/schema\/person\/c4278d4a6028830caff9ee44b42d32ed","name":"Telinha","image":{"@type":"ImageObject","inLanguage":"pt-PT","@id":"https:\/\/portaltela.pt\/s.01k8rhncp4jt1\/2025\/11\/talking-bot-125x125.png","url":"https:\/\/portaltela.pt\/s.01k8rhncp4jt1\/2025\/11\/talking-bot-125x125.png","contentUrl":"https:\/\/portaltela.pt\/s.01k8rhncp4jt1\/2025\/11\/talking-bot-125x125.png","caption":"Telinha"},"sameAs":["https:\/\/portaltela.pt\/"],"url":"https:\/\/portaltela.pt\/por\/367410592786\/"}]}},"_links":{"self":[{"href":"https:\/\/portaltela.pt\/api\/wp\/v2\/posts\/443831","targetHints":{"allow":["GET"]}}],"collection":[{"href":"https:\/\/portaltela.pt\/api\/wp\/v2\/posts"}],"about":[{"href":"https:\/\/portaltela.pt\/api\/wp\/v2\/types\/post"}],"author":[{"embeddable":true,"href":"https:\/\/portaltela.pt\/api\/wp\/v2\/users\/2"}],"replies":[{"embeddable":true,"href":"https:\/\/portaltela.pt\/api\/wp\/v2\/comments?post=443831"}],"version-history":[{"count":0,"href":"https:\/\/portaltela.pt\/api\/wp\/v2\/posts\/443831\/revisions"}],"wp:featuredmedia":[{"embeddable":true,"href":"https:\/\/portaltela.pt\/api\/wp\/v2\/media\/443834"}],"wp:attachment":[{"href":"https:\/\/portaltela.pt\/api\/wp\/v2\/media?parent=443831"}],"wp:term":[{"taxonomy":"category","embeddable":true,"href":"https:\/\/portaltela.pt\/api\/wp\/v2\/categories?post=443831"},{"taxonomy":"post_tag","embeddable":true,"href":"https:\/\/portaltela.pt\/api\/wp\/v2\/tags?post=443831"}],"curies":[{"name":"wp","href":"https:\/\/api.w.org\/{rel}","templated":true}]}}