{"id":443817,"date":"2026-04-14T11:17:23","date_gmt":"2026-04-14T14:17:23","guid":{"rendered":"https:\/\/portaltela.pt\/noticias\/2026\/04\/14\/carris-lanca-canal-de-whatsapp-para-divulgar-informacoes-e-alertas-2\/"},"modified":"2026-04-14T11:17:23","modified_gmt":"2026-04-14T14:17:23","slug":"carris-lanca-canal-de-whatsapp-para-divulgar-informacoes-e-alertas-2","status":"publish","type":"post","link":"https:\/\/portaltela.pt\/tecnologia\/2026\/04\/14\/carris-lanca-canal-de-whatsapp-para-divulgar-informacoes-e-alertas-2\/","title":{"rendered":"Carris lan\u00e7a canal de WhatsApp para divulgar informa\u00e7\u00f5es e alertas"},"content":{"rendered":"<p>A Carris anunciou hoje o lan\u00e7amento de um canal oficial de WhatsApp para divulgar informa\u00e7\u00f5es de servi\u00e7o. O objetivo \u00e9 informar os passageiros sobre altera\u00e7\u00f5es, desvios, condicionamentos e supress\u00f5es que possam afetar as desloca\u00e7\u00f5es na rede de Lisboa. A medida surge como forma de proporcionar informa\u00e7\u00e3o r\u00e1pida e acess\u00edvel.<\/p>\n<p>O canal est\u00e1 dispon\u00edvel para os passageiros atrav\u00e9s de um link, bastando selecionar a op\u00e7\u00e3o Seguir para receber os alertas. A comunica\u00e7\u00e3o \u00e9 enviada em formato de mensagens r\u00e1pidas e tem como prioridade a clareza na divulga\u00e7\u00e3o de ocorr\u00eancias.<\/p>\n<p>A Carris pretende manter os utilizadores atualizados em tempo real, com notifica\u00e7\u00f5es que destacam as altera\u00e7\u00f5es relevantes para as carreiras mais utilizadas. A empresa afirma que a difus\u00e3o respeita a privacidade e n\u00e3o exp\u00f5e dados pessoais.<\/p>\n<h3>Canal oficial de WhatsApp<\/h3>\n<p>O envio de mensagens identifica as informa\u00e7\u00f5es por cores, facilitando a leitura segundo a zona de Lisboa em que o passageiro se situa. Cada cor corresponde \u00e0 zona de origem da carreira associada, equivalente ao terminal mais pr\u00f3ximo das \u00e1reas lim\u00edtrofes da cidade.<\/p>\n<p>As cores ajudam a distinguir rapidamente as carreiras relevantes para cada utilizador. A Carris refor\u00e7a que o formato permite uma visualiza\u00e7\u00e3o simples sem expor dados pessoais dos utilizadores.<\/p>\n","protected":false},"excerpt":{"rendered":"<ul>\n<li>A Carris lan\u00e7ou um canal oficial de WhatsApp para divulgar informa\u00e7\u00f5es e alertas sobre a rede de Lisboa, dispon\u00edvel a partir de hoje.<\/li>\n<li>Para receber notifica\u00e7\u00f5es, basta aceder ao link do canal e selecionar a op\u00e7\u00e3o &#8220;Seguir&#8221;.<\/li>\n<li>O canal transmite altera\u00e7\u00f5es de servi\u00e7o, condicionamentos, desvios de percurso, supress\u00f5es e outras ocorr\u00eancias que possam impactar as desloca\u00e7\u00f5es.<\/li>\n<li>A informa\u00e7\u00e3o chega codificada por cores, com cada cor associada a uma zona de Lisboa; as carreiras correspondem \u00e0 cor da zona de origem.<\/li>\n<li>A Carris garante uma leitura simples e protege os dados pessoais dos utilizadores, que n\u00e3o ficam vis\u00edveis.<\/li>\n<\/ul>\n","protected":false},"author":2,"featured_media":443819,"comment_status":"closed","ping_status":"closed","sticky":false,"template":"","format":"standard","meta":{"footnotes":""},"categories":[6871,6716],"tags":[7974,8287,5804,5563,2110,1221],"class_list":["post-443817","post","type-post","status-publish","format-standard","has-post-thumbnail","hentry","category-sociedade","category-tecnologia","tag-_lisboa","tag-_transporte","tag-comunicacao-institucional","tag-informacao-publica","tag-mobilidade","tag-servicos-publicos"],"yoast_head":"<!-- This site is optimized with the Yoast SEO plugin v27.2 - https:\/\/yoast.com\/product\/yoast-seo-wordpress\/ -->\n<title>Carris lan\u00e7a canal de WhatsApp para divulgar informa\u00e7\u00f5es e alertas - Portal Tela Portugal<\/title>\n<meta name=\"robots\" content=\"index, follow, max-snippet:-1, max-image-preview:large, max-video-preview:-1\" \/>\n<meta property=\"og:locale\" content=\"pt_PT\" \/>\n<meta property=\"og:type\" content=\"article\" \/>\n<meta property=\"og:title\" content=\"Carris lan\u00e7a canal de WhatsApp para divulgar informa\u00e7\u00f5es e alertas - Portal Tela Portugal\" \/>\n<meta property=\"og:description\" content=\"A Carris lan\u00e7ou um canal oficial de WhatsApp para divulgar informa\u00e7\u00f5es e alertas sobre a rede de Lisboa, dispon\u00edvel a partir de hoje. Para receber notifica\u00e7\u00f5es, basta aceder ao link do canal e selecionar a op\u00e7\u00e3o &quot;Seguir&quot;. O canal transmite altera\u00e7\u00f5es de servi\u00e7o, condicionamentos, desvios de percurso, supress\u00f5es e outras ocorr\u00eancias que possam impactar as desloca\u00e7\u00f5es. A informa\u00e7\u00e3o chega codificada por cores, com cada cor associada a uma zona de Lisboa; as carreiras correspondem \u00e0 cor da zona de origem. A Carris garante uma leitura simples e protege os dados pessoais dos utilizadores, que n\u00e3o ficam vis\u00edveis.\" \/>\n<meta property=\"og:url\" content=\"https:\/\/portaltela.pt\/noticias\/2026\/04\/14\/carris-lanca-canal-de-whatsapp-para-divulgar-informacoes-e-alertas-2\/\" \/>\n<meta property=\"og:site_name\" content=\"Portal Tela Portugal\" \/>\n<meta property=\"article:published_time\" content=\"2026-04-14T14:17:23+00:00\" \/>\n<meta name=\"author\" content=\"Telinha\" \/>\n<meta name=\"twitter:card\" content=\"summary_large_image\" \/>\n<meta name=\"twitter:label1\" content=\"Escrito por\" \/>\n\t<meta name=\"twitter:data1\" content=\"Telinha\" \/>\n\t<meta name=\"twitter:label2\" content=\"Tempo estimado de leitura\" \/>\n\t<meta name=\"twitter:data2\" content=\"1 minuto\" \/>\n<script type=\"application\/ld+json\" class=\"yoast-schema-graph\">{\"@context\":\"https:\/\/schema.org\",\"@graph\":[{\"@type\":\"Article\",\"@id\":\"https:\/\/portaltela.pt\/noticias\/2026\/04\/14\/carris-lanca-canal-de-whatsapp-para-divulgar-informacoes-e-alertas-2\/#article\",\"isPartOf\":{\"@id\":\"https:\/\/portaltela.pt\/noticias\/2026\/04\/14\/carris-lanca-canal-de-whatsapp-para-divulgar-informacoes-e-alertas-2\/\"},\"author\":{\"name\":\"Telinha\",\"@id\":\"https:\/\/portaltela.pt\/#\/schema\/person\/c4278d4a6028830caff9ee44b42d32ed\"},\"headline\":\"Carris lan\u00e7a canal de WhatsApp para divulgar informa\u00e7\u00f5es e alertas\",\"datePublished\":\"2026-04-14T14:17:23+00:00\",\"mainEntityOfPage\":{\"@id\":\"https:\/\/portaltela.pt\/noticias\/2026\/04\/14\/carris-lanca-canal-de-whatsapp-para-divulgar-informacoes-e-alertas-2\/\"},\"wordCount\":234,\"image\":{\"@id\":\"https:\/\/portaltela.pt\/noticias\/2026\/04\/14\/carris-lanca-canal-de-whatsapp-para-divulgar-informacoes-e-alertas-2\/#primaryimage\"},\"thumbnailUrl\":\"https:\/\/portaltela.pt\/s.01k8rhncp4jt1\/2026\/04\/2081196.jpg\",\"keywords\":[\"_Lisboa\",\"_transporte\",\"comunica\u00e7\u00e3o institucional\",\"informa\u00e7\u00e3o p\u00fablica\",\"mobilidade\",\"servi\u00e7os p\u00fablicos\"],\"articleSection\":[\"Sociedade\",\"Tecnologia\"],\"inLanguage\":\"pt-PT\"},{\"@type\":\"WebPage\",\"@id\":\"https:\/\/portaltela.pt\/noticias\/2026\/04\/14\/carris-lanca-canal-de-whatsapp-para-divulgar-informacoes-e-alertas-2\/\",\"url\":\"https:\/\/portaltela.pt\/noticias\/2026\/04\/14\/carris-lanca-canal-de-whatsapp-para-divulgar-informacoes-e-alertas-2\/\",\"name\":\"Carris lan\u00e7a canal de WhatsApp para divulgar informa\u00e7\u00f5es e alertas - Portal Tela Portugal\",\"isPartOf\":{\"@id\":\"https:\/\/portaltela.pt\/#website\"},\"primaryImageOfPage\":{\"@id\":\"https:\/\/portaltela.pt\/noticias\/2026\/04\/14\/carris-lanca-canal-de-whatsapp-para-divulgar-informacoes-e-alertas-2\/#primaryimage\"},\"image\":{\"@id\":\"https:\/\/portaltela.pt\/noticias\/2026\/04\/14\/carris-lanca-canal-de-whatsapp-para-divulgar-informacoes-e-alertas-2\/#primaryimage\"},\"thumbnailUrl\":\"https:\/\/portaltela.pt\/s.01k8rhncp4jt1\/2026\/04\/2081196.jpg\",\"datePublished\":\"2026-04-14T14:17:23+00:00\",\"author\":{\"@id\":\"https:\/\/portaltela.pt\/#\/schema\/person\/c4278d4a6028830caff9ee44b42d32ed\"},\"breadcrumb\":{\"@id\":\"https:\/\/portaltela.pt\/noticias\/2026\/04\/14\/carris-lanca-canal-de-whatsapp-para-divulgar-informacoes-e-alertas-2\/#breadcrumb\"},\"inLanguage\":\"pt-PT\",\"potentialAction\":[{\"@type\":\"ReadAction\",\"target\":[\"https:\/\/portaltela.pt\/noticias\/2026\/04\/14\/carris-lanca-canal-de-whatsapp-para-divulgar-informacoes-e-alertas-2\/\"]}]},{\"@type\":\"ImageObject\",\"inLanguage\":\"pt-PT\",\"@id\":\"https:\/\/portaltela.pt\/noticias\/2026\/04\/14\/carris-lanca-canal-de-whatsapp-para-divulgar-informacoes-e-alertas-2\/#primaryimage\",\"url\":\"https:\/\/portaltela.pt\/s.01k8rhncp4jt1\/2026\/04\/2081196.jpg\",\"contentUrl\":\"https:\/\/portaltela.pt\/s.01k8rhncp4jt1\/2026\/04\/2081196.jpg\",\"width\":796,\"height\":448,\"caption\":\"Objectivo da empresa \u00e9 \\\"proporcionar informa\u00e7\u00e3o clara, r\u00e1pida e acess\u00edvel a todos os utilizadores\\\"\"},{\"@type\":\"BreadcrumbList\",\"@id\":\"https:\/\/portaltela.pt\/noticias\/2026\/04\/14\/carris-lanca-canal-de-whatsapp-para-divulgar-informacoes-e-alertas-2\/#breadcrumb\",\"itemListElement\":[{\"@type\":\"ListItem\",\"position\":1,\"name\":\"In\u00edcio\",\"item\":\"https:\/\/portaltela.pt\/\"},{\"@type\":\"ListItem\",\"position\":2,\"name\":\"Carris lan\u00e7a canal de WhatsApp para divulgar informa\u00e7\u00f5es e alertas\"}]},{\"@type\":\"WebSite\",\"@id\":\"https:\/\/portaltela.pt\/#website\",\"url\":\"https:\/\/portaltela.pt\/\",\"name\":\"Portal Tela Portugal\",\"description\":\"\",\"potentialAction\":[{\"@type\":\"SearchAction\",\"target\":{\"@type\":\"EntryPoint\",\"urlTemplate\":\"https:\/\/portaltela.pt\/?s={search_term_string}\"},\"query-input\":{\"@type\":\"PropertyValueSpecification\",\"valueRequired\":true,\"valueName\":\"search_term_string\"}}],\"inLanguage\":\"pt-PT\"},{\"@type\":\"Person\",\"@id\":\"https:\/\/portaltela.pt\/#\/schema\/person\/c4278d4a6028830caff9ee44b42d32ed\",\"name\":\"Telinha\",\"image\":{\"@type\":\"ImageObject\",\"inLanguage\":\"pt-PT\",\"@id\":\"https:\/\/portaltela.pt\/s.01k8rhncp4jt1\/2025\/11\/talking-bot-125x125.png\",\"url\":\"https:\/\/portaltela.pt\/s.01k8rhncp4jt1\/2025\/11\/talking-bot-125x125.png\",\"contentUrl\":\"https:\/\/portaltela.pt\/s.01k8rhncp4jt1\/2025\/11\/talking-bot-125x125.png\",\"caption\":\"Telinha\"},\"sameAs\":[\"https:\/\/portaltela.pt\/\"],\"url\":\"https:\/\/portaltela.pt\/por\/367410592786\/\"}]}<\/script>\n<!-- \/ Yoast SEO plugin. -->","yoast_head_json":{"title":"Carris lan\u00e7a canal de WhatsApp para divulgar informa\u00e7\u00f5es e alertas - Portal Tela Portugal","robots":{"index":"index","follow":"follow","max-snippet":"max-snippet:-1","max-image-preview":"max-image-preview:large","max-video-preview":"max-video-preview:-1"},"og_locale":"pt_PT","og_type":"article","og_title":"Carris lan\u00e7a canal de WhatsApp para divulgar informa\u00e7\u00f5es e alertas - Portal Tela Portugal","og_description":"A Carris lan\u00e7ou um canal oficial de WhatsApp para divulgar informa\u00e7\u00f5es e alertas sobre a rede de Lisboa, dispon\u00edvel a partir de hoje. Para receber notifica\u00e7\u00f5es, basta aceder ao link do canal e selecionar a op\u00e7\u00e3o \"Seguir\". O canal transmite altera\u00e7\u00f5es de servi\u00e7o, condicionamentos, desvios de percurso, supress\u00f5es e outras ocorr\u00eancias que possam impactar as desloca\u00e7\u00f5es. A informa\u00e7\u00e3o chega codificada por cores, com cada cor associada a uma zona de Lisboa; as carreiras correspondem \u00e0 cor da zona de origem. A Carris garante uma leitura simples e protege os dados pessoais dos utilizadores, que n\u00e3o ficam vis\u00edveis.","og_url":"https:\/\/portaltela.pt\/noticias\/2026\/04\/14\/carris-lanca-canal-de-whatsapp-para-divulgar-informacoes-e-alertas-2\/","og_site_name":"Portal Tela Portugal","article_published_time":"2026-04-14T14:17:23+00:00","author":"Telinha","twitter_card":"summary_large_image","twitter_misc":{"Escrito por":"Telinha","Tempo estimado de leitura":"1 minuto"},"schema":{"@context":"https:\/\/schema.org","@graph":[{"@type":"Article","@id":"https:\/\/portaltela.pt\/noticias\/2026\/04\/14\/carris-lanca-canal-de-whatsapp-para-divulgar-informacoes-e-alertas-2\/#article","isPartOf":{"@id":"https:\/\/portaltela.pt\/noticias\/2026\/04\/14\/carris-lanca-canal-de-whatsapp-para-divulgar-informacoes-e-alertas-2\/"},"author":{"name":"Telinha","@id":"https:\/\/portaltela.pt\/#\/schema\/person\/c4278d4a6028830caff9ee44b42d32ed"},"headline":"Carris lan\u00e7a canal de WhatsApp para divulgar informa\u00e7\u00f5es e alertas","datePublished":"2026-04-14T14:17:23+00:00","mainEntityOfPage":{"@id":"https:\/\/portaltela.pt\/noticias\/2026\/04\/14\/carris-lanca-canal-de-whatsapp-para-divulgar-informacoes-e-alertas-2\/"},"wordCount":234,"image":{"@id":"https:\/\/portaltela.pt\/noticias\/2026\/04\/14\/carris-lanca-canal-de-whatsapp-para-divulgar-informacoes-e-alertas-2\/#primaryimage"},"thumbnailUrl":"https:\/\/portaltela.pt\/s.01k8rhncp4jt1\/2026\/04\/2081196.jpg","keywords":["_Lisboa","_transporte","comunica\u00e7\u00e3o institucional","informa\u00e7\u00e3o p\u00fablica","mobilidade","servi\u00e7os p\u00fablicos"],"articleSection":["Sociedade","Tecnologia"],"inLanguage":"pt-PT"},{"@type":"WebPage","@id":"https:\/\/portaltela.pt\/noticias\/2026\/04\/14\/carris-lanca-canal-de-whatsapp-para-divulgar-informacoes-e-alertas-2\/","url":"https:\/\/portaltela.pt\/noticias\/2026\/04\/14\/carris-lanca-canal-de-whatsapp-para-divulgar-informacoes-e-alertas-2\/","name":"Carris lan\u00e7a canal de WhatsApp para divulgar informa\u00e7\u00f5es e alertas - Portal Tela Portugal","isPartOf":{"@id":"https:\/\/portaltela.pt\/#website"},"primaryImageOfPage":{"@id":"https:\/\/portaltela.pt\/noticias\/2026\/04\/14\/carris-lanca-canal-de-whatsapp-para-divulgar-informacoes-e-alertas-2\/#primaryimage"},"image":{"@id":"https:\/\/portaltela.pt\/noticias\/2026\/04\/14\/carris-lanca-canal-de-whatsapp-para-divulgar-informacoes-e-alertas-2\/#primaryimage"},"thumbnailUrl":"https:\/\/portaltela.pt\/s.01k8rhncp4jt1\/2026\/04\/2081196.jpg","datePublished":"2026-04-14T14:17:23+00:00","author":{"@id":"https:\/\/portaltela.pt\/#\/schema\/person\/c4278d4a6028830caff9ee44b42d32ed"},"breadcrumb":{"@id":"https:\/\/portaltela.pt\/noticias\/2026\/04\/14\/carris-lanca-canal-de-whatsapp-para-divulgar-informacoes-e-alertas-2\/#breadcrumb"},"inLanguage":"pt-PT","potentialAction":[{"@type":"ReadAction","target":["https:\/\/portaltela.pt\/noticias\/2026\/04\/14\/carris-lanca-canal-de-whatsapp-para-divulgar-informacoes-e-alertas-2\/"]}]},{"@type":"ImageObject","inLanguage":"pt-PT","@id":"https:\/\/portaltela.pt\/noticias\/2026\/04\/14\/carris-lanca-canal-de-whatsapp-para-divulgar-informacoes-e-alertas-2\/#primaryimage","url":"https:\/\/portaltela.pt\/s.01k8rhncp4jt1\/2026\/04\/2081196.jpg","contentUrl":"https:\/\/portaltela.pt\/s.01k8rhncp4jt1\/2026\/04\/2081196.jpg","width":796,"height":448,"caption":"Objectivo da empresa \u00e9 \"proporcionar informa\u00e7\u00e3o clara, r\u00e1pida e acess\u00edvel a todos os utilizadores\""},{"@type":"BreadcrumbList","@id":"https:\/\/portaltela.pt\/noticias\/2026\/04\/14\/carris-lanca-canal-de-whatsapp-para-divulgar-informacoes-e-alertas-2\/#breadcrumb","itemListElement":[{"@type":"ListItem","position":1,"name":"In\u00edcio","item":"https:\/\/portaltela.pt\/"},{"@type":"ListItem","position":2,"name":"Carris lan\u00e7a canal de WhatsApp para divulgar informa\u00e7\u00f5es e alertas"}]},{"@type":"WebSite","@id":"https:\/\/portaltela.pt\/#website","url":"https:\/\/portaltela.pt\/","name":"Portal Tela Portugal","description":"","potentialAction":[{"@type":"SearchAction","target":{"@type":"EntryPoint","urlTemplate":"https:\/\/portaltela.pt\/?s={search_term_string}"},"query-input":{"@type":"PropertyValueSpecification","valueRequired":true,"valueName":"search_term_string"}}],"inLanguage":"pt-PT"},{"@type":"Person","@id":"https:\/\/portaltela.pt\/#\/schema\/person\/c4278d4a6028830caff9ee44b42d32ed","name":"Telinha","image":{"@type":"ImageObject","inLanguage":"pt-PT","@id":"https:\/\/portaltela.pt\/s.01k8rhncp4jt1\/2025\/11\/talking-bot-125x125.png","url":"https:\/\/portaltela.pt\/s.01k8rhncp4jt1\/2025\/11\/talking-bot-125x125.png","contentUrl":"https:\/\/portaltela.pt\/s.01k8rhncp4jt1\/2025\/11\/talking-bot-125x125.png","caption":"Telinha"},"sameAs":["https:\/\/portaltela.pt\/"],"url":"https:\/\/portaltela.pt\/por\/367410592786\/"}]}},"_links":{"self":[{"href":"https:\/\/portaltela.pt\/api\/wp\/v2\/posts\/443817","targetHints":{"allow":["GET"]}}],"collection":[{"href":"https:\/\/portaltela.pt\/api\/wp\/v2\/posts"}],"about":[{"href":"https:\/\/portaltela.pt\/api\/wp\/v2\/types\/post"}],"author":[{"embeddable":true,"href":"https:\/\/portaltela.pt\/api\/wp\/v2\/users\/2"}],"replies":[{"embeddable":true,"href":"https:\/\/portaltela.pt\/api\/wp\/v2\/comments?post=443817"}],"version-history":[{"count":0,"href":"https:\/\/portaltela.pt\/api\/wp\/v2\/posts\/443817\/revisions"}],"wp:featuredmedia":[{"embeddable":true,"href":"https:\/\/portaltela.pt\/api\/wp\/v2\/media\/443819"}],"wp:attachment":[{"href":"https:\/\/portaltela.pt\/api\/wp\/v2\/media?parent=443817"}],"wp:term":[{"taxonomy":"category","embeddable":true,"href":"https:\/\/portaltela.pt\/api\/wp\/v2\/categories?post=443817"},{"taxonomy":"post_tag","embeddable":true,"href":"https:\/\/portaltela.pt\/api\/wp\/v2\/tags?post=443817"}],"curies":[{"name":"wp","href":"https:\/\/api.w.org\/{rel}","templated":true}]}}