{"id":443809,"date":"2026-04-14T11:17:17","date_gmt":"2026-04-14T14:17:17","guid":{"rendered":"https:\/\/portaltela.pt\/noticias\/2026\/04\/14\/lisboa-inaugura-parque-de-estacionamento-em-carnide-com-387-lugares\/"},"modified":"2026-04-14T11:17:17","modified_gmt":"2026-04-14T14:17:17","slug":"lisboa-inaugura-parque-de-estacionamento-em-carnide-com-387-lugares","status":"publish","type":"post","link":"https:\/\/portaltela.pt\/noticias\/politica\/2026\/04\/14\/lisboa-inaugura-parque-de-estacionamento-em-carnide-com-387-lugares\/","title":{"rendered":"Lisboa inaugura parque de estacionamento em Carnide com 387 lugares"},"content":{"rendered":"<p>O munic\u00edpio de Lisboa abriu um novo parque de estacionamento na freguesia de Carnide. Tem 387 lugares e \u00e9 gratuito para quem possui o passe Navegante. A inaugura\u00e7\u00e3o est\u00e1 marcada para a quarta-feira \u00e0 tarde.<\/p>\n<p>Segundo a C\u00e2mara Municipal de Lisboa, o parque Condes de Carnide refor\u00e7a a pol\u00edtica de incentivo ao transporte p\u00fablico, procurando reduzir o tr\u00e1fego no centro e as emiss\u00f5es de gases com efeito de estufa. A gest\u00e3o \u00e9 municipal.<\/p>\n<p>Os utilizadores do passe Navegante poder\u00e3o seguir viagem de transporte coletivo ou pela rede de bicicletas GIRA ap\u00f3s estacionarem. O complexo fica junto \u00e0s esta\u00e7\u00f5es de Carnide e do Col\u00e9gio Militar e ao terminal rodovi\u00e1rio do Col\u00e9gio Militar.<\/p>\n<h3>Caracter\u00edsticas e acessos<\/h3>\n<p>O parque oferece lugares para ve\u00edculos el\u00e9tricos e para pessoas com mobilidade reduzida. A infraestrutura facilita ainda a liga\u00e7\u00e3o \u00e0 rede de bicicletas GIRA, aumentando as op\u00e7\u00f5es de mobilidade sustent\u00e1vel na \u00e1rea.<\/p>\n<p>Desde o in\u00edcio de 2024 j\u00e1 foram criados 1.725 lugares de estacionamento em parques perif\u00e9ricos da cidade, segundo o munic\u00edpio. O novo parque soma-se aos sete j\u00e1 existentes nas entradas de Lisboa.<\/p>\n","protected":false},"excerpt":{"rendered":"<ul>\n<li>Lisboa inaugura o parque de estacionamento Condes de Carnide, com 387 lugares, gratuito para detentores do passe Navegante.<\/li>\n<li>O parque fica em Carnide, junto \u00e0s esta\u00e7\u00f5es do Carnide e Col\u00e9gio Militar e ao terminal rodovi\u00e1rio do Col\u00e9gio Militar, com liga\u00e7\u00e3o \u00e0 rede GIRA.<\/li>\n<li>A iniciativa pretende incentivar a transi\u00e7\u00e3o do transporte individual para o transporte coletivo e reduzir o tr\u00e1fego e as emiss\u00f5es de gases com efeito de estufa no centro de Lisboa.<\/li>\n<li>A inaugura\u00e7\u00e3o est\u00e1 marcada para quarta-feira \u00e0 tarde.<\/li>\n<li>Desde 2024, j\u00e1 foram criados 1.725 lugares de estacionamento em parques perif\u00e9ricos.<\/li>\n<\/ul>\n","protected":false},"author":2,"featured_media":443812,"comment_status":"closed","ping_status":"closed","sticky":false,"template":"","format":"standard","meta":{"footnotes":""},"categories":[1,5],"tags":[3772,258,981,4171,3148,4535],"class_list":["post-443809","post","type-post","status-publish","format-standard","has-post-thumbnail","hentry","category-noticias","category-politica","tag-acessibilidade","tag-infraestruturas","tag-lisboa","tag-mobilidade-sustentavel","tag-planeamento-urbano","tag-transporte-publico"],"yoast_head":"<!-- This site is optimized with the Yoast SEO plugin v27.2 - https:\/\/yoast.com\/product\/yoast-seo-wordpress\/ -->\n<title>Lisboa inaugura parque de estacionamento em Carnide com 387 lugares - Portal Tela Portugal<\/title>\n<meta name=\"robots\" content=\"index, follow, max-snippet:-1, max-image-preview:large, max-video-preview:-1\" \/>\n<meta property=\"og:locale\" content=\"pt_PT\" \/>\n<meta property=\"og:type\" content=\"article\" \/>\n<meta property=\"og:title\" content=\"Lisboa inaugura parque de estacionamento em Carnide com 387 lugares - Portal Tela Portugal\" \/>\n<meta property=\"og:description\" content=\"Lisboa inaugura o parque de estacionamento Condes de Carnide, com 387 lugares, gratuito para detentores do passe Navegante. O parque fica em Carnide, junto \u00e0s esta\u00e7\u00f5es do Carnide e Col\u00e9gio Militar e ao terminal rodovi\u00e1rio do Col\u00e9gio Militar, com liga\u00e7\u00e3o \u00e0 rede GIRA. A iniciativa pretende incentivar a transi\u00e7\u00e3o do transporte individual para o transporte coletivo e reduzir o tr\u00e1fego e as emiss\u00f5es de gases com efeito de estufa no centro de Lisboa. A inaugura\u00e7\u00e3o est\u00e1 marcada para quarta-feira \u00e0 tarde. Desde 2024, j\u00e1 foram criados 1.725 lugares de estacionamento em parques perif\u00e9ricos.\" \/>\n<meta property=\"og:url\" content=\"https:\/\/portaltela.pt\/noticias\/2026\/04\/14\/lisboa-inaugura-parque-de-estacionamento-em-carnide-com-387-lugares\/\" \/>\n<meta property=\"og:site_name\" content=\"Portal Tela Portugal\" \/>\n<meta property=\"article:published_time\" content=\"2026-04-14T14:17:17+00:00\" \/>\n<meta name=\"author\" content=\"Telinha\" \/>\n<meta name=\"twitter:card\" content=\"summary_large_image\" \/>\n<meta name=\"twitter:label1\" content=\"Escrito por\" \/>\n\t<meta name=\"twitter:data1\" content=\"Telinha\" \/>\n\t<meta name=\"twitter:label2\" content=\"Tempo estimado de leitura\" \/>\n\t<meta name=\"twitter:data2\" content=\"1 minuto\" \/>\n<script type=\"application\/ld+json\" class=\"yoast-schema-graph\">{\"@context\":\"https:\/\/schema.org\",\"@graph\":[{\"@type\":\"Article\",\"@id\":\"https:\/\/portaltela.pt\/noticias\/2026\/04\/14\/lisboa-inaugura-parque-de-estacionamento-em-carnide-com-387-lugares\/#article\",\"isPartOf\":{\"@id\":\"https:\/\/portaltela.pt\/noticias\/2026\/04\/14\/lisboa-inaugura-parque-de-estacionamento-em-carnide-com-387-lugares\/\"},\"author\":{\"name\":\"Telinha\",\"@id\":\"https:\/\/portaltela.pt\/#\/schema\/person\/c4278d4a6028830caff9ee44b42d32ed\"},\"headline\":\"Lisboa inaugura parque de estacionamento em Carnide com 387 lugares\",\"datePublished\":\"2026-04-14T14:17:17+00:00\",\"mainEntityOfPage\":{\"@id\":\"https:\/\/portaltela.pt\/noticias\/2026\/04\/14\/lisboa-inaugura-parque-de-estacionamento-em-carnide-com-387-lugares\/\"},\"wordCount\":204,\"image\":{\"@id\":\"https:\/\/portaltela.pt\/noticias\/2026\/04\/14\/lisboa-inaugura-parque-de-estacionamento-em-carnide-com-387-lugares\/#primaryimage\"},\"thumbnailUrl\":\"https:\/\/portaltela.pt\/s.01k8rhncp4jt1\/2026\/04\/2081207.jpg\",\"keywords\":[\"acessibilidade\",\"infraestruturas\",\"Lisboa\",\"Mobilidade Sustent\u00e1vel\",\"planeamento urbano\",\"transporte p\u00fablico\"],\"articleSection\":[\"Not\u00edcias\",\"Pol\u00edtica\"],\"inLanguage\":\"pt-PT\"},{\"@type\":\"WebPage\",\"@id\":\"https:\/\/portaltela.pt\/noticias\/2026\/04\/14\/lisboa-inaugura-parque-de-estacionamento-em-carnide-com-387-lugares\/\",\"url\":\"https:\/\/portaltela.pt\/noticias\/2026\/04\/14\/lisboa-inaugura-parque-de-estacionamento-em-carnide-com-387-lugares\/\",\"name\":\"Lisboa inaugura parque de estacionamento em Carnide com 387 lugares - Portal Tela Portugal\",\"isPartOf\":{\"@id\":\"https:\/\/portaltela.pt\/#website\"},\"primaryImageOfPage\":{\"@id\":\"https:\/\/portaltela.pt\/noticias\/2026\/04\/14\/lisboa-inaugura-parque-de-estacionamento-em-carnide-com-387-lugares\/#primaryimage\"},\"image\":{\"@id\":\"https:\/\/portaltela.pt\/noticias\/2026\/04\/14\/lisboa-inaugura-parque-de-estacionamento-em-carnide-com-387-lugares\/#primaryimage\"},\"thumbnailUrl\":\"https:\/\/portaltela.pt\/s.01k8rhncp4jt1\/2026\/04\/2081207.jpg\",\"datePublished\":\"2026-04-14T14:17:17+00:00\",\"author\":{\"@id\":\"https:\/\/portaltela.pt\/#\/schema\/person\/c4278d4a6028830caff9ee44b42d32ed\"},\"breadcrumb\":{\"@id\":\"https:\/\/portaltela.pt\/noticias\/2026\/04\/14\/lisboa-inaugura-parque-de-estacionamento-em-carnide-com-387-lugares\/#breadcrumb\"},\"inLanguage\":\"pt-PT\",\"potentialAction\":[{\"@type\":\"ReadAction\",\"target\":[\"https:\/\/portaltela.pt\/noticias\/2026\/04\/14\/lisboa-inaugura-parque-de-estacionamento-em-carnide-com-387-lugares\/\"]}]},{\"@type\":\"ImageObject\",\"inLanguage\":\"pt-PT\",\"@id\":\"https:\/\/portaltela.pt\/noticias\/2026\/04\/14\/lisboa-inaugura-parque-de-estacionamento-em-carnide-com-387-lugares\/#primaryimage\",\"url\":\"https:\/\/portaltela.pt\/s.01k8rhncp4jt1\/2026\/04\/2081207.jpg\",\"contentUrl\":\"https:\/\/portaltela.pt\/s.01k8rhncp4jt1\/2026\/04\/2081207.jpg\",\"width\":796,\"height\":448,\"caption\":\"Lisboa disp\u00f5e de sete parques de estacionamento dissuasores nas entradas da cidade.\"},{\"@type\":\"BreadcrumbList\",\"@id\":\"https:\/\/portaltela.pt\/noticias\/2026\/04\/14\/lisboa-inaugura-parque-de-estacionamento-em-carnide-com-387-lugares\/#breadcrumb\",\"itemListElement\":[{\"@type\":\"ListItem\",\"position\":1,\"name\":\"In\u00edcio\",\"item\":\"https:\/\/portaltela.pt\/\"},{\"@type\":\"ListItem\",\"position\":2,\"name\":\"Lisboa inaugura parque de estacionamento em Carnide com 387 lugares\"}]},{\"@type\":\"WebSite\",\"@id\":\"https:\/\/portaltela.pt\/#website\",\"url\":\"https:\/\/portaltela.pt\/\",\"name\":\"Portal Tela Portugal\",\"description\":\"\",\"potentialAction\":[{\"@type\":\"SearchAction\",\"target\":{\"@type\":\"EntryPoint\",\"urlTemplate\":\"https:\/\/portaltela.pt\/?s={search_term_string}\"},\"query-input\":{\"@type\":\"PropertyValueSpecification\",\"valueRequired\":true,\"valueName\":\"search_term_string\"}}],\"inLanguage\":\"pt-PT\"},{\"@type\":\"Person\",\"@id\":\"https:\/\/portaltela.pt\/#\/schema\/person\/c4278d4a6028830caff9ee44b42d32ed\",\"name\":\"Telinha\",\"image\":{\"@type\":\"ImageObject\",\"inLanguage\":\"pt-PT\",\"@id\":\"https:\/\/portaltela.pt\/s.01k8rhncp4jt1\/2025\/11\/talking-bot-125x125.png\",\"url\":\"https:\/\/portaltela.pt\/s.01k8rhncp4jt1\/2025\/11\/talking-bot-125x125.png\",\"contentUrl\":\"https:\/\/portaltela.pt\/s.01k8rhncp4jt1\/2025\/11\/talking-bot-125x125.png\",\"caption\":\"Telinha\"},\"sameAs\":[\"https:\/\/portaltela.pt\/\"],\"url\":\"https:\/\/portaltela.pt\/por\/367410592786\/\"}]}<\/script>\n<!-- \/ Yoast SEO plugin. -->","yoast_head_json":{"title":"Lisboa inaugura parque de estacionamento em Carnide com 387 lugares - Portal Tela Portugal","robots":{"index":"index","follow":"follow","max-snippet":"max-snippet:-1","max-image-preview":"max-image-preview:large","max-video-preview":"max-video-preview:-1"},"og_locale":"pt_PT","og_type":"article","og_title":"Lisboa inaugura parque de estacionamento em Carnide com 387 lugares - Portal Tela Portugal","og_description":"Lisboa inaugura o parque de estacionamento Condes de Carnide, com 387 lugares, gratuito para detentores do passe Navegante. O parque fica em Carnide, junto \u00e0s esta\u00e7\u00f5es do Carnide e Col\u00e9gio Militar e ao terminal rodovi\u00e1rio do Col\u00e9gio Militar, com liga\u00e7\u00e3o \u00e0 rede GIRA. A iniciativa pretende incentivar a transi\u00e7\u00e3o do transporte individual para o transporte coletivo e reduzir o tr\u00e1fego e as emiss\u00f5es de gases com efeito de estufa no centro de Lisboa. A inaugura\u00e7\u00e3o est\u00e1 marcada para quarta-feira \u00e0 tarde. Desde 2024, j\u00e1 foram criados 1.725 lugares de estacionamento em parques perif\u00e9ricos.","og_url":"https:\/\/portaltela.pt\/noticias\/2026\/04\/14\/lisboa-inaugura-parque-de-estacionamento-em-carnide-com-387-lugares\/","og_site_name":"Portal Tela Portugal","article_published_time":"2026-04-14T14:17:17+00:00","author":"Telinha","twitter_card":"summary_large_image","twitter_misc":{"Escrito por":"Telinha","Tempo estimado de leitura":"1 minuto"},"schema":{"@context":"https:\/\/schema.org","@graph":[{"@type":"Article","@id":"https:\/\/portaltela.pt\/noticias\/2026\/04\/14\/lisboa-inaugura-parque-de-estacionamento-em-carnide-com-387-lugares\/#article","isPartOf":{"@id":"https:\/\/portaltela.pt\/noticias\/2026\/04\/14\/lisboa-inaugura-parque-de-estacionamento-em-carnide-com-387-lugares\/"},"author":{"name":"Telinha","@id":"https:\/\/portaltela.pt\/#\/schema\/person\/c4278d4a6028830caff9ee44b42d32ed"},"headline":"Lisboa inaugura parque de estacionamento em Carnide com 387 lugares","datePublished":"2026-04-14T14:17:17+00:00","mainEntityOfPage":{"@id":"https:\/\/portaltela.pt\/noticias\/2026\/04\/14\/lisboa-inaugura-parque-de-estacionamento-em-carnide-com-387-lugares\/"},"wordCount":204,"image":{"@id":"https:\/\/portaltela.pt\/noticias\/2026\/04\/14\/lisboa-inaugura-parque-de-estacionamento-em-carnide-com-387-lugares\/#primaryimage"},"thumbnailUrl":"https:\/\/portaltela.pt\/s.01k8rhncp4jt1\/2026\/04\/2081207.jpg","keywords":["acessibilidade","infraestruturas","Lisboa","Mobilidade Sustent\u00e1vel","planeamento urbano","transporte p\u00fablico"],"articleSection":["Not\u00edcias","Pol\u00edtica"],"inLanguage":"pt-PT"},{"@type":"WebPage","@id":"https:\/\/portaltela.pt\/noticias\/2026\/04\/14\/lisboa-inaugura-parque-de-estacionamento-em-carnide-com-387-lugares\/","url":"https:\/\/portaltela.pt\/noticias\/2026\/04\/14\/lisboa-inaugura-parque-de-estacionamento-em-carnide-com-387-lugares\/","name":"Lisboa inaugura parque de estacionamento em Carnide com 387 lugares - Portal Tela Portugal","isPartOf":{"@id":"https:\/\/portaltela.pt\/#website"},"primaryImageOfPage":{"@id":"https:\/\/portaltela.pt\/noticias\/2026\/04\/14\/lisboa-inaugura-parque-de-estacionamento-em-carnide-com-387-lugares\/#primaryimage"},"image":{"@id":"https:\/\/portaltela.pt\/noticias\/2026\/04\/14\/lisboa-inaugura-parque-de-estacionamento-em-carnide-com-387-lugares\/#primaryimage"},"thumbnailUrl":"https:\/\/portaltela.pt\/s.01k8rhncp4jt1\/2026\/04\/2081207.jpg","datePublished":"2026-04-14T14:17:17+00:00","author":{"@id":"https:\/\/portaltela.pt\/#\/schema\/person\/c4278d4a6028830caff9ee44b42d32ed"},"breadcrumb":{"@id":"https:\/\/portaltela.pt\/noticias\/2026\/04\/14\/lisboa-inaugura-parque-de-estacionamento-em-carnide-com-387-lugares\/#breadcrumb"},"inLanguage":"pt-PT","potentialAction":[{"@type":"ReadAction","target":["https:\/\/portaltela.pt\/noticias\/2026\/04\/14\/lisboa-inaugura-parque-de-estacionamento-em-carnide-com-387-lugares\/"]}]},{"@type":"ImageObject","inLanguage":"pt-PT","@id":"https:\/\/portaltela.pt\/noticias\/2026\/04\/14\/lisboa-inaugura-parque-de-estacionamento-em-carnide-com-387-lugares\/#primaryimage","url":"https:\/\/portaltela.pt\/s.01k8rhncp4jt1\/2026\/04\/2081207.jpg","contentUrl":"https:\/\/portaltela.pt\/s.01k8rhncp4jt1\/2026\/04\/2081207.jpg","width":796,"height":448,"caption":"Lisboa disp\u00f5e de sete parques de estacionamento dissuasores nas entradas da cidade."},{"@type":"BreadcrumbList","@id":"https:\/\/portaltela.pt\/noticias\/2026\/04\/14\/lisboa-inaugura-parque-de-estacionamento-em-carnide-com-387-lugares\/#breadcrumb","itemListElement":[{"@type":"ListItem","position":1,"name":"In\u00edcio","item":"https:\/\/portaltela.pt\/"},{"@type":"ListItem","position":2,"name":"Lisboa inaugura parque de estacionamento em Carnide com 387 lugares"}]},{"@type":"WebSite","@id":"https:\/\/portaltela.pt\/#website","url":"https:\/\/portaltela.pt\/","name":"Portal Tela Portugal","description":"","potentialAction":[{"@type":"SearchAction","target":{"@type":"EntryPoint","urlTemplate":"https:\/\/portaltela.pt\/?s={search_term_string}"},"query-input":{"@type":"PropertyValueSpecification","valueRequired":true,"valueName":"search_term_string"}}],"inLanguage":"pt-PT"},{"@type":"Person","@id":"https:\/\/portaltela.pt\/#\/schema\/person\/c4278d4a6028830caff9ee44b42d32ed","name":"Telinha","image":{"@type":"ImageObject","inLanguage":"pt-PT","@id":"https:\/\/portaltela.pt\/s.01k8rhncp4jt1\/2025\/11\/talking-bot-125x125.png","url":"https:\/\/portaltela.pt\/s.01k8rhncp4jt1\/2025\/11\/talking-bot-125x125.png","contentUrl":"https:\/\/portaltela.pt\/s.01k8rhncp4jt1\/2025\/11\/talking-bot-125x125.png","caption":"Telinha"},"sameAs":["https:\/\/portaltela.pt\/"],"url":"https:\/\/portaltela.pt\/por\/367410592786\/"}]}},"_links":{"self":[{"href":"https:\/\/portaltela.pt\/api\/wp\/v2\/posts\/443809","targetHints":{"allow":["GET"]}}],"collection":[{"href":"https:\/\/portaltela.pt\/api\/wp\/v2\/posts"}],"about":[{"href":"https:\/\/portaltela.pt\/api\/wp\/v2\/types\/post"}],"author":[{"embeddable":true,"href":"https:\/\/portaltela.pt\/api\/wp\/v2\/users\/2"}],"replies":[{"embeddable":true,"href":"https:\/\/portaltela.pt\/api\/wp\/v2\/comments?post=443809"}],"version-history":[{"count":0,"href":"https:\/\/portaltela.pt\/api\/wp\/v2\/posts\/443809\/revisions"}],"wp:featuredmedia":[{"embeddable":true,"href":"https:\/\/portaltela.pt\/api\/wp\/v2\/media\/443812"}],"wp:attachment":[{"href":"https:\/\/portaltela.pt\/api\/wp\/v2\/media?parent=443809"}],"wp:term":[{"taxonomy":"category","embeddable":true,"href":"https:\/\/portaltela.pt\/api\/wp\/v2\/categories?post=443809"},{"taxonomy":"post_tag","embeddable":true,"href":"https:\/\/portaltela.pt\/api\/wp\/v2\/tags?post=443809"}],"curies":[{"name":"wp","href":"https:\/\/api.w.org\/{rel}","templated":true}]}}