{"id":443781,"date":"2026-04-14T10:47:26","date_gmt":"2026-04-14T13:47:26","guid":{"rendered":"https:\/\/portaltela.pt\/noticias\/2026\/04\/14\/noruegues-curado-de-vih-apos-transplante-de-sangue-do-irmao\/"},"modified":"2026-04-14T10:47:26","modified_gmt":"2026-04-14T13:47:26","slug":"noruegues-curado-de-vih-apos-transplante-de-sangue-do-irmao","status":"publish","type":"post","link":"https:\/\/portaltela.pt\/noticias\/2026\/04\/14\/noruegues-curado-de-vih-apos-transplante-de-sangue-do-irmao\/","title":{"rendered":"Noruegu\u00eas curado de VIH ap\u00f3s transplante de sangue do irm\u00e3o"},"content":{"rendered":"<p>Um paciente noruegu\u00eas de 63 anos ficou em remiss\u00e3o do VIH ap\u00f3s um transplante de medula \u00f3ssea do irm\u00e3o, para tratar um cancro no sangue. O caso, conhecido como o &#8220;paciente de Oslo&#8221;, foi descrito num estudo publicado na revista Nature Microbiology.<\/p>\n<p>O transplante foi realizado para tratar uma neoplasia sangu\u00ednea agressiva, com o objetivo de cura atrav\u00e9s de c\u00e9lulas estaminais. A remiss\u00e3o do VIH ocorreu dois anos depois da cirurgia, quando o doente deixou de tomar os antivirais e n\u00e3o houve detec\u00e7\u00e3o do v\u00edrus no organismo.<\/p>\n<p>O doador era o irm\u00e3o mais velho do paciente e apresentava uma muta\u00e7\u00e3o chamada CCR5, que pode impedir a replica\u00e7\u00e3o do VIH. Esta muta\u00e7\u00e3o \u00e9 rara, ocorrendo em cerca de 1 em 100 pessoas na regi\u00e3o onde o caso foi estudado. O m\u00e9dico respons\u00e1vel descreveu a coincid\u00eancia como uma \u201cprobabilidade muito rara\u00bb.<\/p>\n<p>Dados do estudo indicam que a remiss\u00e3o foi sustentada por dois anos, com o paciente mantendo-se sem tratamento anti-VIH e sem sinal do v\u00edrus no organismo. O estudo refor\u00e7a que este tipo de transplante envolve riscos elevados e n\u00e3o representa uma op\u00e7\u00e3o vi\u00e1vel para a maioria das pessoas com VIH.<\/p>\n<p>Do ponto de vista cl\u00ednico, o caso \u00e9 considerado excepcional e n\u00e3o estabelece um novo protocolo terap\u00eautico para o VIH. Especialistas destacam que os riscos do transplante s\u00e3o significativos e que a maioria dos pacientes com VIH n\u00e3o ter\u00e1 acesso a um doador com CCR5.<\/p>\n","protected":false},"excerpt":{"rendered":"<ul>\n<li>Paciente noruegu\u00eas de 63 anos teve remiss\u00e3o do VIH ap\u00f3s transplante de medula \u00f3ssea do irm\u00e3o para tratar um cancro no sangue.<\/li>\n<li>O caso, conhecido como \u201cpaciente de Oslo\u201d, \u00e9 descrito num estudo publicado na revista Nature Microbiology.<\/li>\n<li>O transplante ocorreu porque o doador portava a muta\u00e7\u00e3o CCR5, rara na regi\u00e3o (cerca de 1 em 100 pessoas), que pode ajudar o sistema imunit\u00e1rio a eliminar o VIH.<\/li>\n<li>Dois anos ap\u00f3s a cirurgia, o paciente deixou de tomar antirretrovirais e o VIH n\u00e3o foi identificado no organismo; encontra-se em plena forma.<\/li>\n<li>O estudo frisa que este \u00e9 um caso excepcional e n\u00e3o representa um m\u00e9todo de tratamento para a maioria das pessoas com VIH.<\/li>\n<\/ul>\n","protected":false},"author":2,"featured_media":443784,"comment_status":"closed","ping_status":"closed","sticky":false,"template":"","format":"standard","meta":{"footnotes":""},"categories":[7371,1],"tags":[989,7211,5344,172,5128,5606],"class_list":["post-443781","post","type-post","status-publish","format-standard","has-post-thumbnail","hentry","category-medicina","category-noticias","tag-hematologia","tag-medicina","tag-neoplasias","tag-saude","tag-transplantes","tag-vih"],"yoast_head":"<!-- This site is optimized with the Yoast SEO plugin v27.2 - https:\/\/yoast.com\/product\/yoast-seo-wordpress\/ -->\n<title>Noruegu\u00eas curado de VIH ap\u00f3s transplante de sangue do irm\u00e3o - Portal Tela Portugal<\/title>\n<meta name=\"robots\" content=\"index, follow, max-snippet:-1, max-image-preview:large, max-video-preview:-1\" \/>\n<meta property=\"og:locale\" content=\"pt_PT\" \/>\n<meta property=\"og:type\" content=\"article\" \/>\n<meta property=\"og:title\" content=\"Noruegu\u00eas curado de VIH ap\u00f3s transplante de sangue do irm\u00e3o - Portal Tela Portugal\" \/>\n<meta property=\"og:description\" content=\"Paciente noruegu\u00eas de 63 anos teve remiss\u00e3o do VIH ap\u00f3s transplante de medula \u00f3ssea do irm\u00e3o para tratar um cancro no sangue. O caso, conhecido como \u201cpaciente de Oslo\u201d, \u00e9 descrito num estudo publicado na revista Nature Microbiology. O transplante ocorreu porque o doador portava a muta\u00e7\u00e3o CCR5, rara na regi\u00e3o (cerca de 1 em 100 pessoas), que pode ajudar o sistema imunit\u00e1rio a eliminar o VIH. Dois anos ap\u00f3s a cirurgia, o paciente deixou de tomar antirretrovirais e o VIH n\u00e3o foi identificado no organismo; encontra-se em plena forma. O estudo frisa que este \u00e9 um caso excepcional e n\u00e3o representa um m\u00e9todo de tratamento para a maioria das pessoas com VIH.\" \/>\n<meta property=\"og:url\" content=\"https:\/\/portaltela.pt\/noticias\/2026\/04\/14\/noruegues-curado-de-vih-apos-transplante-de-sangue-do-irmao\/\" \/>\n<meta property=\"og:site_name\" content=\"Portal Tela Portugal\" \/>\n<meta property=\"article:published_time\" content=\"2026-04-14T13:47:26+00:00\" \/>\n<meta name=\"author\" content=\"Telinha\" \/>\n<meta name=\"twitter:card\" content=\"summary_large_image\" \/>\n<meta name=\"twitter:label1\" content=\"Escrito por\" \/>\n\t<meta name=\"twitter:data1\" content=\"Telinha\" \/>\n\t<meta name=\"twitter:label2\" content=\"Tempo estimado de leitura\" \/>\n\t<meta name=\"twitter:data2\" content=\"1 minuto\" \/>\n<script type=\"application\/ld+json\" class=\"yoast-schema-graph\">{\"@context\":\"https:\/\/schema.org\",\"@graph\":[{\"@type\":\"Article\",\"@id\":\"https:\/\/portaltela.pt\/noticias\/2026\/04\/14\/noruegues-curado-de-vih-apos-transplante-de-sangue-do-irmao\/#article\",\"isPartOf\":{\"@id\":\"https:\/\/portaltela.pt\/noticias\/2026\/04\/14\/noruegues-curado-de-vih-apos-transplante-de-sangue-do-irmao\/\"},\"author\":{\"name\":\"Telinha\",\"@id\":\"https:\/\/portaltela.pt\/#\/schema\/person\/c4278d4a6028830caff9ee44b42d32ed\"},\"headline\":\"Noruegu\u00eas curado de VIH ap\u00f3s transplante de sangue do irm\u00e3o\",\"datePublished\":\"2026-04-14T13:47:26+00:00\",\"mainEntityOfPage\":{\"@id\":\"https:\/\/portaltela.pt\/noticias\/2026\/04\/14\/noruegues-curado-de-vih-apos-transplante-de-sangue-do-irmao\/\"},\"wordCount\":272,\"image\":{\"@id\":\"https:\/\/portaltela.pt\/noticias\/2026\/04\/14\/noruegues-curado-de-vih-apos-transplante-de-sangue-do-irmao\/#primaryimage\"},\"thumbnailUrl\":\"https:\/\/portaltela.pt\/s.01k8rhncp4jt1\/2026\/04\/image-862.jpg\",\"keywords\":[\"hematologia\",\"medicina\",\"neoplasias\",\"sa\u00fade\",\"transplantes\",\"VIH\"],\"articleSection\":[\"Medicina\",\"Not\u00edcias\"],\"inLanguage\":\"pt-PT\"},{\"@type\":\"WebPage\",\"@id\":\"https:\/\/portaltela.pt\/noticias\/2026\/04\/14\/noruegues-curado-de-vih-apos-transplante-de-sangue-do-irmao\/\",\"url\":\"https:\/\/portaltela.pt\/noticias\/2026\/04\/14\/noruegues-curado-de-vih-apos-transplante-de-sangue-do-irmao\/\",\"name\":\"Noruegu\u00eas curado de VIH ap\u00f3s transplante de sangue do irm\u00e3o - Portal Tela Portugal\",\"isPartOf\":{\"@id\":\"https:\/\/portaltela.pt\/#website\"},\"primaryImageOfPage\":{\"@id\":\"https:\/\/portaltela.pt\/noticias\/2026\/04\/14\/noruegues-curado-de-vih-apos-transplante-de-sangue-do-irmao\/#primaryimage\"},\"image\":{\"@id\":\"https:\/\/portaltela.pt\/noticias\/2026\/04\/14\/noruegues-curado-de-vih-apos-transplante-de-sangue-do-irmao\/#primaryimage\"},\"thumbnailUrl\":\"https:\/\/portaltela.pt\/s.01k8rhncp4jt1\/2026\/04\/image-862.jpg\",\"datePublished\":\"2026-04-14T13:47:26+00:00\",\"author\":{\"@id\":\"https:\/\/portaltela.pt\/#\/schema\/person\/c4278d4a6028830caff9ee44b42d32ed\"},\"breadcrumb\":{\"@id\":\"https:\/\/portaltela.pt\/noticias\/2026\/04\/14\/noruegues-curado-de-vih-apos-transplante-de-sangue-do-irmao\/#breadcrumb\"},\"inLanguage\":\"pt-PT\",\"potentialAction\":[{\"@type\":\"ReadAction\",\"target\":[\"https:\/\/portaltela.pt\/noticias\/2026\/04\/14\/noruegues-curado-de-vih-apos-transplante-de-sangue-do-irmao\/\"]}]},{\"@type\":\"ImageObject\",\"inLanguage\":\"pt-PT\",\"@id\":\"https:\/\/portaltela.pt\/noticias\/2026\/04\/14\/noruegues-curado-de-vih-apos-transplante-de-sangue-do-irmao\/#primaryimage\",\"url\":\"https:\/\/portaltela.pt\/s.01k8rhncp4jt1\/2026\/04\/image-862.jpg\",\"contentUrl\":\"https:\/\/portaltela.pt\/s.01k8rhncp4jt1\/2026\/04\/image-862.jpg\",\"width\":796,\"height\":448,\"caption\":\"Foto: Pedro Correia\"},{\"@type\":\"BreadcrumbList\",\"@id\":\"https:\/\/portaltela.pt\/noticias\/2026\/04\/14\/noruegues-curado-de-vih-apos-transplante-de-sangue-do-irmao\/#breadcrumb\",\"itemListElement\":[{\"@type\":\"ListItem\",\"position\":1,\"name\":\"In\u00edcio\",\"item\":\"https:\/\/portaltela.pt\/\"},{\"@type\":\"ListItem\",\"position\":2,\"name\":\"Noruegu\u00eas curado de VIH ap\u00f3s transplante de sangue do irm\u00e3o\"}]},{\"@type\":\"WebSite\",\"@id\":\"https:\/\/portaltela.pt\/#website\",\"url\":\"https:\/\/portaltela.pt\/\",\"name\":\"Portal Tela Portugal\",\"description\":\"\",\"potentialAction\":[{\"@type\":\"SearchAction\",\"target\":{\"@type\":\"EntryPoint\",\"urlTemplate\":\"https:\/\/portaltela.pt\/?s={search_term_string}\"},\"query-input\":{\"@type\":\"PropertyValueSpecification\",\"valueRequired\":true,\"valueName\":\"search_term_string\"}}],\"inLanguage\":\"pt-PT\"},{\"@type\":\"Person\",\"@id\":\"https:\/\/portaltela.pt\/#\/schema\/person\/c4278d4a6028830caff9ee44b42d32ed\",\"name\":\"Telinha\",\"image\":{\"@type\":\"ImageObject\",\"inLanguage\":\"pt-PT\",\"@id\":\"https:\/\/portaltela.pt\/s.01k8rhncp4jt1\/2025\/11\/talking-bot-125x125.png\",\"url\":\"https:\/\/portaltela.pt\/s.01k8rhncp4jt1\/2025\/11\/talking-bot-125x125.png\",\"contentUrl\":\"https:\/\/portaltela.pt\/s.01k8rhncp4jt1\/2025\/11\/talking-bot-125x125.png\",\"caption\":\"Telinha\"},\"sameAs\":[\"https:\/\/portaltela.pt\/\"],\"url\":\"https:\/\/portaltela.pt\/por\/367410592786\/\"}]}<\/script>\n<!-- \/ Yoast SEO plugin. -->","yoast_head_json":{"title":"Noruegu\u00eas curado de VIH ap\u00f3s transplante de sangue do irm\u00e3o - Portal Tela Portugal","robots":{"index":"index","follow":"follow","max-snippet":"max-snippet:-1","max-image-preview":"max-image-preview:large","max-video-preview":"max-video-preview:-1"},"og_locale":"pt_PT","og_type":"article","og_title":"Noruegu\u00eas curado de VIH ap\u00f3s transplante de sangue do irm\u00e3o - Portal Tela Portugal","og_description":"Paciente noruegu\u00eas de 63 anos teve remiss\u00e3o do VIH ap\u00f3s transplante de medula \u00f3ssea do irm\u00e3o para tratar um cancro no sangue. O caso, conhecido como \u201cpaciente de Oslo\u201d, \u00e9 descrito num estudo publicado na revista Nature Microbiology. O transplante ocorreu porque o doador portava a muta\u00e7\u00e3o CCR5, rara na regi\u00e3o (cerca de 1 em 100 pessoas), que pode ajudar o sistema imunit\u00e1rio a eliminar o VIH. Dois anos ap\u00f3s a cirurgia, o paciente deixou de tomar antirretrovirais e o VIH n\u00e3o foi identificado no organismo; encontra-se em plena forma. O estudo frisa que este \u00e9 um caso excepcional e n\u00e3o representa um m\u00e9todo de tratamento para a maioria das pessoas com VIH.","og_url":"https:\/\/portaltela.pt\/noticias\/2026\/04\/14\/noruegues-curado-de-vih-apos-transplante-de-sangue-do-irmao\/","og_site_name":"Portal Tela Portugal","article_published_time":"2026-04-14T13:47:26+00:00","author":"Telinha","twitter_card":"summary_large_image","twitter_misc":{"Escrito por":"Telinha","Tempo estimado de leitura":"1 minuto"},"schema":{"@context":"https:\/\/schema.org","@graph":[{"@type":"Article","@id":"https:\/\/portaltela.pt\/noticias\/2026\/04\/14\/noruegues-curado-de-vih-apos-transplante-de-sangue-do-irmao\/#article","isPartOf":{"@id":"https:\/\/portaltela.pt\/noticias\/2026\/04\/14\/noruegues-curado-de-vih-apos-transplante-de-sangue-do-irmao\/"},"author":{"name":"Telinha","@id":"https:\/\/portaltela.pt\/#\/schema\/person\/c4278d4a6028830caff9ee44b42d32ed"},"headline":"Noruegu\u00eas curado de VIH ap\u00f3s transplante de sangue do irm\u00e3o","datePublished":"2026-04-14T13:47:26+00:00","mainEntityOfPage":{"@id":"https:\/\/portaltela.pt\/noticias\/2026\/04\/14\/noruegues-curado-de-vih-apos-transplante-de-sangue-do-irmao\/"},"wordCount":272,"image":{"@id":"https:\/\/portaltela.pt\/noticias\/2026\/04\/14\/noruegues-curado-de-vih-apos-transplante-de-sangue-do-irmao\/#primaryimage"},"thumbnailUrl":"https:\/\/portaltela.pt\/s.01k8rhncp4jt1\/2026\/04\/image-862.jpg","keywords":["hematologia","medicina","neoplasias","sa\u00fade","transplantes","VIH"],"articleSection":["Medicina","Not\u00edcias"],"inLanguage":"pt-PT"},{"@type":"WebPage","@id":"https:\/\/portaltela.pt\/noticias\/2026\/04\/14\/noruegues-curado-de-vih-apos-transplante-de-sangue-do-irmao\/","url":"https:\/\/portaltela.pt\/noticias\/2026\/04\/14\/noruegues-curado-de-vih-apos-transplante-de-sangue-do-irmao\/","name":"Noruegu\u00eas curado de VIH ap\u00f3s transplante de sangue do irm\u00e3o - Portal Tela Portugal","isPartOf":{"@id":"https:\/\/portaltela.pt\/#website"},"primaryImageOfPage":{"@id":"https:\/\/portaltela.pt\/noticias\/2026\/04\/14\/noruegues-curado-de-vih-apos-transplante-de-sangue-do-irmao\/#primaryimage"},"image":{"@id":"https:\/\/portaltela.pt\/noticias\/2026\/04\/14\/noruegues-curado-de-vih-apos-transplante-de-sangue-do-irmao\/#primaryimage"},"thumbnailUrl":"https:\/\/portaltela.pt\/s.01k8rhncp4jt1\/2026\/04\/image-862.jpg","datePublished":"2026-04-14T13:47:26+00:00","author":{"@id":"https:\/\/portaltela.pt\/#\/schema\/person\/c4278d4a6028830caff9ee44b42d32ed"},"breadcrumb":{"@id":"https:\/\/portaltela.pt\/noticias\/2026\/04\/14\/noruegues-curado-de-vih-apos-transplante-de-sangue-do-irmao\/#breadcrumb"},"inLanguage":"pt-PT","potentialAction":[{"@type":"ReadAction","target":["https:\/\/portaltela.pt\/noticias\/2026\/04\/14\/noruegues-curado-de-vih-apos-transplante-de-sangue-do-irmao\/"]}]},{"@type":"ImageObject","inLanguage":"pt-PT","@id":"https:\/\/portaltela.pt\/noticias\/2026\/04\/14\/noruegues-curado-de-vih-apos-transplante-de-sangue-do-irmao\/#primaryimage","url":"https:\/\/portaltela.pt\/s.01k8rhncp4jt1\/2026\/04\/image-862.jpg","contentUrl":"https:\/\/portaltela.pt\/s.01k8rhncp4jt1\/2026\/04\/image-862.jpg","width":796,"height":448,"caption":"Foto: Pedro Correia"},{"@type":"BreadcrumbList","@id":"https:\/\/portaltela.pt\/noticias\/2026\/04\/14\/noruegues-curado-de-vih-apos-transplante-de-sangue-do-irmao\/#breadcrumb","itemListElement":[{"@type":"ListItem","position":1,"name":"In\u00edcio","item":"https:\/\/portaltela.pt\/"},{"@type":"ListItem","position":2,"name":"Noruegu\u00eas curado de VIH ap\u00f3s transplante de sangue do irm\u00e3o"}]},{"@type":"WebSite","@id":"https:\/\/portaltela.pt\/#website","url":"https:\/\/portaltela.pt\/","name":"Portal Tela Portugal","description":"","potentialAction":[{"@type":"SearchAction","target":{"@type":"EntryPoint","urlTemplate":"https:\/\/portaltela.pt\/?s={search_term_string}"},"query-input":{"@type":"PropertyValueSpecification","valueRequired":true,"valueName":"search_term_string"}}],"inLanguage":"pt-PT"},{"@type":"Person","@id":"https:\/\/portaltela.pt\/#\/schema\/person\/c4278d4a6028830caff9ee44b42d32ed","name":"Telinha","image":{"@type":"ImageObject","inLanguage":"pt-PT","@id":"https:\/\/portaltela.pt\/s.01k8rhncp4jt1\/2025\/11\/talking-bot-125x125.png","url":"https:\/\/portaltela.pt\/s.01k8rhncp4jt1\/2025\/11\/talking-bot-125x125.png","contentUrl":"https:\/\/portaltela.pt\/s.01k8rhncp4jt1\/2025\/11\/talking-bot-125x125.png","caption":"Telinha"},"sameAs":["https:\/\/portaltela.pt\/"],"url":"https:\/\/portaltela.pt\/por\/367410592786\/"}]}},"_links":{"self":[{"href":"https:\/\/portaltela.pt\/api\/wp\/v2\/posts\/443781","targetHints":{"allow":["GET"]}}],"collection":[{"href":"https:\/\/portaltela.pt\/api\/wp\/v2\/posts"}],"about":[{"href":"https:\/\/portaltela.pt\/api\/wp\/v2\/types\/post"}],"author":[{"embeddable":true,"href":"https:\/\/portaltela.pt\/api\/wp\/v2\/users\/2"}],"replies":[{"embeddable":true,"href":"https:\/\/portaltela.pt\/api\/wp\/v2\/comments?post=443781"}],"version-history":[{"count":0,"href":"https:\/\/portaltela.pt\/api\/wp\/v2\/posts\/443781\/revisions"}],"wp:featuredmedia":[{"embeddable":true,"href":"https:\/\/portaltela.pt\/api\/wp\/v2\/media\/443784"}],"wp:attachment":[{"href":"https:\/\/portaltela.pt\/api\/wp\/v2\/media?parent=443781"}],"wp:term":[{"taxonomy":"category","embeddable":true,"href":"https:\/\/portaltela.pt\/api\/wp\/v2\/categories?post=443781"},{"taxonomy":"post_tag","embeddable":true,"href":"https:\/\/portaltela.pt\/api\/wp\/v2\/tags?post=443781"}],"curies":[{"name":"wp","href":"https:\/\/api.w.org\/{rel}","templated":true}]}}