{"id":443744,"date":"2026-04-14T10:17:14","date_gmt":"2026-04-14T13:17:14","guid":{"rendered":"https:\/\/portaltela.pt\/noticias\/2026\/04\/14\/brasil-lidera-a-concentracao-de-riqueza-na-america-latina\/"},"modified":"2026-04-14T10:17:14","modified_gmt":"2026-04-14T13:17:14","slug":"brasil-lidera-a-concentracao-de-riqueza-na-america-latina","status":"publish","type":"post","link":"https:\/\/portaltela.pt\/noticias\/economia\/2026\/04\/14\/brasil-lidera-a-concentracao-de-riqueza-na-america-latina\/","title":{"rendered":"Brasil lidera a concentra\u00e7\u00e3o de riqueza na Am\u00e9rica Latina"},"content":{"rendered":"<p>Brasil lidera a concentra\u00e7\u00e3o de riqueza na Am\u00e9rica Latina, posi\u00e7\u00e3o destacada em relatos recentes sobre desigualdade econ\u00f4mica na regi\u00e3o.<\/p>\n<p>O texto completo do relat\u00f3rio n\u00e3o est\u00e1 dispon\u00edvel publicamente, estando limitado a subscritores, o que restringe detalhes metodol\u00f3gicos e n\u00fameros.<\/p>\n<p>A divulga\u00e7\u00e3o parcial n\u00e3o permite avaliar fatores espec\u00edficos, como distribui\u00e7\u00e3o por faixa de renda, setores ou desigualdade entre estados.<\/p>\n<p>A reda\u00e7\u00e3o n\u00e3o apresenta conclus\u00e3o ou opini\u00e3o; limita-se a informar a exist\u00eancia dessa lideran\u00e7a no contexto regional.<\/p>\n","protected":false},"excerpt":{"rendered":"<ul>\n<li>Brasil lidera a concentra\u00e7\u00e3o de riqueza na Am\u00e9rica Latina.<\/li>\n<li>O conte\u00fado completo da not\u00edcia est\u00e1 dispon\u00edvel apenas para subscritores.<\/li>\n<li>O material fornecido n\u00e3o inclui dados ou n\u00fameros adicionais.<\/li>\n<li>N\u00e3o h\u00e1 detalhes sobre fontes, datas ou contextos no trecho enviado.<\/li>\n<\/ul>\n","protected":false},"author":2,"featured_media":443745,"comment_status":"closed","ping_status":"closed","sticky":false,"template":"","format":"standard","meta":{"footnotes":""},"categories":[2,6850],"tags":[2547,190,5437,28,3861,533],"class_list":["post-443744","post","type-post","status-publish","format-standard","has-post-thumbnail","hentry","category-economia","category-financas","tag-brasil","tag-desenvolvimento-economico","tag-desigualdades-sociais","tag-economia","tag-economia-internacional","tag-paises"],"yoast_head":"<!-- This site is optimized with the Yoast SEO plugin v27.2 - https:\/\/yoast.com\/product\/yoast-seo-wordpress\/ -->\n<title>Brasil lidera a concentra\u00e7\u00e3o de riqueza na Am\u00e9rica Latina - Portal Tela Portugal<\/title>\n<meta name=\"robots\" content=\"index, follow, max-snippet:-1, max-image-preview:large, max-video-preview:-1\" \/>\n<meta property=\"og:locale\" content=\"pt_PT\" \/>\n<meta property=\"og:type\" content=\"article\" \/>\n<meta property=\"og:title\" content=\"Brasil lidera a concentra\u00e7\u00e3o de riqueza na Am\u00e9rica Latina - Portal Tela Portugal\" \/>\n<meta property=\"og:description\" content=\"Brasil lidera a concentra\u00e7\u00e3o de riqueza na Am\u00e9rica Latina. O conte\u00fado completo da not\u00edcia est\u00e1 dispon\u00edvel apenas para subscritores. O material fornecido n\u00e3o inclui dados ou n\u00fameros adicionais. N\u00e3o h\u00e1 detalhes sobre fontes, datas ou contextos no trecho enviado.\" \/>\n<meta property=\"og:url\" content=\"https:\/\/portaltela.pt\/noticias\/2026\/04\/14\/brasil-lidera-a-concentracao-de-riqueza-na-america-latina\/\" \/>\n<meta property=\"og:site_name\" content=\"Portal Tela Portugal\" \/>\n<meta property=\"article:published_time\" content=\"2026-04-14T13:17:14+00:00\" \/>\n<meta name=\"author\" content=\"Telinha\" \/>\n<meta name=\"twitter:card\" content=\"summary_large_image\" \/>\n<meta name=\"twitter:label1\" content=\"Escrito por\" \/>\n\t<meta name=\"twitter:data1\" content=\"Telinha\" \/>\n<script type=\"application\/ld+json\" class=\"yoast-schema-graph\">{\"@context\":\"https:\/\/schema.org\",\"@graph\":[{\"@type\":\"Article\",\"@id\":\"https:\/\/portaltela.pt\/noticias\/2026\/04\/14\/brasil-lidera-a-concentracao-de-riqueza-na-america-latina\/#article\",\"isPartOf\":{\"@id\":\"https:\/\/portaltela.pt\/noticias\/2026\/04\/14\/brasil-lidera-a-concentracao-de-riqueza-na-america-latina\/\"},\"author\":{\"name\":\"Telinha\",\"@id\":\"https:\/\/portaltela.pt\/#\/schema\/person\/c4278d4a6028830caff9ee44b42d32ed\"},\"headline\":\"Brasil lidera a concentra\u00e7\u00e3o de riqueza na Am\u00e9rica Latina\",\"datePublished\":\"2026-04-14T13:17:14+00:00\",\"mainEntityOfPage\":{\"@id\":\"https:\/\/portaltela.pt\/noticias\/2026\/04\/14\/brasil-lidera-a-concentracao-de-riqueza-na-america-latina\/\"},\"wordCount\":106,\"image\":{\"@id\":\"https:\/\/portaltela.pt\/noticias\/2026\/04\/14\/brasil-lidera-a-concentracao-de-riqueza-na-america-latina\/#primaryimage\"},\"thumbnailUrl\":\"https:\/\/portaltela.pt\/s.01k8rhncp4jt1\/2026\/04\/CACHE_780X1200_ANALOG_WATERMARKED_46258561_34278119144653.jpg\",\"keywords\":[\"Brasil\",\"Desenvolvimento econ\u00f3mico\",\"desigualdades sociais\",\"economia\",\"economia internacional\",\"pa\u00edses\"],\"articleSection\":[\"Economia\",\"Finan\u00e7as\"],\"inLanguage\":\"pt-PT\"},{\"@type\":\"WebPage\",\"@id\":\"https:\/\/portaltela.pt\/noticias\/2026\/04\/14\/brasil-lidera-a-concentracao-de-riqueza-na-america-latina\/\",\"url\":\"https:\/\/portaltela.pt\/noticias\/2026\/04\/14\/brasil-lidera-a-concentracao-de-riqueza-na-america-latina\/\",\"name\":\"Brasil lidera a concentra\u00e7\u00e3o de riqueza na Am\u00e9rica Latina - Portal Tela Portugal\",\"isPartOf\":{\"@id\":\"https:\/\/portaltela.pt\/#website\"},\"primaryImageOfPage\":{\"@id\":\"https:\/\/portaltela.pt\/noticias\/2026\/04\/14\/brasil-lidera-a-concentracao-de-riqueza-na-america-latina\/#primaryimage\"},\"image\":{\"@id\":\"https:\/\/portaltela.pt\/noticias\/2026\/04\/14\/brasil-lidera-a-concentracao-de-riqueza-na-america-latina\/#primaryimage\"},\"thumbnailUrl\":\"https:\/\/portaltela.pt\/s.01k8rhncp4jt1\/2026\/04\/CACHE_780X1200_ANALOG_WATERMARKED_46258561_34278119144653.jpg\",\"datePublished\":\"2026-04-14T13:17:14+00:00\",\"author\":{\"@id\":\"https:\/\/portaltela.pt\/#\/schema\/person\/c4278d4a6028830caff9ee44b42d32ed\"},\"breadcrumb\":{\"@id\":\"https:\/\/portaltela.pt\/noticias\/2026\/04\/14\/brasil-lidera-a-concentracao-de-riqueza-na-america-latina\/#breadcrumb\"},\"inLanguage\":\"pt-PT\",\"potentialAction\":[{\"@type\":\"ReadAction\",\"target\":[\"https:\/\/portaltela.pt\/noticias\/2026\/04\/14\/brasil-lidera-a-concentracao-de-riqueza-na-america-latina\/\"]}]},{\"@type\":\"ImageObject\",\"inLanguage\":\"pt-PT\",\"@id\":\"https:\/\/portaltela.pt\/noticias\/2026\/04\/14\/brasil-lidera-a-concentracao-de-riqueza-na-america-latina\/#primaryimage\",\"url\":\"https:\/\/portaltela.pt\/s.01k8rhncp4jt1\/2026\/04\/CACHE_780X1200_ANALOG_WATERMARKED_46258561_34278119144653.jpg\",\"contentUrl\":\"https:\/\/portaltela.pt\/s.01k8rhncp4jt1\/2026\/04\/CACHE_780X1200_ANALOG_WATERMARKED_46258561_34278119144653.jpg\",\"width\":796,\"height\":448,\"caption\":\"Brasil lidera concentra\u00e7\u00e3o de riqueza na Am\u00e9rica Latina\"},{\"@type\":\"BreadcrumbList\",\"@id\":\"https:\/\/portaltela.pt\/noticias\/2026\/04\/14\/brasil-lidera-a-concentracao-de-riqueza-na-america-latina\/#breadcrumb\",\"itemListElement\":[{\"@type\":\"ListItem\",\"position\":1,\"name\":\"In\u00edcio\",\"item\":\"https:\/\/portaltela.pt\/\"},{\"@type\":\"ListItem\",\"position\":2,\"name\":\"Brasil lidera a concentra\u00e7\u00e3o de riqueza na Am\u00e9rica Latina\"}]},{\"@type\":\"WebSite\",\"@id\":\"https:\/\/portaltela.pt\/#website\",\"url\":\"https:\/\/portaltela.pt\/\",\"name\":\"Portal Tela Portugal\",\"description\":\"\",\"potentialAction\":[{\"@type\":\"SearchAction\",\"target\":{\"@type\":\"EntryPoint\",\"urlTemplate\":\"https:\/\/portaltela.pt\/?s={search_term_string}\"},\"query-input\":{\"@type\":\"PropertyValueSpecification\",\"valueRequired\":true,\"valueName\":\"search_term_string\"}}],\"inLanguage\":\"pt-PT\"},{\"@type\":\"Person\",\"@id\":\"https:\/\/portaltela.pt\/#\/schema\/person\/c4278d4a6028830caff9ee44b42d32ed\",\"name\":\"Telinha\",\"image\":{\"@type\":\"ImageObject\",\"inLanguage\":\"pt-PT\",\"@id\":\"https:\/\/portaltela.pt\/s.01k8rhncp4jt1\/2025\/11\/talking-bot-125x125.png\",\"url\":\"https:\/\/portaltela.pt\/s.01k8rhncp4jt1\/2025\/11\/talking-bot-125x125.png\",\"contentUrl\":\"https:\/\/portaltela.pt\/s.01k8rhncp4jt1\/2025\/11\/talking-bot-125x125.png\",\"caption\":\"Telinha\"},\"sameAs\":[\"https:\/\/portaltela.pt\/\"],\"url\":\"https:\/\/portaltela.pt\/por\/367410592786\/\"}]}<\/script>\n<!-- \/ Yoast SEO plugin. -->","yoast_head_json":{"title":"Brasil lidera a concentra\u00e7\u00e3o de riqueza na Am\u00e9rica Latina - Portal Tela Portugal","robots":{"index":"index","follow":"follow","max-snippet":"max-snippet:-1","max-image-preview":"max-image-preview:large","max-video-preview":"max-video-preview:-1"},"og_locale":"pt_PT","og_type":"article","og_title":"Brasil lidera a concentra\u00e7\u00e3o de riqueza na Am\u00e9rica Latina - Portal Tela Portugal","og_description":"Brasil lidera a concentra\u00e7\u00e3o de riqueza na Am\u00e9rica Latina. O conte\u00fado completo da not\u00edcia est\u00e1 dispon\u00edvel apenas para subscritores. O material fornecido n\u00e3o inclui dados ou n\u00fameros adicionais. N\u00e3o h\u00e1 detalhes sobre fontes, datas ou contextos no trecho enviado.","og_url":"https:\/\/portaltela.pt\/noticias\/2026\/04\/14\/brasil-lidera-a-concentracao-de-riqueza-na-america-latina\/","og_site_name":"Portal Tela Portugal","article_published_time":"2026-04-14T13:17:14+00:00","author":"Telinha","twitter_card":"summary_large_image","twitter_misc":{"Escrito por":"Telinha"},"schema":{"@context":"https:\/\/schema.org","@graph":[{"@type":"Article","@id":"https:\/\/portaltela.pt\/noticias\/2026\/04\/14\/brasil-lidera-a-concentracao-de-riqueza-na-america-latina\/#article","isPartOf":{"@id":"https:\/\/portaltela.pt\/noticias\/2026\/04\/14\/brasil-lidera-a-concentracao-de-riqueza-na-america-latina\/"},"author":{"name":"Telinha","@id":"https:\/\/portaltela.pt\/#\/schema\/person\/c4278d4a6028830caff9ee44b42d32ed"},"headline":"Brasil lidera a concentra\u00e7\u00e3o de riqueza na Am\u00e9rica Latina","datePublished":"2026-04-14T13:17:14+00:00","mainEntityOfPage":{"@id":"https:\/\/portaltela.pt\/noticias\/2026\/04\/14\/brasil-lidera-a-concentracao-de-riqueza-na-america-latina\/"},"wordCount":106,"image":{"@id":"https:\/\/portaltela.pt\/noticias\/2026\/04\/14\/brasil-lidera-a-concentracao-de-riqueza-na-america-latina\/#primaryimage"},"thumbnailUrl":"https:\/\/portaltela.pt\/s.01k8rhncp4jt1\/2026\/04\/CACHE_780X1200_ANALOG_WATERMARKED_46258561_34278119144653.jpg","keywords":["Brasil","Desenvolvimento econ\u00f3mico","desigualdades sociais","economia","economia internacional","pa\u00edses"],"articleSection":["Economia","Finan\u00e7as"],"inLanguage":"pt-PT"},{"@type":"WebPage","@id":"https:\/\/portaltela.pt\/noticias\/2026\/04\/14\/brasil-lidera-a-concentracao-de-riqueza-na-america-latina\/","url":"https:\/\/portaltela.pt\/noticias\/2026\/04\/14\/brasil-lidera-a-concentracao-de-riqueza-na-america-latina\/","name":"Brasil lidera a concentra\u00e7\u00e3o de riqueza na Am\u00e9rica Latina - Portal Tela Portugal","isPartOf":{"@id":"https:\/\/portaltela.pt\/#website"},"primaryImageOfPage":{"@id":"https:\/\/portaltela.pt\/noticias\/2026\/04\/14\/brasil-lidera-a-concentracao-de-riqueza-na-america-latina\/#primaryimage"},"image":{"@id":"https:\/\/portaltela.pt\/noticias\/2026\/04\/14\/brasil-lidera-a-concentracao-de-riqueza-na-america-latina\/#primaryimage"},"thumbnailUrl":"https:\/\/portaltela.pt\/s.01k8rhncp4jt1\/2026\/04\/CACHE_780X1200_ANALOG_WATERMARKED_46258561_34278119144653.jpg","datePublished":"2026-04-14T13:17:14+00:00","author":{"@id":"https:\/\/portaltela.pt\/#\/schema\/person\/c4278d4a6028830caff9ee44b42d32ed"},"breadcrumb":{"@id":"https:\/\/portaltela.pt\/noticias\/2026\/04\/14\/brasil-lidera-a-concentracao-de-riqueza-na-america-latina\/#breadcrumb"},"inLanguage":"pt-PT","potentialAction":[{"@type":"ReadAction","target":["https:\/\/portaltela.pt\/noticias\/2026\/04\/14\/brasil-lidera-a-concentracao-de-riqueza-na-america-latina\/"]}]},{"@type":"ImageObject","inLanguage":"pt-PT","@id":"https:\/\/portaltela.pt\/noticias\/2026\/04\/14\/brasil-lidera-a-concentracao-de-riqueza-na-america-latina\/#primaryimage","url":"https:\/\/portaltela.pt\/s.01k8rhncp4jt1\/2026\/04\/CACHE_780X1200_ANALOG_WATERMARKED_46258561_34278119144653.jpg","contentUrl":"https:\/\/portaltela.pt\/s.01k8rhncp4jt1\/2026\/04\/CACHE_780X1200_ANALOG_WATERMARKED_46258561_34278119144653.jpg","width":796,"height":448,"caption":"Brasil lidera concentra\u00e7\u00e3o de riqueza na Am\u00e9rica Latina"},{"@type":"BreadcrumbList","@id":"https:\/\/portaltela.pt\/noticias\/2026\/04\/14\/brasil-lidera-a-concentracao-de-riqueza-na-america-latina\/#breadcrumb","itemListElement":[{"@type":"ListItem","position":1,"name":"In\u00edcio","item":"https:\/\/portaltela.pt\/"},{"@type":"ListItem","position":2,"name":"Brasil lidera a concentra\u00e7\u00e3o de riqueza na Am\u00e9rica Latina"}]},{"@type":"WebSite","@id":"https:\/\/portaltela.pt\/#website","url":"https:\/\/portaltela.pt\/","name":"Portal Tela Portugal","description":"","potentialAction":[{"@type":"SearchAction","target":{"@type":"EntryPoint","urlTemplate":"https:\/\/portaltela.pt\/?s={search_term_string}"},"query-input":{"@type":"PropertyValueSpecification","valueRequired":true,"valueName":"search_term_string"}}],"inLanguage":"pt-PT"},{"@type":"Person","@id":"https:\/\/portaltela.pt\/#\/schema\/person\/c4278d4a6028830caff9ee44b42d32ed","name":"Telinha","image":{"@type":"ImageObject","inLanguage":"pt-PT","@id":"https:\/\/portaltela.pt\/s.01k8rhncp4jt1\/2025\/11\/talking-bot-125x125.png","url":"https:\/\/portaltela.pt\/s.01k8rhncp4jt1\/2025\/11\/talking-bot-125x125.png","contentUrl":"https:\/\/portaltela.pt\/s.01k8rhncp4jt1\/2025\/11\/talking-bot-125x125.png","caption":"Telinha"},"sameAs":["https:\/\/portaltela.pt\/"],"url":"https:\/\/portaltela.pt\/por\/367410592786\/"}]}},"_links":{"self":[{"href":"https:\/\/portaltela.pt\/api\/wp\/v2\/posts\/443744","targetHints":{"allow":["GET"]}}],"collection":[{"href":"https:\/\/portaltela.pt\/api\/wp\/v2\/posts"}],"about":[{"href":"https:\/\/portaltela.pt\/api\/wp\/v2\/types\/post"}],"author":[{"embeddable":true,"href":"https:\/\/portaltela.pt\/api\/wp\/v2\/users\/2"}],"replies":[{"embeddable":true,"href":"https:\/\/portaltela.pt\/api\/wp\/v2\/comments?post=443744"}],"version-history":[{"count":0,"href":"https:\/\/portaltela.pt\/api\/wp\/v2\/posts\/443744\/revisions"}],"wp:featuredmedia":[{"embeddable":true,"href":"https:\/\/portaltela.pt\/api\/wp\/v2\/media\/443745"}],"wp:attachment":[{"href":"https:\/\/portaltela.pt\/api\/wp\/v2\/media?parent=443744"}],"wp:term":[{"taxonomy":"category","embeddable":true,"href":"https:\/\/portaltela.pt\/api\/wp\/v2\/categories?post=443744"},{"taxonomy":"post_tag","embeddable":true,"href":"https:\/\/portaltela.pt\/api\/wp\/v2\/tags?post=443744"}],"curies":[{"name":"wp","href":"https:\/\/api.w.org\/{rel}","templated":true}]}}