{"id":443740,"date":"2026-04-14T10:17:07","date_gmt":"2026-04-14T13:17:07","guid":{"rendered":"https:\/\/portaltela.pt\/noticias\/2026\/04\/14\/rui-costa-afirma-ordem-para-lutar-por-todos-os-jogos\/"},"modified":"2026-04-14T10:17:07","modified_gmt":"2026-04-14T13:17:07","slug":"rui-costa-afirma-ordem-para-lutar-por-todos-os-jogos","status":"publish","type":"post","link":"https:\/\/portaltela.pt\/desporto\/futebol\/2026\/04\/14\/rui-costa-afirma-ordem-para-lutar-por-todos-os-jogos\/","title":{"rendered":"Rui Costa afirma ordem para lutar por todos os jogos"},"content":{"rendered":"<p>Rui Costa, presidente do Benfica, informou que a equipa deve manter a ambi\u00e7\u00e3o de vencer todos os jogos at\u00e9 ao final da temporada. A afirma\u00e7\u00e3o ocorreu na v\u00e9spera do d\u00e9rbi com o Sporting, marcado para domingo em Alvalade.<\/p>\n<p>O dirigente divulgou o discurso ap\u00f3s uma reuni\u00e3o na Assembleia da Rep\u00fablica, realizada com a Iniciativa Liberal. A reuni\u00e3o serviu de contexto para refor\u00e7ar a mensagem de foco no campeonato.<\/p>\n<p>Costa elogiou a resposta do plantel diante do Nacional, na vit\u00f3ria por 2-0, ap\u00f3s o empate anterior com o Casa Pia. A rea\u00e7\u00e3o foi considerada positiva pelo l\u00edder verde e branco.<\/p>\n<p>O presidente admitiu que o empate com o Casa Pia atrasou as aspira\u00e7\u00f5es, mas reiterou que a ordem \u00e9 lutar por todos os jogos at\u00e9 o \u00faltimo minuto do campeonato. O d\u00e9rbi em Alvalade \u00e9 visto como oportunidade de relevo.<\/p>\n","protected":false},"excerpt":{"rendered":"<ul>\n<li>Rui Costa disse que o Benfica tem de lutar por todos os jogos at\u00e9 ao final da temporada, come\u00e7ando pelo d\u00e9rbi com o Sporting em Alvalade.<\/li>\n<li>O d\u00e9rbi realiza-se em Alvalade e o foco \u00e9 o campeonato, conforme afirmou o presidente do Benfica.<\/li>\n<li>Destacou a boa rea\u00e7\u00e3o da equipa ap\u00f3s o triunfo por 2-0 frente ao Nacional, depois do empate com o Casa Pia.<\/li>\n<li>Reconheceu que o empate atrasou as esperan\u00e7as, mas reiterou que a ordem \u00e9 lutar por todos os jogos at\u00e9 ao fim do campeonato.<\/li>\n<li>fez a declara\u00e7\u00e3o ap\u00f3s uma reuni\u00e3o na Assembleia da Rep\u00fablica com a Iniciativa Liberal.<\/li>\n<\/ul>\n","protected":false},"author":2,"featured_media":443741,"comment_status":"closed","ping_status":"closed","sticky":false,"template":"","format":"standard","meta":{"footnotes":""},"categories":[21,24],"tags":[4211,1946,32,1482,7892,1652],"class_list":["post-443740","post","type-post","status-publish","format-standard","has-post-thumbnail","hentry","category-desporto","category-futebol","tag-assembleia-nacional","tag-benfica","tag-futebol","tag-iniciativa-liberal","tag-politica-interna","tag-sporting"],"yoast_head":"<!-- This site is optimized with the Yoast SEO plugin v27.2 - https:\/\/yoast.com\/product\/yoast-seo-wordpress\/ -->\n<title>Rui Costa afirma ordem para lutar por todos os jogos - Portal Tela Portugal<\/title>\n<meta name=\"robots\" content=\"index, follow, max-snippet:-1, max-image-preview:large, max-video-preview:-1\" \/>\n<meta property=\"og:locale\" content=\"pt_PT\" \/>\n<meta property=\"og:type\" content=\"article\" \/>\n<meta property=\"og:title\" content=\"Rui Costa afirma ordem para lutar por todos os jogos - Portal Tela Portugal\" \/>\n<meta property=\"og:description\" content=\"Rui Costa disse que o Benfica tem de lutar por todos os jogos at\u00e9 ao final da temporada, come\u00e7ando pelo d\u00e9rbi com o Sporting em Alvalade. O d\u00e9rbi realiza-se em Alvalade e o foco \u00e9 o campeonato, conforme afirmou o presidente do Benfica. Destacou a boa rea\u00e7\u00e3o da equipa ap\u00f3s o triunfo por 2-0 frente ao Nacional, depois do empate com o Casa Pia. Reconheceu que o empate atrasou as esperan\u00e7as, mas reiterou que a ordem \u00e9 lutar por todos os jogos at\u00e9 ao fim do campeonato. fez a declara\u00e7\u00e3o ap\u00f3s uma reuni\u00e3o na Assembleia da Rep\u00fablica com a Iniciativa Liberal.\" \/>\n<meta property=\"og:url\" content=\"https:\/\/portaltela.pt\/noticias\/2026\/04\/14\/rui-costa-afirma-ordem-para-lutar-por-todos-os-jogos\/\" \/>\n<meta property=\"og:site_name\" content=\"Portal Tela Portugal\" \/>\n<meta property=\"article:published_time\" content=\"2026-04-14T13:17:07+00:00\" \/>\n<meta name=\"author\" content=\"Telinha\" \/>\n<meta name=\"twitter:card\" content=\"summary_large_image\" \/>\n<meta name=\"twitter:label1\" content=\"Escrito por\" \/>\n\t<meta name=\"twitter:data1\" content=\"Telinha\" \/>\n\t<meta name=\"twitter:label2\" content=\"Tempo estimado de leitura\" \/>\n\t<meta name=\"twitter:data2\" content=\"1 minuto\" \/>\n<script type=\"application\/ld+json\" class=\"yoast-schema-graph\">{\"@context\":\"https:\/\/schema.org\",\"@graph\":[{\"@type\":\"Article\",\"@id\":\"https:\/\/portaltela.pt\/noticias\/2026\/04\/14\/rui-costa-afirma-ordem-para-lutar-por-todos-os-jogos\/#article\",\"isPartOf\":{\"@id\":\"https:\/\/portaltela.pt\/noticias\/2026\/04\/14\/rui-costa-afirma-ordem-para-lutar-por-todos-os-jogos\/\"},\"author\":{\"name\":\"Telinha\",\"@id\":\"https:\/\/portaltela.pt\/#\/schema\/person\/c4278d4a6028830caff9ee44b42d32ed\"},\"headline\":\"Rui Costa afirma ordem para lutar por todos os jogos\",\"datePublished\":\"2026-04-14T13:17:07+00:00\",\"mainEntityOfPage\":{\"@id\":\"https:\/\/portaltela.pt\/noticias\/2026\/04\/14\/rui-costa-afirma-ordem-para-lutar-por-todos-os-jogos\/\"},\"wordCount\":162,\"image\":{\"@id\":\"https:\/\/portaltela.pt\/noticias\/2026\/04\/14\/rui-costa-afirma-ordem-para-lutar-por-todos-os-jogos\/#primaryimage\"},\"thumbnailUrl\":\"https:\/\/portaltela.pt\/s.01k8rhncp4jt1\/2026\/04\/img_1200x721uu2026-04-14-13-58-20-2432963.jpg\",\"keywords\":[\"Assembleia Nacional\",\"Benfica\",\"futebol\",\"Iniciativa Liberal\",\"pol\u00edtica interna\",\"Sporting\"],\"articleSection\":[\"Desporto\",\"Futebol\"],\"inLanguage\":\"pt-PT\"},{\"@type\":\"WebPage\",\"@id\":\"https:\/\/portaltela.pt\/noticias\/2026\/04\/14\/rui-costa-afirma-ordem-para-lutar-por-todos-os-jogos\/\",\"url\":\"https:\/\/portaltela.pt\/noticias\/2026\/04\/14\/rui-costa-afirma-ordem-para-lutar-por-todos-os-jogos\/\",\"name\":\"Rui Costa afirma ordem para lutar por todos os jogos - Portal Tela Portugal\",\"isPartOf\":{\"@id\":\"https:\/\/portaltela.pt\/#website\"},\"primaryImageOfPage\":{\"@id\":\"https:\/\/portaltela.pt\/noticias\/2026\/04\/14\/rui-costa-afirma-ordem-para-lutar-por-todos-os-jogos\/#primaryimage\"},\"image\":{\"@id\":\"https:\/\/portaltela.pt\/noticias\/2026\/04\/14\/rui-costa-afirma-ordem-para-lutar-por-todos-os-jogos\/#primaryimage\"},\"thumbnailUrl\":\"https:\/\/portaltela.pt\/s.01k8rhncp4jt1\/2026\/04\/img_1200x721uu2026-04-14-13-58-20-2432963.jpg\",\"datePublished\":\"2026-04-14T13:17:07+00:00\",\"author\":{\"@id\":\"https:\/\/portaltela.pt\/#\/schema\/person\/c4278d4a6028830caff9ee44b42d32ed\"},\"breadcrumb\":{\"@id\":\"https:\/\/portaltela.pt\/noticias\/2026\/04\/14\/rui-costa-afirma-ordem-para-lutar-por-todos-os-jogos\/#breadcrumb\"},\"inLanguage\":\"pt-PT\",\"potentialAction\":[{\"@type\":\"ReadAction\",\"target\":[\"https:\/\/portaltela.pt\/noticias\/2026\/04\/14\/rui-costa-afirma-ordem-para-lutar-por-todos-os-jogos\/\"]}]},{\"@type\":\"ImageObject\",\"inLanguage\":\"pt-PT\",\"@id\":\"https:\/\/portaltela.pt\/noticias\/2026\/04\/14\/rui-costa-afirma-ordem-para-lutar-por-todos-os-jogos\/#primaryimage\",\"url\":\"https:\/\/portaltela.pt\/s.01k8rhncp4jt1\/2026\/04\/img_1200x721uu2026-04-14-13-58-20-2432963.jpg\",\"contentUrl\":\"https:\/\/portaltela.pt\/s.01k8rhncp4jt1\/2026\/04\/img_1200x721uu2026-04-14-13-58-20-2432963.jpg\",\"width\":796,\"height\":448,\"caption\":\"Rui Costa: \u00abA ordem \u00e9 evidentemente para lutar por todos os jogos\u00bb\"},{\"@type\":\"BreadcrumbList\",\"@id\":\"https:\/\/portaltela.pt\/noticias\/2026\/04\/14\/rui-costa-afirma-ordem-para-lutar-por-todos-os-jogos\/#breadcrumb\",\"itemListElement\":[{\"@type\":\"ListItem\",\"position\":1,\"name\":\"In\u00edcio\",\"item\":\"https:\/\/portaltela.pt\/\"},{\"@type\":\"ListItem\",\"position\":2,\"name\":\"Rui Costa afirma ordem para lutar por todos os jogos\"}]},{\"@type\":\"WebSite\",\"@id\":\"https:\/\/portaltela.pt\/#website\",\"url\":\"https:\/\/portaltela.pt\/\",\"name\":\"Portal Tela Portugal\",\"description\":\"\",\"potentialAction\":[{\"@type\":\"SearchAction\",\"target\":{\"@type\":\"EntryPoint\",\"urlTemplate\":\"https:\/\/portaltela.pt\/?s={search_term_string}\"},\"query-input\":{\"@type\":\"PropertyValueSpecification\",\"valueRequired\":true,\"valueName\":\"search_term_string\"}}],\"inLanguage\":\"pt-PT\"},{\"@type\":\"Person\",\"@id\":\"https:\/\/portaltela.pt\/#\/schema\/person\/c4278d4a6028830caff9ee44b42d32ed\",\"name\":\"Telinha\",\"image\":{\"@type\":\"ImageObject\",\"inLanguage\":\"pt-PT\",\"@id\":\"https:\/\/portaltela.pt\/s.01k8rhncp4jt1\/2025\/11\/talking-bot-125x125.png\",\"url\":\"https:\/\/portaltela.pt\/s.01k8rhncp4jt1\/2025\/11\/talking-bot-125x125.png\",\"contentUrl\":\"https:\/\/portaltela.pt\/s.01k8rhncp4jt1\/2025\/11\/talking-bot-125x125.png\",\"caption\":\"Telinha\"},\"sameAs\":[\"https:\/\/portaltela.pt\/\"],\"url\":\"https:\/\/portaltela.pt\/por\/367410592786\/\"}]}<\/script>\n<!-- \/ Yoast SEO plugin. -->","yoast_head_json":{"title":"Rui Costa afirma ordem para lutar por todos os jogos - Portal Tela Portugal","robots":{"index":"index","follow":"follow","max-snippet":"max-snippet:-1","max-image-preview":"max-image-preview:large","max-video-preview":"max-video-preview:-1"},"og_locale":"pt_PT","og_type":"article","og_title":"Rui Costa afirma ordem para lutar por todos os jogos - Portal Tela Portugal","og_description":"Rui Costa disse que o Benfica tem de lutar por todos os jogos at\u00e9 ao final da temporada, come\u00e7ando pelo d\u00e9rbi com o Sporting em Alvalade. O d\u00e9rbi realiza-se em Alvalade e o foco \u00e9 o campeonato, conforme afirmou o presidente do Benfica. Destacou a boa rea\u00e7\u00e3o da equipa ap\u00f3s o triunfo por 2-0 frente ao Nacional, depois do empate com o Casa Pia. Reconheceu que o empate atrasou as esperan\u00e7as, mas reiterou que a ordem \u00e9 lutar por todos os jogos at\u00e9 ao fim do campeonato. fez a declara\u00e7\u00e3o ap\u00f3s uma reuni\u00e3o na Assembleia da Rep\u00fablica com a Iniciativa Liberal.","og_url":"https:\/\/portaltela.pt\/noticias\/2026\/04\/14\/rui-costa-afirma-ordem-para-lutar-por-todos-os-jogos\/","og_site_name":"Portal Tela Portugal","article_published_time":"2026-04-14T13:17:07+00:00","author":"Telinha","twitter_card":"summary_large_image","twitter_misc":{"Escrito por":"Telinha","Tempo estimado de leitura":"1 minuto"},"schema":{"@context":"https:\/\/schema.org","@graph":[{"@type":"Article","@id":"https:\/\/portaltela.pt\/noticias\/2026\/04\/14\/rui-costa-afirma-ordem-para-lutar-por-todos-os-jogos\/#article","isPartOf":{"@id":"https:\/\/portaltela.pt\/noticias\/2026\/04\/14\/rui-costa-afirma-ordem-para-lutar-por-todos-os-jogos\/"},"author":{"name":"Telinha","@id":"https:\/\/portaltela.pt\/#\/schema\/person\/c4278d4a6028830caff9ee44b42d32ed"},"headline":"Rui Costa afirma ordem para lutar por todos os jogos","datePublished":"2026-04-14T13:17:07+00:00","mainEntityOfPage":{"@id":"https:\/\/portaltela.pt\/noticias\/2026\/04\/14\/rui-costa-afirma-ordem-para-lutar-por-todos-os-jogos\/"},"wordCount":162,"image":{"@id":"https:\/\/portaltela.pt\/noticias\/2026\/04\/14\/rui-costa-afirma-ordem-para-lutar-por-todos-os-jogos\/#primaryimage"},"thumbnailUrl":"https:\/\/portaltela.pt\/s.01k8rhncp4jt1\/2026\/04\/img_1200x721uu2026-04-14-13-58-20-2432963.jpg","keywords":["Assembleia Nacional","Benfica","futebol","Iniciativa Liberal","pol\u00edtica interna","Sporting"],"articleSection":["Desporto","Futebol"],"inLanguage":"pt-PT"},{"@type":"WebPage","@id":"https:\/\/portaltela.pt\/noticias\/2026\/04\/14\/rui-costa-afirma-ordem-para-lutar-por-todos-os-jogos\/","url":"https:\/\/portaltela.pt\/noticias\/2026\/04\/14\/rui-costa-afirma-ordem-para-lutar-por-todos-os-jogos\/","name":"Rui Costa afirma ordem para lutar por todos os jogos - Portal Tela Portugal","isPartOf":{"@id":"https:\/\/portaltela.pt\/#website"},"primaryImageOfPage":{"@id":"https:\/\/portaltela.pt\/noticias\/2026\/04\/14\/rui-costa-afirma-ordem-para-lutar-por-todos-os-jogos\/#primaryimage"},"image":{"@id":"https:\/\/portaltela.pt\/noticias\/2026\/04\/14\/rui-costa-afirma-ordem-para-lutar-por-todos-os-jogos\/#primaryimage"},"thumbnailUrl":"https:\/\/portaltela.pt\/s.01k8rhncp4jt1\/2026\/04\/img_1200x721uu2026-04-14-13-58-20-2432963.jpg","datePublished":"2026-04-14T13:17:07+00:00","author":{"@id":"https:\/\/portaltela.pt\/#\/schema\/person\/c4278d4a6028830caff9ee44b42d32ed"},"breadcrumb":{"@id":"https:\/\/portaltela.pt\/noticias\/2026\/04\/14\/rui-costa-afirma-ordem-para-lutar-por-todos-os-jogos\/#breadcrumb"},"inLanguage":"pt-PT","potentialAction":[{"@type":"ReadAction","target":["https:\/\/portaltela.pt\/noticias\/2026\/04\/14\/rui-costa-afirma-ordem-para-lutar-por-todos-os-jogos\/"]}]},{"@type":"ImageObject","inLanguage":"pt-PT","@id":"https:\/\/portaltela.pt\/noticias\/2026\/04\/14\/rui-costa-afirma-ordem-para-lutar-por-todos-os-jogos\/#primaryimage","url":"https:\/\/portaltela.pt\/s.01k8rhncp4jt1\/2026\/04\/img_1200x721uu2026-04-14-13-58-20-2432963.jpg","contentUrl":"https:\/\/portaltela.pt\/s.01k8rhncp4jt1\/2026\/04\/img_1200x721uu2026-04-14-13-58-20-2432963.jpg","width":796,"height":448,"caption":"Rui Costa: \u00abA ordem \u00e9 evidentemente para lutar por todos os jogos\u00bb"},{"@type":"BreadcrumbList","@id":"https:\/\/portaltela.pt\/noticias\/2026\/04\/14\/rui-costa-afirma-ordem-para-lutar-por-todos-os-jogos\/#breadcrumb","itemListElement":[{"@type":"ListItem","position":1,"name":"In\u00edcio","item":"https:\/\/portaltela.pt\/"},{"@type":"ListItem","position":2,"name":"Rui Costa afirma ordem para lutar por todos os jogos"}]},{"@type":"WebSite","@id":"https:\/\/portaltela.pt\/#website","url":"https:\/\/portaltela.pt\/","name":"Portal Tela Portugal","description":"","potentialAction":[{"@type":"SearchAction","target":{"@type":"EntryPoint","urlTemplate":"https:\/\/portaltela.pt\/?s={search_term_string}"},"query-input":{"@type":"PropertyValueSpecification","valueRequired":true,"valueName":"search_term_string"}}],"inLanguage":"pt-PT"},{"@type":"Person","@id":"https:\/\/portaltela.pt\/#\/schema\/person\/c4278d4a6028830caff9ee44b42d32ed","name":"Telinha","image":{"@type":"ImageObject","inLanguage":"pt-PT","@id":"https:\/\/portaltela.pt\/s.01k8rhncp4jt1\/2025\/11\/talking-bot-125x125.png","url":"https:\/\/portaltela.pt\/s.01k8rhncp4jt1\/2025\/11\/talking-bot-125x125.png","contentUrl":"https:\/\/portaltela.pt\/s.01k8rhncp4jt1\/2025\/11\/talking-bot-125x125.png","caption":"Telinha"},"sameAs":["https:\/\/portaltela.pt\/"],"url":"https:\/\/portaltela.pt\/por\/367410592786\/"}]}},"_links":{"self":[{"href":"https:\/\/portaltela.pt\/api\/wp\/v2\/posts\/443740","targetHints":{"allow":["GET"]}}],"collection":[{"href":"https:\/\/portaltela.pt\/api\/wp\/v2\/posts"}],"about":[{"href":"https:\/\/portaltela.pt\/api\/wp\/v2\/types\/post"}],"author":[{"embeddable":true,"href":"https:\/\/portaltela.pt\/api\/wp\/v2\/users\/2"}],"replies":[{"embeddable":true,"href":"https:\/\/portaltela.pt\/api\/wp\/v2\/comments?post=443740"}],"version-history":[{"count":0,"href":"https:\/\/portaltela.pt\/api\/wp\/v2\/posts\/443740\/revisions"}],"wp:featuredmedia":[{"embeddable":true,"href":"https:\/\/portaltela.pt\/api\/wp\/v2\/media\/443741"}],"wp:attachment":[{"href":"https:\/\/portaltela.pt\/api\/wp\/v2\/media?parent=443740"}],"wp:term":[{"taxonomy":"category","embeddable":true,"href":"https:\/\/portaltela.pt\/api\/wp\/v2\/categories?post=443740"},{"taxonomy":"post_tag","embeddable":true,"href":"https:\/\/portaltela.pt\/api\/wp\/v2\/tags?post=443740"}],"curies":[{"name":"wp","href":"https:\/\/api.w.org\/{rel}","templated":true}]}}