{"id":443732,"date":"2026-04-14T10:17:00","date_gmt":"2026-04-14T13:17:00","guid":{"rendered":"https:\/\/portaltela.pt\/noticias\/2026\/04\/14\/grecia-pode-acolher-as-filmagens-da-sexta-temporada-de-emily-em-paris\/"},"modified":"2026-04-14T10:17:00","modified_gmt":"2026-04-14T13:17:00","slug":"grecia-pode-acolher-as-filmagens-da-sexta-temporada-de-emily-em-paris","status":"publish","type":"post","link":"https:\/\/portaltela.pt\/entretenimento\/2026\/04\/14\/grecia-pode-acolher-as-filmagens-da-sexta-temporada-de-emily-em-paris\/","title":{"rendered":"Gr\u00e9cia pode acolher as filmagens da sexta temporada de Emily em Paris"},"content":{"rendered":"<p>A sexta temporada de Emily in Paris, s\u00e9rie da Netflix, prepara-se para gravar em territ\u00f3rio grego, seguindo a narrativa de Emily que \u00e9 convidada a juntar-se a Gabriel na Gr\u00e9cia. A produ\u00e7\u00e3o j\u00e1 confirmou que o cen\u00e1rio incluir\u00e1 tamb\u00e9m o M\u00f3naco, mantendo o formato pan-europeu da hist\u00f3ria. A dire\u00e7\u00e3o busca novas paisagens para a rela\u00e7\u00e3o entre a protagonista e o chef.<\/p>\n<p>Entre as hip\u00f3teses de locais, Mykonos e Santorini surgem como apostas com grande potencial visual. Mykonos \u00e9 conhecida por clubes de praia e ambientes boho-chic, \u00fateis para cenas de ver\u00e3o e encontros entre os personagens. Santorini oferece vistas da caldeira e atmosfera mediterr\u00e2nica para momentos rom\u00e2nticos.<\/p>\n<p>Paros surge como alternativa mais discreta, com praias rochosas e capelas caiadas de branco que podem acolher passeios de Emily e Gabriel. A ilha tem refor\u00e7o de acomoda\u00e7\u00f5es de luxo que podem servir de base de filmagens e de cen\u00e1rio para a narrativa.<\/p>\n<h3>Poss\u00edveis cen\u00e1rios na Gr\u00e9cia<\/h3>\n<p>A produ\u00e7\u00e3o pode explorar espa\u00e7os de resort e hotelaria de alto n\u00edvel para cenas de jantar ou encontros. Em Mykonos, hot\u00e9is de refer\u00eancia podem acrescentar cen\u00e1rios elegantes para o enredo amoroso. Santorini tamb\u00e9m tem op\u00e7\u00f5es de resorts com vistas marcantes para o p\u00f4r do sol.<\/p>\n<p>A novidade de 2026 inclui dois novos hot\u00e9is na regi\u00e3o: um resort em Mykonos com piscina infinita e acesso direto \u00e0 praia, e outro em Santorini com design minimalista e vista para o Egeu. Estes empreendimentos podem coincidir com as cenas de lazer de Emily.<\/p>\n<p>Em Paros, a oferta hoteleira tamb\u00e9m cresce, com o Hyatt e outros projetos de luxo, o que pode refor\u00e7ar a ambienta\u00e7\u00e3o de viagens de trabalho e momentos de descanso dos personagens. A equipa de produ\u00e7\u00e3o ainda n\u00e3o divulgou datas oficiais de filmagem.<\/p>\n","protected":false},"excerpt":{"rendered":"<ul>\n<li>A sexta temporada de Emily in Paris dever\u00e1 ser rodada na Gr\u00e9cia, ao lado do M\u00f3naco, segundo os produtores.<\/li>\n<li>As apostas de local de filmagens incluem Mykonos, Santorini e Paros, ilhas do Egeu.<\/li>\n<li>Mykonos \u00e9 destacada por espa\u00e7os como Waterfront Scorpios, Jackie O\u2019 e Nammos, com potencial para romance ou apari\u00e7\u00f5es surpresa de Mindy.<\/li>\n<li>Santorini \u00e9 apresentada pelas vistas da caldeira, p\u00f4r do sol e estilo de vida mediterr\u00e2neo, com poss\u00edveis jantares em espa\u00e7os como Selene ou Canaves Epitome.<\/li>\n<li>Em Paros, surgem op\u00e7\u00f5es mais discretas, com hot\u00e9is de luxo em 2026 (Parian Chronicle e Luura Cliff) e cen\u00e1rios como praias rochosas e capelas caiadas de branco.<\/li>\n<\/ul>\n","protected":false},"author":2,"featured_media":443736,"comment_status":"closed","ping_status":"closed","sticky":false,"template":"","format":"standard","meta":{"footnotes":""},"categories":[6675,12],"tags":[112,2487,7482,169,71,6037],"class_list":["post-443732","post","type-post","status-publish","format-standard","has-post-thumbnail","hentry","category-celebridades","category-entretenimento","tag-cinema","tag-europa","tag-producao-artistica","tag-turismo","tag-viagens","tag-viagens-internacionais"],"yoast_head":"<!-- This site is optimized with the Yoast SEO plugin v27.2 - https:\/\/yoast.com\/product\/yoast-seo-wordpress\/ -->\n<title>Gr\u00e9cia pode acolher as filmagens da sexta temporada de Emily em Paris - Portal Tela Portugal<\/title>\n<meta name=\"robots\" content=\"index, follow, max-snippet:-1, max-image-preview:large, max-video-preview:-1\" \/>\n<meta property=\"og:locale\" content=\"pt_PT\" \/>\n<meta property=\"og:type\" content=\"article\" \/>\n<meta property=\"og:title\" content=\"Gr\u00e9cia pode acolher as filmagens da sexta temporada de Emily em Paris - Portal Tela Portugal\" \/>\n<meta property=\"og:description\" content=\"A sexta temporada de Emily in Paris dever\u00e1 ser rodada na Gr\u00e9cia, ao lado do M\u00f3naco, segundo os produtores. As apostas de local de filmagens incluem Mykonos, Santorini e Paros, ilhas do Egeu. Mykonos \u00e9 destacada por espa\u00e7os como Waterfront Scorpios, Jackie O\u2019 e Nammos, com potencial para romance ou apari\u00e7\u00f5es surpresa de Mindy. Santorini \u00e9 apresentada pelas vistas da caldeira, p\u00f4r do sol e estilo de vida mediterr\u00e2neo, com poss\u00edveis jantares em espa\u00e7os como Selene ou Canaves Epitome. Em Paros, surgem op\u00e7\u00f5es mais discretas, com hot\u00e9is de luxo em 2026 (Parian Chronicle e Luura Cliff) e cen\u00e1rios como praias rochosas e capelas caiadas de branco.\" \/>\n<meta property=\"og:url\" content=\"https:\/\/portaltela.pt\/noticias\/2026\/04\/14\/grecia-pode-acolher-as-filmagens-da-sexta-temporada-de-emily-em-paris\/\" \/>\n<meta property=\"og:site_name\" content=\"Portal Tela Portugal\" \/>\n<meta property=\"article:published_time\" content=\"2026-04-14T13:17:00+00:00\" \/>\n<meta name=\"author\" content=\"Telinha\" \/>\n<meta name=\"twitter:card\" content=\"summary_large_image\" \/>\n<meta name=\"twitter:label1\" content=\"Escrito por\" \/>\n\t<meta name=\"twitter:data1\" content=\"Telinha\" \/>\n\t<meta name=\"twitter:label2\" content=\"Tempo estimado de leitura\" \/>\n\t<meta name=\"twitter:data2\" content=\"2 minutos\" \/>\n<script type=\"application\/ld+json\" class=\"yoast-schema-graph\">{\"@context\":\"https:\/\/schema.org\",\"@graph\":[{\"@type\":\"Article\",\"@id\":\"https:\/\/portaltela.pt\/noticias\/2026\/04\/14\/grecia-pode-acolher-as-filmagens-da-sexta-temporada-de-emily-em-paris\/#article\",\"isPartOf\":{\"@id\":\"https:\/\/portaltela.pt\/noticias\/2026\/04\/14\/grecia-pode-acolher-as-filmagens-da-sexta-temporada-de-emily-em-paris\/\"},\"author\":{\"name\":\"Telinha\",\"@id\":\"https:\/\/portaltela.pt\/#\/schema\/person\/c4278d4a6028830caff9ee44b42d32ed\"},\"headline\":\"Gr\u00e9cia pode acolher as filmagens da sexta temporada de Emily em Paris\",\"datePublished\":\"2026-04-14T13:17:00+00:00\",\"mainEntityOfPage\":{\"@id\":\"https:\/\/portaltela.pt\/noticias\/2026\/04\/14\/grecia-pode-acolher-as-filmagens-da-sexta-temporada-de-emily-em-paris\/\"},\"wordCount\":331,\"image\":{\"@id\":\"https:\/\/portaltela.pt\/noticias\/2026\/04\/14\/grecia-pode-acolher-as-filmagens-da-sexta-temporada-de-emily-em-paris\/#primaryimage\"},\"thumbnailUrl\":\"https:\/\/portaltela.pt\/s.01k8rhncp4jt1\/2026\/04\/1536x864_cmsv2_d217ccbf-6483-57ed-8cc8-a6a351de9bdb-9721691.jpg\",\"keywords\":[\"cinema\",\"Europa\",\"Produ\u00e7\u00e3o Art\u00edstica\",\"turismo\",\"viagens\",\"viagens internacionais\"],\"articleSection\":[\"Celebridades\",\"Entretenimento\"],\"inLanguage\":\"pt-PT\"},{\"@type\":\"WebPage\",\"@id\":\"https:\/\/portaltela.pt\/noticias\/2026\/04\/14\/grecia-pode-acolher-as-filmagens-da-sexta-temporada-de-emily-em-paris\/\",\"url\":\"https:\/\/portaltela.pt\/noticias\/2026\/04\/14\/grecia-pode-acolher-as-filmagens-da-sexta-temporada-de-emily-em-paris\/\",\"name\":\"Gr\u00e9cia pode acolher as filmagens da sexta temporada de Emily em Paris - Portal Tela Portugal\",\"isPartOf\":{\"@id\":\"https:\/\/portaltela.pt\/#website\"},\"primaryImageOfPage\":{\"@id\":\"https:\/\/portaltela.pt\/noticias\/2026\/04\/14\/grecia-pode-acolher-as-filmagens-da-sexta-temporada-de-emily-em-paris\/#primaryimage\"},\"image\":{\"@id\":\"https:\/\/portaltela.pt\/noticias\/2026\/04\/14\/grecia-pode-acolher-as-filmagens-da-sexta-temporada-de-emily-em-paris\/#primaryimage\"},\"thumbnailUrl\":\"https:\/\/portaltela.pt\/s.01k8rhncp4jt1\/2026\/04\/1536x864_cmsv2_d217ccbf-6483-57ed-8cc8-a6a351de9bdb-9721691.jpg\",\"datePublished\":\"2026-04-14T13:17:00+00:00\",\"author\":{\"@id\":\"https:\/\/portaltela.pt\/#\/schema\/person\/c4278d4a6028830caff9ee44b42d32ed\"},\"breadcrumb\":{\"@id\":\"https:\/\/portaltela.pt\/noticias\/2026\/04\/14\/grecia-pode-acolher-as-filmagens-da-sexta-temporada-de-emily-em-paris\/#breadcrumb\"},\"inLanguage\":\"pt-PT\",\"potentialAction\":[{\"@type\":\"ReadAction\",\"target\":[\"https:\/\/portaltela.pt\/noticias\/2026\/04\/14\/grecia-pode-acolher-as-filmagens-da-sexta-temporada-de-emily-em-paris\/\"]}]},{\"@type\":\"ImageObject\",\"inLanguage\":\"pt-PT\",\"@id\":\"https:\/\/portaltela.pt\/noticias\/2026\/04\/14\/grecia-pode-acolher-as-filmagens-da-sexta-temporada-de-emily-em-paris\/#primaryimage\",\"url\":\"https:\/\/portaltela.pt\/s.01k8rhncp4jt1\/2026\/04\/1536x864_cmsv2_d217ccbf-6483-57ed-8cc8-a6a351de9bdb-9721691.jpg\",\"contentUrl\":\"https:\/\/portaltela.pt\/s.01k8rhncp4jt1\/2026\/04\/1536x864_cmsv2_d217ccbf-6483-57ed-8cc8-a6a351de9bdb-9721691.jpg\",\"width\":796,\"height\":448,\"caption\":\"Eis as nossas previs\u00f5es sobre onde ir\u00e3o decorrer as pr\u00f3ximas escapadelas glamorosas de Emily\"},{\"@type\":\"BreadcrumbList\",\"@id\":\"https:\/\/portaltela.pt\/noticias\/2026\/04\/14\/grecia-pode-acolher-as-filmagens-da-sexta-temporada-de-emily-em-paris\/#breadcrumb\",\"itemListElement\":[{\"@type\":\"ListItem\",\"position\":1,\"name\":\"In\u00edcio\",\"item\":\"https:\/\/portaltela.pt\/\"},{\"@type\":\"ListItem\",\"position\":2,\"name\":\"Gr\u00e9cia pode acolher as filmagens da sexta temporada de Emily em Paris\"}]},{\"@type\":\"WebSite\",\"@id\":\"https:\/\/portaltela.pt\/#website\",\"url\":\"https:\/\/portaltela.pt\/\",\"name\":\"Portal Tela Portugal\",\"description\":\"\",\"potentialAction\":[{\"@type\":\"SearchAction\",\"target\":{\"@type\":\"EntryPoint\",\"urlTemplate\":\"https:\/\/portaltela.pt\/?s={search_term_string}\"},\"query-input\":{\"@type\":\"PropertyValueSpecification\",\"valueRequired\":true,\"valueName\":\"search_term_string\"}}],\"inLanguage\":\"pt-PT\"},{\"@type\":\"Person\",\"@id\":\"https:\/\/portaltela.pt\/#\/schema\/person\/c4278d4a6028830caff9ee44b42d32ed\",\"name\":\"Telinha\",\"image\":{\"@type\":\"ImageObject\",\"inLanguage\":\"pt-PT\",\"@id\":\"https:\/\/portaltela.pt\/s.01k8rhncp4jt1\/2025\/11\/talking-bot-125x125.png\",\"url\":\"https:\/\/portaltela.pt\/s.01k8rhncp4jt1\/2025\/11\/talking-bot-125x125.png\",\"contentUrl\":\"https:\/\/portaltela.pt\/s.01k8rhncp4jt1\/2025\/11\/talking-bot-125x125.png\",\"caption\":\"Telinha\"},\"sameAs\":[\"https:\/\/portaltela.pt\/\"],\"url\":\"https:\/\/portaltela.pt\/por\/367410592786\/\"}]}<\/script>\n<!-- \/ Yoast SEO plugin. -->","yoast_head_json":{"title":"Gr\u00e9cia pode acolher as filmagens da sexta temporada de Emily em Paris - Portal Tela Portugal","robots":{"index":"index","follow":"follow","max-snippet":"max-snippet:-1","max-image-preview":"max-image-preview:large","max-video-preview":"max-video-preview:-1"},"og_locale":"pt_PT","og_type":"article","og_title":"Gr\u00e9cia pode acolher as filmagens da sexta temporada de Emily em Paris - Portal Tela Portugal","og_description":"A sexta temporada de Emily in Paris dever\u00e1 ser rodada na Gr\u00e9cia, ao lado do M\u00f3naco, segundo os produtores. As apostas de local de filmagens incluem Mykonos, Santorini e Paros, ilhas do Egeu. Mykonos \u00e9 destacada por espa\u00e7os como Waterfront Scorpios, Jackie O\u2019 e Nammos, com potencial para romance ou apari\u00e7\u00f5es surpresa de Mindy. Santorini \u00e9 apresentada pelas vistas da caldeira, p\u00f4r do sol e estilo de vida mediterr\u00e2neo, com poss\u00edveis jantares em espa\u00e7os como Selene ou Canaves Epitome. Em Paros, surgem op\u00e7\u00f5es mais discretas, com hot\u00e9is de luxo em 2026 (Parian Chronicle e Luura Cliff) e cen\u00e1rios como praias rochosas e capelas caiadas de branco.","og_url":"https:\/\/portaltela.pt\/noticias\/2026\/04\/14\/grecia-pode-acolher-as-filmagens-da-sexta-temporada-de-emily-em-paris\/","og_site_name":"Portal Tela Portugal","article_published_time":"2026-04-14T13:17:00+00:00","author":"Telinha","twitter_card":"summary_large_image","twitter_misc":{"Escrito por":"Telinha","Tempo estimado de leitura":"2 minutos"},"schema":{"@context":"https:\/\/schema.org","@graph":[{"@type":"Article","@id":"https:\/\/portaltela.pt\/noticias\/2026\/04\/14\/grecia-pode-acolher-as-filmagens-da-sexta-temporada-de-emily-em-paris\/#article","isPartOf":{"@id":"https:\/\/portaltela.pt\/noticias\/2026\/04\/14\/grecia-pode-acolher-as-filmagens-da-sexta-temporada-de-emily-em-paris\/"},"author":{"name":"Telinha","@id":"https:\/\/portaltela.pt\/#\/schema\/person\/c4278d4a6028830caff9ee44b42d32ed"},"headline":"Gr\u00e9cia pode acolher as filmagens da sexta temporada de Emily em Paris","datePublished":"2026-04-14T13:17:00+00:00","mainEntityOfPage":{"@id":"https:\/\/portaltela.pt\/noticias\/2026\/04\/14\/grecia-pode-acolher-as-filmagens-da-sexta-temporada-de-emily-em-paris\/"},"wordCount":331,"image":{"@id":"https:\/\/portaltela.pt\/noticias\/2026\/04\/14\/grecia-pode-acolher-as-filmagens-da-sexta-temporada-de-emily-em-paris\/#primaryimage"},"thumbnailUrl":"https:\/\/portaltela.pt\/s.01k8rhncp4jt1\/2026\/04\/1536x864_cmsv2_d217ccbf-6483-57ed-8cc8-a6a351de9bdb-9721691.jpg","keywords":["cinema","Europa","Produ\u00e7\u00e3o Art\u00edstica","turismo","viagens","viagens internacionais"],"articleSection":["Celebridades","Entretenimento"],"inLanguage":"pt-PT"},{"@type":"WebPage","@id":"https:\/\/portaltela.pt\/noticias\/2026\/04\/14\/grecia-pode-acolher-as-filmagens-da-sexta-temporada-de-emily-em-paris\/","url":"https:\/\/portaltela.pt\/noticias\/2026\/04\/14\/grecia-pode-acolher-as-filmagens-da-sexta-temporada-de-emily-em-paris\/","name":"Gr\u00e9cia pode acolher as filmagens da sexta temporada de Emily em Paris - Portal Tela Portugal","isPartOf":{"@id":"https:\/\/portaltela.pt\/#website"},"primaryImageOfPage":{"@id":"https:\/\/portaltela.pt\/noticias\/2026\/04\/14\/grecia-pode-acolher-as-filmagens-da-sexta-temporada-de-emily-em-paris\/#primaryimage"},"image":{"@id":"https:\/\/portaltela.pt\/noticias\/2026\/04\/14\/grecia-pode-acolher-as-filmagens-da-sexta-temporada-de-emily-em-paris\/#primaryimage"},"thumbnailUrl":"https:\/\/portaltela.pt\/s.01k8rhncp4jt1\/2026\/04\/1536x864_cmsv2_d217ccbf-6483-57ed-8cc8-a6a351de9bdb-9721691.jpg","datePublished":"2026-04-14T13:17:00+00:00","author":{"@id":"https:\/\/portaltela.pt\/#\/schema\/person\/c4278d4a6028830caff9ee44b42d32ed"},"breadcrumb":{"@id":"https:\/\/portaltela.pt\/noticias\/2026\/04\/14\/grecia-pode-acolher-as-filmagens-da-sexta-temporada-de-emily-em-paris\/#breadcrumb"},"inLanguage":"pt-PT","potentialAction":[{"@type":"ReadAction","target":["https:\/\/portaltela.pt\/noticias\/2026\/04\/14\/grecia-pode-acolher-as-filmagens-da-sexta-temporada-de-emily-em-paris\/"]}]},{"@type":"ImageObject","inLanguage":"pt-PT","@id":"https:\/\/portaltela.pt\/noticias\/2026\/04\/14\/grecia-pode-acolher-as-filmagens-da-sexta-temporada-de-emily-em-paris\/#primaryimage","url":"https:\/\/portaltela.pt\/s.01k8rhncp4jt1\/2026\/04\/1536x864_cmsv2_d217ccbf-6483-57ed-8cc8-a6a351de9bdb-9721691.jpg","contentUrl":"https:\/\/portaltela.pt\/s.01k8rhncp4jt1\/2026\/04\/1536x864_cmsv2_d217ccbf-6483-57ed-8cc8-a6a351de9bdb-9721691.jpg","width":796,"height":448,"caption":"Eis as nossas previs\u00f5es sobre onde ir\u00e3o decorrer as pr\u00f3ximas escapadelas glamorosas de Emily"},{"@type":"BreadcrumbList","@id":"https:\/\/portaltela.pt\/noticias\/2026\/04\/14\/grecia-pode-acolher-as-filmagens-da-sexta-temporada-de-emily-em-paris\/#breadcrumb","itemListElement":[{"@type":"ListItem","position":1,"name":"In\u00edcio","item":"https:\/\/portaltela.pt\/"},{"@type":"ListItem","position":2,"name":"Gr\u00e9cia pode acolher as filmagens da sexta temporada de Emily em Paris"}]},{"@type":"WebSite","@id":"https:\/\/portaltela.pt\/#website","url":"https:\/\/portaltela.pt\/","name":"Portal Tela Portugal","description":"","potentialAction":[{"@type":"SearchAction","target":{"@type":"EntryPoint","urlTemplate":"https:\/\/portaltela.pt\/?s={search_term_string}"},"query-input":{"@type":"PropertyValueSpecification","valueRequired":true,"valueName":"search_term_string"}}],"inLanguage":"pt-PT"},{"@type":"Person","@id":"https:\/\/portaltela.pt\/#\/schema\/person\/c4278d4a6028830caff9ee44b42d32ed","name":"Telinha","image":{"@type":"ImageObject","inLanguage":"pt-PT","@id":"https:\/\/portaltela.pt\/s.01k8rhncp4jt1\/2025\/11\/talking-bot-125x125.png","url":"https:\/\/portaltela.pt\/s.01k8rhncp4jt1\/2025\/11\/talking-bot-125x125.png","contentUrl":"https:\/\/portaltela.pt\/s.01k8rhncp4jt1\/2025\/11\/talking-bot-125x125.png","caption":"Telinha"},"sameAs":["https:\/\/portaltela.pt\/"],"url":"https:\/\/portaltela.pt\/por\/367410592786\/"}]}},"_links":{"self":[{"href":"https:\/\/portaltela.pt\/api\/wp\/v2\/posts\/443732","targetHints":{"allow":["GET"]}}],"collection":[{"href":"https:\/\/portaltela.pt\/api\/wp\/v2\/posts"}],"about":[{"href":"https:\/\/portaltela.pt\/api\/wp\/v2\/types\/post"}],"author":[{"embeddable":true,"href":"https:\/\/portaltela.pt\/api\/wp\/v2\/users\/2"}],"replies":[{"embeddable":true,"href":"https:\/\/portaltela.pt\/api\/wp\/v2\/comments?post=443732"}],"version-history":[{"count":0,"href":"https:\/\/portaltela.pt\/api\/wp\/v2\/posts\/443732\/revisions"}],"wp:featuredmedia":[{"embeddable":true,"href":"https:\/\/portaltela.pt\/api\/wp\/v2\/media\/443736"}],"wp:attachment":[{"href":"https:\/\/portaltela.pt\/api\/wp\/v2\/media?parent=443732"}],"wp:term":[{"taxonomy":"category","embeddable":true,"href":"https:\/\/portaltela.pt\/api\/wp\/v2\/categories?post=443732"},{"taxonomy":"post_tag","embeddable":true,"href":"https:\/\/portaltela.pt\/api\/wp\/v2\/tags?post=443732"}],"curies":[{"name":"wp","href":"https:\/\/api.w.org\/{rel}","templated":true}]}}